{"id":12156,"date":"2021-10-27T11:09:40","date_gmt":"2021-10-27T11:09:40","guid":{"rendered":"https:\/\/alternativafm.com\/site\/?p=12156"},"modified":"2021-10-27T11:09:41","modified_gmt":"2021-10-27T11:09:41","slug":"governo-federal-vai-implementar-sistemas-de-abastecimento-de-agua-em-nove-estados-do-pais","status":"publish","type":"post","link":"https:\/\/alternativafm.com\/site\/governo-federal-vai-implementar-sistemas-de-abastecimento-de-agua-em-nove-estados-do-pais\/","title":{"rendered":"Governo Federal vai implementar sistemas de abastecimento de \u00e1gua em nove estados do Pa\u00eds"},"content":{"rendered":"\n<div class=\"wp-block-file\"><a href=\"https:\/\/alternativafm.com\/site\/wp-content\/uploads\/Governo-Federal-vai-implementar-sistemas-de-abastecimento-de-agua-em-nove-estados-do-Pais.-27-10-21.mp3\">Governo Federal vai implementar sistemas de abastecimento de \u00e1gua em nove estados do Pa\u00eds. 27-10-21<\/a><a href=\"https:\/\/alternativafm.com\/site\/wp-content\/uploads\/Governo-Federal-vai-implementar-sistemas-de-abastecimento-de-agua-em-nove-estados-do-Pais.-27-10-21.mp3\" class=\"wp-block-file__button\" download>Baixar<\/a><\/div>\n","protected":false},"excerpt":{"rendered":"","protected":false},"author":1,"featured_media":0,"comment_status":"open","ping_status":"open","sticky":false,"template":"","format":"standard","meta":{"_jetpack_newsletter_access":"","_jetpack_dont_email_post_to_subs":false,"_jetpack_newsletter_tier_id":0,"_jetpack_memberships_contains_paywalled_content":false,"_jetpack_feature_clip_id":0,"_jetpack_memberships_contains_paid_content":false,"footnotes":"","jetpack_publicize_message":"","jetpack_publicize_feature_enabled":true,"jetpack_social_post_already_shared":true,"jetpack_social_options":{"image_generator_settings":{"template":"highway","default_image_id":0,"font":"","enabled":false},"version":2},"jetpack_post_was_ever_published":false},"categories":[41],"tags":[],"class_list":["post-12156","post","type-post","status-publish","format-standard","hentry","category-podcast"],"yoast_head":"<!-- This site is optimized with the Yoast SEO plugin v27.2 - https:\/\/yoast.com\/product\/yoast-seo-wordpress\/ -->\n<title>Governo Federal vai implementar sistemas de abastecimento de \u00e1gua em nove estados do Pa\u00eds - Alternativa FM | 90,7 FM<\/title>\n<meta name=\"robots\" content=\"index, follow, max-snippet:-1, max-image-preview:large, max-video-preview:-1\" \/>\n<link rel=\"canonical\" href=\"https:\/\/alternativafm.com\/site\/governo-federal-vai-implementar-sistemas-de-abastecimento-de-agua-em-nove-estados-do-pais\/\" \/>\n<meta property=\"og:locale\" content=\"pt_BR\" \/>\n<meta property=\"og:type\" content=\"article\" \/>\n<meta property=\"og:title\" content=\"Governo Federal vai implementar sistemas de abastecimento de \u00e1gua em nove estados do Pa\u00eds - Alternativa FM | 90,7 FM\" \/>\n<meta property=\"og:url\" content=\"https:\/\/alternativafm.com\/site\/governo-federal-vai-implementar-sistemas-de-abastecimento-de-agua-em-nove-estados-do-pais\/\" \/>\n<meta property=\"og:site_name\" content=\"Alternativa FM | 90,7 FM\" \/>\n<meta property=\"article:published_time\" content=\"2021-10-27T11:09:40+00:00\" \/>\n<meta property=\"article:modified_time\" content=\"2021-10-27T11:09:41+00:00\" \/>\n<meta name=\"author\" content=\"redacao\" \/>\n<meta name=\"twitter:card\" content=\"summary_large_image\" \/>\n<meta name=\"twitter:label1\" content=\"Escrito por\" \/>\n\t<meta name=\"twitter:data1\" content=\"redacao\" \/>\n\t<meta name=\"twitter:label2\" content=\"Est. tempo de leitura\" \/>\n\t<meta name=\"twitter:data2\" content=\"1 minuto\" \/>\n<script type=\"application\/ld+json\" class=\"yoast-schema-graph\">{\"@context\":\"https:\/\/schema.org\",\"@graph\":[{\"@type\":\"Article\",\"@id\":\"https:\/\/alternativafm.com\/site\/governo-federal-vai-implementar-sistemas-de-abastecimento-de-agua-em-nove-estados-do-pais\/#article\",\"isPartOf\":{\"@id\":\"https:\/\/alternativafm.com\/site\/governo-federal-vai-implementar-sistemas-de-abastecimento-de-agua-em-nove-estados-do-pais\/\"},\"author\":{\"name\":\"redacao\",\"@id\":\"https:\/\/alternativafm.com\/site\/#\/schema\/person\/6b1ac1374b404fe65adc2da2ea4e902a\"},\"headline\":\"Governo Federal vai implementar sistemas de abastecimento de \u00e1gua em nove estados do Pa\u00eds\",\"datePublished\":\"2021-10-27T11:09:40+00:00\",\"dateModified\":\"2021-10-27T11:09:41+00:00\",\"mainEntityOfPage\":{\"@id\":\"https:\/\/alternativafm.com\/site\/governo-federal-vai-implementar-sistemas-de-abastecimento-de-agua-em-nove-estados-do-pais\/\"},\"wordCount\":33,\"commentCount\":0,\"publisher\":{\"@id\":\"https:\/\/alternativafm.com\/site\/#organization\"},\"articleSection\":[\"PODCAST\"],\"inLanguage\":\"pt-BR\",\"potentialAction\":[{\"@type\":\"CommentAction\",\"name\":\"Comment\",\"target\":[\"https:\/\/alternativafm.com\/site\/governo-federal-vai-implementar-sistemas-de-abastecimento-de-agua-em-nove-estados-do-pais\/#respond\"]}]},{\"@type\":\"WebPage\",\"@id\":\"https:\/\/alternativafm.com\/site\/governo-federal-vai-implementar-sistemas-de-abastecimento-de-agua-em-nove-estados-do-pais\/\",\"url\":\"https:\/\/alternativafm.com\/site\/governo-federal-vai-implementar-sistemas-de-abastecimento-de-agua-em-nove-estados-do-pais\/\",\"name\":\"Governo Federal vai implementar sistemas de abastecimento de \u00e1gua em nove estados do Pa\u00eds - Alternativa FM | 90,7 FM\",\"isPartOf\":{\"@id\":\"https:\/\/alternativafm.com\/site\/#website\"},\"datePublished\":\"2021-10-27T11:09:40+00:00\",\"dateModified\":\"2021-10-27T11:09:41+00:00\",\"breadcrumb\":{\"@id\":\"https:\/\/alternativafm.com\/site\/governo-federal-vai-implementar-sistemas-de-abastecimento-de-agua-em-nove-estados-do-pais\/#breadcrumb\"},\"inLanguage\":\"pt-BR\",\"potentialAction\":[{\"@type\":\"ReadAction\",\"target\":[\"https:\/\/alternativafm.com\/site\/governo-federal-vai-implementar-sistemas-de-abastecimento-de-agua-em-nove-estados-do-pais\/\"]}]},{\"@type\":\"BreadcrumbList\",\"@id\":\"https:\/\/alternativafm.com\/site\/governo-federal-vai-implementar-sistemas-de-abastecimento-de-agua-em-nove-estados-do-pais\/#breadcrumb\",\"itemListElement\":[{\"@type\":\"ListItem\",\"position\":1,\"name\":\"In\u00edcio\",\"item\":\"https:\/\/alternativafm.com\/site\/\"},{\"@type\":\"ListItem\",\"position\":2,\"name\":\"Governo Federal vai implementar sistemas de abastecimento de \u00e1gua em nove estados do Pa\u00eds\"}]},{\"@type\":\"WebSite\",\"@id\":\"https:\/\/alternativafm.com\/site\/#website\",\"url\":\"https:\/\/alternativafm.com\/site\/\",\"name\":\"Alternativa FM | 90,7 FM\",\"description\":\"\",\"publisher\":{\"@id\":\"https:\/\/alternativafm.com\/site\/#organization\"},\"potentialAction\":[{\"@type\":\"SearchAction\",\"target\":{\"@type\":\"EntryPoint\",\"urlTemplate\":\"https:\/\/alternativafm.com\/site\/?s={search_term_string}\"},\"query-input\":{\"@type\":\"PropertyValueSpecification\",\"valueRequired\":true,\"valueName\":\"search_term_string\"}}],\"inLanguage\":\"pt-BR\"},{\"@type\":\"Organization\",\"@id\":\"https:\/\/alternativafm.com\/site\/#organization\",\"name\":\"Alternativa FM | 90,7 FM\",\"url\":\"https:\/\/alternativafm.com\/site\/\",\"logo\":{\"@type\":\"ImageObject\",\"inLanguage\":\"pt-BR\",\"@id\":\"https:\/\/alternativafm.com\/site\/#\/schema\/logo\/image\/\",\"url\":\"https:\/\/alternativafm.com\/site\/wp-content\/uploads\/2020\/07\/LOGOMARCA2.png\",\"contentUrl\":\"https:\/\/alternativafm.com\/site\/wp-content\/uploads\/2020\/07\/LOGOMARCA2.png\",\"width\":1352,\"height\":464,\"caption\":\"Alternativa FM | 90,7 FM\"},\"image\":{\"@id\":\"https:\/\/alternativafm.com\/site\/#\/schema\/logo\/image\/\"}},{\"@type\":\"Person\",\"@id\":\"https:\/\/alternativafm.com\/site\/#\/schema\/person\/6b1ac1374b404fe65adc2da2ea4e902a\",\"name\":\"redacao\",\"image\":{\"@type\":\"ImageObject\",\"inLanguage\":\"pt-BR\",\"@id\":\"https:\/\/secure.gravatar.com\/avatar\/16ab12bea2743901812c1ec603a48cc65b4e7af25043bec48c2742b27028075e?s=96&d=mm&r=g\",\"url\":\"https:\/\/secure.gravatar.com\/avatar\/16ab12bea2743901812c1ec603a48cc65b4e7af25043bec48c2742b27028075e?s=96&d=mm&r=g\",\"contentUrl\":\"https:\/\/secure.gravatar.com\/avatar\/16ab12bea2743901812c1ec603a48cc65b4e7af25043bec48c2742b27028075e?s=96&d=mm&r=g\",\"caption\":\"redacao\"},\"sameAs\":[\"http:\/\/alternativafm.com\/site\"],\"url\":\"https:\/\/alternativafm.com\/site\/author\/redacao\/\"}]}<\/script>\n<!-- \/ Yoast SEO plugin. -->","yoast_head_json":{"title":"Governo Federal vai implementar sistemas de abastecimento de \u00e1gua em nove estados do Pa\u00eds - Alternativa FM | 90,7 FM","robots":{"index":"index","follow":"follow","max-snippet":"max-snippet:-1","max-image-preview":"max-image-preview:large","max-video-preview":"max-video-preview:-1"},"canonical":"https:\/\/alternativafm.com\/site\/governo-federal-vai-implementar-sistemas-de-abastecimento-de-agua-em-nove-estados-do-pais\/","og_locale":"pt_BR","og_type":"article","og_title":"Governo Federal vai implementar sistemas de abastecimento de \u00e1gua em nove estados do Pa\u00eds - Alternativa FM | 90,7 FM","og_url":"https:\/\/alternativafm.com\/site\/governo-federal-vai-implementar-sistemas-de-abastecimento-de-agua-em-nove-estados-do-pais\/","og_site_name":"Alternativa FM | 90,7 FM","article_published_time":"2021-10-27T11:09:40+00:00","article_modified_time":"2021-10-27T11:09:41+00:00","author":"redacao","twitter_card":"summary_large_image","twitter_misc":{"Escrito por":"redacao","Est. tempo de leitura":"1 minuto"},"schema":{"@context":"https:\/\/schema.org","@graph":[{"@type":"Article","@id":"https:\/\/alternativafm.com\/site\/governo-federal-vai-implementar-sistemas-de-abastecimento-de-agua-em-nove-estados-do-pais\/#article","isPartOf":{"@id":"https:\/\/alternativafm.com\/site\/governo-federal-vai-implementar-sistemas-de-abastecimento-de-agua-em-nove-estados-do-pais\/"},"author":{"name":"redacao","@id":"https:\/\/alternativafm.com\/site\/#\/schema\/person\/6b1ac1374b404fe65adc2da2ea4e902a"},"headline":"Governo Federal vai implementar sistemas de abastecimento de \u00e1gua em nove estados do Pa\u00eds","datePublished":"2021-10-27T11:09:40+00:00","dateModified":"2021-10-27T11:09:41+00:00","mainEntityOfPage":{"@id":"https:\/\/alternativafm.com\/site\/governo-federal-vai-implementar-sistemas-de-abastecimento-de-agua-em-nove-estados-do-pais\/"},"wordCount":33,"commentCount":0,"publisher":{"@id":"https:\/\/alternativafm.com\/site\/#organization"},"articleSection":["PODCAST"],"inLanguage":"pt-BR","potentialAction":[{"@type":"CommentAction","name":"Comment","target":["https:\/\/alternativafm.com\/site\/governo-federal-vai-implementar-sistemas-de-abastecimento-de-agua-em-nove-estados-do-pais\/#respond"]}]},{"@type":"WebPage","@id":"https:\/\/alternativafm.com\/site\/governo-federal-vai-implementar-sistemas-de-abastecimento-de-agua-em-nove-estados-do-pais\/","url":"https:\/\/alternativafm.com\/site\/governo-federal-vai-implementar-sistemas-de-abastecimento-de-agua-em-nove-estados-do-pais\/","name":"Governo Federal vai implementar sistemas de abastecimento de \u00e1gua em nove estados do Pa\u00eds - Alternativa FM | 90,7 FM","isPartOf":{"@id":"https:\/\/alternativafm.com\/site\/#website"},"datePublished":"2021-10-27T11:09:40+00:00","dateModified":"2021-10-27T11:09:41+00:00","breadcrumb":{"@id":"https:\/\/alternativafm.com\/site\/governo-federal-vai-implementar-sistemas-de-abastecimento-de-agua-em-nove-estados-do-pais\/#breadcrumb"},"inLanguage":"pt-BR","potentialAction":[{"@type":"ReadAction","target":["https:\/\/alternativafm.com\/site\/governo-federal-vai-implementar-sistemas-de-abastecimento-de-agua-em-nove-estados-do-pais\/"]}]},{"@type":"BreadcrumbList","@id":"https:\/\/alternativafm.com\/site\/governo-federal-vai-implementar-sistemas-de-abastecimento-de-agua-em-nove-estados-do-pais\/#breadcrumb","itemListElement":[{"@type":"ListItem","position":1,"name":"In\u00edcio","item":"https:\/\/alternativafm.com\/site\/"},{"@type":"ListItem","position":2,"name":"Governo Federal vai implementar sistemas de abastecimento de \u00e1gua em nove estados do Pa\u00eds"}]},{"@type":"WebSite","@id":"https:\/\/alternativafm.com\/site\/#website","url":"https:\/\/alternativafm.com\/site\/","name":"Alternativa FM | 90,7 FM","description":"","publisher":{"@id":"https:\/\/alternativafm.com\/site\/#organization"},"potentialAction":[{"@type":"SearchAction","target":{"@type":"EntryPoint","urlTemplate":"https:\/\/alternativafm.com\/site\/?s={search_term_string}"},"query-input":{"@type":"PropertyValueSpecification","valueRequired":true,"valueName":"search_term_string"}}],"inLanguage":"pt-BR"},{"@type":"Organization","@id":"https:\/\/alternativafm.com\/site\/#organization","name":"Alternativa FM | 90,7 FM","url":"https:\/\/alternativafm.com\/site\/","logo":{"@type":"ImageObject","inLanguage":"pt-BR","@id":"https:\/\/alternativafm.com\/site\/#\/schema\/logo\/image\/","url":"https:\/\/alternativafm.com\/site\/wp-content\/uploads\/2020\/07\/LOGOMARCA2.png","contentUrl":"https:\/\/alternativafm.com\/site\/wp-content\/uploads\/2020\/07\/LOGOMARCA2.png","width":1352,"height":464,"caption":"Alternativa FM | 90,7 FM"},"image":{"@id":"https:\/\/alternativafm.com\/site\/#\/schema\/logo\/image\/"}},{"@type":"Person","@id":"https:\/\/alternativafm.com\/site\/#\/schema\/person\/6b1ac1374b404fe65adc2da2ea4e902a","name":"redacao","image":{"@type":"ImageObject","inLanguage":"pt-BR","@id":"https:\/\/secure.gravatar.com\/avatar\/16ab12bea2743901812c1ec603a48cc65b4e7af25043bec48c2742b27028075e?s=96&d=mm&r=g","url":"https:\/\/secure.gravatar.com\/avatar\/16ab12bea2743901812c1ec603a48cc65b4e7af25043bec48c2742b27028075e?s=96&d=mm&r=g","contentUrl":"https:\/\/secure.gravatar.com\/avatar\/16ab12bea2743901812c1ec603a48cc65b4e7af25043bec48c2742b27028075e?s=96&d=mm&r=g","caption":"redacao"},"sameAs":["http:\/\/alternativafm.com\/site"],"url":"https:\/\/alternativafm.com\/site\/author\/redacao\/"}]}},"jetpack_publicize_connections":[],"jetpack_shortlink":"https:\/\/wp.me\/pccBN3-3a4","jetpack-related-posts":[{"id":15819,"url":"https:\/\/alternativafm.com\/site\/copasa-inicia-obras-de-ampliacao-de-abastecimento-de-agua-em-januaria\/","url_meta":{"origin":12156,"position":0},"title":"Copasa inicia obras de amplia\u00e7\u00e3o de abastecimento de \u00e1gua em Janu\u00e1ria","author":"redacao","date":"mar\u00e7o 8, 2022","format":false,"excerpt":"https:\/\/youtu.be\/BKT_C9d56Z4","rel":"","context":"Em &quot;GERAL&quot;","block_context":{"text":"GERAL","link":"https:\/\/alternativafm.com\/site\/category\/geral\/"},"img":{"alt_text":"","src":"https:\/\/i0.wp.com\/img.youtube.com\/vi\/BKT_C9d56Z4\/0.jpg?resize=350%2C200","width":350,"height":200},"classes":[]},{"id":2222,"url":"https:\/\/alternativafm.com\/site\/governo-federal-estuda-implementar-reconhecimento-facial-para-encontrar-criancas-desaparecidas\/","url_meta":{"origin":12156,"position":1},"title":"Governo Federal estuda implementar reconhecimento facial para encontrar crian\u00e7as desaparecidas","author":"redacao","date":"outubro 27, 2020","format":false,"excerpt":"","rel":"","context":"Em &quot;PODCAST&quot;","block_context":{"text":"PODCAST","link":"https:\/\/alternativafm.com\/site\/category\/podcast\/"},"img":{"alt_text":"","src":"","width":0,"height":0},"classes":[]},{"id":43635,"url":"https:\/\/alternativafm.com\/site\/copasa-inicia-obras-para-substituir-tubulacao-de-esgoto-em-montes-claros\/","url_meta":{"origin":12156,"position":2},"title":"Copasa inicia obras para substituir tubula\u00e7\u00e3o de esgoto em Montes Claros","author":"redacao","date":"novembro 14, 2024","format":false,"excerpt":"A\u00a0Companhia de Saneamento de Minas Gerais (Copasa)\u00a0iniciou neste m\u00eas as obras para implanta\u00e7\u00e3o do novo interceptor sanit\u00e1rio da rede coletora de esgoto, localizado na margem esquerda do c\u00f3rrego das Melancias, no bairro Esplanada, regi\u00e3o\u00a0de Montes Claros, no Norte de Minas. A estrutura \u00e9 respons\u00e1vel pela capta\u00e7\u00e3o e condu\u00e7\u00e3o dos efluentes\u2026","rel":"","context":"Em &quot;GERAL&quot;","block_context":{"text":"GERAL","link":"https:\/\/alternativafm.com\/site\/category\/geral\/"},"img":{"alt_text":"","src":"","width":0,"height":0},"classes":[]},{"id":11952,"url":"https:\/\/alternativafm.com\/site\/governo-federal-inicia-jornada-das-aguas-e-anuncia-investimentos-para-revitalizacao-de-bacias-hidrograficas\/","url_meta":{"origin":12156,"position":3},"title":"Governo Federal inicia Jornada das \u00c1guas e anuncia investimentos para revitaliza\u00e7\u00e3o de bacias hidrogr\u00e1ficas","author":"redacao","date":"outubro 19, 2021","format":false,"excerpt":"Governo Federal inicia Jornada das \u00c1guas e anuncia investimentos para revitaliza\u00e7\u00e3o de bacias hidrogr\u00e1ficas. Rep\u00f3rter Luciana Bueno 19-10-21Baixar","rel":"","context":"Em &quot;PODCAST&quot;","block_context":{"text":"PODCAST","link":"https:\/\/alternativafm.com\/site\/category\/podcast\/"},"img":{"alt_text":"","src":"","width":0,"height":0},"classes":[]},{"id":37196,"url":"https:\/\/alternativafm.com\/site\/idene-conclui-oficinas-para-abastecimento-de-agua-na-regiao\/","url_meta":{"origin":12156,"position":4},"title":"IDENE conclui oficinas para abastecimento de \u00e1gua na regi\u00e3o","author":"redacao","date":"abril 1, 2024","format":false,"excerpt":"https:\/\/youtu.be\/u1XoJ9U3qNY?si=c9gyBtU9vg-op-wr","rel":"","context":"Em &quot;AGRICULTURA PECU\u00c1RIA&quot;","block_context":{"text":"AGRICULTURA PECU\u00c1RIA","link":"https:\/\/alternativafm.com\/site\/category\/agricultura-pecuaria\/"},"img":{"alt_text":"","src":"https:\/\/i0.wp.com\/img.youtube.com\/vi\/u1XoJ9U3qNY\/0.jpg?resize=350%2C200","width":350,"height":200},"classes":[]},{"id":11607,"url":"https:\/\/alternativafm.com\/site\/governo-federal-prorroga-inscricoes-para-o-selo-alianca-pelas-aguas-brasileiras\/","url_meta":{"origin":12156,"position":5},"title":"Governo Federal prorroga inscri\u00e7\u00f5es para o Selo Alian\u00e7a pelas \u00c1guas Brasileiras","author":"redacao","date":"outubro 2, 2021","format":false,"excerpt":"","rel":"","context":"Em &quot;PODCAST&quot;","block_context":{"text":"PODCAST","link":"https:\/\/alternativafm.com\/site\/category\/podcast\/"},"img":{"alt_text":"","src":"","width":0,"height":0},"classes":[]}],"jetpack_sharing_enabled":true,"jetpack_likes_enabled":true,"jetpack_featured_media_url":"","_links":{"self":[{"href":"https:\/\/alternativafm.com\/site\/wp-json\/wp\/v2\/posts\/12156","targetHints":{"allow":["GET"]}}],"collection":[{"href":"https:\/\/alternativafm.com\/site\/wp-json\/wp\/v2\/posts"}],"about":[{"href":"https:\/\/alternativafm.com\/site\/wp-json\/wp\/v2\/types\/post"}],"author":[{"embeddable":true,"href":"https:\/\/alternativafm.com\/site\/wp-json\/wp\/v2\/users\/1"}],"replies":[{"embeddable":true,"href":"https:\/\/alternativafm.com\/site\/wp-json\/wp\/v2\/comments?post=12156"}],"version-history":[{"count":1,"href":"https:\/\/alternativafm.com\/site\/wp-json\/wp\/v2\/posts\/12156\/revisions"}],"predecessor-version":[{"id":12160,"href":"https:\/\/alternativafm.com\/site\/wp-json\/wp\/v2\/posts\/12156\/revisions\/12160"}],"wp:attachment":[{"href":"https:\/\/alternativafm.com\/site\/wp-json\/wp\/v2\/media?parent=12156"}],"wp:term":[{"taxonomy":"category","embeddable":true,"href":"https:\/\/alternativafm.com\/site\/wp-json\/wp\/v2\/categories?post=12156"},{"taxonomy":"post_tag","embeddable":true,"href":"https:\/\/alternativafm.com\/site\/wp-json\/wp\/v2\/tags?post=12156"}],"curies":[{"name":"wp","href":"https:\/\/api.w.org\/{rel}","templated":true}]}}