{"id":12801,"date":"2021-11-18T19:20:57","date_gmt":"2021-11-18T19:20:57","guid":{"rendered":"https:\/\/alternativafm.com\/site\/?p=12801"},"modified":"2021-11-18T19:26:22","modified_gmt":"2021-11-18T19:26:22","slug":"comeca-o-cadastro-escolar-da-rede-publica-de-ensino","status":"publish","type":"post","link":"https:\/\/alternativafm.com\/site\/comeca-o-cadastro-escolar-da-rede-publica-de-ensino\/","title":{"rendered":"Come\u00e7a o cadastro escolar da rede p\u00fablica de ensino"},"content":{"rendered":"\n<figure class=\"wp-block-embed is-type-video is-provider-youtube wp-block-embed-youtube wp-embed-aspect-16-9 wp-has-aspect-ratio\"><div class=\"wp-block-embed__wrapper\">\n<iframe loading=\"lazy\" title=\"Come\u00e7a o cadastro escolar da rede p\u00fablica de ensino\" width=\"640\" height=\"360\" src=\"https:\/\/www.youtube.com\/embed\/oWMkSTit2nU?feature=oembed\" frameborder=\"0\" allow=\"accelerometer; autoplay; clipboard-write; encrypted-media; gyroscope; picture-in-picture; web-share\" referrerpolicy=\"strict-origin-when-cross-origin\" allowfullscreen><\/iframe>\n<\/div><\/figure>\n","protected":false},"excerpt":{"rendered":"","protected":false},"author":1,"featured_media":0,"comment_status":"open","ping_status":"open","sticky":false,"template":"","format":"standard","meta":{"_jetpack_newsletter_access":"","_jetpack_dont_email_post_to_subs":false,"_jetpack_newsletter_tier_id":0,"_jetpack_memberships_contains_paywalled_content":false,"_jetpack_feature_clip_id":0,"_jetpack_memberships_contains_paid_content":false,"footnotes":"","jetpack_publicize_message":"","jetpack_publicize_feature_enabled":true,"jetpack_social_post_already_shared":true,"jetpack_social_options":{"image_generator_settings":{"template":"highway","default_image_id":0,"font":"","enabled":false},"version":2},"jetpack_post_was_ever_published":false},"categories":[3,6,8,52,1],"tags":[],"class_list":["post-12801","post","type-post","status-publish","format-standard","hentry","category-educacao","category-geral","category-minas-gerais","category-regional","category-uncategorized"],"yoast_head":"<!-- This site is optimized with the Yoast SEO plugin v27.2 - https:\/\/yoast.com\/product\/yoast-seo-wordpress\/ -->\n<title>Come\u00e7a o cadastro escolar da rede p\u00fablica de ensino - Alternativa FM | 90,7 FM<\/title>\n<meta name=\"robots\" content=\"index, follow, max-snippet:-1, max-image-preview:large, max-video-preview:-1\" \/>\n<link rel=\"canonical\" href=\"https:\/\/alternativafm.com\/site\/comeca-o-cadastro-escolar-da-rede-publica-de-ensino\/\" \/>\n<meta property=\"og:locale\" content=\"pt_BR\" \/>\n<meta property=\"og:type\" content=\"article\" \/>\n<meta property=\"og:title\" content=\"Come\u00e7a o cadastro escolar da rede p\u00fablica de ensino - Alternativa FM | 90,7 FM\" \/>\n<meta property=\"og:url\" content=\"https:\/\/alternativafm.com\/site\/comeca-o-cadastro-escolar-da-rede-publica-de-ensino\/\" \/>\n<meta property=\"og:site_name\" content=\"Alternativa FM | 90,7 FM\" \/>\n<meta property=\"article:published_time\" content=\"2021-11-18T19:20:57+00:00\" \/>\n<meta property=\"article:modified_time\" content=\"2021-11-18T19:26:22+00:00\" \/>\n<meta name=\"author\" content=\"redacao\" \/>\n<meta name=\"twitter:card\" content=\"summary_large_image\" \/>\n<meta name=\"twitter:label1\" content=\"Escrito por\" \/>\n\t<meta name=\"twitter:data1\" content=\"redacao\" \/>\n\t<meta name=\"twitter:label2\" content=\"Est. tempo de leitura\" \/>\n\t<meta name=\"twitter:data2\" content=\"1 minuto\" \/>\n<script type=\"application\/ld+json\" class=\"yoast-schema-graph\">{\"@context\":\"https:\/\/schema.org\",\"@graph\":[{\"@type\":\"Article\",\"@id\":\"https:\/\/alternativafm.com\/site\/comeca-o-cadastro-escolar-da-rede-publica-de-ensino\/#article\",\"isPartOf\":{\"@id\":\"https:\/\/alternativafm.com\/site\/comeca-o-cadastro-escolar-da-rede-publica-de-ensino\/\"},\"author\":{\"name\":\"redacao\",\"@id\":\"https:\/\/alternativafm.com\/site\/#\/schema\/person\/6b1ac1374b404fe65adc2da2ea4e902a\"},\"headline\":\"Come\u00e7a o cadastro escolar da rede p\u00fablica de ensino\",\"datePublished\":\"2021-11-18T19:20:57+00:00\",\"dateModified\":\"2021-11-18T19:26:22+00:00\",\"mainEntityOfPage\":{\"@id\":\"https:\/\/alternativafm.com\/site\/comeca-o-cadastro-escolar-da-rede-publica-de-ensino\/\"},\"wordCount\":16,\"commentCount\":0,\"publisher\":{\"@id\":\"https:\/\/alternativafm.com\/site\/#organization\"},\"articleSection\":[\"EDUCA\u00c7\u00c3O\",\"GERAL\",\"MINAS GERAIS\",\"REGIONAL\",\"Uncategorized\"],\"inLanguage\":\"pt-BR\",\"potentialAction\":[{\"@type\":\"CommentAction\",\"name\":\"Comment\",\"target\":[\"https:\/\/alternativafm.com\/site\/comeca-o-cadastro-escolar-da-rede-publica-de-ensino\/#respond\"]}]},{\"@type\":\"WebPage\",\"@id\":\"https:\/\/alternativafm.com\/site\/comeca-o-cadastro-escolar-da-rede-publica-de-ensino\/\",\"url\":\"https:\/\/alternativafm.com\/site\/comeca-o-cadastro-escolar-da-rede-publica-de-ensino\/\",\"name\":\"Come\u00e7a o cadastro escolar da rede p\u00fablica de ensino - Alternativa FM | 90,7 FM\",\"isPartOf\":{\"@id\":\"https:\/\/alternativafm.com\/site\/#website\"},\"datePublished\":\"2021-11-18T19:20:57+00:00\",\"dateModified\":\"2021-11-18T19:26:22+00:00\",\"breadcrumb\":{\"@id\":\"https:\/\/alternativafm.com\/site\/comeca-o-cadastro-escolar-da-rede-publica-de-ensino\/#breadcrumb\"},\"inLanguage\":\"pt-BR\",\"potentialAction\":[{\"@type\":\"ReadAction\",\"target\":[\"https:\/\/alternativafm.com\/site\/comeca-o-cadastro-escolar-da-rede-publica-de-ensino\/\"]}]},{\"@type\":\"BreadcrumbList\",\"@id\":\"https:\/\/alternativafm.com\/site\/comeca-o-cadastro-escolar-da-rede-publica-de-ensino\/#breadcrumb\",\"itemListElement\":[{\"@type\":\"ListItem\",\"position\":1,\"name\":\"In\u00edcio\",\"item\":\"https:\/\/alternativafm.com\/site\/\"},{\"@type\":\"ListItem\",\"position\":2,\"name\":\"Come\u00e7a o cadastro escolar da rede p\u00fablica de ensino\"}]},{\"@type\":\"WebSite\",\"@id\":\"https:\/\/alternativafm.com\/site\/#website\",\"url\":\"https:\/\/alternativafm.com\/site\/\",\"name\":\"Alternativa FM | 90,7 FM\",\"description\":\"\",\"publisher\":{\"@id\":\"https:\/\/alternativafm.com\/site\/#organization\"},\"potentialAction\":[{\"@type\":\"SearchAction\",\"target\":{\"@type\":\"EntryPoint\",\"urlTemplate\":\"https:\/\/alternativafm.com\/site\/?s={search_term_string}\"},\"query-input\":{\"@type\":\"PropertyValueSpecification\",\"valueRequired\":true,\"valueName\":\"search_term_string\"}}],\"inLanguage\":\"pt-BR\"},{\"@type\":\"Organization\",\"@id\":\"https:\/\/alternativafm.com\/site\/#organization\",\"name\":\"Alternativa FM | 90,7 FM\",\"url\":\"https:\/\/alternativafm.com\/site\/\",\"logo\":{\"@type\":\"ImageObject\",\"inLanguage\":\"pt-BR\",\"@id\":\"https:\/\/alternativafm.com\/site\/#\/schema\/logo\/image\/\",\"url\":\"https:\/\/alternativafm.com\/site\/wp-content\/uploads\/2020\/07\/LOGOMARCA2.png\",\"contentUrl\":\"https:\/\/alternativafm.com\/site\/wp-content\/uploads\/2020\/07\/LOGOMARCA2.png\",\"width\":1352,\"height\":464,\"caption\":\"Alternativa FM | 90,7 FM\"},\"image\":{\"@id\":\"https:\/\/alternativafm.com\/site\/#\/schema\/logo\/image\/\"}},{\"@type\":\"Person\",\"@id\":\"https:\/\/alternativafm.com\/site\/#\/schema\/person\/6b1ac1374b404fe65adc2da2ea4e902a\",\"name\":\"redacao\",\"image\":{\"@type\":\"ImageObject\",\"inLanguage\":\"pt-BR\",\"@id\":\"https:\/\/secure.gravatar.com\/avatar\/16ab12bea2743901812c1ec603a48cc65b4e7af25043bec48c2742b27028075e?s=96&d=mm&r=g\",\"url\":\"https:\/\/secure.gravatar.com\/avatar\/16ab12bea2743901812c1ec603a48cc65b4e7af25043bec48c2742b27028075e?s=96&d=mm&r=g\",\"contentUrl\":\"https:\/\/secure.gravatar.com\/avatar\/16ab12bea2743901812c1ec603a48cc65b4e7af25043bec48c2742b27028075e?s=96&d=mm&r=g\",\"caption\":\"redacao\"},\"sameAs\":[\"http:\/\/alternativafm.com\/site\"],\"url\":\"https:\/\/alternativafm.com\/site\/author\/redacao\/\"}]}<\/script>\n<!-- \/ Yoast SEO plugin. -->","yoast_head_json":{"title":"Come\u00e7a o cadastro escolar da rede p\u00fablica de ensino - Alternativa FM | 90,7 FM","robots":{"index":"index","follow":"follow","max-snippet":"max-snippet:-1","max-image-preview":"max-image-preview:large","max-video-preview":"max-video-preview:-1"},"canonical":"https:\/\/alternativafm.com\/site\/comeca-o-cadastro-escolar-da-rede-publica-de-ensino\/","og_locale":"pt_BR","og_type":"article","og_title":"Come\u00e7a o cadastro escolar da rede p\u00fablica de ensino - Alternativa FM | 90,7 FM","og_url":"https:\/\/alternativafm.com\/site\/comeca-o-cadastro-escolar-da-rede-publica-de-ensino\/","og_site_name":"Alternativa FM | 90,7 FM","article_published_time":"2021-11-18T19:20:57+00:00","article_modified_time":"2021-11-18T19:26:22+00:00","author":"redacao","twitter_card":"summary_large_image","twitter_misc":{"Escrito por":"redacao","Est. tempo de leitura":"1 minuto"},"schema":{"@context":"https:\/\/schema.org","@graph":[{"@type":"Article","@id":"https:\/\/alternativafm.com\/site\/comeca-o-cadastro-escolar-da-rede-publica-de-ensino\/#article","isPartOf":{"@id":"https:\/\/alternativafm.com\/site\/comeca-o-cadastro-escolar-da-rede-publica-de-ensino\/"},"author":{"name":"redacao","@id":"https:\/\/alternativafm.com\/site\/#\/schema\/person\/6b1ac1374b404fe65adc2da2ea4e902a"},"headline":"Come\u00e7a o cadastro escolar da rede p\u00fablica de ensino","datePublished":"2021-11-18T19:20:57+00:00","dateModified":"2021-11-18T19:26:22+00:00","mainEntityOfPage":{"@id":"https:\/\/alternativafm.com\/site\/comeca-o-cadastro-escolar-da-rede-publica-de-ensino\/"},"wordCount":16,"commentCount":0,"publisher":{"@id":"https:\/\/alternativafm.com\/site\/#organization"},"articleSection":["EDUCA\u00c7\u00c3O","GERAL","MINAS GERAIS","REGIONAL","Uncategorized"],"inLanguage":"pt-BR","potentialAction":[{"@type":"CommentAction","name":"Comment","target":["https:\/\/alternativafm.com\/site\/comeca-o-cadastro-escolar-da-rede-publica-de-ensino\/#respond"]}]},{"@type":"WebPage","@id":"https:\/\/alternativafm.com\/site\/comeca-o-cadastro-escolar-da-rede-publica-de-ensino\/","url":"https:\/\/alternativafm.com\/site\/comeca-o-cadastro-escolar-da-rede-publica-de-ensino\/","name":"Come\u00e7a o cadastro escolar da rede p\u00fablica de ensino - Alternativa FM | 90,7 FM","isPartOf":{"@id":"https:\/\/alternativafm.com\/site\/#website"},"datePublished":"2021-11-18T19:20:57+00:00","dateModified":"2021-11-18T19:26:22+00:00","breadcrumb":{"@id":"https:\/\/alternativafm.com\/site\/comeca-o-cadastro-escolar-da-rede-publica-de-ensino\/#breadcrumb"},"inLanguage":"pt-BR","potentialAction":[{"@type":"ReadAction","target":["https:\/\/alternativafm.com\/site\/comeca-o-cadastro-escolar-da-rede-publica-de-ensino\/"]}]},{"@type":"BreadcrumbList","@id":"https:\/\/alternativafm.com\/site\/comeca-o-cadastro-escolar-da-rede-publica-de-ensino\/#breadcrumb","itemListElement":[{"@type":"ListItem","position":1,"name":"In\u00edcio","item":"https:\/\/alternativafm.com\/site\/"},{"@type":"ListItem","position":2,"name":"Come\u00e7a o cadastro escolar da rede p\u00fablica de ensino"}]},{"@type":"WebSite","@id":"https:\/\/alternativafm.com\/site\/#website","url":"https:\/\/alternativafm.com\/site\/","name":"Alternativa FM | 90,7 FM","description":"","publisher":{"@id":"https:\/\/alternativafm.com\/site\/#organization"},"potentialAction":[{"@type":"SearchAction","target":{"@type":"EntryPoint","urlTemplate":"https:\/\/alternativafm.com\/site\/?s={search_term_string}"},"query-input":{"@type":"PropertyValueSpecification","valueRequired":true,"valueName":"search_term_string"}}],"inLanguage":"pt-BR"},{"@type":"Organization","@id":"https:\/\/alternativafm.com\/site\/#organization","name":"Alternativa FM | 90,7 FM","url":"https:\/\/alternativafm.com\/site\/","logo":{"@type":"ImageObject","inLanguage":"pt-BR","@id":"https:\/\/alternativafm.com\/site\/#\/schema\/logo\/image\/","url":"https:\/\/alternativafm.com\/site\/wp-content\/uploads\/2020\/07\/LOGOMARCA2.png","contentUrl":"https:\/\/alternativafm.com\/site\/wp-content\/uploads\/2020\/07\/LOGOMARCA2.png","width":1352,"height":464,"caption":"Alternativa FM | 90,7 FM"},"image":{"@id":"https:\/\/alternativafm.com\/site\/#\/schema\/logo\/image\/"}},{"@type":"Person","@id":"https:\/\/alternativafm.com\/site\/#\/schema\/person\/6b1ac1374b404fe65adc2da2ea4e902a","name":"redacao","image":{"@type":"ImageObject","inLanguage":"pt-BR","@id":"https:\/\/secure.gravatar.com\/avatar\/16ab12bea2743901812c1ec603a48cc65b4e7af25043bec48c2742b27028075e?s=96&d=mm&r=g","url":"https:\/\/secure.gravatar.com\/avatar\/16ab12bea2743901812c1ec603a48cc65b4e7af25043bec48c2742b27028075e?s=96&d=mm&r=g","contentUrl":"https:\/\/secure.gravatar.com\/avatar\/16ab12bea2743901812c1ec603a48cc65b4e7af25043bec48c2742b27028075e?s=96&d=mm&r=g","caption":"redacao"},"sameAs":["http:\/\/alternativafm.com\/site"],"url":"https:\/\/alternativafm.com\/site\/author\/redacao\/"}]}},"jetpack_publicize_connections":[],"jetpack_shortlink":"https:\/\/wp.me\/pccBN3-3kt","jetpack-related-posts":[{"id":42293,"url":"https:\/\/alternativafm.com\/site\/comecou-o-cadastramento-escolar-na-rede-estadual\/","url_meta":{"origin":12801,"position":0},"title":"Come\u00e7ou o Cadastramento Escolar na rede estadual","author":"redacao","date":"outubro 1, 2024","format":false,"excerpt":"https:\/\/youtu.be\/ee6erpDm9nU","rel":"","context":"Em &quot;EDUCA\u00c7\u00c3O&quot;","block_context":{"text":"EDUCA\u00c7\u00c3O","link":"https:\/\/alternativafm.com\/site\/category\/educacao\/"},"img":{"alt_text":"","src":"https:\/\/i0.wp.com\/img.youtube.com\/vi\/ee6erpDm9nU\/0.jpg?resize=350%2C200","width":350,"height":200},"classes":[]},{"id":57693,"url":"https:\/\/alternativafm.com\/site\/saiba-o-prazo-para-inscricoes-no-cadastro-de-reserva-na-rede-estadual-de-ensino\/","url_meta":{"origin":12801,"position":1},"title":"Saiba o prazo para inscri\u00e7\u00f5es no cadastro de reserva na rede estadual de ensino","author":"redacao","date":"abril 23, 2026","format":false,"excerpt":"https:\/\/youtu.be\/xKdCuMElVz0","rel":"","context":"Em &quot;EDUCA\u00c7\u00c3O&quot;","block_context":{"text":"EDUCA\u00c7\u00c3O","link":"https:\/\/alternativafm.com\/site\/category\/educacao\/"},"img":{"alt_text":"","src":"https:\/\/i0.wp.com\/img.youtube.com\/vi\/xKdCuMElVz0\/0.jpg?resize=350%2C200","width":350,"height":200},"classes":[]},{"id":44965,"url":"https:\/\/alternativafm.com\/site\/estudantes-tem-ate-o-dia-10-de-janeiro-para-confirmar-as-matriculas-do-cadastro-escolar-2025\/","url_meta":{"origin":12801,"position":2},"title":"Estudantes t\u00eam at\u00e9 o dia 10 de janeiro para confirmar as matr\u00edculas do Cadastro Escolar 2025","author":"redacao","date":"janeiro 3, 2025","format":false,"excerpt":"Estudantes ou respons\u00e1veis t\u00eam at\u00e9 o dia 10 de janeiro para confirmar as matr\u00edculas do Cadastro Escolar 2025, de forma presencial, nas escolas da rede p\u00fablica estadual de ensino. Os inscritos alocados pelo Sistema \u00danico de Cadastro e Encaminhamento para Matr\u00edcula devem comparecer \u00e0 institui\u00e7\u00e3o de ensino designada para apresentar\u2026","rel":"","context":"Em &quot;EDUCA\u00c7\u00c3O&quot;","block_context":{"text":"EDUCA\u00c7\u00c3O","link":"https:\/\/alternativafm.com\/site\/category\/educacao\/"},"img":{"alt_text":"","src":"","width":0,"height":0},"classes":[]},{"id":2836,"url":"https:\/\/alternativafm.com\/site\/comeca-cadastramento-escolar-na-rede-publica\/","url_meta":{"origin":12801,"position":3},"title":"Come\u00e7a cadastramento escolar na rede p\u00fablica","author":"redacao","date":"novembro 17, 2020","format":false,"excerpt":"https:\/\/youtu.be\/o8xTgbtVzrk","rel":"","context":"Em &quot;EDUCA\u00c7\u00c3O&quot;","block_context":{"text":"EDUCA\u00c7\u00c3O","link":"https:\/\/alternativafm.com\/site\/category\/educacao\/"},"img":{"alt_text":"","src":"https:\/\/i0.wp.com\/img.youtube.com\/vi\/o8xTgbtVzrk\/0.jpg?resize=350%2C200","width":350,"height":200},"classes":[]},{"id":21934,"url":"https:\/\/alternativafm.com\/site\/cadastro-escolar-iniciado-na-rede-municipal-de-ensino\/","url_meta":{"origin":12801,"position":4},"title":"Cadastro escolar iniciado na rede municipal de ensino","author":"redacao","date":"novembro 7, 2022","format":false,"excerpt":"https:\/\/youtu.be\/WnGChFC6W9E","rel":"","context":"Em &quot;EDUCA\u00c7\u00c3O&quot;","block_context":{"text":"EDUCA\u00c7\u00c3O","link":"https:\/\/alternativafm.com\/site\/category\/educacao\/"},"img":{"alt_text":"","src":"https:\/\/i0.wp.com\/img.youtube.com\/vi\/WnGChFC6W9E\/0.jpg?resize=350%2C200","width":350,"height":200},"classes":[]},{"id":22028,"url":"https:\/\/alternativafm.com\/site\/inscricoes-abertas-para-o-cadastro-escolar-na-rede-estadual-de-ensino\/","url_meta":{"origin":12801,"position":5},"title":"Inscri\u00e7\u00f5es abertas para o Cadastro Escolar na Rede Estadual de Ensino","author":"redacao","date":"novembro 10, 2022","format":false,"excerpt":"https:\/\/youtu.be\/kZ6lCdgSvN8","rel":"","context":"Em &quot;EDUCA\u00c7\u00c3O&quot;","block_context":{"text":"EDUCA\u00c7\u00c3O","link":"https:\/\/alternativafm.com\/site\/category\/educacao\/"},"img":{"alt_text":"","src":"https:\/\/i0.wp.com\/img.youtube.com\/vi\/kZ6lCdgSvN8\/0.jpg?resize=350%2C200","width":350,"height":200},"classes":[]}],"jetpack_sharing_enabled":true,"jetpack_likes_enabled":true,"jetpack_featured_media_url":"","_links":{"self":[{"href":"https:\/\/alternativafm.com\/site\/wp-json\/wp\/v2\/posts\/12801","targetHints":{"allow":["GET"]}}],"collection":[{"href":"https:\/\/alternativafm.com\/site\/wp-json\/wp\/v2\/posts"}],"about":[{"href":"https:\/\/alternativafm.com\/site\/wp-json\/wp\/v2\/types\/post"}],"author":[{"embeddable":true,"href":"https:\/\/alternativafm.com\/site\/wp-json\/wp\/v2\/users\/1"}],"replies":[{"embeddable":true,"href":"https:\/\/alternativafm.com\/site\/wp-json\/wp\/v2\/comments?post=12801"}],"version-history":[{"count":1,"href":"https:\/\/alternativafm.com\/site\/wp-json\/wp\/v2\/posts\/12801\/revisions"}],"predecessor-version":[{"id":12804,"href":"https:\/\/alternativafm.com\/site\/wp-json\/wp\/v2\/posts\/12801\/revisions\/12804"}],"wp:attachment":[{"href":"https:\/\/alternativafm.com\/site\/wp-json\/wp\/v2\/media?parent=12801"}],"wp:term":[{"taxonomy":"category","embeddable":true,"href":"https:\/\/alternativafm.com\/site\/wp-json\/wp\/v2\/categories?post=12801"},{"taxonomy":"post_tag","embeddable":true,"href":"https:\/\/alternativafm.com\/site\/wp-json\/wp\/v2\/tags?post=12801"}],"curies":[{"name":"wp","href":"https:\/\/api.w.org\/{rel}","templated":true}]}}