{"id":13796,"date":"2021-12-23T14:49:09","date_gmt":"2021-12-23T14:49:09","guid":{"rendered":"https:\/\/alternativafm.com\/site\/?p=13796"},"modified":"2021-12-23T14:49:11","modified_gmt":"2021-12-23T14:49:11","slug":"operacao-policial-no-bairro-vila-verde","status":"publish","type":"post","link":"https:\/\/alternativafm.com\/site\/operacao-policial-no-bairro-vila-verde\/","title":{"rendered":"Opera\u00e7\u00e3o Policial no bairro Vila Verde"},"content":{"rendered":"\n<figure class=\"wp-block-embed is-type-rich is-provider-incorporar-manipulador wp-block-embed-incorporar-manipulador wp-embed-aspect-16-9 wp-has-aspect-ratio\"><div class=\"wp-block-embed__wrapper\">\n<iframe loading=\"lazy\" title=\"Opera\u00e7\u00e3o Policial no bairro Vila Verde\" width=\"640\" height=\"360\" src=\"https:\/\/www.youtube.com\/embed\/3mqmREHEAfE?feature=oembed\" frameborder=\"0\" allow=\"accelerometer; autoplay; clipboard-write; encrypted-media; gyroscope; picture-in-picture; web-share\" referrerpolicy=\"strict-origin-when-cross-origin\" allowfullscreen><\/iframe>\n<\/div><\/figure>\n","protected":false},"excerpt":{"rendered":"","protected":false},"author":1,"featured_media":0,"comment_status":"open","ping_status":"open","sticky":false,"template":"","format":"standard","meta":{"_jetpack_newsletter_access":"","_jetpack_dont_email_post_to_subs":false,"_jetpack_newsletter_tier_id":0,"_jetpack_memberships_contains_paywalled_content":false,"_jetpack_feature_clip_id":0,"_jetpack_memberships_contains_paid_content":false,"footnotes":"","jetpack_publicize_message":"","jetpack_publicize_feature_enabled":true,"jetpack_social_post_already_shared":true,"jetpack_social_options":{"image_generator_settings":{"template":"highway","default_image_id":0,"font":"","enabled":false},"version":2},"jetpack_post_was_ever_published":false},"categories":[53,6,2],"tags":[],"class_list":["post-13796","post","type-post","status-publish","format-standard","hentry","category-destaque","category-geral","category-policia"],"yoast_head":"<!-- This site is optimized with the Yoast SEO plugin v27.2 - https:\/\/yoast.com\/product\/yoast-seo-wordpress\/ -->\n<title>Opera\u00e7\u00e3o Policial no bairro Vila Verde - Alternativa FM | 90,7 FM<\/title>\n<meta name=\"robots\" content=\"index, follow, max-snippet:-1, max-image-preview:large, max-video-preview:-1\" \/>\n<link rel=\"canonical\" href=\"https:\/\/alternativafm.com\/site\/operacao-policial-no-bairro-vila-verde\/\" \/>\n<meta property=\"og:locale\" content=\"pt_BR\" \/>\n<meta property=\"og:type\" content=\"article\" \/>\n<meta property=\"og:title\" content=\"Opera\u00e7\u00e3o Policial no bairro Vila Verde - Alternativa FM | 90,7 FM\" \/>\n<meta property=\"og:url\" content=\"https:\/\/alternativafm.com\/site\/operacao-policial-no-bairro-vila-verde\/\" \/>\n<meta property=\"og:site_name\" content=\"Alternativa FM | 90,7 FM\" \/>\n<meta property=\"article:published_time\" content=\"2021-12-23T14:49:09+00:00\" \/>\n<meta property=\"article:modified_time\" content=\"2021-12-23T14:49:11+00:00\" \/>\n<meta name=\"author\" content=\"redacao\" \/>\n<meta name=\"twitter:card\" content=\"summary_large_image\" \/>\n<meta name=\"twitter:label1\" content=\"Escrito por\" \/>\n\t<meta name=\"twitter:data1\" content=\"redacao\" \/>\n\t<meta name=\"twitter:label2\" content=\"Est. tempo de leitura\" \/>\n\t<meta name=\"twitter:data2\" content=\"1 minuto\" \/>\n<script type=\"application\/ld+json\" class=\"yoast-schema-graph\">{\"@context\":\"https:\/\/schema.org\",\"@graph\":[{\"@type\":\"Article\",\"@id\":\"https:\/\/alternativafm.com\/site\/operacao-policial-no-bairro-vila-verde\/#article\",\"isPartOf\":{\"@id\":\"https:\/\/alternativafm.com\/site\/operacao-policial-no-bairro-vila-verde\/\"},\"author\":{\"name\":\"redacao\",\"@id\":\"https:\/\/alternativafm.com\/site\/#\/schema\/person\/6b1ac1374b404fe65adc2da2ea4e902a\"},\"headline\":\"Opera\u00e7\u00e3o Policial no bairro Vila Verde\",\"datePublished\":\"2021-12-23T14:49:09+00:00\",\"dateModified\":\"2021-12-23T14:49:11+00:00\",\"mainEntityOfPage\":{\"@id\":\"https:\/\/alternativafm.com\/site\/operacao-policial-no-bairro-vila-verde\/\"},\"wordCount\":13,\"commentCount\":0,\"publisher\":{\"@id\":\"https:\/\/alternativafm.com\/site\/#organization\"},\"articleSection\":[\"DESTAQUE\",\"GERAL\",\"POL\u00cdCIA\"],\"inLanguage\":\"pt-BR\",\"potentialAction\":[{\"@type\":\"CommentAction\",\"name\":\"Comment\",\"target\":[\"https:\/\/alternativafm.com\/site\/operacao-policial-no-bairro-vila-verde\/#respond\"]}]},{\"@type\":\"WebPage\",\"@id\":\"https:\/\/alternativafm.com\/site\/operacao-policial-no-bairro-vila-verde\/\",\"url\":\"https:\/\/alternativafm.com\/site\/operacao-policial-no-bairro-vila-verde\/\",\"name\":\"Opera\u00e7\u00e3o Policial no bairro Vila Verde - Alternativa FM | 90,7 FM\",\"isPartOf\":{\"@id\":\"https:\/\/alternativafm.com\/site\/#website\"},\"datePublished\":\"2021-12-23T14:49:09+00:00\",\"dateModified\":\"2021-12-23T14:49:11+00:00\",\"breadcrumb\":{\"@id\":\"https:\/\/alternativafm.com\/site\/operacao-policial-no-bairro-vila-verde\/#breadcrumb\"},\"inLanguage\":\"pt-BR\",\"potentialAction\":[{\"@type\":\"ReadAction\",\"target\":[\"https:\/\/alternativafm.com\/site\/operacao-policial-no-bairro-vila-verde\/\"]}]},{\"@type\":\"BreadcrumbList\",\"@id\":\"https:\/\/alternativafm.com\/site\/operacao-policial-no-bairro-vila-verde\/#breadcrumb\",\"itemListElement\":[{\"@type\":\"ListItem\",\"position\":1,\"name\":\"In\u00edcio\",\"item\":\"https:\/\/alternativafm.com\/site\/\"},{\"@type\":\"ListItem\",\"position\":2,\"name\":\"Opera\u00e7\u00e3o Policial no bairro Vila Verde\"}]},{\"@type\":\"WebSite\",\"@id\":\"https:\/\/alternativafm.com\/site\/#website\",\"url\":\"https:\/\/alternativafm.com\/site\/\",\"name\":\"Alternativa FM | 90,7 FM\",\"description\":\"\",\"publisher\":{\"@id\":\"https:\/\/alternativafm.com\/site\/#organization\"},\"potentialAction\":[{\"@type\":\"SearchAction\",\"target\":{\"@type\":\"EntryPoint\",\"urlTemplate\":\"https:\/\/alternativafm.com\/site\/?s={search_term_string}\"},\"query-input\":{\"@type\":\"PropertyValueSpecification\",\"valueRequired\":true,\"valueName\":\"search_term_string\"}}],\"inLanguage\":\"pt-BR\"},{\"@type\":\"Organization\",\"@id\":\"https:\/\/alternativafm.com\/site\/#organization\",\"name\":\"Alternativa FM | 90,7 FM\",\"url\":\"https:\/\/alternativafm.com\/site\/\",\"logo\":{\"@type\":\"ImageObject\",\"inLanguage\":\"pt-BR\",\"@id\":\"https:\/\/alternativafm.com\/site\/#\/schema\/logo\/image\/\",\"url\":\"https:\/\/alternativafm.com\/site\/wp-content\/uploads\/2020\/07\/LOGOMARCA2.png\",\"contentUrl\":\"https:\/\/alternativafm.com\/site\/wp-content\/uploads\/2020\/07\/LOGOMARCA2.png\",\"width\":1352,\"height\":464,\"caption\":\"Alternativa FM | 90,7 FM\"},\"image\":{\"@id\":\"https:\/\/alternativafm.com\/site\/#\/schema\/logo\/image\/\"}},{\"@type\":\"Person\",\"@id\":\"https:\/\/alternativafm.com\/site\/#\/schema\/person\/6b1ac1374b404fe65adc2da2ea4e902a\",\"name\":\"redacao\",\"image\":{\"@type\":\"ImageObject\",\"inLanguage\":\"pt-BR\",\"@id\":\"https:\/\/secure.gravatar.com\/avatar\/16ab12bea2743901812c1ec603a48cc65b4e7af25043bec48c2742b27028075e?s=96&d=mm&r=g\",\"url\":\"https:\/\/secure.gravatar.com\/avatar\/16ab12bea2743901812c1ec603a48cc65b4e7af25043bec48c2742b27028075e?s=96&d=mm&r=g\",\"contentUrl\":\"https:\/\/secure.gravatar.com\/avatar\/16ab12bea2743901812c1ec603a48cc65b4e7af25043bec48c2742b27028075e?s=96&d=mm&r=g\",\"caption\":\"redacao\"},\"sameAs\":[\"http:\/\/alternativafm.com\/site\"],\"url\":\"https:\/\/alternativafm.com\/site\/author\/redacao\/\"}]}<\/script>\n<!-- \/ Yoast SEO plugin. -->","yoast_head_json":{"title":"Opera\u00e7\u00e3o Policial no bairro Vila Verde - Alternativa FM | 90,7 FM","robots":{"index":"index","follow":"follow","max-snippet":"max-snippet:-1","max-image-preview":"max-image-preview:large","max-video-preview":"max-video-preview:-1"},"canonical":"https:\/\/alternativafm.com\/site\/operacao-policial-no-bairro-vila-verde\/","og_locale":"pt_BR","og_type":"article","og_title":"Opera\u00e7\u00e3o Policial no bairro Vila Verde - Alternativa FM | 90,7 FM","og_url":"https:\/\/alternativafm.com\/site\/operacao-policial-no-bairro-vila-verde\/","og_site_name":"Alternativa FM | 90,7 FM","article_published_time":"2021-12-23T14:49:09+00:00","article_modified_time":"2021-12-23T14:49:11+00:00","author":"redacao","twitter_card":"summary_large_image","twitter_misc":{"Escrito por":"redacao","Est. tempo de leitura":"1 minuto"},"schema":{"@context":"https:\/\/schema.org","@graph":[{"@type":"Article","@id":"https:\/\/alternativafm.com\/site\/operacao-policial-no-bairro-vila-verde\/#article","isPartOf":{"@id":"https:\/\/alternativafm.com\/site\/operacao-policial-no-bairro-vila-verde\/"},"author":{"name":"redacao","@id":"https:\/\/alternativafm.com\/site\/#\/schema\/person\/6b1ac1374b404fe65adc2da2ea4e902a"},"headline":"Opera\u00e7\u00e3o Policial no bairro Vila Verde","datePublished":"2021-12-23T14:49:09+00:00","dateModified":"2021-12-23T14:49:11+00:00","mainEntityOfPage":{"@id":"https:\/\/alternativafm.com\/site\/operacao-policial-no-bairro-vila-verde\/"},"wordCount":13,"commentCount":0,"publisher":{"@id":"https:\/\/alternativafm.com\/site\/#organization"},"articleSection":["DESTAQUE","GERAL","POL\u00cdCIA"],"inLanguage":"pt-BR","potentialAction":[{"@type":"CommentAction","name":"Comment","target":["https:\/\/alternativafm.com\/site\/operacao-policial-no-bairro-vila-verde\/#respond"]}]},{"@type":"WebPage","@id":"https:\/\/alternativafm.com\/site\/operacao-policial-no-bairro-vila-verde\/","url":"https:\/\/alternativafm.com\/site\/operacao-policial-no-bairro-vila-verde\/","name":"Opera\u00e7\u00e3o Policial no bairro Vila Verde - Alternativa FM | 90,7 FM","isPartOf":{"@id":"https:\/\/alternativafm.com\/site\/#website"},"datePublished":"2021-12-23T14:49:09+00:00","dateModified":"2021-12-23T14:49:11+00:00","breadcrumb":{"@id":"https:\/\/alternativafm.com\/site\/operacao-policial-no-bairro-vila-verde\/#breadcrumb"},"inLanguage":"pt-BR","potentialAction":[{"@type":"ReadAction","target":["https:\/\/alternativafm.com\/site\/operacao-policial-no-bairro-vila-verde\/"]}]},{"@type":"BreadcrumbList","@id":"https:\/\/alternativafm.com\/site\/operacao-policial-no-bairro-vila-verde\/#breadcrumb","itemListElement":[{"@type":"ListItem","position":1,"name":"In\u00edcio","item":"https:\/\/alternativafm.com\/site\/"},{"@type":"ListItem","position":2,"name":"Opera\u00e7\u00e3o Policial no bairro Vila Verde"}]},{"@type":"WebSite","@id":"https:\/\/alternativafm.com\/site\/#website","url":"https:\/\/alternativafm.com\/site\/","name":"Alternativa FM | 90,7 FM","description":"","publisher":{"@id":"https:\/\/alternativafm.com\/site\/#organization"},"potentialAction":[{"@type":"SearchAction","target":{"@type":"EntryPoint","urlTemplate":"https:\/\/alternativafm.com\/site\/?s={search_term_string}"},"query-input":{"@type":"PropertyValueSpecification","valueRequired":true,"valueName":"search_term_string"}}],"inLanguage":"pt-BR"},{"@type":"Organization","@id":"https:\/\/alternativafm.com\/site\/#organization","name":"Alternativa FM | 90,7 FM","url":"https:\/\/alternativafm.com\/site\/","logo":{"@type":"ImageObject","inLanguage":"pt-BR","@id":"https:\/\/alternativafm.com\/site\/#\/schema\/logo\/image\/","url":"https:\/\/alternativafm.com\/site\/wp-content\/uploads\/2020\/07\/LOGOMARCA2.png","contentUrl":"https:\/\/alternativafm.com\/site\/wp-content\/uploads\/2020\/07\/LOGOMARCA2.png","width":1352,"height":464,"caption":"Alternativa FM | 90,7 FM"},"image":{"@id":"https:\/\/alternativafm.com\/site\/#\/schema\/logo\/image\/"}},{"@type":"Person","@id":"https:\/\/alternativafm.com\/site\/#\/schema\/person\/6b1ac1374b404fe65adc2da2ea4e902a","name":"redacao","image":{"@type":"ImageObject","inLanguage":"pt-BR","@id":"https:\/\/secure.gravatar.com\/avatar\/16ab12bea2743901812c1ec603a48cc65b4e7af25043bec48c2742b27028075e?s=96&d=mm&r=g","url":"https:\/\/secure.gravatar.com\/avatar\/16ab12bea2743901812c1ec603a48cc65b4e7af25043bec48c2742b27028075e?s=96&d=mm&r=g","contentUrl":"https:\/\/secure.gravatar.com\/avatar\/16ab12bea2743901812c1ec603a48cc65b4e7af25043bec48c2742b27028075e?s=96&d=mm&r=g","caption":"redacao"},"sameAs":["http:\/\/alternativafm.com\/site"],"url":"https:\/\/alternativafm.com\/site\/author\/redacao\/"}]}},"jetpack_publicize_connections":[],"jetpack_shortlink":"https:\/\/wp.me\/pccBN3-3Aw","jetpack-related-posts":[{"id":11618,"url":"https:\/\/alternativafm.com\/site\/batida-policial-na-galileia-e-vila-verde-menor-apreendido-no-brejo-do-amparo\/","url_meta":{"origin":13796,"position":0},"title":"Batida Policial na Galil\u00e9ia e Vila Verde. Menor apreendido no Brejo do Amparo","author":"redacao","date":"outubro 2, 2021","format":false,"excerpt":"https:\/\/www.youtube.com\/embed\/N7aLT8lE8JI","rel":"","context":"Em &quot;GERAL&quot;","block_context":{"text":"GERAL","link":"https:\/\/alternativafm.com\/site\/category\/geral\/"},"img":{"alt_text":"","src":"","width":0,"height":0},"classes":[]},{"id":43665,"url":"https:\/\/alternativafm.com\/site\/dois-homens-presos-em-mais-uma-batida-policial-na-vila-sao-domingos\/","url_meta":{"origin":13796,"position":1},"title":"Dois homens presos em mais uma batida policial na Vila S\u00e3o Domingos","author":"redacao","date":"novembro 14, 2024","format":false,"excerpt":"Dois homens presos em mais uma batida policial na Vila S\u00e3o Domingos https:\/\/www.youtube.com\/embed\/Q9zWaj9l4Ig","rel":"","context":"Em &quot;CIDADE&quot;","block_context":{"text":"CIDADE","link":"https:\/\/alternativafm.com\/site\/category\/cidade\/"},"img":{"alt_text":"","src":"","width":0,"height":0},"classes":[]},{"id":14136,"url":"https:\/\/alternativafm.com\/site\/operacao-policial-na-vila-sao-domingo\/","url_meta":{"origin":13796,"position":2},"title":"Opera\u00e7\u00e3o policial na Vila S\u00e3o Domingo","author":"redacao","date":"janeiro 4, 2022","format":false,"excerpt":"https:\/\/youtu.be\/NPqB7j4pIkw","rel":"","context":"Em &quot;DESTAQUE 2&quot;","block_context":{"text":"DESTAQUE 2","link":"https:\/\/alternativafm.com\/site\/category\/destaque-2\/"},"img":{"alt_text":"","src":"https:\/\/i0.wp.com\/img.youtube.com\/vi\/NPqB7j4pIkw\/0.jpg?resize=350%2C200","width":350,"height":200},"classes":[]},{"id":43456,"url":"https:\/\/alternativafm.com\/site\/municoes-sao-apreendidas-no-bairro-boa-vista\/","url_meta":{"origin":13796,"position":3},"title":"Muni\u00e7\u00f5es s\u00e3o apreendidas no bairro Boa Vista","author":"redacao","date":"novembro 7, 2024","format":false,"excerpt":"Ao averiguarem uma den\u00fancia de que um cidad\u00e3o estaria portando uma arma de fogo nas proximidades da rua H no bairro Boa Vista, policiais militares abordaram um cidad\u00e3o que tentou fugir, saltando v\u00e1rios muros ao perceber a presen\u00e7a policial. https:\/\/www.youtube.com\/embed\/nrNMcIpXt_0","rel":"","context":"Em &quot;GERAL&quot;","block_context":{"text":"GERAL","link":"https:\/\/alternativafm.com\/site\/category\/geral\/"},"img":{"alt_text":"","src":"","width":0,"height":0},"classes":[]},{"id":43468,"url":"https:\/\/alternativafm.com\/site\/operacao-da-pm-prossegue-no-jaba-arma-e-apreendida\/","url_meta":{"origin":13796,"position":4},"title":"Opera\u00e7\u00e3o da PM prossegue no Jab\u00e1. Arma \u00e9 apreendida","author":"redacao","date":"novembro 7, 2024","format":false,"excerpt":"Devido aos \u00faltimos acontecimentos ocorridos no Jab\u00e1, como \u00e9 conhecida a Vila S\u00e3o Domingos, as a\u00e7\u00f5es e opera\u00e7\u00f5es policiais est\u00e3o sendo intensificadas no local. https:\/\/www.youtube.com\/embed\/kbnVrBwQpv0","rel":"","context":"Em &quot;GERAL&quot;","block_context":{"text":"GERAL","link":"https:\/\/alternativafm.com\/site\/category\/geral\/"},"img":{"alt_text":"","src":"","width":0,"height":0},"classes":[]},{"id":43449,"url":"https:\/\/alternativafm.com\/site\/suspeitos-caem-de-motocicleta-e-um-deles-e-preso-por-receptacao\/","url_meta":{"origin":13796,"position":5},"title":"Suspeitos caem de motocicleta e um deles \u00e9 preso por recepta\u00e7\u00e3o","author":"redacao","date":"novembro 7, 2024","format":false,"excerpt":"Essa ocorr\u00eancia foi registrada no dia 30 de outubro, durante opera\u00e7\u00e3o realizada pela Pol\u00edcia Militar. Dois suspeitos em uma motocicleta foram abordados pela Pol\u00edcia Militar na Vila S\u00e3o Domingos, pr\u00f3ximo ao Gin\u00e1sio Esportivo. https:\/\/www.youtube.com\/embed\/Zl6BvbcOQ_k","rel":"","context":"Em &quot;GERAL&quot;","block_context":{"text":"GERAL","link":"https:\/\/alternativafm.com\/site\/category\/geral\/"},"img":{"alt_text":"","src":"","width":0,"height":0},"classes":[]}],"jetpack_sharing_enabled":true,"jetpack_likes_enabled":true,"jetpack_featured_media_url":"","_links":{"self":[{"href":"https:\/\/alternativafm.com\/site\/wp-json\/wp\/v2\/posts\/13796","targetHints":{"allow":["GET"]}}],"collection":[{"href":"https:\/\/alternativafm.com\/site\/wp-json\/wp\/v2\/posts"}],"about":[{"href":"https:\/\/alternativafm.com\/site\/wp-json\/wp\/v2\/types\/post"}],"author":[{"embeddable":true,"href":"https:\/\/alternativafm.com\/site\/wp-json\/wp\/v2\/users\/1"}],"replies":[{"embeddable":true,"href":"https:\/\/alternativafm.com\/site\/wp-json\/wp\/v2\/comments?post=13796"}],"version-history":[{"count":1,"href":"https:\/\/alternativafm.com\/site\/wp-json\/wp\/v2\/posts\/13796\/revisions"}],"predecessor-version":[{"id":13799,"href":"https:\/\/alternativafm.com\/site\/wp-json\/wp\/v2\/posts\/13796\/revisions\/13799"}],"wp:attachment":[{"href":"https:\/\/alternativafm.com\/site\/wp-json\/wp\/v2\/media?parent=13796"}],"wp:term":[{"taxonomy":"category","embeddable":true,"href":"https:\/\/alternativafm.com\/site\/wp-json\/wp\/v2\/categories?post=13796"},{"taxonomy":"post_tag","embeddable":true,"href":"https:\/\/alternativafm.com\/site\/wp-json\/wp\/v2\/tags?post=13796"}],"curies":[{"name":"wp","href":"https:\/\/api.w.org\/{rel}","templated":true}]}}