{"id":1393,"date":"2020-09-20T04:03:44","date_gmt":"2020-09-20T04:03:44","guid":{"rendered":"https:\/\/alternativafm.com\/site\/?p=1393"},"modified":"2020-09-20T04:03:44","modified_gmt":"2020-09-20T04:03:44","slug":"rede-de-agua-rompe-e-causa-desperdicio","status":"publish","type":"post","link":"https:\/\/alternativafm.com\/site\/rede-de-agua-rompe-e-causa-desperdicio\/","title":{"rendered":"Rede de \u00e1gua rompe e causa desperd\u00edcio"},"content":{"rendered":"\n<figure class=\"wp-block-embed-youtube wp-block-embed is-type-video is-provider-youtube wp-embed-aspect-16-9 wp-has-aspect-ratio\"><div class=\"wp-block-embed__wrapper\">\n<iframe loading=\"lazy\" title=\"Rede de \u00e1gua da Copasa rompe e causa desperd\u00edcio\" width=\"640\" height=\"360\" src=\"https:\/\/www.youtube.com\/embed\/J5jf1-lxAWc?feature=oembed\" frameborder=\"0\" allow=\"accelerometer; autoplay; clipboard-write; encrypted-media; gyroscope; picture-in-picture; web-share\" referrerpolicy=\"strict-origin-when-cross-origin\" allowfullscreen><\/iframe>\n<\/div><\/figure>\n","protected":false},"excerpt":{"rendered":"","protected":false},"author":1,"featured_media":0,"comment_status":"open","ping_status":"open","sticky":false,"template":"","format":"standard","meta":{"_jetpack_newsletter_access":"","_jetpack_dont_email_post_to_subs":false,"_jetpack_newsletter_tier_id":0,"_jetpack_memberships_contains_paywalled_content":false,"_jetpack_feature_clip_id":0,"_jetpack_memberships_contains_paid_content":false,"footnotes":"","jetpack_publicize_message":"","jetpack_publicize_feature_enabled":true,"jetpack_social_post_already_shared":true,"jetpack_social_options":{"image_generator_settings":{"template":"highway","default_image_id":0,"font":"","enabled":false},"version":2},"jetpack_post_was_ever_published":false},"categories":[15,6],"tags":[],"class_list":["post-1393","post","type-post","status-publish","format-standard","hentry","category-cidade","category-geral"],"yoast_head":"<!-- This site is optimized with the Yoast SEO plugin v27.2 - https:\/\/yoast.com\/product\/yoast-seo-wordpress\/ -->\n<title>Rede de \u00e1gua rompe e causa desperd\u00edcio - Alternativa FM | 90,7 FM<\/title>\n<meta name=\"robots\" content=\"index, follow, max-snippet:-1, max-image-preview:large, max-video-preview:-1\" \/>\n<link rel=\"canonical\" href=\"https:\/\/alternativafm.com\/site\/rede-de-agua-rompe-e-causa-desperdicio\/\" \/>\n<meta property=\"og:locale\" content=\"pt_BR\" \/>\n<meta property=\"og:type\" content=\"article\" \/>\n<meta property=\"og:title\" content=\"Rede de \u00e1gua rompe e causa desperd\u00edcio - Alternativa FM | 90,7 FM\" \/>\n<meta property=\"og:url\" content=\"https:\/\/alternativafm.com\/site\/rede-de-agua-rompe-e-causa-desperdicio\/\" \/>\n<meta property=\"og:site_name\" content=\"Alternativa FM | 90,7 FM\" \/>\n<meta property=\"article:published_time\" content=\"2020-09-20T04:03:44+00:00\" \/>\n<meta name=\"author\" content=\"redacao\" \/>\n<meta name=\"twitter:card\" content=\"summary_large_image\" \/>\n<meta name=\"twitter:label1\" content=\"Escrito por\" \/>\n\t<meta name=\"twitter:data1\" content=\"redacao\" \/>\n<script type=\"application\/ld+json\" class=\"yoast-schema-graph\">{\"@context\":\"https:\/\/schema.org\",\"@graph\":[{\"@type\":\"Article\",\"@id\":\"https:\/\/alternativafm.com\/site\/rede-de-agua-rompe-e-causa-desperdicio\/#article\",\"isPartOf\":{\"@id\":\"https:\/\/alternativafm.com\/site\/rede-de-agua-rompe-e-causa-desperdicio\/\"},\"author\":{\"name\":\"redacao\",\"@id\":\"https:\/\/alternativafm.com\/site\/#\/schema\/person\/6b1ac1374b404fe65adc2da2ea4e902a\"},\"headline\":\"Rede de \u00e1gua rompe e causa desperd\u00edcio\",\"datePublished\":\"2020-09-20T04:03:44+00:00\",\"mainEntityOfPage\":{\"@id\":\"https:\/\/alternativafm.com\/site\/rede-de-agua-rompe-e-causa-desperdicio\/\"},\"wordCount\":14,\"commentCount\":0,\"publisher\":{\"@id\":\"https:\/\/alternativafm.com\/site\/#organization\"},\"articleSection\":[\"CIDADE\",\"GERAL\"],\"inLanguage\":\"pt-BR\",\"potentialAction\":[{\"@type\":\"CommentAction\",\"name\":\"Comment\",\"target\":[\"https:\/\/alternativafm.com\/site\/rede-de-agua-rompe-e-causa-desperdicio\/#respond\"]}]},{\"@type\":\"WebPage\",\"@id\":\"https:\/\/alternativafm.com\/site\/rede-de-agua-rompe-e-causa-desperdicio\/\",\"url\":\"https:\/\/alternativafm.com\/site\/rede-de-agua-rompe-e-causa-desperdicio\/\",\"name\":\"Rede de \u00e1gua rompe e causa desperd\u00edcio - Alternativa FM | 90,7 FM\",\"isPartOf\":{\"@id\":\"https:\/\/alternativafm.com\/site\/#website\"},\"datePublished\":\"2020-09-20T04:03:44+00:00\",\"breadcrumb\":{\"@id\":\"https:\/\/alternativafm.com\/site\/rede-de-agua-rompe-e-causa-desperdicio\/#breadcrumb\"},\"inLanguage\":\"pt-BR\",\"potentialAction\":[{\"@type\":\"ReadAction\",\"target\":[\"https:\/\/alternativafm.com\/site\/rede-de-agua-rompe-e-causa-desperdicio\/\"]}]},{\"@type\":\"BreadcrumbList\",\"@id\":\"https:\/\/alternativafm.com\/site\/rede-de-agua-rompe-e-causa-desperdicio\/#breadcrumb\",\"itemListElement\":[{\"@type\":\"ListItem\",\"position\":1,\"name\":\"In\u00edcio\",\"item\":\"https:\/\/alternativafm.com\/site\/\"},{\"@type\":\"ListItem\",\"position\":2,\"name\":\"Rede de \u00e1gua rompe e causa desperd\u00edcio\"}]},{\"@type\":\"WebSite\",\"@id\":\"https:\/\/alternativafm.com\/site\/#website\",\"url\":\"https:\/\/alternativafm.com\/site\/\",\"name\":\"Alternativa FM | 90,7 FM\",\"description\":\"\",\"publisher\":{\"@id\":\"https:\/\/alternativafm.com\/site\/#organization\"},\"potentialAction\":[{\"@type\":\"SearchAction\",\"target\":{\"@type\":\"EntryPoint\",\"urlTemplate\":\"https:\/\/alternativafm.com\/site\/?s={search_term_string}\"},\"query-input\":{\"@type\":\"PropertyValueSpecification\",\"valueRequired\":true,\"valueName\":\"search_term_string\"}}],\"inLanguage\":\"pt-BR\"},{\"@type\":\"Organization\",\"@id\":\"https:\/\/alternativafm.com\/site\/#organization\",\"name\":\"Alternativa FM | 90,7 FM\",\"url\":\"https:\/\/alternativafm.com\/site\/\",\"logo\":{\"@type\":\"ImageObject\",\"inLanguage\":\"pt-BR\",\"@id\":\"https:\/\/alternativafm.com\/site\/#\/schema\/logo\/image\/\",\"url\":\"https:\/\/alternativafm.com\/site\/wp-content\/uploads\/2020\/07\/LOGOMARCA2.png\",\"contentUrl\":\"https:\/\/alternativafm.com\/site\/wp-content\/uploads\/2020\/07\/LOGOMARCA2.png\",\"width\":1352,\"height\":464,\"caption\":\"Alternativa FM | 90,7 FM\"},\"image\":{\"@id\":\"https:\/\/alternativafm.com\/site\/#\/schema\/logo\/image\/\"}},{\"@type\":\"Person\",\"@id\":\"https:\/\/alternativafm.com\/site\/#\/schema\/person\/6b1ac1374b404fe65adc2da2ea4e902a\",\"name\":\"redacao\",\"image\":{\"@type\":\"ImageObject\",\"inLanguage\":\"pt-BR\",\"@id\":\"https:\/\/secure.gravatar.com\/avatar\/16ab12bea2743901812c1ec603a48cc65b4e7af25043bec48c2742b27028075e?s=96&d=mm&r=g\",\"url\":\"https:\/\/secure.gravatar.com\/avatar\/16ab12bea2743901812c1ec603a48cc65b4e7af25043bec48c2742b27028075e?s=96&d=mm&r=g\",\"contentUrl\":\"https:\/\/secure.gravatar.com\/avatar\/16ab12bea2743901812c1ec603a48cc65b4e7af25043bec48c2742b27028075e?s=96&d=mm&r=g\",\"caption\":\"redacao\"},\"sameAs\":[\"http:\/\/alternativafm.com\/site\"],\"url\":\"https:\/\/alternativafm.com\/site\/author\/redacao\/\"}]}<\/script>\n<!-- \/ Yoast SEO plugin. -->","yoast_head_json":{"title":"Rede de \u00e1gua rompe e causa desperd\u00edcio - Alternativa FM | 90,7 FM","robots":{"index":"index","follow":"follow","max-snippet":"max-snippet:-1","max-image-preview":"max-image-preview:large","max-video-preview":"max-video-preview:-1"},"canonical":"https:\/\/alternativafm.com\/site\/rede-de-agua-rompe-e-causa-desperdicio\/","og_locale":"pt_BR","og_type":"article","og_title":"Rede de \u00e1gua rompe e causa desperd\u00edcio - Alternativa FM | 90,7 FM","og_url":"https:\/\/alternativafm.com\/site\/rede-de-agua-rompe-e-causa-desperdicio\/","og_site_name":"Alternativa FM | 90,7 FM","article_published_time":"2020-09-20T04:03:44+00:00","author":"redacao","twitter_card":"summary_large_image","twitter_misc":{"Escrito por":"redacao"},"schema":{"@context":"https:\/\/schema.org","@graph":[{"@type":"Article","@id":"https:\/\/alternativafm.com\/site\/rede-de-agua-rompe-e-causa-desperdicio\/#article","isPartOf":{"@id":"https:\/\/alternativafm.com\/site\/rede-de-agua-rompe-e-causa-desperdicio\/"},"author":{"name":"redacao","@id":"https:\/\/alternativafm.com\/site\/#\/schema\/person\/6b1ac1374b404fe65adc2da2ea4e902a"},"headline":"Rede de \u00e1gua rompe e causa desperd\u00edcio","datePublished":"2020-09-20T04:03:44+00:00","mainEntityOfPage":{"@id":"https:\/\/alternativafm.com\/site\/rede-de-agua-rompe-e-causa-desperdicio\/"},"wordCount":14,"commentCount":0,"publisher":{"@id":"https:\/\/alternativafm.com\/site\/#organization"},"articleSection":["CIDADE","GERAL"],"inLanguage":"pt-BR","potentialAction":[{"@type":"CommentAction","name":"Comment","target":["https:\/\/alternativafm.com\/site\/rede-de-agua-rompe-e-causa-desperdicio\/#respond"]}]},{"@type":"WebPage","@id":"https:\/\/alternativafm.com\/site\/rede-de-agua-rompe-e-causa-desperdicio\/","url":"https:\/\/alternativafm.com\/site\/rede-de-agua-rompe-e-causa-desperdicio\/","name":"Rede de \u00e1gua rompe e causa desperd\u00edcio - Alternativa FM | 90,7 FM","isPartOf":{"@id":"https:\/\/alternativafm.com\/site\/#website"},"datePublished":"2020-09-20T04:03:44+00:00","breadcrumb":{"@id":"https:\/\/alternativafm.com\/site\/rede-de-agua-rompe-e-causa-desperdicio\/#breadcrumb"},"inLanguage":"pt-BR","potentialAction":[{"@type":"ReadAction","target":["https:\/\/alternativafm.com\/site\/rede-de-agua-rompe-e-causa-desperdicio\/"]}]},{"@type":"BreadcrumbList","@id":"https:\/\/alternativafm.com\/site\/rede-de-agua-rompe-e-causa-desperdicio\/#breadcrumb","itemListElement":[{"@type":"ListItem","position":1,"name":"In\u00edcio","item":"https:\/\/alternativafm.com\/site\/"},{"@type":"ListItem","position":2,"name":"Rede de \u00e1gua rompe e causa desperd\u00edcio"}]},{"@type":"WebSite","@id":"https:\/\/alternativafm.com\/site\/#website","url":"https:\/\/alternativafm.com\/site\/","name":"Alternativa FM | 90,7 FM","description":"","publisher":{"@id":"https:\/\/alternativafm.com\/site\/#organization"},"potentialAction":[{"@type":"SearchAction","target":{"@type":"EntryPoint","urlTemplate":"https:\/\/alternativafm.com\/site\/?s={search_term_string}"},"query-input":{"@type":"PropertyValueSpecification","valueRequired":true,"valueName":"search_term_string"}}],"inLanguage":"pt-BR"},{"@type":"Organization","@id":"https:\/\/alternativafm.com\/site\/#organization","name":"Alternativa FM | 90,7 FM","url":"https:\/\/alternativafm.com\/site\/","logo":{"@type":"ImageObject","inLanguage":"pt-BR","@id":"https:\/\/alternativafm.com\/site\/#\/schema\/logo\/image\/","url":"https:\/\/alternativafm.com\/site\/wp-content\/uploads\/2020\/07\/LOGOMARCA2.png","contentUrl":"https:\/\/alternativafm.com\/site\/wp-content\/uploads\/2020\/07\/LOGOMARCA2.png","width":1352,"height":464,"caption":"Alternativa FM | 90,7 FM"},"image":{"@id":"https:\/\/alternativafm.com\/site\/#\/schema\/logo\/image\/"}},{"@type":"Person","@id":"https:\/\/alternativafm.com\/site\/#\/schema\/person\/6b1ac1374b404fe65adc2da2ea4e902a","name":"redacao","image":{"@type":"ImageObject","inLanguage":"pt-BR","@id":"https:\/\/secure.gravatar.com\/avatar\/16ab12bea2743901812c1ec603a48cc65b4e7af25043bec48c2742b27028075e?s=96&d=mm&r=g","url":"https:\/\/secure.gravatar.com\/avatar\/16ab12bea2743901812c1ec603a48cc65b4e7af25043bec48c2742b27028075e?s=96&d=mm&r=g","contentUrl":"https:\/\/secure.gravatar.com\/avatar\/16ab12bea2743901812c1ec603a48cc65b4e7af25043bec48c2742b27028075e?s=96&d=mm&r=g","caption":"redacao"},"sameAs":["http:\/\/alternativafm.com\/site"],"url":"https:\/\/alternativafm.com\/site\/author\/redacao\/"}]}},"jetpack_publicize_connections":[],"jetpack_shortlink":"https:\/\/wp.me\/pccBN3-mt","jetpack-related-posts":[{"id":14922,"url":"https:\/\/alternativafm.com\/site\/galeria-de-agua-se-rompe-e-abre-buraco-na-estrada-entre-januaria-e-maria-da-cruz\/","url_meta":{"origin":1393,"position":0},"title":"Galeria de \u00e1gua se rompe e abre buraco na estrada entre Janu\u00e1ria e Maria da Cruz","author":"redacao","date":"fevereiro 1, 2022","format":false,"excerpt":"https:\/\/youtu.be\/TB9ywbdZRt0","rel":"","context":"Em &quot;GERAL&quot;","block_context":{"text":"GERAL","link":"https:\/\/alternativafm.com\/site\/category\/geral\/"},"img":{"alt_text":"","src":"https:\/\/i0.wp.com\/img.youtube.com\/vi\/TB9ywbdZRt0\/0.jpg?resize=350%2C200","width":350,"height":200},"classes":[]},{"id":26173,"url":"https:\/\/alternativafm.com\/site\/desperdicio-de-agua-tratada-passa-de-36-nas-cem-maiores-cidades-do-brasil-revelatrata-brasil\/","url_meta":{"origin":1393,"position":1},"title":"Desperd\u00edcio de \u00e1gua tratada passa de 36% nas cem maiores cidades do Brasil, revelaTrata Brasil.","author":"redacao","date":"mar\u00e7o 28, 2023","format":false,"excerpt":"","rel":"","context":"Em &quot;PODCAST&quot;","block_context":{"text":"PODCAST","link":"https:\/\/alternativafm.com\/site\/category\/podcast\/"},"img":{"alt_text":"","src":"","width":0,"height":0},"classes":[]},{"id":43493,"url":"https:\/\/alternativafm.com\/site\/rede-de-energia-rompe-e-provoca-incendio-e-congestionamento-na-br-135\/","url_meta":{"origin":1393,"position":2},"title":"Rede de energia rompe e provoca inc\u00eandio e congestionamento na BR-135","author":"redacao","date":"novembro 7, 2024","format":false,"excerpt":"https:\/\/youtu.be\/RtqNuwMcUpQ?si=TxZug9Xsya6HAJEj","rel":"","context":"Em &quot;GERAL&quot;","block_context":{"text":"GERAL","link":"https:\/\/alternativafm.com\/site\/category\/geral\/"},"img":{"alt_text":"","src":"https:\/\/i0.wp.com\/img.youtube.com\/vi\/RtqNuwMcUpQ\/0.jpg?resize=350%2C200","width":350,"height":200},"classes":[]},{"id":21879,"url":"https:\/\/alternativafm.com\/site\/secretario-de-obras-fala-da-agua-de-chuva-que-afeta-ruas-e-casas-na-cidade\/","url_meta":{"origin":1393,"position":3},"title":"Secret\u00e1rio de Obras fala da \u00e1gua de chuva que afeta ruas e casas na cidade","author":"redacao","date":"novembro 3, 2022","format":false,"excerpt":"https:\/\/youtu.be\/xBhDYxZrQpo","rel":"","context":"Em &quot;CIDADE&quot;","block_context":{"text":"CIDADE","link":"https:\/\/alternativafm.com\/site\/category\/cidade\/"},"img":{"alt_text":"","src":"https:\/\/i0.wp.com\/img.youtube.com\/vi\/xBhDYxZrQpo\/0.jpg?resize=350%2C200","width":350,"height":200},"classes":[]},{"id":43635,"url":"https:\/\/alternativafm.com\/site\/copasa-inicia-obras-para-substituir-tubulacao-de-esgoto-em-montes-claros\/","url_meta":{"origin":1393,"position":4},"title":"Copasa inicia obras para substituir tubula\u00e7\u00e3o de esgoto em Montes Claros","author":"redacao","date":"novembro 14, 2024","format":false,"excerpt":"A\u00a0Companhia de Saneamento de Minas Gerais (Copasa)\u00a0iniciou neste m\u00eas as obras para implanta\u00e7\u00e3o do novo interceptor sanit\u00e1rio da rede coletora de esgoto, localizado na margem esquerda do c\u00f3rrego das Melancias, no bairro Esplanada, regi\u00e3o\u00a0de Montes Claros, no Norte de Minas. A estrutura \u00e9 respons\u00e1vel pela capta\u00e7\u00e3o e condu\u00e7\u00e3o dos efluentes\u2026","rel":"","context":"Em &quot;GERAL&quot;","block_context":{"text":"GERAL","link":"https:\/\/alternativafm.com\/site\/category\/geral\/"},"img":{"alt_text":"","src":"","width":0,"height":0},"classes":[]},{"id":22494,"url":"https:\/\/alternativafm.com\/site\/moradores-pedem-ajuda-para-retirar-agua-de-chuva\/","url_meta":{"origin":1393,"position":5},"title":"Moradores pedem ajuda para retirar \u00e1gua de chuva","author":"redacao","date":"novembro 30, 2022","format":false,"excerpt":"https:\/\/youtu.be\/bp-Xt_vsiXw","rel":"","context":"Em &quot;CIDADE&quot;","block_context":{"text":"CIDADE","link":"https:\/\/alternativafm.com\/site\/category\/cidade\/"},"img":{"alt_text":"","src":"https:\/\/i0.wp.com\/img.youtube.com\/vi\/bp-Xt_vsiXw\/0.jpg?resize=350%2C200","width":350,"height":200},"classes":[]}],"jetpack_sharing_enabled":true,"jetpack_likes_enabled":true,"jetpack_featured_media_url":"","_links":{"self":[{"href":"https:\/\/alternativafm.com\/site\/wp-json\/wp\/v2\/posts\/1393","targetHints":{"allow":["GET"]}}],"collection":[{"href":"https:\/\/alternativafm.com\/site\/wp-json\/wp\/v2\/posts"}],"about":[{"href":"https:\/\/alternativafm.com\/site\/wp-json\/wp\/v2\/types\/post"}],"author":[{"embeddable":true,"href":"https:\/\/alternativafm.com\/site\/wp-json\/wp\/v2\/users\/1"}],"replies":[{"embeddable":true,"href":"https:\/\/alternativafm.com\/site\/wp-json\/wp\/v2\/comments?post=1393"}],"version-history":[{"count":1,"href":"https:\/\/alternativafm.com\/site\/wp-json\/wp\/v2\/posts\/1393\/revisions"}],"predecessor-version":[{"id":1395,"href":"https:\/\/alternativafm.com\/site\/wp-json\/wp\/v2\/posts\/1393\/revisions\/1395"}],"wp:attachment":[{"href":"https:\/\/alternativafm.com\/site\/wp-json\/wp\/v2\/media?parent=1393"}],"wp:term":[{"taxonomy":"category","embeddable":true,"href":"https:\/\/alternativafm.com\/site\/wp-json\/wp\/v2\/categories?post=1393"},{"taxonomy":"post_tag","embeddable":true,"href":"https:\/\/alternativafm.com\/site\/wp-json\/wp\/v2\/tags?post=1393"}],"curies":[{"name":"wp","href":"https:\/\/api.w.org\/{rel}","templated":true}]}}