{"id":2425,"date":"2020-11-03T10:22:55","date_gmt":"2020-11-03T10:22:55","guid":{"rendered":"https:\/\/alternativafm.com\/site\/?p=2425"},"modified":"2020-11-03T10:22:55","modified_gmt":"2020-11-03T10:22:55","slug":"carros-apreendidos-durante-o-combate-ao-trafico-de-drogas-serao-doados","status":"publish","type":"post","link":"https:\/\/alternativafm.com\/site\/carros-apreendidos-durante-o-combate-ao-trafico-de-drogas-serao-doados\/","title":{"rendered":"Carros apreendidos durante o combate ao tr\u00e1fico de drogas ser\u00e3o doados"},"content":{"rendered":"\n<figure class=\"wp-block-audio\"><audio controls src=\"https:\/\/brasil61.com\/rails\/active_storage\/blobs\/eyJfcmFpbHMiOnsibWVzc2FnZSI6IkJBaHBBdVN1IiwiZXhwIjpudWxsLCJwdXIiOiJibG9iX2lkIn19--50dfdb708efce6fc6f9fb86000159e337364be38\/BRAS202434A\"><\/audio><\/figure>\n","protected":false},"excerpt":{"rendered":"","protected":false},"author":1,"featured_media":0,"comment_status":"open","ping_status":"open","sticky":false,"template":"","format":"standard","meta":{"_jetpack_newsletter_access":"","_jetpack_dont_email_post_to_subs":false,"_jetpack_newsletter_tier_id":0,"_jetpack_memberships_contains_paywalled_content":false,"_jetpack_feature_clip_id":0,"_jetpack_memberships_contains_paid_content":false,"footnotes":"","jetpack_publicize_message":"","jetpack_publicize_feature_enabled":true,"jetpack_social_post_already_shared":true,"jetpack_social_options":{"image_generator_settings":{"template":"highway","default_image_id":0,"font":"","enabled":false},"version":2},"jetpack_post_was_ever_published":false},"categories":[41],"tags":[],"class_list":["post-2425","post","type-post","status-publish","format-standard","hentry","category-podcast"],"yoast_head":"<!-- This site is optimized with the Yoast SEO plugin v27.2 - https:\/\/yoast.com\/product\/yoast-seo-wordpress\/ -->\n<title>Carros apreendidos durante o combate ao tr\u00e1fico de drogas ser\u00e3o doados - Alternativa FM | 90,7 FM<\/title>\n<meta name=\"robots\" content=\"index, follow, max-snippet:-1, max-image-preview:large, max-video-preview:-1\" \/>\n<link rel=\"canonical\" href=\"https:\/\/alternativafm.com\/site\/carros-apreendidos-durante-o-combate-ao-trafico-de-drogas-serao-doados\/\" \/>\n<meta property=\"og:locale\" content=\"pt_BR\" \/>\n<meta property=\"og:type\" content=\"article\" \/>\n<meta property=\"og:title\" content=\"Carros apreendidos durante o combate ao tr\u00e1fico de drogas ser\u00e3o doados - Alternativa FM | 90,7 FM\" \/>\n<meta property=\"og:url\" content=\"https:\/\/alternativafm.com\/site\/carros-apreendidos-durante-o-combate-ao-trafico-de-drogas-serao-doados\/\" \/>\n<meta property=\"og:site_name\" content=\"Alternativa FM | 90,7 FM\" \/>\n<meta property=\"article:published_time\" content=\"2020-11-03T10:22:55+00:00\" \/>\n<meta name=\"author\" content=\"redacao\" \/>\n<meta name=\"twitter:card\" content=\"summary_large_image\" \/>\n<meta name=\"twitter:label1\" content=\"Escrito por\" \/>\n\t<meta name=\"twitter:data1\" content=\"redacao\" \/>\n<script type=\"application\/ld+json\" class=\"yoast-schema-graph\">{\"@context\":\"https:\/\/schema.org\",\"@graph\":[{\"@type\":\"Article\",\"@id\":\"https:\/\/alternativafm.com\/site\/carros-apreendidos-durante-o-combate-ao-trafico-de-drogas-serao-doados\/#article\",\"isPartOf\":{\"@id\":\"https:\/\/alternativafm.com\/site\/carros-apreendidos-durante-o-combate-ao-trafico-de-drogas-serao-doados\/\"},\"author\":{\"name\":\"redacao\",\"@id\":\"https:\/\/alternativafm.com\/site\/#\/schema\/person\/6b1ac1374b404fe65adc2da2ea4e902a\"},\"headline\":\"Carros apreendidos durante o combate ao tr\u00e1fico de drogas ser\u00e3o doados\",\"datePublished\":\"2020-11-03T10:22:55+00:00\",\"mainEntityOfPage\":{\"@id\":\"https:\/\/alternativafm.com\/site\/carros-apreendidos-durante-o-combate-ao-trafico-de-drogas-serao-doados\/\"},\"wordCount\":13,\"commentCount\":0,\"publisher\":{\"@id\":\"https:\/\/alternativafm.com\/site\/#organization\"},\"articleSection\":[\"PODCAST\"],\"inLanguage\":\"pt-BR\",\"potentialAction\":[{\"@type\":\"CommentAction\",\"name\":\"Comment\",\"target\":[\"https:\/\/alternativafm.com\/site\/carros-apreendidos-durante-o-combate-ao-trafico-de-drogas-serao-doados\/#respond\"]}]},{\"@type\":\"WebPage\",\"@id\":\"https:\/\/alternativafm.com\/site\/carros-apreendidos-durante-o-combate-ao-trafico-de-drogas-serao-doados\/\",\"url\":\"https:\/\/alternativafm.com\/site\/carros-apreendidos-durante-o-combate-ao-trafico-de-drogas-serao-doados\/\",\"name\":\"Carros apreendidos durante o combate ao tr\u00e1fico de drogas ser\u00e3o doados - Alternativa FM | 90,7 FM\",\"isPartOf\":{\"@id\":\"https:\/\/alternativafm.com\/site\/#website\"},\"datePublished\":\"2020-11-03T10:22:55+00:00\",\"breadcrumb\":{\"@id\":\"https:\/\/alternativafm.com\/site\/carros-apreendidos-durante-o-combate-ao-trafico-de-drogas-serao-doados\/#breadcrumb\"},\"inLanguage\":\"pt-BR\",\"potentialAction\":[{\"@type\":\"ReadAction\",\"target\":[\"https:\/\/alternativafm.com\/site\/carros-apreendidos-durante-o-combate-ao-trafico-de-drogas-serao-doados\/\"]}]},{\"@type\":\"BreadcrumbList\",\"@id\":\"https:\/\/alternativafm.com\/site\/carros-apreendidos-durante-o-combate-ao-trafico-de-drogas-serao-doados\/#breadcrumb\",\"itemListElement\":[{\"@type\":\"ListItem\",\"position\":1,\"name\":\"In\u00edcio\",\"item\":\"https:\/\/alternativafm.com\/site\/\"},{\"@type\":\"ListItem\",\"position\":2,\"name\":\"Carros apreendidos durante o combate ao tr\u00e1fico de drogas ser\u00e3o doados\"}]},{\"@type\":\"WebSite\",\"@id\":\"https:\/\/alternativafm.com\/site\/#website\",\"url\":\"https:\/\/alternativafm.com\/site\/\",\"name\":\"Alternativa FM | 90,7 FM\",\"description\":\"\",\"publisher\":{\"@id\":\"https:\/\/alternativafm.com\/site\/#organization\"},\"potentialAction\":[{\"@type\":\"SearchAction\",\"target\":{\"@type\":\"EntryPoint\",\"urlTemplate\":\"https:\/\/alternativafm.com\/site\/?s={search_term_string}\"},\"query-input\":{\"@type\":\"PropertyValueSpecification\",\"valueRequired\":true,\"valueName\":\"search_term_string\"}}],\"inLanguage\":\"pt-BR\"},{\"@type\":\"Organization\",\"@id\":\"https:\/\/alternativafm.com\/site\/#organization\",\"name\":\"Alternativa FM | 90,7 FM\",\"url\":\"https:\/\/alternativafm.com\/site\/\",\"logo\":{\"@type\":\"ImageObject\",\"inLanguage\":\"pt-BR\",\"@id\":\"https:\/\/alternativafm.com\/site\/#\/schema\/logo\/image\/\",\"url\":\"https:\/\/alternativafm.com\/site\/wp-content\/uploads\/2020\/07\/LOGOMARCA2.png\",\"contentUrl\":\"https:\/\/alternativafm.com\/site\/wp-content\/uploads\/2020\/07\/LOGOMARCA2.png\",\"width\":1352,\"height\":464,\"caption\":\"Alternativa FM | 90,7 FM\"},\"image\":{\"@id\":\"https:\/\/alternativafm.com\/site\/#\/schema\/logo\/image\/\"}},{\"@type\":\"Person\",\"@id\":\"https:\/\/alternativafm.com\/site\/#\/schema\/person\/6b1ac1374b404fe65adc2da2ea4e902a\",\"name\":\"redacao\",\"image\":{\"@type\":\"ImageObject\",\"inLanguage\":\"pt-BR\",\"@id\":\"https:\/\/secure.gravatar.com\/avatar\/16ab12bea2743901812c1ec603a48cc65b4e7af25043bec48c2742b27028075e?s=96&d=mm&r=g\",\"url\":\"https:\/\/secure.gravatar.com\/avatar\/16ab12bea2743901812c1ec603a48cc65b4e7af25043bec48c2742b27028075e?s=96&d=mm&r=g\",\"contentUrl\":\"https:\/\/secure.gravatar.com\/avatar\/16ab12bea2743901812c1ec603a48cc65b4e7af25043bec48c2742b27028075e?s=96&d=mm&r=g\",\"caption\":\"redacao\"},\"sameAs\":[\"http:\/\/alternativafm.com\/site\"],\"url\":\"https:\/\/alternativafm.com\/site\/author\/redacao\/\"}]}<\/script>\n<!-- \/ Yoast SEO plugin. -->","yoast_head_json":{"title":"Carros apreendidos durante o combate ao tr\u00e1fico de drogas ser\u00e3o doados - Alternativa FM | 90,7 FM","robots":{"index":"index","follow":"follow","max-snippet":"max-snippet:-1","max-image-preview":"max-image-preview:large","max-video-preview":"max-video-preview:-1"},"canonical":"https:\/\/alternativafm.com\/site\/carros-apreendidos-durante-o-combate-ao-trafico-de-drogas-serao-doados\/","og_locale":"pt_BR","og_type":"article","og_title":"Carros apreendidos durante o combate ao tr\u00e1fico de drogas ser\u00e3o doados - Alternativa FM | 90,7 FM","og_url":"https:\/\/alternativafm.com\/site\/carros-apreendidos-durante-o-combate-ao-trafico-de-drogas-serao-doados\/","og_site_name":"Alternativa FM | 90,7 FM","article_published_time":"2020-11-03T10:22:55+00:00","author":"redacao","twitter_card":"summary_large_image","twitter_misc":{"Escrito por":"redacao"},"schema":{"@context":"https:\/\/schema.org","@graph":[{"@type":"Article","@id":"https:\/\/alternativafm.com\/site\/carros-apreendidos-durante-o-combate-ao-trafico-de-drogas-serao-doados\/#article","isPartOf":{"@id":"https:\/\/alternativafm.com\/site\/carros-apreendidos-durante-o-combate-ao-trafico-de-drogas-serao-doados\/"},"author":{"name":"redacao","@id":"https:\/\/alternativafm.com\/site\/#\/schema\/person\/6b1ac1374b404fe65adc2da2ea4e902a"},"headline":"Carros apreendidos durante o combate ao tr\u00e1fico de drogas ser\u00e3o doados","datePublished":"2020-11-03T10:22:55+00:00","mainEntityOfPage":{"@id":"https:\/\/alternativafm.com\/site\/carros-apreendidos-durante-o-combate-ao-trafico-de-drogas-serao-doados\/"},"wordCount":13,"commentCount":0,"publisher":{"@id":"https:\/\/alternativafm.com\/site\/#organization"},"articleSection":["PODCAST"],"inLanguage":"pt-BR","potentialAction":[{"@type":"CommentAction","name":"Comment","target":["https:\/\/alternativafm.com\/site\/carros-apreendidos-durante-o-combate-ao-trafico-de-drogas-serao-doados\/#respond"]}]},{"@type":"WebPage","@id":"https:\/\/alternativafm.com\/site\/carros-apreendidos-durante-o-combate-ao-trafico-de-drogas-serao-doados\/","url":"https:\/\/alternativafm.com\/site\/carros-apreendidos-durante-o-combate-ao-trafico-de-drogas-serao-doados\/","name":"Carros apreendidos durante o combate ao tr\u00e1fico de drogas ser\u00e3o doados - Alternativa FM | 90,7 FM","isPartOf":{"@id":"https:\/\/alternativafm.com\/site\/#website"},"datePublished":"2020-11-03T10:22:55+00:00","breadcrumb":{"@id":"https:\/\/alternativafm.com\/site\/carros-apreendidos-durante-o-combate-ao-trafico-de-drogas-serao-doados\/#breadcrumb"},"inLanguage":"pt-BR","potentialAction":[{"@type":"ReadAction","target":["https:\/\/alternativafm.com\/site\/carros-apreendidos-durante-o-combate-ao-trafico-de-drogas-serao-doados\/"]}]},{"@type":"BreadcrumbList","@id":"https:\/\/alternativafm.com\/site\/carros-apreendidos-durante-o-combate-ao-trafico-de-drogas-serao-doados\/#breadcrumb","itemListElement":[{"@type":"ListItem","position":1,"name":"In\u00edcio","item":"https:\/\/alternativafm.com\/site\/"},{"@type":"ListItem","position":2,"name":"Carros apreendidos durante o combate ao tr\u00e1fico de drogas ser\u00e3o doados"}]},{"@type":"WebSite","@id":"https:\/\/alternativafm.com\/site\/#website","url":"https:\/\/alternativafm.com\/site\/","name":"Alternativa FM | 90,7 FM","description":"","publisher":{"@id":"https:\/\/alternativafm.com\/site\/#organization"},"potentialAction":[{"@type":"SearchAction","target":{"@type":"EntryPoint","urlTemplate":"https:\/\/alternativafm.com\/site\/?s={search_term_string}"},"query-input":{"@type":"PropertyValueSpecification","valueRequired":true,"valueName":"search_term_string"}}],"inLanguage":"pt-BR"},{"@type":"Organization","@id":"https:\/\/alternativafm.com\/site\/#organization","name":"Alternativa FM | 90,7 FM","url":"https:\/\/alternativafm.com\/site\/","logo":{"@type":"ImageObject","inLanguage":"pt-BR","@id":"https:\/\/alternativafm.com\/site\/#\/schema\/logo\/image\/","url":"https:\/\/alternativafm.com\/site\/wp-content\/uploads\/2020\/07\/LOGOMARCA2.png","contentUrl":"https:\/\/alternativafm.com\/site\/wp-content\/uploads\/2020\/07\/LOGOMARCA2.png","width":1352,"height":464,"caption":"Alternativa FM | 90,7 FM"},"image":{"@id":"https:\/\/alternativafm.com\/site\/#\/schema\/logo\/image\/"}},{"@type":"Person","@id":"https:\/\/alternativafm.com\/site\/#\/schema\/person\/6b1ac1374b404fe65adc2da2ea4e902a","name":"redacao","image":{"@type":"ImageObject","inLanguage":"pt-BR","@id":"https:\/\/secure.gravatar.com\/avatar\/16ab12bea2743901812c1ec603a48cc65b4e7af25043bec48c2742b27028075e?s=96&d=mm&r=g","url":"https:\/\/secure.gravatar.com\/avatar\/16ab12bea2743901812c1ec603a48cc65b4e7af25043bec48c2742b27028075e?s=96&d=mm&r=g","contentUrl":"https:\/\/secure.gravatar.com\/avatar\/16ab12bea2743901812c1ec603a48cc65b4e7af25043bec48c2742b27028075e?s=96&d=mm&r=g","caption":"redacao"},"sameAs":["http:\/\/alternativafm.com\/site"],"url":"https:\/\/alternativafm.com\/site\/author\/redacao\/"}]}},"jetpack_publicize_connections":[],"jetpack_shortlink":"https:\/\/wp.me\/pccBN3-D7","jetpack-related-posts":[{"id":17572,"url":"https:\/\/alternativafm.com\/site\/sejusp-leiloa-veiculos-apreendidos-em-operacoes-contra-o-trafico-de-drogas\/","url_meta":{"origin":2425,"position":0},"title":"Sejusp leiloa ve\u00edculos apreendidos em opera\u00e7\u00f5es contra o tr\u00e1fico de drogas.","author":"redacao","date":"maio 24, 2022","format":false,"excerpt":"","rel":"","context":"Em &quot;PODCAST&quot;","block_context":{"text":"PODCAST","link":"https:\/\/alternativafm.com\/site\/category\/podcast\/"},"img":{"alt_text":"","src":"","width":0,"height":0},"classes":[]},{"id":44646,"url":"https:\/\/alternativafm.com\/site\/seis-pessoas-presas-pela-policia-civil-durante-operacao-de-combate-ao-trafico-de-drogas\/","url_meta":{"origin":2425,"position":1},"title":"Seis pessoas presas pela Pol\u00edcia Civil durante opera\u00e7\u00e3o de combate ao tr\u00e1fico de drogas","author":"redacao","date":"dezembro 18, 2024","format":false,"excerpt":"https:\/\/www.youtube.com\/embed\/jQwBkXCMtko","rel":"","context":"Em &quot;GERAL&quot;","block_context":{"text":"GERAL","link":"https:\/\/alternativafm.com\/site\/category\/geral\/"},"img":{"alt_text":"","src":"","width":0,"height":0},"classes":[]},{"id":57179,"url":"https:\/\/alternativafm.com\/site\/jovens-presos-por-trafico-de-drogas-nesta-terca-feira-em-sao-francisco\/","url_meta":{"origin":2425,"position":2},"title":"Jovens presos por tr\u00e1fico de drogas nesta ter\u00e7a-feira em S\u00e3o Francisco","author":"redacao","date":"abril 1, 2026","format":false,"excerpt":"Dois jovens foram presos por tr\u00e1fico de drogas na madrugada desta ter\u00e7a-feira aqui em S\u00e3o Francisco. De acordo com a Pol\u00edcia Militar, a ocorr\u00eancia foi registrada durante um patrulhamento de rotina, quando os militares se depararam com um carro parado em uma avenida, com o motor desligado e os vidros\u2026","rel":"","context":"Em &quot;GERAL&quot;","block_context":{"text":"GERAL","link":"https:\/\/alternativafm.com\/site\/category\/geral\/"},"img":{"alt_text":"","src":"https:\/\/alternativafm.com\/site\/wp-content\/uploads\/sao-francisco2.avif","width":350,"height":200,"srcset":"https:\/\/alternativafm.com\/site\/wp-content\/uploads\/sao-francisco2.avif 1x, https:\/\/alternativafm.com\/site\/wp-content\/uploads\/sao-francisco2.avif 1.5x, https:\/\/alternativafm.com\/site\/wp-content\/uploads\/sao-francisco2.avif 2x"},"classes":[]},{"id":5226,"url":"https:\/\/alternativafm.com\/site\/homens-presos-por-trafico-de-drogas-em-icarai-de-minas\/","url_meta":{"origin":2425,"position":3},"title":"Homens presos por tr\u00e1fico de drogas em Icara\u00ed de Minas","author":"redacao","date":"fevereiro 16, 2021","format":false,"excerpt":"No domingo (dia 14\/02), por volta das 17:00 horas, a Pol\u00edcia Militar na cidade de Icara\u00ed de Minas realizou opera\u00e7\u00e3o Batida Policial com foco no combate ao tr\u00e1fico de entorpecentes. As equipes realizavam patrulhamento pelo bairro Planalto, local alvo de den\u00fancias envolvendo tr\u00e1fico de drogas, quando ao se aproximarem de\u2026","rel":"","context":"Em &quot;DESTAQUE&quot;","block_context":{"text":"DESTAQUE","link":"https:\/\/alternativafm.com\/site\/category\/destaque\/"},"img":{"alt_text":"","src":"","width":0,"height":0},"classes":[]},{"id":53499,"url":"https:\/\/alternativafm.com\/site\/pm-apreende-menor-por-trafico-de-drogas\/","url_meta":{"origin":2425,"position":4},"title":"PM apreende menor por tr\u00e1fico de drogas","author":"redacao","date":"novembro 6, 2025","format":false,"excerpt":"https:\/\/youtu.be\/bK_jofYYOpw","rel":"","context":"Em &quot;GERAL&quot;","block_context":{"text":"GERAL","link":"https:\/\/alternativafm.com\/site\/category\/geral\/"},"img":{"alt_text":"","src":"https:\/\/i0.wp.com\/img.youtube.com\/vi\/bK_jofYYOpw\/0.jpg?resize=350%2C200","width":350,"height":200},"classes":[]},{"id":15250,"url":"https:\/\/alternativafm.com\/site\/adolescente-e-apreendido-por-trafico-de-drogas\/","url_meta":{"origin":2425,"position":5},"title":"Adolescente \u00e9 apreendido por tr\u00e1fico de drogas","author":"redacao","date":"fevereiro 15, 2022","format":false,"excerpt":"https:\/\/youtu.be\/-Ss0CKsOSWA","rel":"","context":"Em &quot;DESTAQUE 2&quot;","block_context":{"text":"DESTAQUE 2","link":"https:\/\/alternativafm.com\/site\/category\/destaque-2\/"},"img":{"alt_text":"","src":"https:\/\/i0.wp.com\/img.youtube.com\/vi\/-Ss0CKsOSWA\/0.jpg?resize=350%2C200","width":350,"height":200},"classes":[]}],"jetpack_sharing_enabled":true,"jetpack_likes_enabled":true,"jetpack_featured_media_url":"","_links":{"self":[{"href":"https:\/\/alternativafm.com\/site\/wp-json\/wp\/v2\/posts\/2425","targetHints":{"allow":["GET"]}}],"collection":[{"href":"https:\/\/alternativafm.com\/site\/wp-json\/wp\/v2\/posts"}],"about":[{"href":"https:\/\/alternativafm.com\/site\/wp-json\/wp\/v2\/types\/post"}],"author":[{"embeddable":true,"href":"https:\/\/alternativafm.com\/site\/wp-json\/wp\/v2\/users\/1"}],"replies":[{"embeddable":true,"href":"https:\/\/alternativafm.com\/site\/wp-json\/wp\/v2\/comments?post=2425"}],"version-history":[{"count":1,"href":"https:\/\/alternativafm.com\/site\/wp-json\/wp\/v2\/posts\/2425\/revisions"}],"predecessor-version":[{"id":2427,"href":"https:\/\/alternativafm.com\/site\/wp-json\/wp\/v2\/posts\/2425\/revisions\/2427"}],"wp:attachment":[{"href":"https:\/\/alternativafm.com\/site\/wp-json\/wp\/v2\/media?parent=2425"}],"wp:term":[{"taxonomy":"category","embeddable":true,"href":"https:\/\/alternativafm.com\/site\/wp-json\/wp\/v2\/categories?post=2425"},{"taxonomy":"post_tag","embeddable":true,"href":"https:\/\/alternativafm.com\/site\/wp-json\/wp\/v2\/tags?post=2425"}],"curies":[{"name":"wp","href":"https:\/\/api.w.org\/{rel}","templated":true}]}}