{"id":38648,"date":"2024-05-24T11:49:57","date_gmt":"2024-05-24T11:49:57","guid":{"rendered":"https:\/\/alternativafm.com\/site\/?p=38648"},"modified":"2024-05-24T11:49:57","modified_gmt":"2024-05-24T11:49:57","slug":"zema-assina-decreto-de-obra-de-linha-de-energia-entre-bonito-de-minas-e-januaria","status":"publish","type":"post","link":"https:\/\/alternativafm.com\/site\/zema-assina-decreto-de-obra-de-linha-de-energia-entre-bonito-de-minas-e-januaria\/","title":{"rendered":"Zema assina decreto de obra de linha de energia  entre Bonito de Minas e Janu\u00e1ria"},"content":{"rendered":"\n<p class=\"wp-block-paragraph\">O governador Romeu Zema assinou no \u00faltimo dia 21 de maio de 2024 decreto tornando de utilidade p\u00fablica a obra de infraestrutura de constru\u00e7\u00e3o de uma Linha de Distribui\u00e7\u00e3o de energia de alta voltagem entre Bonito de Minas e Janu\u00e1ria, de 138 quilo Watts. A obra de infraestrutura de constru\u00e7\u00e3o da Linha de Distribui\u00e7\u00e3o Bonito de Minas \u2013 Janu\u00e1ria 3, ser\u00e1 executada pela empresa Cemig Distribui\u00e7\u00e3o S.A., em \u00e1rea do Bioma Mata Atl\u00e2ntica, nos Munic\u00edpios de Bonito de Minas e Janu\u00e1ria. A alta relev\u00e2ncia e o interesse nacional do empreendimento foram indicados pelo proponente e justificados na exposi\u00e7\u00e3o de motivos da Secretaria de Estado de Desenvolvimento Econ\u00f4mico. A autoriza\u00e7\u00e3o de supress\u00e3o de vegeta\u00e7\u00e3o do Bioma Mata Atl\u00e2ntica, a partir desta declara\u00e7\u00e3o de utilidade p\u00fablica, depender\u00e1 de procedimento administrativo pr\u00f3prio dos \u00f3rg\u00e3os ambientais competentes, na forma da legisla\u00e7\u00e3o vigente, sob pena de perda de efic\u00e1cia deste decreto.<\/p>\n","protected":false},"excerpt":{"rendered":"<p>O governador Romeu Zema assinou no \u00faltimo dia 21 de maio de 2024 decreto tornando de utilidade p\u00fablica a obra de infraestrutura de constru\u00e7\u00e3o de uma Linha de Distribui\u00e7\u00e3o de<\/p>\n","protected":false},"author":1,"featured_media":11411,"comment_status":"open","ping_status":"open","sticky":false,"template":"","format":"standard","meta":{"_jetpack_newsletter_access":"","_jetpack_dont_email_post_to_subs":false,"_jetpack_newsletter_tier_id":0,"_jetpack_memberships_contains_paywalled_content":false,"_jetpack_feature_clip_id":0,"_jetpack_memberships_contains_paid_content":false,"footnotes":"","jetpack_publicize_message":"","jetpack_publicize_feature_enabled":true,"jetpack_social_post_already_shared":true,"jetpack_social_options":{"image_generator_settings":{"template":"highway","default_image_id":0,"font":"","enabled":false},"version":2},"jetpack_post_was_ever_published":false},"categories":[53,6,51,8,52],"tags":[],"class_list":["post-38648","post","type-post","status-publish","format-standard","has-post-thumbnail","hentry","category-destaque","category-geral","category-meio-ambiente","category-minas-gerais","category-regional"],"yoast_head":"<!-- This site is optimized with the Yoast SEO plugin v27.2 - https:\/\/yoast.com\/product\/yoast-seo-wordpress\/ -->\n<title>Zema assina decreto de obra de linha de energia entre Bonito de Minas e Janu\u00e1ria - Alternativa FM | 90,7 FM<\/title>\n<meta name=\"robots\" content=\"index, follow, max-snippet:-1, max-image-preview:large, max-video-preview:-1\" \/>\n<link rel=\"canonical\" href=\"https:\/\/alternativafm.com\/site\/zema-assina-decreto-de-obra-de-linha-de-energia-entre-bonito-de-minas-e-januaria\/\" \/>\n<meta property=\"og:locale\" content=\"pt_BR\" \/>\n<meta property=\"og:type\" content=\"article\" \/>\n<meta property=\"og:title\" content=\"Zema assina decreto de obra de linha de energia entre Bonito de Minas e Janu\u00e1ria - Alternativa FM | 90,7 FM\" \/>\n<meta property=\"og:description\" content=\"O governador Romeu Zema assinou no \u00faltimo dia 21 de maio de 2024 decreto tornando de utilidade p\u00fablica a obra de infraestrutura de constru\u00e7\u00e3o de uma Linha de Distribui\u00e7\u00e3o de\" \/>\n<meta property=\"og:url\" content=\"https:\/\/alternativafm.com\/site\/zema-assina-decreto-de-obra-de-linha-de-energia-entre-bonito-de-minas-e-januaria\/\" \/>\n<meta property=\"og:site_name\" content=\"Alternativa FM | 90,7 FM\" \/>\n<meta property=\"article:published_time\" content=\"2024-05-24T11:49:57+00:00\" \/>\n<meta property=\"og:image\" content=\"https:\/\/alternativafm.com\/site\/wp-content\/uploads\/zema.jpg\" \/>\n\t<meta property=\"og:image:width\" content=\"800\" \/>\n\t<meta property=\"og:image:height\" content=\"445\" \/>\n\t<meta property=\"og:image:type\" content=\"image\/jpeg\" \/>\n<meta name=\"author\" content=\"redacao\" \/>\n<meta name=\"twitter:card\" content=\"summary_large_image\" \/>\n<meta name=\"twitter:label1\" content=\"Escrito por\" \/>\n\t<meta name=\"twitter:data1\" content=\"redacao\" \/>\n\t<meta name=\"twitter:label2\" content=\"Est. tempo de leitura\" \/>\n\t<meta name=\"twitter:data2\" content=\"2 minutos\" \/>\n<script type=\"application\/ld+json\" class=\"yoast-schema-graph\">{\"@context\":\"https:\/\/schema.org\",\"@graph\":[{\"@type\":\"Article\",\"@id\":\"https:\/\/alternativafm.com\/site\/zema-assina-decreto-de-obra-de-linha-de-energia-entre-bonito-de-minas-e-januaria\/#article\",\"isPartOf\":{\"@id\":\"https:\/\/alternativafm.com\/site\/zema-assina-decreto-de-obra-de-linha-de-energia-entre-bonito-de-minas-e-januaria\/\"},\"author\":{\"name\":\"redacao\",\"@id\":\"https:\/\/alternativafm.com\/site\/#\/schema\/person\/6b1ac1374b404fe65adc2da2ea4e902a\"},\"headline\":\"Zema assina decreto de obra de linha de energia entre Bonito de Minas e Janu\u00e1ria\",\"datePublished\":\"2024-05-24T11:49:57+00:00\",\"mainEntityOfPage\":{\"@id\":\"https:\/\/alternativafm.com\/site\/zema-assina-decreto-de-obra-de-linha-de-energia-entre-bonito-de-minas-e-januaria\/\"},\"wordCount\":182,\"commentCount\":0,\"publisher\":{\"@id\":\"https:\/\/alternativafm.com\/site\/#organization\"},\"image\":{\"@id\":\"https:\/\/alternativafm.com\/site\/zema-assina-decreto-de-obra-de-linha-de-energia-entre-bonito-de-minas-e-januaria\/#primaryimage\"},\"thumbnailUrl\":\"https:\/\/alternativafm.com\/site\/wp-content\/uploads\/zema.jpg\",\"articleSection\":[\"DESTAQUE\",\"GERAL\",\"MEIO AMBIENTE\",\"MINAS GERAIS\",\"REGIONAL\"],\"inLanguage\":\"pt-BR\",\"potentialAction\":[{\"@type\":\"CommentAction\",\"name\":\"Comment\",\"target\":[\"https:\/\/alternativafm.com\/site\/zema-assina-decreto-de-obra-de-linha-de-energia-entre-bonito-de-minas-e-januaria\/#respond\"]}]},{\"@type\":\"WebPage\",\"@id\":\"https:\/\/alternativafm.com\/site\/zema-assina-decreto-de-obra-de-linha-de-energia-entre-bonito-de-minas-e-januaria\/\",\"url\":\"https:\/\/alternativafm.com\/site\/zema-assina-decreto-de-obra-de-linha-de-energia-entre-bonito-de-minas-e-januaria\/\",\"name\":\"Zema assina decreto de obra de linha de energia entre Bonito de Minas e Janu\u00e1ria - Alternativa FM | 90,7 FM\",\"isPartOf\":{\"@id\":\"https:\/\/alternativafm.com\/site\/#website\"},\"primaryImageOfPage\":{\"@id\":\"https:\/\/alternativafm.com\/site\/zema-assina-decreto-de-obra-de-linha-de-energia-entre-bonito-de-minas-e-januaria\/#primaryimage\"},\"image\":{\"@id\":\"https:\/\/alternativafm.com\/site\/zema-assina-decreto-de-obra-de-linha-de-energia-entre-bonito-de-minas-e-januaria\/#primaryimage\"},\"thumbnailUrl\":\"https:\/\/alternativafm.com\/site\/wp-content\/uploads\/zema.jpg\",\"datePublished\":\"2024-05-24T11:49:57+00:00\",\"breadcrumb\":{\"@id\":\"https:\/\/alternativafm.com\/site\/zema-assina-decreto-de-obra-de-linha-de-energia-entre-bonito-de-minas-e-januaria\/#breadcrumb\"},\"inLanguage\":\"pt-BR\",\"potentialAction\":[{\"@type\":\"ReadAction\",\"target\":[\"https:\/\/alternativafm.com\/site\/zema-assina-decreto-de-obra-de-linha-de-energia-entre-bonito-de-minas-e-januaria\/\"]}]},{\"@type\":\"ImageObject\",\"inLanguage\":\"pt-BR\",\"@id\":\"https:\/\/alternativafm.com\/site\/zema-assina-decreto-de-obra-de-linha-de-energia-entre-bonito-de-minas-e-januaria\/#primaryimage\",\"url\":\"https:\/\/alternativafm.com\/site\/wp-content\/uploads\/zema.jpg\",\"contentUrl\":\"https:\/\/alternativafm.com\/site\/wp-content\/uploads\/zema.jpg\",\"width\":800,\"height\":445},{\"@type\":\"BreadcrumbList\",\"@id\":\"https:\/\/alternativafm.com\/site\/zema-assina-decreto-de-obra-de-linha-de-energia-entre-bonito-de-minas-e-januaria\/#breadcrumb\",\"itemListElement\":[{\"@type\":\"ListItem\",\"position\":1,\"name\":\"In\u00edcio\",\"item\":\"https:\/\/alternativafm.com\/site\/\"},{\"@type\":\"ListItem\",\"position\":2,\"name\":\"Zema assina decreto de obra de linha de energia entre Bonito de Minas e Janu\u00e1ria\"}]},{\"@type\":\"WebSite\",\"@id\":\"https:\/\/alternativafm.com\/site\/#website\",\"url\":\"https:\/\/alternativafm.com\/site\/\",\"name\":\"Alternativa FM | 90,7 FM\",\"description\":\"\",\"publisher\":{\"@id\":\"https:\/\/alternativafm.com\/site\/#organization\"},\"potentialAction\":[{\"@type\":\"SearchAction\",\"target\":{\"@type\":\"EntryPoint\",\"urlTemplate\":\"https:\/\/alternativafm.com\/site\/?s={search_term_string}\"},\"query-input\":{\"@type\":\"PropertyValueSpecification\",\"valueRequired\":true,\"valueName\":\"search_term_string\"}}],\"inLanguage\":\"pt-BR\"},{\"@type\":\"Organization\",\"@id\":\"https:\/\/alternativafm.com\/site\/#organization\",\"name\":\"Alternativa FM | 90,7 FM\",\"url\":\"https:\/\/alternativafm.com\/site\/\",\"logo\":{\"@type\":\"ImageObject\",\"inLanguage\":\"pt-BR\",\"@id\":\"https:\/\/alternativafm.com\/site\/#\/schema\/logo\/image\/\",\"url\":\"https:\/\/alternativafm.com\/site\/wp-content\/uploads\/2020\/07\/LOGOMARCA2.png\",\"contentUrl\":\"https:\/\/alternativafm.com\/site\/wp-content\/uploads\/2020\/07\/LOGOMARCA2.png\",\"width\":1352,\"height\":464,\"caption\":\"Alternativa FM | 90,7 FM\"},\"image\":{\"@id\":\"https:\/\/alternativafm.com\/site\/#\/schema\/logo\/image\/\"}},{\"@type\":\"Person\",\"@id\":\"https:\/\/alternativafm.com\/site\/#\/schema\/person\/6b1ac1374b404fe65adc2da2ea4e902a\",\"name\":\"redacao\",\"image\":{\"@type\":\"ImageObject\",\"inLanguage\":\"pt-BR\",\"@id\":\"https:\/\/secure.gravatar.com\/avatar\/16ab12bea2743901812c1ec603a48cc65b4e7af25043bec48c2742b27028075e?s=96&d=mm&r=g\",\"url\":\"https:\/\/secure.gravatar.com\/avatar\/16ab12bea2743901812c1ec603a48cc65b4e7af25043bec48c2742b27028075e?s=96&d=mm&r=g\",\"contentUrl\":\"https:\/\/secure.gravatar.com\/avatar\/16ab12bea2743901812c1ec603a48cc65b4e7af25043bec48c2742b27028075e?s=96&d=mm&r=g\",\"caption\":\"redacao\"},\"sameAs\":[\"http:\/\/alternativafm.com\/site\"],\"url\":\"https:\/\/alternativafm.com\/site\/author\/redacao\/\"}]}<\/script>\n<!-- \/ Yoast SEO plugin. -->","yoast_head_json":{"title":"Zema assina decreto de obra de linha de energia entre Bonito de Minas e Janu\u00e1ria - Alternativa FM | 90,7 FM","robots":{"index":"index","follow":"follow","max-snippet":"max-snippet:-1","max-image-preview":"max-image-preview:large","max-video-preview":"max-video-preview:-1"},"canonical":"https:\/\/alternativafm.com\/site\/zema-assina-decreto-de-obra-de-linha-de-energia-entre-bonito-de-minas-e-januaria\/","og_locale":"pt_BR","og_type":"article","og_title":"Zema assina decreto de obra de linha de energia entre Bonito de Minas e Janu\u00e1ria - Alternativa FM | 90,7 FM","og_description":"O governador Romeu Zema assinou no \u00faltimo dia 21 de maio de 2024 decreto tornando de utilidade p\u00fablica a obra de infraestrutura de constru\u00e7\u00e3o de uma Linha de Distribui\u00e7\u00e3o de","og_url":"https:\/\/alternativafm.com\/site\/zema-assina-decreto-de-obra-de-linha-de-energia-entre-bonito-de-minas-e-januaria\/","og_site_name":"Alternativa FM | 90,7 FM","article_published_time":"2024-05-24T11:49:57+00:00","og_image":[{"width":800,"height":445,"url":"https:\/\/alternativafm.com\/site\/wp-content\/uploads\/zema.jpg","type":"image\/jpeg"}],"author":"redacao","twitter_card":"summary_large_image","twitter_misc":{"Escrito por":"redacao","Est. tempo de leitura":"2 minutos"},"schema":{"@context":"https:\/\/schema.org","@graph":[{"@type":"Article","@id":"https:\/\/alternativafm.com\/site\/zema-assina-decreto-de-obra-de-linha-de-energia-entre-bonito-de-minas-e-januaria\/#article","isPartOf":{"@id":"https:\/\/alternativafm.com\/site\/zema-assina-decreto-de-obra-de-linha-de-energia-entre-bonito-de-minas-e-januaria\/"},"author":{"name":"redacao","@id":"https:\/\/alternativafm.com\/site\/#\/schema\/person\/6b1ac1374b404fe65adc2da2ea4e902a"},"headline":"Zema assina decreto de obra de linha de energia entre Bonito de Minas e Janu\u00e1ria","datePublished":"2024-05-24T11:49:57+00:00","mainEntityOfPage":{"@id":"https:\/\/alternativafm.com\/site\/zema-assina-decreto-de-obra-de-linha-de-energia-entre-bonito-de-minas-e-januaria\/"},"wordCount":182,"commentCount":0,"publisher":{"@id":"https:\/\/alternativafm.com\/site\/#organization"},"image":{"@id":"https:\/\/alternativafm.com\/site\/zema-assina-decreto-de-obra-de-linha-de-energia-entre-bonito-de-minas-e-januaria\/#primaryimage"},"thumbnailUrl":"https:\/\/alternativafm.com\/site\/wp-content\/uploads\/zema.jpg","articleSection":["DESTAQUE","GERAL","MEIO AMBIENTE","MINAS GERAIS","REGIONAL"],"inLanguage":"pt-BR","potentialAction":[{"@type":"CommentAction","name":"Comment","target":["https:\/\/alternativafm.com\/site\/zema-assina-decreto-de-obra-de-linha-de-energia-entre-bonito-de-minas-e-januaria\/#respond"]}]},{"@type":"WebPage","@id":"https:\/\/alternativafm.com\/site\/zema-assina-decreto-de-obra-de-linha-de-energia-entre-bonito-de-minas-e-januaria\/","url":"https:\/\/alternativafm.com\/site\/zema-assina-decreto-de-obra-de-linha-de-energia-entre-bonito-de-minas-e-januaria\/","name":"Zema assina decreto de obra de linha de energia entre Bonito de Minas e Janu\u00e1ria - Alternativa FM | 90,7 FM","isPartOf":{"@id":"https:\/\/alternativafm.com\/site\/#website"},"primaryImageOfPage":{"@id":"https:\/\/alternativafm.com\/site\/zema-assina-decreto-de-obra-de-linha-de-energia-entre-bonito-de-minas-e-januaria\/#primaryimage"},"image":{"@id":"https:\/\/alternativafm.com\/site\/zema-assina-decreto-de-obra-de-linha-de-energia-entre-bonito-de-minas-e-januaria\/#primaryimage"},"thumbnailUrl":"https:\/\/alternativafm.com\/site\/wp-content\/uploads\/zema.jpg","datePublished":"2024-05-24T11:49:57+00:00","breadcrumb":{"@id":"https:\/\/alternativafm.com\/site\/zema-assina-decreto-de-obra-de-linha-de-energia-entre-bonito-de-minas-e-januaria\/#breadcrumb"},"inLanguage":"pt-BR","potentialAction":[{"@type":"ReadAction","target":["https:\/\/alternativafm.com\/site\/zema-assina-decreto-de-obra-de-linha-de-energia-entre-bonito-de-minas-e-januaria\/"]}]},{"@type":"ImageObject","inLanguage":"pt-BR","@id":"https:\/\/alternativafm.com\/site\/zema-assina-decreto-de-obra-de-linha-de-energia-entre-bonito-de-minas-e-januaria\/#primaryimage","url":"https:\/\/alternativafm.com\/site\/wp-content\/uploads\/zema.jpg","contentUrl":"https:\/\/alternativafm.com\/site\/wp-content\/uploads\/zema.jpg","width":800,"height":445},{"@type":"BreadcrumbList","@id":"https:\/\/alternativafm.com\/site\/zema-assina-decreto-de-obra-de-linha-de-energia-entre-bonito-de-minas-e-januaria\/#breadcrumb","itemListElement":[{"@type":"ListItem","position":1,"name":"In\u00edcio","item":"https:\/\/alternativafm.com\/site\/"},{"@type":"ListItem","position":2,"name":"Zema assina decreto de obra de linha de energia entre Bonito de Minas e Janu\u00e1ria"}]},{"@type":"WebSite","@id":"https:\/\/alternativafm.com\/site\/#website","url":"https:\/\/alternativafm.com\/site\/","name":"Alternativa FM | 90,7 FM","description":"","publisher":{"@id":"https:\/\/alternativafm.com\/site\/#organization"},"potentialAction":[{"@type":"SearchAction","target":{"@type":"EntryPoint","urlTemplate":"https:\/\/alternativafm.com\/site\/?s={search_term_string}"},"query-input":{"@type":"PropertyValueSpecification","valueRequired":true,"valueName":"search_term_string"}}],"inLanguage":"pt-BR"},{"@type":"Organization","@id":"https:\/\/alternativafm.com\/site\/#organization","name":"Alternativa FM | 90,7 FM","url":"https:\/\/alternativafm.com\/site\/","logo":{"@type":"ImageObject","inLanguage":"pt-BR","@id":"https:\/\/alternativafm.com\/site\/#\/schema\/logo\/image\/","url":"https:\/\/alternativafm.com\/site\/wp-content\/uploads\/2020\/07\/LOGOMARCA2.png","contentUrl":"https:\/\/alternativafm.com\/site\/wp-content\/uploads\/2020\/07\/LOGOMARCA2.png","width":1352,"height":464,"caption":"Alternativa FM | 90,7 FM"},"image":{"@id":"https:\/\/alternativafm.com\/site\/#\/schema\/logo\/image\/"}},{"@type":"Person","@id":"https:\/\/alternativafm.com\/site\/#\/schema\/person\/6b1ac1374b404fe65adc2da2ea4e902a","name":"redacao","image":{"@type":"ImageObject","inLanguage":"pt-BR","@id":"https:\/\/secure.gravatar.com\/avatar\/16ab12bea2743901812c1ec603a48cc65b4e7af25043bec48c2742b27028075e?s=96&d=mm&r=g","url":"https:\/\/secure.gravatar.com\/avatar\/16ab12bea2743901812c1ec603a48cc65b4e7af25043bec48c2742b27028075e?s=96&d=mm&r=g","contentUrl":"https:\/\/secure.gravatar.com\/avatar\/16ab12bea2743901812c1ec603a48cc65b4e7af25043bec48c2742b27028075e?s=96&d=mm&r=g","caption":"redacao"},"sameAs":["http:\/\/alternativafm.com\/site"],"url":"https:\/\/alternativafm.com\/site\/author\/redacao\/"}]}},"jetpack_publicize_connections":[],"jetpack_shortlink":"https:\/\/wp.me\/pccBN3-a3m","jetpack-related-posts":[{"id":41405,"url":"https:\/\/alternativafm.com\/site\/der-publica-edital-para-continuidade-da-construcao-da-ponte-sobre-o-rio-em-sao-francisco\/","url_meta":{"origin":38648,"position":0},"title":"DER publica edital para continuidade da constru\u00e7\u00e3o da ponte sobre o rio em S\u00e3o Francisco","author":"redacao","date":"agosto 31, 2024","format":false,"excerpt":"Conforme adiantou o governador Romeu Zema em entrevista exclusiva a nossa emissora na \u00faltima quinta-feira, o\u00a0Governo de Minas\u00a0publicou ontem, sexta-feira (dia 30\/8), por meio do\u00a0Departamento de Estradas de Rodagem de Minas Gerais (DER-MG), o edital da nova licita\u00e7\u00e3o para a continuidade da constru\u00e7\u00e3o da ponte sobre o rio S\u00e3o Francisco\u2026","rel":"","context":"Em &quot;GERAL&quot;","block_context":{"text":"GERAL","link":"https:\/\/alternativafm.com\/site\/category\/geral\/"},"img":{"alt_text":"","src":"","width":0,"height":0},"classes":[]},{"id":37752,"url":"https:\/\/alternativafm.com\/site\/inaugurada-infraestrutura-no-balneario-do-rio-catule-em-bonito-de-minas\/","url_meta":{"origin":38648,"position":1},"title":"Inaugurada infraestrutura no Balne\u00e1rio do Rio Catul\u00e9, em Bonito de Minas","author":"redacao","date":"abril 19, 2024","format":false,"excerpt":"https:\/\/youtu.be\/JEtL-_lXiOU?si=ky8qI0he4xTFy5LT","rel":"","context":"Em &quot;GERAL&quot;","block_context":{"text":"GERAL","link":"https:\/\/alternativafm.com\/site\/category\/geral\/"},"img":{"alt_text":"","src":"https:\/\/i0.wp.com\/img.youtube.com\/vi\/JEtL-_lXiOU\/0.jpg?resize=350%2C200","width":350,"height":200},"classes":[]},{"id":56609,"url":"https:\/\/alternativafm.com\/site\/capotamento-de-automovel-na-via-que-liga-januaria-ao-bonito-de-minas\/","url_meta":{"origin":38648,"position":2},"title":"Capotamento de autom\u00f3vel na via que liga Janu\u00e1ria ao Bonito de Minas","author":"redacao","date":"mar\u00e7o 7, 2026","format":false,"excerpt":"https:\/\/youtu.be\/wlDZpuHRyWQ","rel":"","context":"Em &quot;GERAL&quot;","block_context":{"text":"GERAL","link":"https:\/\/alternativafm.com\/site\/category\/geral\/"},"img":{"alt_text":"","src":"https:\/\/i0.wp.com\/img.youtube.com\/vi\/wlDZpuHRyWQ\/0.jpg?resize=350%2C200","width":350,"height":200},"classes":[]},{"id":47551,"url":"https:\/\/alternativafm.com\/site\/reuniao-do-jemg-2025-ocorre-em-sao-francisco\/","url_meta":{"origin":38648,"position":3},"title":"Reuni\u00e3o do JEMG 2025 ocorre em S\u00e3o Francisco","author":"redacao","date":"abril 3, 2025","format":false,"excerpt":"J\u00e1 est\u00e1 ocorrendo hoje em S\u00e3o Francisco, desde as 8 e meia da manh\u00e3 as reuni\u00f5es t\u00e9cnicas da 1\u00aa semana de execu\u00e7\u00e3o da etapa microrregional do JEMG\/2025. A programa\u00e7\u00e3o vai at\u00e9 as 12hs e tem a participa\u00e7\u00e3o dos munic\u00edpios de\u00a0Bonito de Minas | Chapada Ga\u00facha | C\u00f4nego Marinho | Ibiracatu\u2026","rel":"","context":"Em &quot;ESPORTE&quot;","block_context":{"text":"ESPORTE","link":"https:\/\/alternativafm.com\/site\/category\/esporte\/"},"img":{"alt_text":"","src":"","width":0,"height":0},"classes":[]},{"id":37598,"url":"https:\/\/alternativafm.com\/site\/comedia-sera-encenada-em-januaria-e-bonito-de-minas\/","url_meta":{"origin":38648,"position":4},"title":"Com\u00e9dia ser\u00e1 encenada em Janu\u00e1ria e  Bonito de Minas","author":"redacao","date":"abril 15, 2024","format":false,"excerpt":"https:\/\/youtu.be\/f7d2hDKcoko?si=zW9chgiRJMazIXgx","rel":"","context":"Em &quot;CULTURA&quot;","block_context":{"text":"CULTURA","link":"https:\/\/alternativafm.com\/site\/category\/cultura\/"},"img":{"alt_text":"","src":"https:\/\/i0.wp.com\/img.youtube.com\/vi\/f7d2hDKcoko\/0.jpg?resize=350%2C200","width":350,"height":200},"classes":[]},{"id":48955,"url":"https:\/\/alternativafm.com\/site\/futebol-januaria-e-bonito-de-minas-estreiam-no-campeonato-norte-mineiro\/","url_meta":{"origin":38648,"position":5},"title":"Futebol. Janu\u00e1ria e Bonito de Minas estreiam no Campeonato Norte Mineiro","author":"redacao","date":"maio 23, 2025","format":false,"excerpt":"https:\/\/youtu.be\/BG39CzrLWuM","rel":"","context":"Em &quot;ESPORTE&quot;","block_context":{"text":"ESPORTE","link":"https:\/\/alternativafm.com\/site\/category\/esporte\/"},"img":{"alt_text":"","src":"https:\/\/i0.wp.com\/img.youtube.com\/vi\/BG39CzrLWuM\/0.jpg?resize=350%2C200","width":350,"height":200},"classes":[]}],"jetpack_sharing_enabled":true,"jetpack_likes_enabled":true,"jetpack_featured_media_url":"https:\/\/alternativafm.com\/site\/wp-content\/uploads\/zema.jpg","_links":{"self":[{"href":"https:\/\/alternativafm.com\/site\/wp-json\/wp\/v2\/posts\/38648","targetHints":{"allow":["GET"]}}],"collection":[{"href":"https:\/\/alternativafm.com\/site\/wp-json\/wp\/v2\/posts"}],"about":[{"href":"https:\/\/alternativafm.com\/site\/wp-json\/wp\/v2\/types\/post"}],"author":[{"embeddable":true,"href":"https:\/\/alternativafm.com\/site\/wp-json\/wp\/v2\/users\/1"}],"replies":[{"embeddable":true,"href":"https:\/\/alternativafm.com\/site\/wp-json\/wp\/v2\/comments?post=38648"}],"version-history":[{"count":1,"href":"https:\/\/alternativafm.com\/site\/wp-json\/wp\/v2\/posts\/38648\/revisions"}],"predecessor-version":[{"id":38649,"href":"https:\/\/alternativafm.com\/site\/wp-json\/wp\/v2\/posts\/38648\/revisions\/38649"}],"wp:featuredmedia":[{"embeddable":true,"href":"https:\/\/alternativafm.com\/site\/wp-json\/wp\/v2\/media\/11411"}],"wp:attachment":[{"href":"https:\/\/alternativafm.com\/site\/wp-json\/wp\/v2\/media?parent=38648"}],"wp:term":[{"taxonomy":"category","embeddable":true,"href":"https:\/\/alternativafm.com\/site\/wp-json\/wp\/v2\/categories?post=38648"},{"taxonomy":"post_tag","embeddable":true,"href":"https:\/\/alternativafm.com\/site\/wp-json\/wp\/v2\/tags?post=38648"}],"curies":[{"name":"wp","href":"https:\/\/api.w.org\/{rel}","templated":true}]}}