{"id":4388,"date":"2021-01-18T10:23:23","date_gmt":"2021-01-18T10:23:23","guid":{"rendered":"https:\/\/alternativafm.com\/site\/?p=4388"},"modified":"2021-01-18T10:23:23","modified_gmt":"2021-01-18T10:23:23","slug":"documento-disponibiliza-dicas-e-ferramentas-para-elaborar-ano-letivo","status":"publish","type":"post","link":"https:\/\/alternativafm.com\/site\/documento-disponibiliza-dicas-e-ferramentas-para-elaborar-ano-letivo\/","title":{"rendered":"Documento disponibiliza dicas e ferramentas para elaborar ano letivo"},"content":{"rendered":"\n<figure class=\"wp-block-audio\"><audio controls src=\"https:\/\/brasil61.com\/rails\/active_storage\/blobs\/eyJfcmFpbHMiOnsibWVzc2FnZSI6IkJBaHBBcmUvIiwiZXhwIjpudWxsLCJwdXIiOiJibG9iX2lkIn19--c874c5be585a09e88a37d32bce04fb733b108da7\/BRAS213417A\"><\/audio><\/figure>\n","protected":false},"excerpt":{"rendered":"","protected":false},"author":1,"featured_media":4389,"comment_status":"open","ping_status":"open","sticky":false,"template":"","format":"standard","meta":{"_jetpack_newsletter_access":"","_jetpack_dont_email_post_to_subs":false,"_jetpack_newsletter_tier_id":0,"_jetpack_memberships_contains_paywalled_content":false,"_jetpack_feature_clip_id":0,"_jetpack_memberships_contains_paid_content":false,"footnotes":"","jetpack_publicize_message":"","jetpack_publicize_feature_enabled":true,"jetpack_social_post_already_shared":true,"jetpack_social_options":{"image_generator_settings":{"template":"highway","default_image_id":0,"font":"","enabled":false},"version":2},"jetpack_post_was_ever_published":false},"categories":[41],"tags":[],"class_list":["post-4388","post","type-post","status-publish","format-standard","has-post-thumbnail","hentry","category-podcast"],"yoast_head":"<!-- This site is optimized with the Yoast SEO plugin v27.2 - https:\/\/yoast.com\/product\/yoast-seo-wordpress\/ -->\n<title>Documento disponibiliza dicas e ferramentas para elaborar ano letivo - Alternativa FM | 90,7 FM<\/title>\n<meta name=\"robots\" content=\"index, follow, max-snippet:-1, max-image-preview:large, max-video-preview:-1\" \/>\n<link rel=\"canonical\" href=\"https:\/\/alternativafm.com\/site\/documento-disponibiliza-dicas-e-ferramentas-para-elaborar-ano-letivo\/\" \/>\n<meta property=\"og:locale\" content=\"pt_BR\" \/>\n<meta property=\"og:type\" content=\"article\" \/>\n<meta property=\"og:title\" content=\"Documento disponibiliza dicas e ferramentas para elaborar ano letivo - Alternativa FM | 90,7 FM\" \/>\n<meta property=\"og:url\" content=\"https:\/\/alternativafm.com\/site\/documento-disponibiliza-dicas-e-ferramentas-para-elaborar-ano-letivo\/\" \/>\n<meta property=\"og:site_name\" content=\"Alternativa FM | 90,7 FM\" \/>\n<meta property=\"article:published_time\" content=\"2021-01-18T10:23:23+00:00\" \/>\n<meta property=\"og:image\" content=\"https:\/\/alternativafm.com\/site\/wp-content\/uploads\/2021\/01\/escola-e1610965393247.jpg\" \/>\n\t<meta property=\"og:image:width\" content=\"333\" \/>\n\t<meta property=\"og:image:height\" content=\"199\" \/>\n\t<meta property=\"og:image:type\" content=\"image\/jpeg\" \/>\n<meta name=\"author\" content=\"redacao\" \/>\n<meta name=\"twitter:card\" content=\"summary_large_image\" \/>\n<meta name=\"twitter:label1\" content=\"Escrito por\" \/>\n\t<meta name=\"twitter:data1\" content=\"redacao\" \/>\n<script type=\"application\/ld+json\" class=\"yoast-schema-graph\">{\"@context\":\"https:\/\/schema.org\",\"@graph\":[{\"@type\":\"Article\",\"@id\":\"https:\/\/alternativafm.com\/site\/documento-disponibiliza-dicas-e-ferramentas-para-elaborar-ano-letivo\/#article\",\"isPartOf\":{\"@id\":\"https:\/\/alternativafm.com\/site\/documento-disponibiliza-dicas-e-ferramentas-para-elaborar-ano-letivo\/\"},\"author\":{\"name\":\"redacao\",\"@id\":\"https:\/\/alternativafm.com\/site\/#\/schema\/person\/6b1ac1374b404fe65adc2da2ea4e902a\"},\"headline\":\"Documento disponibiliza dicas e ferramentas para elaborar ano letivo\",\"datePublished\":\"2021-01-18T10:23:23+00:00\",\"mainEntityOfPage\":{\"@id\":\"https:\/\/alternativafm.com\/site\/documento-disponibiliza-dicas-e-ferramentas-para-elaborar-ano-letivo\/\"},\"wordCount\":9,\"commentCount\":0,\"publisher\":{\"@id\":\"https:\/\/alternativafm.com\/site\/#organization\"},\"image\":{\"@id\":\"https:\/\/alternativafm.com\/site\/documento-disponibiliza-dicas-e-ferramentas-para-elaborar-ano-letivo\/#primaryimage\"},\"thumbnailUrl\":\"https:\/\/alternativafm.com\/site\/wp-content\/uploads\/2021\/01\/escola-e1610965393247.jpg\",\"articleSection\":[\"PODCAST\"],\"inLanguage\":\"pt-BR\",\"potentialAction\":[{\"@type\":\"CommentAction\",\"name\":\"Comment\",\"target\":[\"https:\/\/alternativafm.com\/site\/documento-disponibiliza-dicas-e-ferramentas-para-elaborar-ano-letivo\/#respond\"]}]},{\"@type\":\"WebPage\",\"@id\":\"https:\/\/alternativafm.com\/site\/documento-disponibiliza-dicas-e-ferramentas-para-elaborar-ano-letivo\/\",\"url\":\"https:\/\/alternativafm.com\/site\/documento-disponibiliza-dicas-e-ferramentas-para-elaborar-ano-letivo\/\",\"name\":\"Documento disponibiliza dicas e ferramentas para elaborar ano letivo - Alternativa FM | 90,7 FM\",\"isPartOf\":{\"@id\":\"https:\/\/alternativafm.com\/site\/#website\"},\"primaryImageOfPage\":{\"@id\":\"https:\/\/alternativafm.com\/site\/documento-disponibiliza-dicas-e-ferramentas-para-elaborar-ano-letivo\/#primaryimage\"},\"image\":{\"@id\":\"https:\/\/alternativafm.com\/site\/documento-disponibiliza-dicas-e-ferramentas-para-elaborar-ano-letivo\/#primaryimage\"},\"thumbnailUrl\":\"https:\/\/alternativafm.com\/site\/wp-content\/uploads\/2021\/01\/escola-e1610965393247.jpg\",\"datePublished\":\"2021-01-18T10:23:23+00:00\",\"breadcrumb\":{\"@id\":\"https:\/\/alternativafm.com\/site\/documento-disponibiliza-dicas-e-ferramentas-para-elaborar-ano-letivo\/#breadcrumb\"},\"inLanguage\":\"pt-BR\",\"potentialAction\":[{\"@type\":\"ReadAction\",\"target\":[\"https:\/\/alternativafm.com\/site\/documento-disponibiliza-dicas-e-ferramentas-para-elaborar-ano-letivo\/\"]}]},{\"@type\":\"ImageObject\",\"inLanguage\":\"pt-BR\",\"@id\":\"https:\/\/alternativafm.com\/site\/documento-disponibiliza-dicas-e-ferramentas-para-elaborar-ano-letivo\/#primaryimage\",\"url\":\"https:\/\/alternativafm.com\/site\/wp-content\/uploads\/2021\/01\/escola-e1610965393247.jpg\",\"contentUrl\":\"https:\/\/alternativafm.com\/site\/wp-content\/uploads\/2021\/01\/escola-e1610965393247.jpg\",\"width\":333,\"height\":199,\"caption\":\"MPs fiscalizam escolas p\u00fablicas do pa\u00eds para averiguar as instala\u00e7\u00f5es e o atendimento \u00e0s crian\u00e7as. Na foto, a Escola Municipal Professor Helena Lopes Abranches, em Gard\u00eania Azul (T\u00e2nia R\u00eago\/Ag\u00eancia Brasil)\"},{\"@type\":\"BreadcrumbList\",\"@id\":\"https:\/\/alternativafm.com\/site\/documento-disponibiliza-dicas-e-ferramentas-para-elaborar-ano-letivo\/#breadcrumb\",\"itemListElement\":[{\"@type\":\"ListItem\",\"position\":1,\"name\":\"In\u00edcio\",\"item\":\"https:\/\/alternativafm.com\/site\/\"},{\"@type\":\"ListItem\",\"position\":2,\"name\":\"Documento disponibiliza dicas e ferramentas para elaborar ano letivo\"}]},{\"@type\":\"WebSite\",\"@id\":\"https:\/\/alternativafm.com\/site\/#website\",\"url\":\"https:\/\/alternativafm.com\/site\/\",\"name\":\"Alternativa FM | 90,7 FM\",\"description\":\"\",\"publisher\":{\"@id\":\"https:\/\/alternativafm.com\/site\/#organization\"},\"potentialAction\":[{\"@type\":\"SearchAction\",\"target\":{\"@type\":\"EntryPoint\",\"urlTemplate\":\"https:\/\/alternativafm.com\/site\/?s={search_term_string}\"},\"query-input\":{\"@type\":\"PropertyValueSpecification\",\"valueRequired\":true,\"valueName\":\"search_term_string\"}}],\"inLanguage\":\"pt-BR\"},{\"@type\":\"Organization\",\"@id\":\"https:\/\/alternativafm.com\/site\/#organization\",\"name\":\"Alternativa FM | 90,7 FM\",\"url\":\"https:\/\/alternativafm.com\/site\/\",\"logo\":{\"@type\":\"ImageObject\",\"inLanguage\":\"pt-BR\",\"@id\":\"https:\/\/alternativafm.com\/site\/#\/schema\/logo\/image\/\",\"url\":\"https:\/\/alternativafm.com\/site\/wp-content\/uploads\/2020\/07\/LOGOMARCA2.png\",\"contentUrl\":\"https:\/\/alternativafm.com\/site\/wp-content\/uploads\/2020\/07\/LOGOMARCA2.png\",\"width\":1352,\"height\":464,\"caption\":\"Alternativa FM | 90,7 FM\"},\"image\":{\"@id\":\"https:\/\/alternativafm.com\/site\/#\/schema\/logo\/image\/\"}},{\"@type\":\"Person\",\"@id\":\"https:\/\/alternativafm.com\/site\/#\/schema\/person\/6b1ac1374b404fe65adc2da2ea4e902a\",\"name\":\"redacao\",\"image\":{\"@type\":\"ImageObject\",\"inLanguage\":\"pt-BR\",\"@id\":\"https:\/\/secure.gravatar.com\/avatar\/16ab12bea2743901812c1ec603a48cc65b4e7af25043bec48c2742b27028075e?s=96&d=mm&r=g\",\"url\":\"https:\/\/secure.gravatar.com\/avatar\/16ab12bea2743901812c1ec603a48cc65b4e7af25043bec48c2742b27028075e?s=96&d=mm&r=g\",\"contentUrl\":\"https:\/\/secure.gravatar.com\/avatar\/16ab12bea2743901812c1ec603a48cc65b4e7af25043bec48c2742b27028075e?s=96&d=mm&r=g\",\"caption\":\"redacao\"},\"sameAs\":[\"http:\/\/alternativafm.com\/site\"],\"url\":\"https:\/\/alternativafm.com\/site\/author\/redacao\/\"}]}<\/script>\n<!-- \/ Yoast SEO plugin. -->","yoast_head_json":{"title":"Documento disponibiliza dicas e ferramentas para elaborar ano letivo - Alternativa FM | 90,7 FM","robots":{"index":"index","follow":"follow","max-snippet":"max-snippet:-1","max-image-preview":"max-image-preview:large","max-video-preview":"max-video-preview:-1"},"canonical":"https:\/\/alternativafm.com\/site\/documento-disponibiliza-dicas-e-ferramentas-para-elaborar-ano-letivo\/","og_locale":"pt_BR","og_type":"article","og_title":"Documento disponibiliza dicas e ferramentas para elaborar ano letivo - Alternativa FM | 90,7 FM","og_url":"https:\/\/alternativafm.com\/site\/documento-disponibiliza-dicas-e-ferramentas-para-elaborar-ano-letivo\/","og_site_name":"Alternativa FM | 90,7 FM","article_published_time":"2021-01-18T10:23:23+00:00","og_image":[{"width":333,"height":199,"url":"https:\/\/alternativafm.com\/site\/wp-content\/uploads\/2021\/01\/escola-e1610965393247.jpg","type":"image\/jpeg"}],"author":"redacao","twitter_card":"summary_large_image","twitter_misc":{"Escrito por":"redacao"},"schema":{"@context":"https:\/\/schema.org","@graph":[{"@type":"Article","@id":"https:\/\/alternativafm.com\/site\/documento-disponibiliza-dicas-e-ferramentas-para-elaborar-ano-letivo\/#article","isPartOf":{"@id":"https:\/\/alternativafm.com\/site\/documento-disponibiliza-dicas-e-ferramentas-para-elaborar-ano-letivo\/"},"author":{"name":"redacao","@id":"https:\/\/alternativafm.com\/site\/#\/schema\/person\/6b1ac1374b404fe65adc2da2ea4e902a"},"headline":"Documento disponibiliza dicas e ferramentas para elaborar ano letivo","datePublished":"2021-01-18T10:23:23+00:00","mainEntityOfPage":{"@id":"https:\/\/alternativafm.com\/site\/documento-disponibiliza-dicas-e-ferramentas-para-elaborar-ano-letivo\/"},"wordCount":9,"commentCount":0,"publisher":{"@id":"https:\/\/alternativafm.com\/site\/#organization"},"image":{"@id":"https:\/\/alternativafm.com\/site\/documento-disponibiliza-dicas-e-ferramentas-para-elaborar-ano-letivo\/#primaryimage"},"thumbnailUrl":"https:\/\/alternativafm.com\/site\/wp-content\/uploads\/2021\/01\/escola-e1610965393247.jpg","articleSection":["PODCAST"],"inLanguage":"pt-BR","potentialAction":[{"@type":"CommentAction","name":"Comment","target":["https:\/\/alternativafm.com\/site\/documento-disponibiliza-dicas-e-ferramentas-para-elaborar-ano-letivo\/#respond"]}]},{"@type":"WebPage","@id":"https:\/\/alternativafm.com\/site\/documento-disponibiliza-dicas-e-ferramentas-para-elaborar-ano-letivo\/","url":"https:\/\/alternativafm.com\/site\/documento-disponibiliza-dicas-e-ferramentas-para-elaborar-ano-letivo\/","name":"Documento disponibiliza dicas e ferramentas para elaborar ano letivo - Alternativa FM | 90,7 FM","isPartOf":{"@id":"https:\/\/alternativafm.com\/site\/#website"},"primaryImageOfPage":{"@id":"https:\/\/alternativafm.com\/site\/documento-disponibiliza-dicas-e-ferramentas-para-elaborar-ano-letivo\/#primaryimage"},"image":{"@id":"https:\/\/alternativafm.com\/site\/documento-disponibiliza-dicas-e-ferramentas-para-elaborar-ano-letivo\/#primaryimage"},"thumbnailUrl":"https:\/\/alternativafm.com\/site\/wp-content\/uploads\/2021\/01\/escola-e1610965393247.jpg","datePublished":"2021-01-18T10:23:23+00:00","breadcrumb":{"@id":"https:\/\/alternativafm.com\/site\/documento-disponibiliza-dicas-e-ferramentas-para-elaborar-ano-letivo\/#breadcrumb"},"inLanguage":"pt-BR","potentialAction":[{"@type":"ReadAction","target":["https:\/\/alternativafm.com\/site\/documento-disponibiliza-dicas-e-ferramentas-para-elaborar-ano-letivo\/"]}]},{"@type":"ImageObject","inLanguage":"pt-BR","@id":"https:\/\/alternativafm.com\/site\/documento-disponibiliza-dicas-e-ferramentas-para-elaborar-ano-letivo\/#primaryimage","url":"https:\/\/alternativafm.com\/site\/wp-content\/uploads\/2021\/01\/escola-e1610965393247.jpg","contentUrl":"https:\/\/alternativafm.com\/site\/wp-content\/uploads\/2021\/01\/escola-e1610965393247.jpg","width":333,"height":199,"caption":"MPs fiscalizam escolas p\u00fablicas do pa\u00eds para averiguar as instala\u00e7\u00f5es e o atendimento \u00e0s crian\u00e7as. Na foto, a Escola Municipal Professor Helena Lopes Abranches, em Gard\u00eania Azul (T\u00e2nia R\u00eago\/Ag\u00eancia Brasil)"},{"@type":"BreadcrumbList","@id":"https:\/\/alternativafm.com\/site\/documento-disponibiliza-dicas-e-ferramentas-para-elaborar-ano-letivo\/#breadcrumb","itemListElement":[{"@type":"ListItem","position":1,"name":"In\u00edcio","item":"https:\/\/alternativafm.com\/site\/"},{"@type":"ListItem","position":2,"name":"Documento disponibiliza dicas e ferramentas para elaborar ano letivo"}]},{"@type":"WebSite","@id":"https:\/\/alternativafm.com\/site\/#website","url":"https:\/\/alternativafm.com\/site\/","name":"Alternativa FM | 90,7 FM","description":"","publisher":{"@id":"https:\/\/alternativafm.com\/site\/#organization"},"potentialAction":[{"@type":"SearchAction","target":{"@type":"EntryPoint","urlTemplate":"https:\/\/alternativafm.com\/site\/?s={search_term_string}"},"query-input":{"@type":"PropertyValueSpecification","valueRequired":true,"valueName":"search_term_string"}}],"inLanguage":"pt-BR"},{"@type":"Organization","@id":"https:\/\/alternativafm.com\/site\/#organization","name":"Alternativa FM | 90,7 FM","url":"https:\/\/alternativafm.com\/site\/","logo":{"@type":"ImageObject","inLanguage":"pt-BR","@id":"https:\/\/alternativafm.com\/site\/#\/schema\/logo\/image\/","url":"https:\/\/alternativafm.com\/site\/wp-content\/uploads\/2020\/07\/LOGOMARCA2.png","contentUrl":"https:\/\/alternativafm.com\/site\/wp-content\/uploads\/2020\/07\/LOGOMARCA2.png","width":1352,"height":464,"caption":"Alternativa FM | 90,7 FM"},"image":{"@id":"https:\/\/alternativafm.com\/site\/#\/schema\/logo\/image\/"}},{"@type":"Person","@id":"https:\/\/alternativafm.com\/site\/#\/schema\/person\/6b1ac1374b404fe65adc2da2ea4e902a","name":"redacao","image":{"@type":"ImageObject","inLanguage":"pt-BR","@id":"https:\/\/secure.gravatar.com\/avatar\/16ab12bea2743901812c1ec603a48cc65b4e7af25043bec48c2742b27028075e?s=96&d=mm&r=g","url":"https:\/\/secure.gravatar.com\/avatar\/16ab12bea2743901812c1ec603a48cc65b4e7af25043bec48c2742b27028075e?s=96&d=mm&r=g","contentUrl":"https:\/\/secure.gravatar.com\/avatar\/16ab12bea2743901812c1ec603a48cc65b4e7af25043bec48c2742b27028075e?s=96&d=mm&r=g","caption":"redacao"},"sameAs":["http:\/\/alternativafm.com\/site"],"url":"https:\/\/alternativafm.com\/site\/author\/redacao\/"}]}},"jetpack_publicize_connections":[],"jetpack_shortlink":"https:\/\/wp.me\/pccBN3-18M","jetpack-related-posts":[{"id":1239,"url":"https:\/\/alternativafm.com\/site\/tjmg-elabora-documento-que-vai-padronizar-as-acoes-judiciais-de-saude\/","url_meta":{"origin":4388,"position":0},"title":"TJMG elabora documento que vai padronizar as a\u00e7\u00f5es judiciais de sa\u00fade","author":"redacao","date":"setembro 15, 2020","format":false,"excerpt":"","rel":"","context":"Em &quot;PODCAST&quot;","block_context":{"text":"PODCAST","link":"https:\/\/alternativafm.com\/site\/category\/podcast\/"},"img":{"alt_text":"","src":"","width":0,"height":0},"classes":[]},{"id":1318,"url":"https:\/\/alternativafm.com\/site\/ana-abre-consulta-publica-para-elaboracao-de-documento-com-atualizacao-de-normas-regulatorias-no-setor-de-saneamento\/","url_meta":{"origin":4388,"position":1},"title":"ANA abre consulta p\u00fablica para elabora\u00e7\u00e3o de documento com atualiza\u00e7\u00e3o de normas regulat\u00f3rias no setor de saneamento","author":"redacao","date":"setembro 17, 2020","format":false,"excerpt":"","rel":"","context":"Em &quot;PODCAST&quot;","block_context":{"text":"PODCAST","link":"https:\/\/alternativafm.com\/site\/category\/podcast\/"},"img":{"alt_text":"","src":"","width":0,"height":0},"classes":[]},{"id":5405,"url":"https:\/\/alternativafm.com\/site\/87-dos-municipios-finalizaram-o-ano-letivo-de-2020-aponta-pesquisa-da-cnm\/","url_meta":{"origin":4388,"position":2},"title":"87% dos munic\u00edpios finalizaram o ano letivo de 2020, aponta pesquisa da CNM","author":"redacao","date":"fevereiro 23, 2021","format":false,"excerpt":"","rel":"","context":"Em &quot;PODCAST&quot;","block_context":{"text":"PODCAST","link":"https:\/\/alternativafm.com\/site\/category\/podcast\/"},"img":{"alt_text":"","src":"","width":0,"height":0},"classes":[]},{"id":3901,"url":"https:\/\/alternativafm.com\/site\/mg-ano-letivo-na-rede-publica-estadual-em-2021-tera-inicio-em-4-de-marco\/","url_meta":{"origin":4388,"position":3},"title":"MG: Ano letivo na rede p\u00fablica estadual em 2021 ter\u00e1 in\u00edcio em 4 de mar\u00e7o","author":"redacao","date":"dezembro 26, 2020","format":false,"excerpt":"","rel":"","context":"Em &quot;PODCAST&quot;","block_context":{"text":"PODCAST","link":"https:\/\/alternativafm.com\/site\/category\/podcast\/"},"img":{"alt_text":"","src":"","width":0,"height":0},"classes":[]},{"id":5833,"url":"https:\/\/alternativafm.com\/site\/comecou-o-ano-letivo-nas-escolas-municipais\/","url_meta":{"origin":4388,"position":4},"title":"Come\u00e7ou o ano letivo nas escolas municipais","author":"redacao","date":"mar\u00e7o 9, 2021","format":false,"excerpt":"https:\/\/youtu.be\/xStC7d48WnE","rel":"","context":"Em &quot;EDUCA\u00c7\u00c3O&quot;","block_context":{"text":"EDUCA\u00c7\u00c3O","link":"https:\/\/alternativafm.com\/site\/category\/educacao\/"},"img":{"alt_text":"","src":"https:\/\/i0.wp.com\/img.youtube.com\/vi\/xStC7d48WnE\/0.jpg?resize=350%2C200","width":350,"height":200},"classes":[]},{"id":44965,"url":"https:\/\/alternativafm.com\/site\/estudantes-tem-ate-o-dia-10-de-janeiro-para-confirmar-as-matriculas-do-cadastro-escolar-2025\/","url_meta":{"origin":4388,"position":5},"title":"Estudantes t\u00eam at\u00e9 o dia 10 de janeiro para confirmar as matr\u00edculas do Cadastro Escolar 2025","author":"redacao","date":"janeiro 3, 2025","format":false,"excerpt":"Estudantes ou respons\u00e1veis t\u00eam at\u00e9 o dia 10 de janeiro para confirmar as matr\u00edculas do Cadastro Escolar 2025, de forma presencial, nas escolas da rede p\u00fablica estadual de ensino. Os inscritos alocados pelo Sistema \u00danico de Cadastro e Encaminhamento para Matr\u00edcula devem comparecer \u00e0 institui\u00e7\u00e3o de ensino designada para apresentar\u2026","rel":"","context":"Em &quot;EDUCA\u00c7\u00c3O&quot;","block_context":{"text":"EDUCA\u00c7\u00c3O","link":"https:\/\/alternativafm.com\/site\/category\/educacao\/"},"img":{"alt_text":"","src":"","width":0,"height":0},"classes":[]}],"jetpack_sharing_enabled":true,"jetpack_likes_enabled":true,"jetpack_featured_media_url":"https:\/\/alternativafm.com\/site\/wp-content\/uploads\/2021\/01\/escola-e1610965393247.jpg","_links":{"self":[{"href":"https:\/\/alternativafm.com\/site\/wp-json\/wp\/v2\/posts\/4388","targetHints":{"allow":["GET"]}}],"collection":[{"href":"https:\/\/alternativafm.com\/site\/wp-json\/wp\/v2\/posts"}],"about":[{"href":"https:\/\/alternativafm.com\/site\/wp-json\/wp\/v2\/types\/post"}],"author":[{"embeddable":true,"href":"https:\/\/alternativafm.com\/site\/wp-json\/wp\/v2\/users\/1"}],"replies":[{"embeddable":true,"href":"https:\/\/alternativafm.com\/site\/wp-json\/wp\/v2\/comments?post=4388"}],"version-history":[{"count":1,"href":"https:\/\/alternativafm.com\/site\/wp-json\/wp\/v2\/posts\/4388\/revisions"}],"predecessor-version":[{"id":4390,"href":"https:\/\/alternativafm.com\/site\/wp-json\/wp\/v2\/posts\/4388\/revisions\/4390"}],"wp:featuredmedia":[{"embeddable":true,"href":"https:\/\/alternativafm.com\/site\/wp-json\/wp\/v2\/media\/4389"}],"wp:attachment":[{"href":"https:\/\/alternativafm.com\/site\/wp-json\/wp\/v2\/media?parent=4388"}],"wp:term":[{"taxonomy":"category","embeddable":true,"href":"https:\/\/alternativafm.com\/site\/wp-json\/wp\/v2\/categories?post=4388"},{"taxonomy":"post_tag","embeddable":true,"href":"https:\/\/alternativafm.com\/site\/wp-json\/wp\/v2\/tags?post=4388"}],"curies":[{"name":"wp","href":"https:\/\/api.w.org\/{rel}","templated":true}]}}