{"id":46742,"date":"2025-03-05T10:16:26","date_gmt":"2025-03-05T10:16:26","guid":{"rendered":"https:\/\/alternativafm.com\/site\/?p=46742"},"modified":"2025-03-05T10:16:27","modified_gmt":"2025-03-05T10:16:27","slug":"proner-programa-quer-abrir-10-mil-quilometros-de-estradas-rurais-por-ano","status":"publish","type":"post","link":"https:\/\/alternativafm.com\/site\/proner-programa-quer-abrir-10-mil-quilometros-de-estradas-rurais-por-ano\/","title":{"rendered":"Proner: programa quer abrir 10 mil quil\u00f4metros de estradas rurais por ano"},"content":{"rendered":"\n<figure class=\"wp-block-audio\"><audio controls src=\"https:\/\/alternativafm.com\/site\/wp-content\/uploads\/Proner-programa-quer-abrir-10-mil-quilometros-de-estradas-rurais-por-ano.mp3\"><\/audio><\/figure>\n","protected":false},"excerpt":{"rendered":"","protected":false},"author":1,"featured_media":46744,"comment_status":"open","ping_status":"open","sticky":false,"template":"","format":"standard","meta":{"_jetpack_newsletter_access":"","_jetpack_dont_email_post_to_subs":false,"_jetpack_newsletter_tier_id":0,"_jetpack_memberships_contains_paywalled_content":false,"_jetpack_feature_clip_id":0,"_jetpack_memberships_contains_paid_content":false,"footnotes":"","jetpack_publicize_message":"","jetpack_publicize_feature_enabled":true,"jetpack_social_post_already_shared":true,"jetpack_social_options":{"image_generator_settings":{"template":"highway","default_image_id":0,"font":"","enabled":false},"version":2},"jetpack_post_was_ever_published":false},"categories":[41],"tags":[],"class_list":["post-46742","post","type-post","status-publish","format-standard","has-post-thumbnail","hentry","category-podcast"],"yoast_head":"<!-- This site is optimized with the Yoast SEO plugin v27.2 - https:\/\/yoast.com\/product\/yoast-seo-wordpress\/ -->\n<title>Proner: programa quer abrir 10 mil quil\u00f4metros de estradas rurais por ano - Alternativa FM | 90,7 FM<\/title>\n<meta name=\"robots\" content=\"index, follow, max-snippet:-1, max-image-preview:large, max-video-preview:-1\" \/>\n<link rel=\"canonical\" href=\"https:\/\/alternativafm.com\/site\/proner-programa-quer-abrir-10-mil-quilometros-de-estradas-rurais-por-ano\/\" \/>\n<meta property=\"og:locale\" content=\"pt_BR\" \/>\n<meta property=\"og:type\" content=\"article\" \/>\n<meta property=\"og:title\" content=\"Proner: programa quer abrir 10 mil quil\u00f4metros de estradas rurais por ano - Alternativa FM | 90,7 FM\" \/>\n<meta property=\"og:url\" content=\"https:\/\/alternativafm.com\/site\/proner-programa-quer-abrir-10-mil-quilometros-de-estradas-rurais-por-ano\/\" \/>\n<meta property=\"og:site_name\" content=\"Alternativa FM | 90,7 FM\" \/>\n<meta property=\"article:published_time\" content=\"2025-03-05T10:16:26+00:00\" \/>\n<meta property=\"article:modified_time\" content=\"2025-03-05T10:16:27+00:00\" \/>\n<meta property=\"og:image\" content=\"https:\/\/alternativafm.com\/site\/wp-content\/uploads\/estrada-e1741169774182.png\" \/>\n\t<meta property=\"og:image:width\" content=\"333\" \/>\n\t<meta property=\"og:image:height\" content=\"202\" \/>\n\t<meta property=\"og:image:type\" content=\"image\/png\" \/>\n<meta name=\"author\" content=\"redacao\" \/>\n<meta name=\"twitter:card\" content=\"summary_large_image\" \/>\n<meta name=\"twitter:label1\" content=\"Escrito por\" \/>\n\t<meta name=\"twitter:data1\" content=\"redacao\" \/>\n\t<meta name=\"twitter:label2\" content=\"Est. tempo de leitura\" \/>\n\t<meta name=\"twitter:data2\" content=\"1 minuto\" \/>\n<script type=\"application\/ld+json\" class=\"yoast-schema-graph\">{\"@context\":\"https:\/\/schema.org\",\"@graph\":[{\"@type\":\"Article\",\"@id\":\"https:\/\/alternativafm.com\/site\/proner-programa-quer-abrir-10-mil-quilometros-de-estradas-rurais-por-ano\/#article\",\"isPartOf\":{\"@id\":\"https:\/\/alternativafm.com\/site\/proner-programa-quer-abrir-10-mil-quilometros-de-estradas-rurais-por-ano\/\"},\"author\":{\"name\":\"redacao\",\"@id\":\"https:\/\/alternativafm.com\/site\/#\/schema\/person\/6b1ac1374b404fe65adc2da2ea4e902a\"},\"headline\":\"Proner: programa quer abrir 10 mil quil\u00f4metros de estradas rurais por ano\",\"datePublished\":\"2025-03-05T10:16:26+00:00\",\"dateModified\":\"2025-03-05T10:16:27+00:00\",\"mainEntityOfPage\":{\"@id\":\"https:\/\/alternativafm.com\/site\/proner-programa-quer-abrir-10-mil-quilometros-de-estradas-rurais-por-ano\/\"},\"wordCount\":12,\"commentCount\":0,\"publisher\":{\"@id\":\"https:\/\/alternativafm.com\/site\/#organization\"},\"image\":{\"@id\":\"https:\/\/alternativafm.com\/site\/proner-programa-quer-abrir-10-mil-quilometros-de-estradas-rurais-por-ano\/#primaryimage\"},\"thumbnailUrl\":\"https:\/\/alternativafm.com\/site\/wp-content\/uploads\/estrada-e1741169774182.png\",\"articleSection\":[\"PODCAST\"],\"inLanguage\":\"pt-BR\",\"potentialAction\":[{\"@type\":\"CommentAction\",\"name\":\"Comment\",\"target\":[\"https:\/\/alternativafm.com\/site\/proner-programa-quer-abrir-10-mil-quilometros-de-estradas-rurais-por-ano\/#respond\"]}]},{\"@type\":\"WebPage\",\"@id\":\"https:\/\/alternativafm.com\/site\/proner-programa-quer-abrir-10-mil-quilometros-de-estradas-rurais-por-ano\/\",\"url\":\"https:\/\/alternativafm.com\/site\/proner-programa-quer-abrir-10-mil-quilometros-de-estradas-rurais-por-ano\/\",\"name\":\"Proner: programa quer abrir 10 mil quil\u00f4metros de estradas rurais por ano - Alternativa FM | 90,7 FM\",\"isPartOf\":{\"@id\":\"https:\/\/alternativafm.com\/site\/#website\"},\"primaryImageOfPage\":{\"@id\":\"https:\/\/alternativafm.com\/site\/proner-programa-quer-abrir-10-mil-quilometros-de-estradas-rurais-por-ano\/#primaryimage\"},\"image\":{\"@id\":\"https:\/\/alternativafm.com\/site\/proner-programa-quer-abrir-10-mil-quilometros-de-estradas-rurais-por-ano\/#primaryimage\"},\"thumbnailUrl\":\"https:\/\/alternativafm.com\/site\/wp-content\/uploads\/estrada-e1741169774182.png\",\"datePublished\":\"2025-03-05T10:16:26+00:00\",\"dateModified\":\"2025-03-05T10:16:27+00:00\",\"breadcrumb\":{\"@id\":\"https:\/\/alternativafm.com\/site\/proner-programa-quer-abrir-10-mil-quilometros-de-estradas-rurais-por-ano\/#breadcrumb\"},\"inLanguage\":\"pt-BR\",\"potentialAction\":[{\"@type\":\"ReadAction\",\"target\":[\"https:\/\/alternativafm.com\/site\/proner-programa-quer-abrir-10-mil-quilometros-de-estradas-rurais-por-ano\/\"]}]},{\"@type\":\"ImageObject\",\"inLanguage\":\"pt-BR\",\"@id\":\"https:\/\/alternativafm.com\/site\/proner-programa-quer-abrir-10-mil-quilometros-de-estradas-rurais-por-ano\/#primaryimage\",\"url\":\"https:\/\/alternativafm.com\/site\/wp-content\/uploads\/estrada-e1741169774182.png\",\"contentUrl\":\"https:\/\/alternativafm.com\/site\/wp-content\/uploads\/estrada-e1741169774182.png\",\"width\":333,\"height\":202},{\"@type\":\"BreadcrumbList\",\"@id\":\"https:\/\/alternativafm.com\/site\/proner-programa-quer-abrir-10-mil-quilometros-de-estradas-rurais-por-ano\/#breadcrumb\",\"itemListElement\":[{\"@type\":\"ListItem\",\"position\":1,\"name\":\"In\u00edcio\",\"item\":\"https:\/\/alternativafm.com\/site\/\"},{\"@type\":\"ListItem\",\"position\":2,\"name\":\"Proner: programa quer abrir 10 mil quil\u00f4metros de estradas rurais por ano\"}]},{\"@type\":\"WebSite\",\"@id\":\"https:\/\/alternativafm.com\/site\/#website\",\"url\":\"https:\/\/alternativafm.com\/site\/\",\"name\":\"Alternativa FM | 90,7 FM\",\"description\":\"\",\"publisher\":{\"@id\":\"https:\/\/alternativafm.com\/site\/#organization\"},\"potentialAction\":[{\"@type\":\"SearchAction\",\"target\":{\"@type\":\"EntryPoint\",\"urlTemplate\":\"https:\/\/alternativafm.com\/site\/?s={search_term_string}\"},\"query-input\":{\"@type\":\"PropertyValueSpecification\",\"valueRequired\":true,\"valueName\":\"search_term_string\"}}],\"inLanguage\":\"pt-BR\"},{\"@type\":\"Organization\",\"@id\":\"https:\/\/alternativafm.com\/site\/#organization\",\"name\":\"Alternativa FM | 90,7 FM\",\"url\":\"https:\/\/alternativafm.com\/site\/\",\"logo\":{\"@type\":\"ImageObject\",\"inLanguage\":\"pt-BR\",\"@id\":\"https:\/\/alternativafm.com\/site\/#\/schema\/logo\/image\/\",\"url\":\"https:\/\/alternativafm.com\/site\/wp-content\/uploads\/2020\/07\/LOGOMARCA2.png\",\"contentUrl\":\"https:\/\/alternativafm.com\/site\/wp-content\/uploads\/2020\/07\/LOGOMARCA2.png\",\"width\":1352,\"height\":464,\"caption\":\"Alternativa FM | 90,7 FM\"},\"image\":{\"@id\":\"https:\/\/alternativafm.com\/site\/#\/schema\/logo\/image\/\"}},{\"@type\":\"Person\",\"@id\":\"https:\/\/alternativafm.com\/site\/#\/schema\/person\/6b1ac1374b404fe65adc2da2ea4e902a\",\"name\":\"redacao\",\"image\":{\"@type\":\"ImageObject\",\"inLanguage\":\"pt-BR\",\"@id\":\"https:\/\/secure.gravatar.com\/avatar\/16ab12bea2743901812c1ec603a48cc65b4e7af25043bec48c2742b27028075e?s=96&d=mm&r=g\",\"url\":\"https:\/\/secure.gravatar.com\/avatar\/16ab12bea2743901812c1ec603a48cc65b4e7af25043bec48c2742b27028075e?s=96&d=mm&r=g\",\"contentUrl\":\"https:\/\/secure.gravatar.com\/avatar\/16ab12bea2743901812c1ec603a48cc65b4e7af25043bec48c2742b27028075e?s=96&d=mm&r=g\",\"caption\":\"redacao\"},\"sameAs\":[\"http:\/\/alternativafm.com\/site\"],\"url\":\"https:\/\/alternativafm.com\/site\/author\/redacao\/\"}]}<\/script>\n<!-- \/ Yoast SEO plugin. -->","yoast_head_json":{"title":"Proner: programa quer abrir 10 mil quil\u00f4metros de estradas rurais por ano - Alternativa FM | 90,7 FM","robots":{"index":"index","follow":"follow","max-snippet":"max-snippet:-1","max-image-preview":"max-image-preview:large","max-video-preview":"max-video-preview:-1"},"canonical":"https:\/\/alternativafm.com\/site\/proner-programa-quer-abrir-10-mil-quilometros-de-estradas-rurais-por-ano\/","og_locale":"pt_BR","og_type":"article","og_title":"Proner: programa quer abrir 10 mil quil\u00f4metros de estradas rurais por ano - Alternativa FM | 90,7 FM","og_url":"https:\/\/alternativafm.com\/site\/proner-programa-quer-abrir-10-mil-quilometros-de-estradas-rurais-por-ano\/","og_site_name":"Alternativa FM | 90,7 FM","article_published_time":"2025-03-05T10:16:26+00:00","article_modified_time":"2025-03-05T10:16:27+00:00","og_image":[{"width":333,"height":202,"url":"https:\/\/alternativafm.com\/site\/wp-content\/uploads\/estrada-e1741169774182.png","type":"image\/png"}],"author":"redacao","twitter_card":"summary_large_image","twitter_misc":{"Escrito por":"redacao","Est. tempo de leitura":"1 minuto"},"schema":{"@context":"https:\/\/schema.org","@graph":[{"@type":"Article","@id":"https:\/\/alternativafm.com\/site\/proner-programa-quer-abrir-10-mil-quilometros-de-estradas-rurais-por-ano\/#article","isPartOf":{"@id":"https:\/\/alternativafm.com\/site\/proner-programa-quer-abrir-10-mil-quilometros-de-estradas-rurais-por-ano\/"},"author":{"name":"redacao","@id":"https:\/\/alternativafm.com\/site\/#\/schema\/person\/6b1ac1374b404fe65adc2da2ea4e902a"},"headline":"Proner: programa quer abrir 10 mil quil\u00f4metros de estradas rurais por ano","datePublished":"2025-03-05T10:16:26+00:00","dateModified":"2025-03-05T10:16:27+00:00","mainEntityOfPage":{"@id":"https:\/\/alternativafm.com\/site\/proner-programa-quer-abrir-10-mil-quilometros-de-estradas-rurais-por-ano\/"},"wordCount":12,"commentCount":0,"publisher":{"@id":"https:\/\/alternativafm.com\/site\/#organization"},"image":{"@id":"https:\/\/alternativafm.com\/site\/proner-programa-quer-abrir-10-mil-quilometros-de-estradas-rurais-por-ano\/#primaryimage"},"thumbnailUrl":"https:\/\/alternativafm.com\/site\/wp-content\/uploads\/estrada-e1741169774182.png","articleSection":["PODCAST"],"inLanguage":"pt-BR","potentialAction":[{"@type":"CommentAction","name":"Comment","target":["https:\/\/alternativafm.com\/site\/proner-programa-quer-abrir-10-mil-quilometros-de-estradas-rurais-por-ano\/#respond"]}]},{"@type":"WebPage","@id":"https:\/\/alternativafm.com\/site\/proner-programa-quer-abrir-10-mil-quilometros-de-estradas-rurais-por-ano\/","url":"https:\/\/alternativafm.com\/site\/proner-programa-quer-abrir-10-mil-quilometros-de-estradas-rurais-por-ano\/","name":"Proner: programa quer abrir 10 mil quil\u00f4metros de estradas rurais por ano - Alternativa FM | 90,7 FM","isPartOf":{"@id":"https:\/\/alternativafm.com\/site\/#website"},"primaryImageOfPage":{"@id":"https:\/\/alternativafm.com\/site\/proner-programa-quer-abrir-10-mil-quilometros-de-estradas-rurais-por-ano\/#primaryimage"},"image":{"@id":"https:\/\/alternativafm.com\/site\/proner-programa-quer-abrir-10-mil-quilometros-de-estradas-rurais-por-ano\/#primaryimage"},"thumbnailUrl":"https:\/\/alternativafm.com\/site\/wp-content\/uploads\/estrada-e1741169774182.png","datePublished":"2025-03-05T10:16:26+00:00","dateModified":"2025-03-05T10:16:27+00:00","breadcrumb":{"@id":"https:\/\/alternativafm.com\/site\/proner-programa-quer-abrir-10-mil-quilometros-de-estradas-rurais-por-ano\/#breadcrumb"},"inLanguage":"pt-BR","potentialAction":[{"@type":"ReadAction","target":["https:\/\/alternativafm.com\/site\/proner-programa-quer-abrir-10-mil-quilometros-de-estradas-rurais-por-ano\/"]}]},{"@type":"ImageObject","inLanguage":"pt-BR","@id":"https:\/\/alternativafm.com\/site\/proner-programa-quer-abrir-10-mil-quilometros-de-estradas-rurais-por-ano\/#primaryimage","url":"https:\/\/alternativafm.com\/site\/wp-content\/uploads\/estrada-e1741169774182.png","contentUrl":"https:\/\/alternativafm.com\/site\/wp-content\/uploads\/estrada-e1741169774182.png","width":333,"height":202},{"@type":"BreadcrumbList","@id":"https:\/\/alternativafm.com\/site\/proner-programa-quer-abrir-10-mil-quilometros-de-estradas-rurais-por-ano\/#breadcrumb","itemListElement":[{"@type":"ListItem","position":1,"name":"In\u00edcio","item":"https:\/\/alternativafm.com\/site\/"},{"@type":"ListItem","position":2,"name":"Proner: programa quer abrir 10 mil quil\u00f4metros de estradas rurais por ano"}]},{"@type":"WebSite","@id":"https:\/\/alternativafm.com\/site\/#website","url":"https:\/\/alternativafm.com\/site\/","name":"Alternativa FM | 90,7 FM","description":"","publisher":{"@id":"https:\/\/alternativafm.com\/site\/#organization"},"potentialAction":[{"@type":"SearchAction","target":{"@type":"EntryPoint","urlTemplate":"https:\/\/alternativafm.com\/site\/?s={search_term_string}"},"query-input":{"@type":"PropertyValueSpecification","valueRequired":true,"valueName":"search_term_string"}}],"inLanguage":"pt-BR"},{"@type":"Organization","@id":"https:\/\/alternativafm.com\/site\/#organization","name":"Alternativa FM | 90,7 FM","url":"https:\/\/alternativafm.com\/site\/","logo":{"@type":"ImageObject","inLanguage":"pt-BR","@id":"https:\/\/alternativafm.com\/site\/#\/schema\/logo\/image\/","url":"https:\/\/alternativafm.com\/site\/wp-content\/uploads\/2020\/07\/LOGOMARCA2.png","contentUrl":"https:\/\/alternativafm.com\/site\/wp-content\/uploads\/2020\/07\/LOGOMARCA2.png","width":1352,"height":464,"caption":"Alternativa FM | 90,7 FM"},"image":{"@id":"https:\/\/alternativafm.com\/site\/#\/schema\/logo\/image\/"}},{"@type":"Person","@id":"https:\/\/alternativafm.com\/site\/#\/schema\/person\/6b1ac1374b404fe65adc2da2ea4e902a","name":"redacao","image":{"@type":"ImageObject","inLanguage":"pt-BR","@id":"https:\/\/secure.gravatar.com\/avatar\/16ab12bea2743901812c1ec603a48cc65b4e7af25043bec48c2742b27028075e?s=96&d=mm&r=g","url":"https:\/\/secure.gravatar.com\/avatar\/16ab12bea2743901812c1ec603a48cc65b4e7af25043bec48c2742b27028075e?s=96&d=mm&r=g","contentUrl":"https:\/\/secure.gravatar.com\/avatar\/16ab12bea2743901812c1ec603a48cc65b4e7af25043bec48c2742b27028075e?s=96&d=mm&r=g","caption":"redacao"},"sameAs":["http:\/\/alternativafm.com\/site"],"url":"https:\/\/alternativafm.com\/site\/author\/redacao\/"}]}},"jetpack_publicize_connections":[],"jetpack_shortlink":"https:\/\/wp.me\/pccBN3-c9U","jetpack-related-posts":[{"id":26477,"url":"https:\/\/alternativafm.com\/site\/em-um-ano-provias-recupera-mais-de-350-quilometros-de-rodovias\/","url_meta":{"origin":46742,"position":0},"title":"Em um ano, Provias recupera mais de 350 quil\u00f4metros de rodovias.","author":"redacao","date":"abril 5, 2023","format":false,"excerpt":"","rel":"","context":"Em &quot;PODCAST&quot;","block_context":{"text":"PODCAST","link":"https:\/\/alternativafm.com\/site\/category\/podcast\/"},"img":{"alt_text":"","src":"","width":0,"height":0},"classes":[]},{"id":28198,"url":"https:\/\/alternativafm.com\/site\/400-mil-produtores-rurais-em-todo-o-estado-fizeram-a-atualizacao-dos-rebanhos\/","url_meta":{"origin":46742,"position":1},"title":"400 mil produtores rurais em todo o estado fizeram a atualiza\u00e7\u00e3o dos rebanhos","author":"redacao","date":"maio 29, 2023","format":false,"excerpt":"","rel":"","context":"Em &quot;PODCAST&quot;","block_context":{"text":"PODCAST","link":"https:\/\/alternativafm.com\/site\/category\/podcast\/"},"img":{"alt_text":"","src":"https:\/\/i0.wp.com\/alternativafm.com\/site\/wp-content\/uploads\/gado-1-scaled.jpg?resize=350%2C200&ssl=1","width":350,"height":200,"srcset":"https:\/\/i0.wp.com\/alternativafm.com\/site\/wp-content\/uploads\/gado-1-scaled.jpg?resize=350%2C200&ssl=1 1x, https:\/\/i0.wp.com\/alternativafm.com\/site\/wp-content\/uploads\/gado-1-scaled.jpg?resize=525%2C300&ssl=1 1.5x, https:\/\/i0.wp.com\/alternativafm.com\/site\/wp-content\/uploads\/gado-1-scaled.jpg?resize=700%2C400&ssl=1 2x, https:\/\/i0.wp.com\/alternativafm.com\/site\/wp-content\/uploads\/gado-1-scaled.jpg?resize=1050%2C600&ssl=1 3x, https:\/\/i0.wp.com\/alternativafm.com\/site\/wp-content\/uploads\/gado-1-scaled.jpg?resize=1400%2C800&ssl=1 4x"},"classes":[]},{"id":38124,"url":"https:\/\/alternativafm.com\/site\/programa-da-copasa-transforma-vida-de-moradores-de-areas-rurais-de-januaria-e-regiao\/","url_meta":{"origin":46742,"position":2},"title":"Programa da Copasa transforma vida de moradores de \u00e1reas rurais de Janu\u00e1ria e regi\u00e3o","author":"redacao","date":"maio 3, 2024","format":false,"excerpt":"A\u00a0Copasa, por meio do programa Universaliza Minas, tem transformado a realidade dos moradores de comunidades rurais do Norte do estado, com a oferta de \u00e1gua tratada e saneamento b\u00e1sico. Desde o in\u00edcio das obras, a companhia alcan\u00e7ou a marca de quase 7 mil pessoas beneficiadas em 30 localidades pertencentes a\u2026","rel":"","context":"Em &quot;DESTAQUE&quot;","block_context":{"text":"DESTAQUE","link":"https:\/\/alternativafm.com\/site\/category\/destaque\/"},"img":{"alt_text":"","src":"","width":0,"height":0},"classes":[]},{"id":53037,"url":"https:\/\/alternativafm.com\/site\/mais-de-14-mil-municipios-estao-aptos-as-linhas-de-credito-para-liquidar-ou-amortizar-dividas-rurais-veja-lista\/","url_meta":{"origin":46742,"position":3},"title":"Mais de 1,4 mil munic\u00edpios est\u00e3o aptos \u00e0s linhas de cr\u00e9dito para liquidar ou amortizar d\u00edvidas rurais; veja lista","author":"redacao","date":"outubro 20, 2025","format":false,"excerpt":"","rel":"","context":"Em &quot;PODCAST&quot;","block_context":{"text":"PODCAST","link":"https:\/\/alternativafm.com\/site\/category\/podcast\/"},"img":{"alt_text":"","src":"","width":0,"height":0},"classes":[]},{"id":54376,"url":"https:\/\/alternativafm.com\/site\/minuto-da-noticia-amirt-destaca-investimentos-em-infraestrutura-rural-e-rodoviaria-no-estado\/","url_meta":{"origin":46742,"position":4},"title":"Minuto da Not\u00edcia AMIRT destaca investimentos em infraestrutura rural e rodovi\u00e1ria no estado","author":"redacao","date":"dezembro 10, 2025","format":false,"excerpt":"O Governo de Minas fez mais uma entrega do Acordo de Repara\u00e7\u00e3o do Rio Doce, repassando 190 equipamentos agr\u00edcolas para 38 munic\u00edpios atingidos pelo rompimento da barragem de Fund\u00e3o, em Mariana. Entre os maquin\u00e1rios est\u00e3o caminh\u00f5es-pipa, ca\u00e7ambas, p\u00e1s carregadeiras, motoniveladoras, tratores agr\u00edcolas e retroescavadeiras. O investimento \u00e9 cerca de 90\u2026","rel":"","context":"Em &quot;GERAL&quot;","block_context":{"text":"GERAL","link":"https:\/\/alternativafm.com\/site\/category\/geral\/"},"img":{"alt_text":"","src":"https:\/\/i0.wp.com\/alternativafm.com\/site\/wp-content\/uploads\/MNA-CAPA.png?resize=350%2C200&ssl=1","width":350,"height":200,"srcset":"https:\/\/i0.wp.com\/alternativafm.com\/site\/wp-content\/uploads\/MNA-CAPA.png?resize=350%2C200&ssl=1 1x, https:\/\/i0.wp.com\/alternativafm.com\/site\/wp-content\/uploads\/MNA-CAPA.png?resize=525%2C300&ssl=1 1.5x, https:\/\/i0.wp.com\/alternativafm.com\/site\/wp-content\/uploads\/MNA-CAPA.png?resize=700%2C400&ssl=1 2x, https:\/\/i0.wp.com\/alternativafm.com\/site\/wp-content\/uploads\/MNA-CAPA.png?resize=1050%2C600&ssl=1 3x"},"classes":[]},{"id":13234,"url":"https:\/\/alternativafm.com\/site\/credito-de-r-674-milhoes-vai-possibilitar-retomada-de-obras-de-10-mil-moradias-ate-o-fim-do-ano\/","url_meta":{"origin":46742,"position":5},"title":"Cr\u00e9dito de R$ 674 milh\u00f5es vai possibilitar retomada de obras de 10 mil moradias at\u00e9 o fim do ano","author":"redacao","date":"dezembro 3, 2021","format":false,"excerpt":"","rel":"","context":"Em &quot;PODCAST&quot;","block_context":{"text":"PODCAST","link":"https:\/\/alternativafm.com\/site\/category\/podcast\/"},"img":{"alt_text":"","src":"","width":0,"height":0},"classes":[]}],"jetpack_sharing_enabled":true,"jetpack_likes_enabled":true,"jetpack_featured_media_url":"https:\/\/alternativafm.com\/site\/wp-content\/uploads\/estrada-e1741169774182.png","_links":{"self":[{"href":"https:\/\/alternativafm.com\/site\/wp-json\/wp\/v2\/posts\/46742","targetHints":{"allow":["GET"]}}],"collection":[{"href":"https:\/\/alternativafm.com\/site\/wp-json\/wp\/v2\/posts"}],"about":[{"href":"https:\/\/alternativafm.com\/site\/wp-json\/wp\/v2\/types\/post"}],"author":[{"embeddable":true,"href":"https:\/\/alternativafm.com\/site\/wp-json\/wp\/v2\/users\/1"}],"replies":[{"embeddable":true,"href":"https:\/\/alternativafm.com\/site\/wp-json\/wp\/v2\/comments?post=46742"}],"version-history":[{"count":1,"href":"https:\/\/alternativafm.com\/site\/wp-json\/wp\/v2\/posts\/46742\/revisions"}],"predecessor-version":[{"id":46745,"href":"https:\/\/alternativafm.com\/site\/wp-json\/wp\/v2\/posts\/46742\/revisions\/46745"}],"wp:featuredmedia":[{"embeddable":true,"href":"https:\/\/alternativafm.com\/site\/wp-json\/wp\/v2\/media\/46744"}],"wp:attachment":[{"href":"https:\/\/alternativafm.com\/site\/wp-json\/wp\/v2\/media?parent=46742"}],"wp:term":[{"taxonomy":"category","embeddable":true,"href":"https:\/\/alternativafm.com\/site\/wp-json\/wp\/v2\/categories?post=46742"},{"taxonomy":"post_tag","embeddable":true,"href":"https:\/\/alternativafm.com\/site\/wp-json\/wp\/v2\/tags?post=46742"}],"curies":[{"name":"wp","href":"https:\/\/api.w.org\/{rel}","templated":true}]}}