{"id":47587,"date":"2025-04-04T14:13:00","date_gmt":"2025-04-04T14:13:00","guid":{"rendered":"https:\/\/alternativafm.com\/site\/?p=47587"},"modified":"2025-04-04T19:10:30","modified_gmt":"2025-04-04T19:10:30","slug":"radio-voz-news-e-itatiaia-confira-a-programacao-esportiva","status":"publish","type":"post","link":"https:\/\/alternativafm.com\/site\/radio-voz-news-e-itatiaia-confira-a-programacao-esportiva\/","title":{"rendered":"R\u00e1dio Voz News e Itatiaia. Confira a programa\u00e7\u00e3o esportiva"},"content":{"rendered":"\n<figure class=\"wp-block-audio\"><audio controls src=\"https:\/\/alternativafm.com\/site\/wp-content\/uploads\/Futebol-ate-16hs-do-domingo-dia-06-04-1.mp3\"><\/audio><\/figure>\n","protected":false},"excerpt":{"rendered":"","protected":false},"author":1,"featured_media":47590,"comment_status":"open","ping_status":"open","sticky":false,"template":"","format":"standard","meta":{"_jetpack_newsletter_access":"","_jetpack_dont_email_post_to_subs":false,"_jetpack_newsletter_tier_id":0,"_jetpack_memberships_contains_paywalled_content":false,"_jetpack_feature_clip_id":0,"_jetpack_memberships_contains_paid_content":false,"footnotes":"","jetpack_publicize_message":"","jetpack_publicize_feature_enabled":true,"jetpack_social_post_already_shared":true,"jetpack_social_options":{"image_generator_settings":{"template":"highway","default_image_id":0,"font":"","enabled":false},"version":2},"jetpack_post_was_ever_published":false},"categories":[41],"tags":[],"class_list":["post-47587","post","type-post","status-publish","format-standard","has-post-thumbnail","hentry","category-podcast"],"yoast_head":"<!-- This site is optimized with the Yoast SEO plugin v27.2 - https:\/\/yoast.com\/product\/yoast-seo-wordpress\/ -->\n<title>R\u00e1dio Voz News e Itatiaia. Confira a programa\u00e7\u00e3o esportiva - Alternativa FM | 90,7 FM<\/title>\n<meta name=\"robots\" content=\"index, follow, max-snippet:-1, max-image-preview:large, max-video-preview:-1\" \/>\n<link rel=\"canonical\" href=\"https:\/\/alternativafm.com\/site\/radio-voz-news-e-itatiaia-confira-a-programacao-esportiva\/\" \/>\n<meta property=\"og:locale\" content=\"pt_BR\" \/>\n<meta property=\"og:type\" content=\"article\" \/>\n<meta property=\"og:title\" content=\"R\u00e1dio Voz News e Itatiaia. Confira a programa\u00e7\u00e3o esportiva - Alternativa FM | 90,7 FM\" \/>\n<meta property=\"og:url\" content=\"https:\/\/alternativafm.com\/site\/radio-voz-news-e-itatiaia-confira-a-programacao-esportiva\/\" \/>\n<meta property=\"og:site_name\" content=\"Alternativa FM | 90,7 FM\" \/>\n<meta property=\"article:published_time\" content=\"2025-04-04T14:13:00+00:00\" \/>\n<meta property=\"article:modified_time\" content=\"2025-04-04T19:10:30+00:00\" \/>\n<meta property=\"og:image\" content=\"https:\/\/alternativafm.com\/site\/wp-content\/uploads\/itasat-voz-e1743776304197.png\" \/>\n\t<meta property=\"og:image:width\" content=\"333\" \/>\n\t<meta property=\"og:image:height\" content=\"148\" \/>\n\t<meta property=\"og:image:type\" content=\"image\/png\" \/>\n<meta name=\"author\" content=\"redacao\" \/>\n<meta name=\"twitter:card\" content=\"summary_large_image\" \/>\n<meta name=\"twitter:label1\" content=\"Escrito por\" \/>\n\t<meta name=\"twitter:data1\" content=\"redacao\" \/>\n\t<meta name=\"twitter:label2\" content=\"Est. tempo de leitura\" \/>\n\t<meta name=\"twitter:data2\" content=\"1 minuto\" \/>\n<script type=\"application\/ld+json\" class=\"yoast-schema-graph\">{\"@context\":\"https:\/\/schema.org\",\"@graph\":[{\"@type\":\"Article\",\"@id\":\"https:\/\/alternativafm.com\/site\/radio-voz-news-e-itatiaia-confira-a-programacao-esportiva\/#article\",\"isPartOf\":{\"@id\":\"https:\/\/alternativafm.com\/site\/radio-voz-news-e-itatiaia-confira-a-programacao-esportiva\/\"},\"author\":{\"name\":\"redacao\",\"@id\":\"https:\/\/alternativafm.com\/site\/#\/schema\/person\/6b1ac1374b404fe65adc2da2ea4e902a\"},\"headline\":\"R\u00e1dio Voz News e Itatiaia. Confira a programa\u00e7\u00e3o esportiva\",\"datePublished\":\"2025-04-04T14:13:00+00:00\",\"dateModified\":\"2025-04-04T19:10:30+00:00\",\"mainEntityOfPage\":{\"@id\":\"https:\/\/alternativafm.com\/site\/radio-voz-news-e-itatiaia-confira-a-programacao-esportiva\/\"},\"wordCount\":11,\"commentCount\":0,\"publisher\":{\"@id\":\"https:\/\/alternativafm.com\/site\/#organization\"},\"image\":{\"@id\":\"https:\/\/alternativafm.com\/site\/radio-voz-news-e-itatiaia-confira-a-programacao-esportiva\/#primaryimage\"},\"thumbnailUrl\":\"https:\/\/alternativafm.com\/site\/wp-content\/uploads\/itasat-voz-e1743776304197.png\",\"articleSection\":[\"PODCAST\"],\"inLanguage\":\"pt-BR\",\"potentialAction\":[{\"@type\":\"CommentAction\",\"name\":\"Comment\",\"target\":[\"https:\/\/alternativafm.com\/site\/radio-voz-news-e-itatiaia-confira-a-programacao-esportiva\/#respond\"]}]},{\"@type\":\"WebPage\",\"@id\":\"https:\/\/alternativafm.com\/site\/radio-voz-news-e-itatiaia-confira-a-programacao-esportiva\/\",\"url\":\"https:\/\/alternativafm.com\/site\/radio-voz-news-e-itatiaia-confira-a-programacao-esportiva\/\",\"name\":\"R\u00e1dio Voz News e Itatiaia. Confira a programa\u00e7\u00e3o esportiva - Alternativa FM | 90,7 FM\",\"isPartOf\":{\"@id\":\"https:\/\/alternativafm.com\/site\/#website\"},\"primaryImageOfPage\":{\"@id\":\"https:\/\/alternativafm.com\/site\/radio-voz-news-e-itatiaia-confira-a-programacao-esportiva\/#primaryimage\"},\"image\":{\"@id\":\"https:\/\/alternativafm.com\/site\/radio-voz-news-e-itatiaia-confira-a-programacao-esportiva\/#primaryimage\"},\"thumbnailUrl\":\"https:\/\/alternativafm.com\/site\/wp-content\/uploads\/itasat-voz-e1743776304197.png\",\"datePublished\":\"2025-04-04T14:13:00+00:00\",\"dateModified\":\"2025-04-04T19:10:30+00:00\",\"breadcrumb\":{\"@id\":\"https:\/\/alternativafm.com\/site\/radio-voz-news-e-itatiaia-confira-a-programacao-esportiva\/#breadcrumb\"},\"inLanguage\":\"pt-BR\",\"potentialAction\":[{\"@type\":\"ReadAction\",\"target\":[\"https:\/\/alternativafm.com\/site\/radio-voz-news-e-itatiaia-confira-a-programacao-esportiva\/\"]}]},{\"@type\":\"ImageObject\",\"inLanguage\":\"pt-BR\",\"@id\":\"https:\/\/alternativafm.com\/site\/radio-voz-news-e-itatiaia-confira-a-programacao-esportiva\/#primaryimage\",\"url\":\"https:\/\/alternativafm.com\/site\/wp-content\/uploads\/itasat-voz-e1743776304197.png\",\"contentUrl\":\"https:\/\/alternativafm.com\/site\/wp-content\/uploads\/itasat-voz-e1743776304197.png\",\"width\":333,\"height\":148},{\"@type\":\"BreadcrumbList\",\"@id\":\"https:\/\/alternativafm.com\/site\/radio-voz-news-e-itatiaia-confira-a-programacao-esportiva\/#breadcrumb\",\"itemListElement\":[{\"@type\":\"ListItem\",\"position\":1,\"name\":\"In\u00edcio\",\"item\":\"https:\/\/alternativafm.com\/site\/\"},{\"@type\":\"ListItem\",\"position\":2,\"name\":\"R\u00e1dio Voz News e Itatiaia. Confira a programa\u00e7\u00e3o esportiva\"}]},{\"@type\":\"WebSite\",\"@id\":\"https:\/\/alternativafm.com\/site\/#website\",\"url\":\"https:\/\/alternativafm.com\/site\/\",\"name\":\"Alternativa FM | 90,7 FM\",\"description\":\"\",\"publisher\":{\"@id\":\"https:\/\/alternativafm.com\/site\/#organization\"},\"potentialAction\":[{\"@type\":\"SearchAction\",\"target\":{\"@type\":\"EntryPoint\",\"urlTemplate\":\"https:\/\/alternativafm.com\/site\/?s={search_term_string}\"},\"query-input\":{\"@type\":\"PropertyValueSpecification\",\"valueRequired\":true,\"valueName\":\"search_term_string\"}}],\"inLanguage\":\"pt-BR\"},{\"@type\":\"Organization\",\"@id\":\"https:\/\/alternativafm.com\/site\/#organization\",\"name\":\"Alternativa FM | 90,7 FM\",\"url\":\"https:\/\/alternativafm.com\/site\/\",\"logo\":{\"@type\":\"ImageObject\",\"inLanguage\":\"pt-BR\",\"@id\":\"https:\/\/alternativafm.com\/site\/#\/schema\/logo\/image\/\",\"url\":\"https:\/\/alternativafm.com\/site\/wp-content\/uploads\/2020\/07\/LOGOMARCA2.png\",\"contentUrl\":\"https:\/\/alternativafm.com\/site\/wp-content\/uploads\/2020\/07\/LOGOMARCA2.png\",\"width\":1352,\"height\":464,\"caption\":\"Alternativa FM | 90,7 FM\"},\"image\":{\"@id\":\"https:\/\/alternativafm.com\/site\/#\/schema\/logo\/image\/\"}},{\"@type\":\"Person\",\"@id\":\"https:\/\/alternativafm.com\/site\/#\/schema\/person\/6b1ac1374b404fe65adc2da2ea4e902a\",\"name\":\"redacao\",\"image\":{\"@type\":\"ImageObject\",\"inLanguage\":\"pt-BR\",\"@id\":\"https:\/\/secure.gravatar.com\/avatar\/16ab12bea2743901812c1ec603a48cc65b4e7af25043bec48c2742b27028075e?s=96&d=mm&r=g\",\"url\":\"https:\/\/secure.gravatar.com\/avatar\/16ab12bea2743901812c1ec603a48cc65b4e7af25043bec48c2742b27028075e?s=96&d=mm&r=g\",\"contentUrl\":\"https:\/\/secure.gravatar.com\/avatar\/16ab12bea2743901812c1ec603a48cc65b4e7af25043bec48c2742b27028075e?s=96&d=mm&r=g\",\"caption\":\"redacao\"},\"sameAs\":[\"http:\/\/alternativafm.com\/site\"],\"url\":\"https:\/\/alternativafm.com\/site\/author\/redacao\/\"}]}<\/script>\n<!-- \/ Yoast SEO plugin. -->","yoast_head_json":{"title":"R\u00e1dio Voz News e Itatiaia. Confira a programa\u00e7\u00e3o esportiva - Alternativa FM | 90,7 FM","robots":{"index":"index","follow":"follow","max-snippet":"max-snippet:-1","max-image-preview":"max-image-preview:large","max-video-preview":"max-video-preview:-1"},"canonical":"https:\/\/alternativafm.com\/site\/radio-voz-news-e-itatiaia-confira-a-programacao-esportiva\/","og_locale":"pt_BR","og_type":"article","og_title":"R\u00e1dio Voz News e Itatiaia. Confira a programa\u00e7\u00e3o esportiva - Alternativa FM | 90,7 FM","og_url":"https:\/\/alternativafm.com\/site\/radio-voz-news-e-itatiaia-confira-a-programacao-esportiva\/","og_site_name":"Alternativa FM | 90,7 FM","article_published_time":"2025-04-04T14:13:00+00:00","article_modified_time":"2025-04-04T19:10:30+00:00","og_image":[{"width":333,"height":148,"url":"https:\/\/alternativafm.com\/site\/wp-content\/uploads\/itasat-voz-e1743776304197.png","type":"image\/png"}],"author":"redacao","twitter_card":"summary_large_image","twitter_misc":{"Escrito por":"redacao","Est. tempo de leitura":"1 minuto"},"schema":{"@context":"https:\/\/schema.org","@graph":[{"@type":"Article","@id":"https:\/\/alternativafm.com\/site\/radio-voz-news-e-itatiaia-confira-a-programacao-esportiva\/#article","isPartOf":{"@id":"https:\/\/alternativafm.com\/site\/radio-voz-news-e-itatiaia-confira-a-programacao-esportiva\/"},"author":{"name":"redacao","@id":"https:\/\/alternativafm.com\/site\/#\/schema\/person\/6b1ac1374b404fe65adc2da2ea4e902a"},"headline":"R\u00e1dio Voz News e Itatiaia. Confira a programa\u00e7\u00e3o esportiva","datePublished":"2025-04-04T14:13:00+00:00","dateModified":"2025-04-04T19:10:30+00:00","mainEntityOfPage":{"@id":"https:\/\/alternativafm.com\/site\/radio-voz-news-e-itatiaia-confira-a-programacao-esportiva\/"},"wordCount":11,"commentCount":0,"publisher":{"@id":"https:\/\/alternativafm.com\/site\/#organization"},"image":{"@id":"https:\/\/alternativafm.com\/site\/radio-voz-news-e-itatiaia-confira-a-programacao-esportiva\/#primaryimage"},"thumbnailUrl":"https:\/\/alternativafm.com\/site\/wp-content\/uploads\/itasat-voz-e1743776304197.png","articleSection":["PODCAST"],"inLanguage":"pt-BR","potentialAction":[{"@type":"CommentAction","name":"Comment","target":["https:\/\/alternativafm.com\/site\/radio-voz-news-e-itatiaia-confira-a-programacao-esportiva\/#respond"]}]},{"@type":"WebPage","@id":"https:\/\/alternativafm.com\/site\/radio-voz-news-e-itatiaia-confira-a-programacao-esportiva\/","url":"https:\/\/alternativafm.com\/site\/radio-voz-news-e-itatiaia-confira-a-programacao-esportiva\/","name":"R\u00e1dio Voz News e Itatiaia. Confira a programa\u00e7\u00e3o esportiva - Alternativa FM | 90,7 FM","isPartOf":{"@id":"https:\/\/alternativafm.com\/site\/#website"},"primaryImageOfPage":{"@id":"https:\/\/alternativafm.com\/site\/radio-voz-news-e-itatiaia-confira-a-programacao-esportiva\/#primaryimage"},"image":{"@id":"https:\/\/alternativafm.com\/site\/radio-voz-news-e-itatiaia-confira-a-programacao-esportiva\/#primaryimage"},"thumbnailUrl":"https:\/\/alternativafm.com\/site\/wp-content\/uploads\/itasat-voz-e1743776304197.png","datePublished":"2025-04-04T14:13:00+00:00","dateModified":"2025-04-04T19:10:30+00:00","breadcrumb":{"@id":"https:\/\/alternativafm.com\/site\/radio-voz-news-e-itatiaia-confira-a-programacao-esportiva\/#breadcrumb"},"inLanguage":"pt-BR","potentialAction":[{"@type":"ReadAction","target":["https:\/\/alternativafm.com\/site\/radio-voz-news-e-itatiaia-confira-a-programacao-esportiva\/"]}]},{"@type":"ImageObject","inLanguage":"pt-BR","@id":"https:\/\/alternativafm.com\/site\/radio-voz-news-e-itatiaia-confira-a-programacao-esportiva\/#primaryimage","url":"https:\/\/alternativafm.com\/site\/wp-content\/uploads\/itasat-voz-e1743776304197.png","contentUrl":"https:\/\/alternativafm.com\/site\/wp-content\/uploads\/itasat-voz-e1743776304197.png","width":333,"height":148},{"@type":"BreadcrumbList","@id":"https:\/\/alternativafm.com\/site\/radio-voz-news-e-itatiaia-confira-a-programacao-esportiva\/#breadcrumb","itemListElement":[{"@type":"ListItem","position":1,"name":"In\u00edcio","item":"https:\/\/alternativafm.com\/site\/"},{"@type":"ListItem","position":2,"name":"R\u00e1dio Voz News e Itatiaia. Confira a programa\u00e7\u00e3o esportiva"}]},{"@type":"WebSite","@id":"https:\/\/alternativafm.com\/site\/#website","url":"https:\/\/alternativafm.com\/site\/","name":"Alternativa FM | 90,7 FM","description":"","publisher":{"@id":"https:\/\/alternativafm.com\/site\/#organization"},"potentialAction":[{"@type":"SearchAction","target":{"@type":"EntryPoint","urlTemplate":"https:\/\/alternativafm.com\/site\/?s={search_term_string}"},"query-input":{"@type":"PropertyValueSpecification","valueRequired":true,"valueName":"search_term_string"}}],"inLanguage":"pt-BR"},{"@type":"Organization","@id":"https:\/\/alternativafm.com\/site\/#organization","name":"Alternativa FM | 90,7 FM","url":"https:\/\/alternativafm.com\/site\/","logo":{"@type":"ImageObject","inLanguage":"pt-BR","@id":"https:\/\/alternativafm.com\/site\/#\/schema\/logo\/image\/","url":"https:\/\/alternativafm.com\/site\/wp-content\/uploads\/2020\/07\/LOGOMARCA2.png","contentUrl":"https:\/\/alternativafm.com\/site\/wp-content\/uploads\/2020\/07\/LOGOMARCA2.png","width":1352,"height":464,"caption":"Alternativa FM | 90,7 FM"},"image":{"@id":"https:\/\/alternativafm.com\/site\/#\/schema\/logo\/image\/"}},{"@type":"Person","@id":"https:\/\/alternativafm.com\/site\/#\/schema\/person\/6b1ac1374b404fe65adc2da2ea4e902a","name":"redacao","image":{"@type":"ImageObject","inLanguage":"pt-BR","@id":"https:\/\/secure.gravatar.com\/avatar\/16ab12bea2743901812c1ec603a48cc65b4e7af25043bec48c2742b27028075e?s=96&d=mm&r=g","url":"https:\/\/secure.gravatar.com\/avatar\/16ab12bea2743901812c1ec603a48cc65b4e7af25043bec48c2742b27028075e?s=96&d=mm&r=g","contentUrl":"https:\/\/secure.gravatar.com\/avatar\/16ab12bea2743901812c1ec603a48cc65b4e7af25043bec48c2742b27028075e?s=96&d=mm&r=g","caption":"redacao"},"sameAs":["http:\/\/alternativafm.com\/site"],"url":"https:\/\/alternativafm.com\/site\/author\/redacao\/"}]}},"jetpack_publicize_connections":[],"jetpack_shortlink":"https:\/\/wp.me\/pccBN3-cnx","jetpack-related-posts":[{"id":31869,"url":"https:\/\/alternativafm.com\/site\/radios-voz-news-e-itatiaia-renovam-parceria\/","url_meta":{"origin":47587,"position":0},"title":"R\u00e1dios Voz e Itatiaia renovam parceria e Janu\u00e1ria recebe al\u00f4 direto de BH. Confira!","author":"redacao","date":"outubro 3, 2023","format":false,"excerpt":"https:\/\/youtu.be\/IbDjtsgVRMU?si=rAHlWFXAm680kBzc","rel":"","context":"Em &quot;CIDADE&quot;","block_context":{"text":"CIDADE","link":"https:\/\/alternativafm.com\/site\/category\/cidade\/"},"img":{"alt_text":"","src":"https:\/\/i0.wp.com\/img.youtube.com\/vi\/IbDjtsgVRMU\/0.jpg?resize=350%2C200","width":350,"height":200},"classes":[]},{"id":44835,"url":"https:\/\/alternativafm.com\/site\/diretor-da-voz-e-tv-norte-encontra-amigos-em-visita-a-radio-itatiaia\/","url_meta":{"origin":47587,"position":1},"title":"Diretor da Voz e TV Norte encontra amigos em visita a R\u00e1dio Itatiaia","author":"redacao","date":"dezembro 26, 2024","format":false,"excerpt":"https:\/\/youtu.be\/rKdLVp1L-v0?si=gIMOUN1F0qndwqcH","rel":"","context":"Em &quot;GERAL&quot;","block_context":{"text":"GERAL","link":"https:\/\/alternativafm.com\/site\/category\/geral\/"},"img":{"alt_text":"","src":"https:\/\/i0.wp.com\/img.youtube.com\/vi\/rKdLVp1L-v0\/0.jpg?resize=350%2C200","width":350,"height":200},"classes":[]},{"id":50117,"url":"https:\/\/alternativafm.com\/site\/januaria-pronta-para-encarar-o-conego-marinho-radio-voz-news-transmite-a-partida\/","url_meta":{"origin":47587,"position":2},"title":"Janu\u00e1ria pronta para encarar o C\u00f4nego Marinho. R\u00e1dio Voz News transmite a partida","author":"redacao","date":"julho 4, 2025","format":false,"excerpt":"https:\/\/youtu.be\/ntqpTfVeWG8?si=Lyy36J3PXGUmGhmY","rel":"","context":"Em &quot;ESPORTE&quot;","block_context":{"text":"ESPORTE","link":"https:\/\/alternativafm.com\/site\/category\/esporte\/"},"img":{"alt_text":"","src":"https:\/\/i0.wp.com\/img.youtube.com\/vi\/ntqpTfVeWG8\/0.jpg?resize=350%2C200","width":350,"height":200},"classes":[]},{"id":8306,"url":"https:\/\/alternativafm.com\/site\/bh-vai-imunizar-a-partir-de-hoje-quem-tem-entre-59-e-56-anos-sem-comorbidades\/","url_meta":{"origin":47587,"position":3},"title":"BH vai imunizar a partir de hoje quem tem entre 59 e 56 anos, sem comorbidades","author":"redacao","date":"junho 7, 2021","format":false,"excerpt":"Nesta fase, ser\u00e3o aplicadas doses da AstraZeneca. A R\u00e1dio Itatiaia fez importante entrevista com o secret\u00e1rio estadual de sa\u00fade, confira.","rel":"","context":"Em &quot;DESTAQUE 2&quot;","block_context":{"text":"DESTAQUE 2","link":"https:\/\/alternativafm.com\/site\/category\/destaque-2\/"},"img":{"alt_text":"","src":"","width":0,"height":0},"classes":[]},{"id":40036,"url":"https:\/\/alternativafm.com\/site\/hoje-e-dia-do-rota-30-programa-de-responsabilidade-do-30o-batalhao-da-policia-militar-em-januaria\/","url_meta":{"origin":47587,"position":4},"title":"Hoje \u00e9 dia do Rota 30, programa de responsabilidade do 30\u00ba Batalh\u00e3o da Pol\u00edcia Militar em Janu\u00e1ria","author":"redacao","date":"julho 17, 2024","format":false,"excerpt":"E hoje, quarta-feira(17) \u00e9 dia do Rota 30. O programa vai ao ar a partir das 11:20 na r\u00e1dio Voz News, 100,9 e as 13:20 na TV Norte. O Rota 30, a voz do povo contra o crime, tamb\u00e9m est\u00e1 dispon\u00edvel no youtube aqui da alternativa FM. \u00c9 s\u00f3 pesquisar\u2026","rel":"","context":"Em &quot;GERAL&quot;","block_context":{"text":"GERAL","link":"https:\/\/alternativafm.com\/site\/category\/geral\/"},"img":{"alt_text":"","src":"","width":0,"height":0},"classes":[]},{"id":23971,"url":"https:\/\/alternativafm.com\/site\/locutor-jota-ferreira-registrou-momento-da-chuva-de-ontem20\/","url_meta":{"origin":47587,"position":5},"title":"Locutor Jota Ferreira registrou momento da chuva de ontem(20)","author":"redacao","date":"janeiro 21, 2023","format":false,"excerpt":"Continuamos a falar da chuva que caiu ontem em Janu\u00e1ria e regi\u00e3o. O Locutor Jota Ferreira, da R\u00e1dio Voz News, registrou em suas redes sociais o momento em que o vendaval ocorreu e a luz foi embora, na noite desta sexta-feira, confira! https:\/\/www.youtube.com\/embed\/f8Qp328JwkQ","rel":"","context":"Em &quot;DESTAQUE&quot;","block_context":{"text":"DESTAQUE","link":"https:\/\/alternativafm.com\/site\/category\/destaque\/"},"img":{"alt_text":"","src":"","width":0,"height":0},"classes":[]}],"jetpack_sharing_enabled":true,"jetpack_likes_enabled":true,"jetpack_featured_media_url":"https:\/\/alternativafm.com\/site\/wp-content\/uploads\/itasat-voz-e1743776304197.png","_links":{"self":[{"href":"https:\/\/alternativafm.com\/site\/wp-json\/wp\/v2\/posts\/47587","targetHints":{"allow":["GET"]}}],"collection":[{"href":"https:\/\/alternativafm.com\/site\/wp-json\/wp\/v2\/posts"}],"about":[{"href":"https:\/\/alternativafm.com\/site\/wp-json\/wp\/v2\/types\/post"}],"author":[{"embeddable":true,"href":"https:\/\/alternativafm.com\/site\/wp-json\/wp\/v2\/users\/1"}],"replies":[{"embeddable":true,"href":"https:\/\/alternativafm.com\/site\/wp-json\/wp\/v2\/comments?post=47587"}],"version-history":[{"count":2,"href":"https:\/\/alternativafm.com\/site\/wp-json\/wp\/v2\/posts\/47587\/revisions"}],"predecessor-version":[{"id":47594,"href":"https:\/\/alternativafm.com\/site\/wp-json\/wp\/v2\/posts\/47587\/revisions\/47594"}],"wp:featuredmedia":[{"embeddable":true,"href":"https:\/\/alternativafm.com\/site\/wp-json\/wp\/v2\/media\/47590"}],"wp:attachment":[{"href":"https:\/\/alternativafm.com\/site\/wp-json\/wp\/v2\/media?parent=47587"}],"wp:term":[{"taxonomy":"category","embeddable":true,"href":"https:\/\/alternativafm.com\/site\/wp-json\/wp\/v2\/categories?post=47587"},{"taxonomy":"post_tag","embeddable":true,"href":"https:\/\/alternativafm.com\/site\/wp-json\/wp\/v2\/tags?post=47587"}],"curies":[{"name":"wp","href":"https:\/\/api.w.org\/{rel}","templated":true}]}}