{"id":47943,"date":"2025-04-17T20:41:46","date_gmt":"2025-04-17T20:41:46","guid":{"rendered":"https:\/\/alternativafm.com\/site\/?p=47943"},"modified":"2025-04-17T20:41:49","modified_gmt":"2025-04-17T20:41:49","slug":"suspeito-de-trafico-de-drogas-e-preso-guardava-droga-na-mata","status":"publish","type":"post","link":"https:\/\/alternativafm.com\/site\/suspeito-de-trafico-de-drogas-e-preso-guardava-droga-na-mata\/","title":{"rendered":"Suspeito de tr\u00e1fico de drogas \u00e9 preso guardava droga na mata"},"content":{"rendered":"\n<figure class=\"wp-block-embed is-type-video is-provider-youtube wp-block-embed-youtube wp-embed-aspect-16-9 wp-has-aspect-ratio\"><div class=\"wp-block-embed__wrapper\">\n<iframe loading=\"lazy\" title=\"Suspeito de tr\u00e1fico de drogas \u00e9 preso  Guardava droga na mata\" width=\"640\" height=\"360\" src=\"https:\/\/www.youtube.com\/embed\/-aCdIlhPvio?feature=oembed\" frameborder=\"0\" allow=\"accelerometer; autoplay; clipboard-write; encrypted-media; gyroscope; picture-in-picture; web-share\" referrerpolicy=\"strict-origin-when-cross-origin\" allowfullscreen><\/iframe>\n<\/div><\/figure>\n","protected":false},"excerpt":{"rendered":"","protected":false},"author":1,"featured_media":47938,"comment_status":"open","ping_status":"open","sticky":false,"template":"","format":"standard","meta":{"_jetpack_newsletter_access":"","_jetpack_dont_email_post_to_subs":false,"_jetpack_newsletter_tier_id":0,"_jetpack_memberships_contains_paywalled_content":false,"_jetpack_feature_clip_id":0,"_jetpack_memberships_contains_paid_content":false,"footnotes":"","jetpack_publicize_message":"","jetpack_publicize_feature_enabled":true,"jetpack_social_post_already_shared":true,"jetpack_social_options":{"image_generator_settings":{"template":"highway","default_image_id":0,"font":"","enabled":false},"version":2},"jetpack_post_was_ever_published":false},"categories":[2,1],"tags":[],"class_list":["post-47943","post","type-post","status-publish","format-standard","has-post-thumbnail","hentry","category-policia","category-uncategorized"],"yoast_head":"<!-- This site is optimized with the Yoast SEO plugin v27.2 - https:\/\/yoast.com\/product\/yoast-seo-wordpress\/ -->\n<title>Suspeito de tr\u00e1fico de drogas \u00e9 preso guardava droga na mata - Alternativa FM | 90,7 FM<\/title>\n<meta name=\"robots\" content=\"index, follow, max-snippet:-1, max-image-preview:large, max-video-preview:-1\" \/>\n<link rel=\"canonical\" href=\"https:\/\/alternativafm.com\/site\/suspeito-de-trafico-de-drogas-e-preso-guardava-droga-na-mata\/\" \/>\n<meta property=\"og:locale\" content=\"pt_BR\" \/>\n<meta property=\"og:type\" content=\"article\" \/>\n<meta property=\"og:title\" content=\"Suspeito de tr\u00e1fico de drogas \u00e9 preso guardava droga na mata - Alternativa FM | 90,7 FM\" \/>\n<meta property=\"og:url\" content=\"https:\/\/alternativafm.com\/site\/suspeito-de-trafico-de-drogas-e-preso-guardava-droga-na-mata\/\" \/>\n<meta property=\"og:site_name\" content=\"Alternativa FM | 90,7 FM\" \/>\n<meta property=\"article:published_time\" content=\"2025-04-17T20:41:46+00:00\" \/>\n<meta property=\"article:modified_time\" content=\"2025-04-17T20:41:49+00:00\" \/>\n<meta property=\"og:image\" content=\"https:\/\/alternativafm.com\/site\/wp-content\/uploads\/WhatsApp-Image-2025-04-15-at-16.56.14-e1744922087558.jpeg\" \/>\n\t<meta property=\"og:image:width\" content=\"333\" \/>\n\t<meta property=\"og:image:height\" content=\"444\" \/>\n\t<meta property=\"og:image:type\" content=\"image\/jpeg\" \/>\n<meta name=\"author\" content=\"redacao\" \/>\n<meta name=\"twitter:card\" content=\"summary_large_image\" \/>\n<meta name=\"twitter:label1\" content=\"Escrito por\" \/>\n\t<meta name=\"twitter:data1\" content=\"redacao\" \/>\n\t<meta name=\"twitter:label2\" content=\"Est. tempo de leitura\" \/>\n\t<meta name=\"twitter:data2\" content=\"1 minuto\" \/>\n<script type=\"application\/ld+json\" class=\"yoast-schema-graph\">{\"@context\":\"https:\/\/schema.org\",\"@graph\":[{\"@type\":\"Article\",\"@id\":\"https:\/\/alternativafm.com\/site\/suspeito-de-trafico-de-drogas-e-preso-guardava-droga-na-mata\/#article\",\"isPartOf\":{\"@id\":\"https:\/\/alternativafm.com\/site\/suspeito-de-trafico-de-drogas-e-preso-guardava-droga-na-mata\/\"},\"author\":{\"name\":\"redacao\",\"@id\":\"https:\/\/alternativafm.com\/site\/#\/schema\/person\/6b1ac1374b404fe65adc2da2ea4e902a\"},\"headline\":\"Suspeito de tr\u00e1fico de drogas \u00e9 preso guardava droga na mata\",\"datePublished\":\"2025-04-17T20:41:46+00:00\",\"dateModified\":\"2025-04-17T20:41:49+00:00\",\"mainEntityOfPage\":{\"@id\":\"https:\/\/alternativafm.com\/site\/suspeito-de-trafico-de-drogas-e-preso-guardava-droga-na-mata\/\"},\"wordCount\":15,\"commentCount\":0,\"publisher\":{\"@id\":\"https:\/\/alternativafm.com\/site\/#organization\"},\"image\":{\"@id\":\"https:\/\/alternativafm.com\/site\/suspeito-de-trafico-de-drogas-e-preso-guardava-droga-na-mata\/#primaryimage\"},\"thumbnailUrl\":\"https:\/\/alternativafm.com\/site\/wp-content\/uploads\/WhatsApp-Image-2025-04-15-at-16.56.14-e1744922087558.jpeg\",\"articleSection\":[\"POL\u00cdCIA\",\"Uncategorized\"],\"inLanguage\":\"pt-BR\",\"potentialAction\":[{\"@type\":\"CommentAction\",\"name\":\"Comment\",\"target\":[\"https:\/\/alternativafm.com\/site\/suspeito-de-trafico-de-drogas-e-preso-guardava-droga-na-mata\/#respond\"]}]},{\"@type\":\"WebPage\",\"@id\":\"https:\/\/alternativafm.com\/site\/suspeito-de-trafico-de-drogas-e-preso-guardava-droga-na-mata\/\",\"url\":\"https:\/\/alternativafm.com\/site\/suspeito-de-trafico-de-drogas-e-preso-guardava-droga-na-mata\/\",\"name\":\"Suspeito de tr\u00e1fico de drogas \u00e9 preso guardava droga na mata - Alternativa FM | 90,7 FM\",\"isPartOf\":{\"@id\":\"https:\/\/alternativafm.com\/site\/#website\"},\"primaryImageOfPage\":{\"@id\":\"https:\/\/alternativafm.com\/site\/suspeito-de-trafico-de-drogas-e-preso-guardava-droga-na-mata\/#primaryimage\"},\"image\":{\"@id\":\"https:\/\/alternativafm.com\/site\/suspeito-de-trafico-de-drogas-e-preso-guardava-droga-na-mata\/#primaryimage\"},\"thumbnailUrl\":\"https:\/\/alternativafm.com\/site\/wp-content\/uploads\/WhatsApp-Image-2025-04-15-at-16.56.14-e1744922087558.jpeg\",\"datePublished\":\"2025-04-17T20:41:46+00:00\",\"dateModified\":\"2025-04-17T20:41:49+00:00\",\"breadcrumb\":{\"@id\":\"https:\/\/alternativafm.com\/site\/suspeito-de-trafico-de-drogas-e-preso-guardava-droga-na-mata\/#breadcrumb\"},\"inLanguage\":\"pt-BR\",\"potentialAction\":[{\"@type\":\"ReadAction\",\"target\":[\"https:\/\/alternativafm.com\/site\/suspeito-de-trafico-de-drogas-e-preso-guardava-droga-na-mata\/\"]}]},{\"@type\":\"ImageObject\",\"inLanguage\":\"pt-BR\",\"@id\":\"https:\/\/alternativafm.com\/site\/suspeito-de-trafico-de-drogas-e-preso-guardava-droga-na-mata\/#primaryimage\",\"url\":\"https:\/\/alternativafm.com\/site\/wp-content\/uploads\/WhatsApp-Image-2025-04-15-at-16.56.14-e1744922087558.jpeg\",\"contentUrl\":\"https:\/\/alternativafm.com\/site\/wp-content\/uploads\/WhatsApp-Image-2025-04-15-at-16.56.14-e1744922087558.jpeg\",\"width\":333,\"height\":444},{\"@type\":\"BreadcrumbList\",\"@id\":\"https:\/\/alternativafm.com\/site\/suspeito-de-trafico-de-drogas-e-preso-guardava-droga-na-mata\/#breadcrumb\",\"itemListElement\":[{\"@type\":\"ListItem\",\"position\":1,\"name\":\"In\u00edcio\",\"item\":\"https:\/\/alternativafm.com\/site\/\"},{\"@type\":\"ListItem\",\"position\":2,\"name\":\"Suspeito de tr\u00e1fico de drogas \u00e9 preso guardava droga na mata\"}]},{\"@type\":\"WebSite\",\"@id\":\"https:\/\/alternativafm.com\/site\/#website\",\"url\":\"https:\/\/alternativafm.com\/site\/\",\"name\":\"Alternativa FM | 90,7 FM\",\"description\":\"\",\"publisher\":{\"@id\":\"https:\/\/alternativafm.com\/site\/#organization\"},\"potentialAction\":[{\"@type\":\"SearchAction\",\"target\":{\"@type\":\"EntryPoint\",\"urlTemplate\":\"https:\/\/alternativafm.com\/site\/?s={search_term_string}\"},\"query-input\":{\"@type\":\"PropertyValueSpecification\",\"valueRequired\":true,\"valueName\":\"search_term_string\"}}],\"inLanguage\":\"pt-BR\"},{\"@type\":\"Organization\",\"@id\":\"https:\/\/alternativafm.com\/site\/#organization\",\"name\":\"Alternativa FM | 90,7 FM\",\"url\":\"https:\/\/alternativafm.com\/site\/\",\"logo\":{\"@type\":\"ImageObject\",\"inLanguage\":\"pt-BR\",\"@id\":\"https:\/\/alternativafm.com\/site\/#\/schema\/logo\/image\/\",\"url\":\"https:\/\/alternativafm.com\/site\/wp-content\/uploads\/2020\/07\/LOGOMARCA2.png\",\"contentUrl\":\"https:\/\/alternativafm.com\/site\/wp-content\/uploads\/2020\/07\/LOGOMARCA2.png\",\"width\":1352,\"height\":464,\"caption\":\"Alternativa FM | 90,7 FM\"},\"image\":{\"@id\":\"https:\/\/alternativafm.com\/site\/#\/schema\/logo\/image\/\"}},{\"@type\":\"Person\",\"@id\":\"https:\/\/alternativafm.com\/site\/#\/schema\/person\/6b1ac1374b404fe65adc2da2ea4e902a\",\"name\":\"redacao\",\"image\":{\"@type\":\"ImageObject\",\"inLanguage\":\"pt-BR\",\"@id\":\"https:\/\/secure.gravatar.com\/avatar\/16ab12bea2743901812c1ec603a48cc65b4e7af25043bec48c2742b27028075e?s=96&d=mm&r=g\",\"url\":\"https:\/\/secure.gravatar.com\/avatar\/16ab12bea2743901812c1ec603a48cc65b4e7af25043bec48c2742b27028075e?s=96&d=mm&r=g\",\"contentUrl\":\"https:\/\/secure.gravatar.com\/avatar\/16ab12bea2743901812c1ec603a48cc65b4e7af25043bec48c2742b27028075e?s=96&d=mm&r=g\",\"caption\":\"redacao\"},\"sameAs\":[\"http:\/\/alternativafm.com\/site\"],\"url\":\"https:\/\/alternativafm.com\/site\/author\/redacao\/\"}]}<\/script>\n<!-- \/ Yoast SEO plugin. -->","yoast_head_json":{"title":"Suspeito de tr\u00e1fico de drogas \u00e9 preso guardava droga na mata - Alternativa FM | 90,7 FM","robots":{"index":"index","follow":"follow","max-snippet":"max-snippet:-1","max-image-preview":"max-image-preview:large","max-video-preview":"max-video-preview:-1"},"canonical":"https:\/\/alternativafm.com\/site\/suspeito-de-trafico-de-drogas-e-preso-guardava-droga-na-mata\/","og_locale":"pt_BR","og_type":"article","og_title":"Suspeito de tr\u00e1fico de drogas \u00e9 preso guardava droga na mata - Alternativa FM | 90,7 FM","og_url":"https:\/\/alternativafm.com\/site\/suspeito-de-trafico-de-drogas-e-preso-guardava-droga-na-mata\/","og_site_name":"Alternativa FM | 90,7 FM","article_published_time":"2025-04-17T20:41:46+00:00","article_modified_time":"2025-04-17T20:41:49+00:00","og_image":[{"width":333,"height":444,"url":"https:\/\/alternativafm.com\/site\/wp-content\/uploads\/WhatsApp-Image-2025-04-15-at-16.56.14-e1744922087558.jpeg","type":"image\/jpeg"}],"author":"redacao","twitter_card":"summary_large_image","twitter_misc":{"Escrito por":"redacao","Est. tempo de leitura":"1 minuto"},"schema":{"@context":"https:\/\/schema.org","@graph":[{"@type":"Article","@id":"https:\/\/alternativafm.com\/site\/suspeito-de-trafico-de-drogas-e-preso-guardava-droga-na-mata\/#article","isPartOf":{"@id":"https:\/\/alternativafm.com\/site\/suspeito-de-trafico-de-drogas-e-preso-guardava-droga-na-mata\/"},"author":{"name":"redacao","@id":"https:\/\/alternativafm.com\/site\/#\/schema\/person\/6b1ac1374b404fe65adc2da2ea4e902a"},"headline":"Suspeito de tr\u00e1fico de drogas \u00e9 preso guardava droga na mata","datePublished":"2025-04-17T20:41:46+00:00","dateModified":"2025-04-17T20:41:49+00:00","mainEntityOfPage":{"@id":"https:\/\/alternativafm.com\/site\/suspeito-de-trafico-de-drogas-e-preso-guardava-droga-na-mata\/"},"wordCount":15,"commentCount":0,"publisher":{"@id":"https:\/\/alternativafm.com\/site\/#organization"},"image":{"@id":"https:\/\/alternativafm.com\/site\/suspeito-de-trafico-de-drogas-e-preso-guardava-droga-na-mata\/#primaryimage"},"thumbnailUrl":"https:\/\/alternativafm.com\/site\/wp-content\/uploads\/WhatsApp-Image-2025-04-15-at-16.56.14-e1744922087558.jpeg","articleSection":["POL\u00cdCIA","Uncategorized"],"inLanguage":"pt-BR","potentialAction":[{"@type":"CommentAction","name":"Comment","target":["https:\/\/alternativafm.com\/site\/suspeito-de-trafico-de-drogas-e-preso-guardava-droga-na-mata\/#respond"]}]},{"@type":"WebPage","@id":"https:\/\/alternativafm.com\/site\/suspeito-de-trafico-de-drogas-e-preso-guardava-droga-na-mata\/","url":"https:\/\/alternativafm.com\/site\/suspeito-de-trafico-de-drogas-e-preso-guardava-droga-na-mata\/","name":"Suspeito de tr\u00e1fico de drogas \u00e9 preso guardava droga na mata - Alternativa FM | 90,7 FM","isPartOf":{"@id":"https:\/\/alternativafm.com\/site\/#website"},"primaryImageOfPage":{"@id":"https:\/\/alternativafm.com\/site\/suspeito-de-trafico-de-drogas-e-preso-guardava-droga-na-mata\/#primaryimage"},"image":{"@id":"https:\/\/alternativafm.com\/site\/suspeito-de-trafico-de-drogas-e-preso-guardava-droga-na-mata\/#primaryimage"},"thumbnailUrl":"https:\/\/alternativafm.com\/site\/wp-content\/uploads\/WhatsApp-Image-2025-04-15-at-16.56.14-e1744922087558.jpeg","datePublished":"2025-04-17T20:41:46+00:00","dateModified":"2025-04-17T20:41:49+00:00","breadcrumb":{"@id":"https:\/\/alternativafm.com\/site\/suspeito-de-trafico-de-drogas-e-preso-guardava-droga-na-mata\/#breadcrumb"},"inLanguage":"pt-BR","potentialAction":[{"@type":"ReadAction","target":["https:\/\/alternativafm.com\/site\/suspeito-de-trafico-de-drogas-e-preso-guardava-droga-na-mata\/"]}]},{"@type":"ImageObject","inLanguage":"pt-BR","@id":"https:\/\/alternativafm.com\/site\/suspeito-de-trafico-de-drogas-e-preso-guardava-droga-na-mata\/#primaryimage","url":"https:\/\/alternativafm.com\/site\/wp-content\/uploads\/WhatsApp-Image-2025-04-15-at-16.56.14-e1744922087558.jpeg","contentUrl":"https:\/\/alternativafm.com\/site\/wp-content\/uploads\/WhatsApp-Image-2025-04-15-at-16.56.14-e1744922087558.jpeg","width":333,"height":444},{"@type":"BreadcrumbList","@id":"https:\/\/alternativafm.com\/site\/suspeito-de-trafico-de-drogas-e-preso-guardava-droga-na-mata\/#breadcrumb","itemListElement":[{"@type":"ListItem","position":1,"name":"In\u00edcio","item":"https:\/\/alternativafm.com\/site\/"},{"@type":"ListItem","position":2,"name":"Suspeito de tr\u00e1fico de drogas \u00e9 preso guardava droga na mata"}]},{"@type":"WebSite","@id":"https:\/\/alternativafm.com\/site\/#website","url":"https:\/\/alternativafm.com\/site\/","name":"Alternativa FM | 90,7 FM","description":"","publisher":{"@id":"https:\/\/alternativafm.com\/site\/#organization"},"potentialAction":[{"@type":"SearchAction","target":{"@type":"EntryPoint","urlTemplate":"https:\/\/alternativafm.com\/site\/?s={search_term_string}"},"query-input":{"@type":"PropertyValueSpecification","valueRequired":true,"valueName":"search_term_string"}}],"inLanguage":"pt-BR"},{"@type":"Organization","@id":"https:\/\/alternativafm.com\/site\/#organization","name":"Alternativa FM | 90,7 FM","url":"https:\/\/alternativafm.com\/site\/","logo":{"@type":"ImageObject","inLanguage":"pt-BR","@id":"https:\/\/alternativafm.com\/site\/#\/schema\/logo\/image\/","url":"https:\/\/alternativafm.com\/site\/wp-content\/uploads\/2020\/07\/LOGOMARCA2.png","contentUrl":"https:\/\/alternativafm.com\/site\/wp-content\/uploads\/2020\/07\/LOGOMARCA2.png","width":1352,"height":464,"caption":"Alternativa FM | 90,7 FM"},"image":{"@id":"https:\/\/alternativafm.com\/site\/#\/schema\/logo\/image\/"}},{"@type":"Person","@id":"https:\/\/alternativafm.com\/site\/#\/schema\/person\/6b1ac1374b404fe65adc2da2ea4e902a","name":"redacao","image":{"@type":"ImageObject","inLanguage":"pt-BR","@id":"https:\/\/secure.gravatar.com\/avatar\/16ab12bea2743901812c1ec603a48cc65b4e7af25043bec48c2742b27028075e?s=96&d=mm&r=g","url":"https:\/\/secure.gravatar.com\/avatar\/16ab12bea2743901812c1ec603a48cc65b4e7af25043bec48c2742b27028075e?s=96&d=mm&r=g","contentUrl":"https:\/\/secure.gravatar.com\/avatar\/16ab12bea2743901812c1ec603a48cc65b4e7af25043bec48c2742b27028075e?s=96&d=mm&r=g","caption":"redacao"},"sameAs":["http:\/\/alternativafm.com\/site"],"url":"https:\/\/alternativafm.com\/site\/author\/redacao\/"}]}},"jetpack_publicize_connections":[],"jetpack_shortlink":"https:\/\/wp.me\/pccBN3-cth","jetpack-related-posts":[{"id":4123,"url":"https:\/\/alternativafm.com\/site\/tres-pessoas-sao-presas-suspeitas-de-trafico-de-drogas\/","url_meta":{"origin":47943,"position":0},"title":"Tr\u00eas pessoas s\u00e3o presas suspeitas de tr\u00e1fico de drogas","author":"redacao","date":"janeiro 6, 2021","format":false,"excerpt":"https:\/\/youtu.be\/wv4UBTtsYEw","rel":"","context":"Em &quot;GERAL&quot;","block_context":{"text":"GERAL","link":"https:\/\/alternativafm.com\/site\/category\/geral\/"},"img":{"alt_text":"","src":"https:\/\/i0.wp.com\/img.youtube.com\/vi\/wv4UBTtsYEw\/0.jpg?resize=350%2C200","width":350,"height":200},"classes":[]},{"id":5226,"url":"https:\/\/alternativafm.com\/site\/homens-presos-por-trafico-de-drogas-em-icarai-de-minas\/","url_meta":{"origin":47943,"position":1},"title":"Homens presos por tr\u00e1fico de drogas em Icara\u00ed de Minas","author":"redacao","date":"fevereiro 16, 2021","format":false,"excerpt":"No domingo (dia 14\/02), por volta das 17:00 horas, a Pol\u00edcia Militar na cidade de Icara\u00ed de Minas realizou opera\u00e7\u00e3o Batida Policial com foco no combate ao tr\u00e1fico de entorpecentes. As equipes realizavam patrulhamento pelo bairro Planalto, local alvo de den\u00fancias envolvendo tr\u00e1fico de drogas, quando ao se aproximarem de\u2026","rel":"","context":"Em &quot;DESTAQUE&quot;","block_context":{"text":"DESTAQUE","link":"https:\/\/alternativafm.com\/site\/category\/destaque\/"},"img":{"alt_text":"","src":"","width":0,"height":0},"classes":[]},{"id":5257,"url":"https:\/\/alternativafm.com\/site\/inteligencia-da-pm-de-sao-francisco-prende-suspeitos-que-chegaram-a-cidade-para-comercializarem-entorpecentes\/","url_meta":{"origin":47943,"position":2},"title":"Intelig\u00eancia da PM de S\u00e3o Francisco prende suspeitos que chegaram \u00e0 cidade para comercializarem entorpecentes","author":"redacao","date":"fevereiro 17, 2021","format":false,"excerpt":"Ontem ter\u00e7a-feira (16\/02), por volta das 19:00h, o Servi\u00e7o de Intelig\u00eancia da Pol\u00edcia Militar aqui de S\u00e3o Francisco tomou conhecimento que um suspeito havia chegado recentemente na cidade para comercializar entorpecentes. O suposto tr\u00e1fico de drogas estava ocorrendo na Avenida Arnaldo Lima, no bairro S\u00e3o Lucas. Uma opera\u00e7\u00e3o de Batida\u2026","rel":"","context":"Em &quot;DESTAQUE&quot;","block_context":{"text":"DESTAQUE","link":"https:\/\/alternativafm.com\/site\/category\/destaque\/"},"img":{"alt_text":"","src":"","width":0,"height":0},"classes":[]},{"id":52024,"url":"https:\/\/alternativafm.com\/site\/acao-da-policia-civil-prende-homem-suspeito-de-trafico-de-drogas\/","url_meta":{"origin":47943,"position":3},"title":"A\u00e7\u00e3o da Pol\u00edcia Civil prende homem suspeito de tr\u00e1fico de drogas","author":"redacao","date":"setembro 11, 2025","format":false,"excerpt":"https:\/\/youtu.be\/vB3I836-MNw","rel":"","context":"Em &quot;GERAL&quot;","block_context":{"text":"GERAL","link":"https:\/\/alternativafm.com\/site\/category\/geral\/"},"img":{"alt_text":"","src":"https:\/\/i0.wp.com\/img.youtube.com\/vi\/vB3I836-MNw\/0.jpg?resize=350%2C200","width":350,"height":200},"classes":[]},{"id":5148,"url":"https:\/\/alternativafm.com\/site\/policia-militar-realiza-operacao-policial-em-icarai-de-minas\/","url_meta":{"origin":47943,"position":4},"title":"Pol\u00edcia Militar realiza  Opera\u00e7\u00e3o Policial em Icara\u00ed de Minas","author":"redacao","date":"fevereiro 13, 2021","format":false,"excerpt":"Ontem(12), por volta das 11h00 a Pol\u00edcia Militar realizou uma Opera\u00e7\u00e3o Policial no munic\u00edpio de Icara\u00ed de Minas, com intuito de prevenir homic\u00eddios e combater o tr\u00e1fico il\u00edcito de entorpecentes. Dois suspeitos de praticarem o tr\u00e1fico il\u00edcito de entorpecentes foram presos. A opera\u00e7\u00e3o foi iniciada a partir de informa\u00e7\u00f5es do\u2026","rel":"","context":"Em &quot;DESTAQUE&quot;","block_context":{"text":"DESTAQUE","link":"https:\/\/alternativafm.com\/site\/category\/destaque\/"},"img":{"alt_text":"","src":"","width":0,"height":0},"classes":[]},{"id":45703,"url":"https:\/\/alternativafm.com\/site\/homem-e-preso-por-trafico-de-drogas-na-vila-verde\/","url_meta":{"origin":47943,"position":5},"title":"Homem \u00e9 preso por tr\u00e1fico de drogas na Vila Verde","author":"redacao","date":"janeiro 30, 2025","format":false,"excerpt":"https:\/\/www.youtube.com\/embed\/D65UQUSKQwk","rel":"","context":"Post similar","block_context":{"text":"Post similar","link":""},"img":{"alt_text":"","src":"https:\/\/i0.wp.com\/alternativafm.com\/site\/wp-content\/uploads\/WhatsApp-Image-2025-01-28-at-19.05.03-e1738237728982.jpeg?resize=350%2C200&ssl=1","width":350,"height":200,"srcset":"https:\/\/i0.wp.com\/alternativafm.com\/site\/wp-content\/uploads\/WhatsApp-Image-2025-01-28-at-19.05.03-e1738237728982.jpeg?resize=350%2C200&ssl=1 1x, https:\/\/i0.wp.com\/alternativafm.com\/site\/wp-content\/uploads\/WhatsApp-Image-2025-01-28-at-19.05.03-e1738237728982.jpeg?resize=525%2C300&ssl=1 1.5x, https:\/\/i0.wp.com\/alternativafm.com\/site\/wp-content\/uploads\/WhatsApp-Image-2025-01-28-at-19.05.03-e1738237728982.jpeg?resize=700%2C400&ssl=1 2x"},"classes":[]}],"jetpack_sharing_enabled":true,"jetpack_likes_enabled":true,"jetpack_featured_media_url":"https:\/\/alternativafm.com\/site\/wp-content\/uploads\/WhatsApp-Image-2025-04-15-at-16.56.14-e1744922087558.jpeg","_links":{"self":[{"href":"https:\/\/alternativafm.com\/site\/wp-json\/wp\/v2\/posts\/47943","targetHints":{"allow":["GET"]}}],"collection":[{"href":"https:\/\/alternativafm.com\/site\/wp-json\/wp\/v2\/posts"}],"about":[{"href":"https:\/\/alternativafm.com\/site\/wp-json\/wp\/v2\/types\/post"}],"author":[{"embeddable":true,"href":"https:\/\/alternativafm.com\/site\/wp-json\/wp\/v2\/users\/1"}],"replies":[{"embeddable":true,"href":"https:\/\/alternativafm.com\/site\/wp-json\/wp\/v2\/comments?post=47943"}],"version-history":[{"count":2,"href":"https:\/\/alternativafm.com\/site\/wp-json\/wp\/v2\/posts\/47943\/revisions"}],"predecessor-version":[{"id":47946,"href":"https:\/\/alternativafm.com\/site\/wp-json\/wp\/v2\/posts\/47943\/revisions\/47946"}],"wp:featuredmedia":[{"embeddable":true,"href":"https:\/\/alternativafm.com\/site\/wp-json\/wp\/v2\/media\/47938"}],"wp:attachment":[{"href":"https:\/\/alternativafm.com\/site\/wp-json\/wp\/v2\/media?parent=47943"}],"wp:term":[{"taxonomy":"category","embeddable":true,"href":"https:\/\/alternativafm.com\/site\/wp-json\/wp\/v2\/categories?post=47943"},{"taxonomy":"post_tag","embeddable":true,"href":"https:\/\/alternativafm.com\/site\/wp-json\/wp\/v2\/tags?post=47943"}],"curies":[{"name":"wp","href":"https:\/\/api.w.org\/{rel}","templated":true}]}}