{"id":48128,"date":"2025-04-24T12:21:26","date_gmt":"2025-04-24T12:21:26","guid":{"rendered":"https:\/\/alternativafm.com\/site\/?p=48128"},"modified":"2025-04-24T12:21:28","modified_gmt":"2025-04-24T12:21:28","slug":"briga-em-familia-termina-com-presos-e-arma-de-fogo-apreendida-no-croata","status":"publish","type":"post","link":"https:\/\/alternativafm.com\/site\/briga-em-familia-termina-com-presos-e-arma-de-fogo-apreendida-no-croata\/","title":{"rendered":"Briga em fam\u00edlia termina com presos e arma de fogo apreendida no Croat\u00e1"},"content":{"rendered":"\n<figure class=\"wp-block-embed is-type-video is-provider-youtube wp-block-embed-youtube wp-embed-aspect-16-9 wp-has-aspect-ratio\"><div class=\"wp-block-embed__wrapper\">\n<iframe loading=\"lazy\" title=\"Briga em fam\u00edlia termina com presos e arma de fogo apreendida no Croat\u00e1\" width=\"640\" height=\"360\" src=\"https:\/\/www.youtube.com\/embed\/28P6_AaKS1M?feature=oembed\" frameborder=\"0\" allow=\"accelerometer; autoplay; clipboard-write; encrypted-media; gyroscope; picture-in-picture; web-share\" referrerpolicy=\"strict-origin-when-cross-origin\" allowfullscreen><\/iframe>\n<\/div><\/figure>\n","protected":false},"excerpt":{"rendered":"","protected":false},"author":1,"featured_media":48129,"comment_status":"open","ping_status":"open","sticky":false,"template":"","format":"standard","meta":{"_jetpack_newsletter_access":"","_jetpack_dont_email_post_to_subs":false,"_jetpack_newsletter_tier_id":0,"_jetpack_memberships_contains_paywalled_content":false,"_jetpack_feature_clip_id":0,"_jetpack_memberships_contains_paid_content":false,"footnotes":"","jetpack_publicize_message":"","jetpack_publicize_feature_enabled":true,"jetpack_social_post_already_shared":true,"jetpack_social_options":{"image_generator_settings":{"template":"highway","default_image_id":0,"font":"","enabled":false},"version":2},"jetpack_post_was_ever_published":false},"categories":[6,2],"tags":[],"class_list":["post-48128","post","type-post","status-publish","format-standard","has-post-thumbnail","hentry","category-geral","category-policia"],"yoast_head":"<!-- This site is optimized with the Yoast SEO plugin v27.2 - https:\/\/yoast.com\/product\/yoast-seo-wordpress\/ -->\n<title>Briga em fam\u00edlia termina com presos e arma de fogo apreendida no Croat\u00e1 - Alternativa FM | 90,7 FM<\/title>\n<meta name=\"robots\" content=\"index, follow, max-snippet:-1, max-image-preview:large, max-video-preview:-1\" \/>\n<link rel=\"canonical\" href=\"https:\/\/alternativafm.com\/site\/briga-em-familia-termina-com-presos-e-arma-de-fogo-apreendida-no-croata\/\" \/>\n<meta property=\"og:locale\" content=\"pt_BR\" \/>\n<meta property=\"og:type\" content=\"article\" \/>\n<meta property=\"og:title\" content=\"Briga em fam\u00edlia termina com presos e arma de fogo apreendida no Croat\u00e1 - Alternativa FM | 90,7 FM\" \/>\n<meta property=\"og:url\" content=\"https:\/\/alternativafm.com\/site\/briga-em-familia-termina-com-presos-e-arma-de-fogo-apreendida-no-croata\/\" \/>\n<meta property=\"og:site_name\" content=\"Alternativa FM | 90,7 FM\" \/>\n<meta property=\"article:published_time\" content=\"2025-04-24T12:21:26+00:00\" \/>\n<meta property=\"article:modified_time\" content=\"2025-04-24T12:21:28+00:00\" \/>\n<meta property=\"og:image\" content=\"https:\/\/alternativafm.com\/site\/wp-content\/uploads\/WhatsApp-Image-2025-04-23-at-09.33.06-e1745497266463.jpeg\" \/>\n\t<meta property=\"og:image:width\" content=\"333\" \/>\n\t<meta property=\"og:image:height\" content=\"187\" \/>\n\t<meta property=\"og:image:type\" content=\"image\/jpeg\" \/>\n<meta name=\"author\" content=\"redacao\" \/>\n<meta name=\"twitter:card\" content=\"summary_large_image\" \/>\n<meta name=\"twitter:label1\" content=\"Escrito por\" \/>\n\t<meta name=\"twitter:data1\" content=\"redacao\" \/>\n\t<meta name=\"twitter:label2\" content=\"Est. tempo de leitura\" \/>\n\t<meta name=\"twitter:data2\" content=\"1 minuto\" \/>\n<script type=\"application\/ld+json\" class=\"yoast-schema-graph\">{\"@context\":\"https:\/\/schema.org\",\"@graph\":[{\"@type\":\"Article\",\"@id\":\"https:\/\/alternativafm.com\/site\/briga-em-familia-termina-com-presos-e-arma-de-fogo-apreendida-no-croata\/#article\",\"isPartOf\":{\"@id\":\"https:\/\/alternativafm.com\/site\/briga-em-familia-termina-com-presos-e-arma-de-fogo-apreendida-no-croata\/\"},\"author\":{\"name\":\"redacao\",\"@id\":\"https:\/\/alternativafm.com\/site\/#\/schema\/person\/6b1ac1374b404fe65adc2da2ea4e902a\"},\"headline\":\"Briga em fam\u00edlia termina com presos e arma de fogo apreendida no Croat\u00e1\",\"datePublished\":\"2025-04-24T12:21:26+00:00\",\"dateModified\":\"2025-04-24T12:21:28+00:00\",\"mainEntityOfPage\":{\"@id\":\"https:\/\/alternativafm.com\/site\/briga-em-familia-termina-com-presos-e-arma-de-fogo-apreendida-no-croata\/\"},\"wordCount\":20,\"commentCount\":0,\"publisher\":{\"@id\":\"https:\/\/alternativafm.com\/site\/#organization\"},\"image\":{\"@id\":\"https:\/\/alternativafm.com\/site\/briga-em-familia-termina-com-presos-e-arma-de-fogo-apreendida-no-croata\/#primaryimage\"},\"thumbnailUrl\":\"https:\/\/alternativafm.com\/site\/wp-content\/uploads\/WhatsApp-Image-2025-04-23-at-09.33.06-e1745497266463.jpeg\",\"articleSection\":[\"GERAL\",\"POL\u00cdCIA\"],\"inLanguage\":\"pt-BR\",\"potentialAction\":[{\"@type\":\"CommentAction\",\"name\":\"Comment\",\"target\":[\"https:\/\/alternativafm.com\/site\/briga-em-familia-termina-com-presos-e-arma-de-fogo-apreendida-no-croata\/#respond\"]}]},{\"@type\":\"WebPage\",\"@id\":\"https:\/\/alternativafm.com\/site\/briga-em-familia-termina-com-presos-e-arma-de-fogo-apreendida-no-croata\/\",\"url\":\"https:\/\/alternativafm.com\/site\/briga-em-familia-termina-com-presos-e-arma-de-fogo-apreendida-no-croata\/\",\"name\":\"Briga em fam\u00edlia termina com presos e arma de fogo apreendida no Croat\u00e1 - Alternativa FM | 90,7 FM\",\"isPartOf\":{\"@id\":\"https:\/\/alternativafm.com\/site\/#website\"},\"primaryImageOfPage\":{\"@id\":\"https:\/\/alternativafm.com\/site\/briga-em-familia-termina-com-presos-e-arma-de-fogo-apreendida-no-croata\/#primaryimage\"},\"image\":{\"@id\":\"https:\/\/alternativafm.com\/site\/briga-em-familia-termina-com-presos-e-arma-de-fogo-apreendida-no-croata\/#primaryimage\"},\"thumbnailUrl\":\"https:\/\/alternativafm.com\/site\/wp-content\/uploads\/WhatsApp-Image-2025-04-23-at-09.33.06-e1745497266463.jpeg\",\"datePublished\":\"2025-04-24T12:21:26+00:00\",\"dateModified\":\"2025-04-24T12:21:28+00:00\",\"breadcrumb\":{\"@id\":\"https:\/\/alternativafm.com\/site\/briga-em-familia-termina-com-presos-e-arma-de-fogo-apreendida-no-croata\/#breadcrumb\"},\"inLanguage\":\"pt-BR\",\"potentialAction\":[{\"@type\":\"ReadAction\",\"target\":[\"https:\/\/alternativafm.com\/site\/briga-em-familia-termina-com-presos-e-arma-de-fogo-apreendida-no-croata\/\"]}]},{\"@type\":\"ImageObject\",\"inLanguage\":\"pt-BR\",\"@id\":\"https:\/\/alternativafm.com\/site\/briga-em-familia-termina-com-presos-e-arma-de-fogo-apreendida-no-croata\/#primaryimage\",\"url\":\"https:\/\/alternativafm.com\/site\/wp-content\/uploads\/WhatsApp-Image-2025-04-23-at-09.33.06-e1745497266463.jpeg\",\"contentUrl\":\"https:\/\/alternativafm.com\/site\/wp-content\/uploads\/WhatsApp-Image-2025-04-23-at-09.33.06-e1745497266463.jpeg\",\"width\":333,\"height\":187},{\"@type\":\"BreadcrumbList\",\"@id\":\"https:\/\/alternativafm.com\/site\/briga-em-familia-termina-com-presos-e-arma-de-fogo-apreendida-no-croata\/#breadcrumb\",\"itemListElement\":[{\"@type\":\"ListItem\",\"position\":1,\"name\":\"In\u00edcio\",\"item\":\"https:\/\/alternativafm.com\/site\/\"},{\"@type\":\"ListItem\",\"position\":2,\"name\":\"Briga em fam\u00edlia termina com presos e arma de fogo apreendida no Croat\u00e1\"}]},{\"@type\":\"WebSite\",\"@id\":\"https:\/\/alternativafm.com\/site\/#website\",\"url\":\"https:\/\/alternativafm.com\/site\/\",\"name\":\"Alternativa FM | 90,7 FM\",\"description\":\"\",\"publisher\":{\"@id\":\"https:\/\/alternativafm.com\/site\/#organization\"},\"potentialAction\":[{\"@type\":\"SearchAction\",\"target\":{\"@type\":\"EntryPoint\",\"urlTemplate\":\"https:\/\/alternativafm.com\/site\/?s={search_term_string}\"},\"query-input\":{\"@type\":\"PropertyValueSpecification\",\"valueRequired\":true,\"valueName\":\"search_term_string\"}}],\"inLanguage\":\"pt-BR\"},{\"@type\":\"Organization\",\"@id\":\"https:\/\/alternativafm.com\/site\/#organization\",\"name\":\"Alternativa FM | 90,7 FM\",\"url\":\"https:\/\/alternativafm.com\/site\/\",\"logo\":{\"@type\":\"ImageObject\",\"inLanguage\":\"pt-BR\",\"@id\":\"https:\/\/alternativafm.com\/site\/#\/schema\/logo\/image\/\",\"url\":\"https:\/\/alternativafm.com\/site\/wp-content\/uploads\/2020\/07\/LOGOMARCA2.png\",\"contentUrl\":\"https:\/\/alternativafm.com\/site\/wp-content\/uploads\/2020\/07\/LOGOMARCA2.png\",\"width\":1352,\"height\":464,\"caption\":\"Alternativa FM | 90,7 FM\"},\"image\":{\"@id\":\"https:\/\/alternativafm.com\/site\/#\/schema\/logo\/image\/\"}},{\"@type\":\"Person\",\"@id\":\"https:\/\/alternativafm.com\/site\/#\/schema\/person\/6b1ac1374b404fe65adc2da2ea4e902a\",\"name\":\"redacao\",\"image\":{\"@type\":\"ImageObject\",\"inLanguage\":\"pt-BR\",\"@id\":\"https:\/\/secure.gravatar.com\/avatar\/16ab12bea2743901812c1ec603a48cc65b4e7af25043bec48c2742b27028075e?s=96&d=mm&r=g\",\"url\":\"https:\/\/secure.gravatar.com\/avatar\/16ab12bea2743901812c1ec603a48cc65b4e7af25043bec48c2742b27028075e?s=96&d=mm&r=g\",\"contentUrl\":\"https:\/\/secure.gravatar.com\/avatar\/16ab12bea2743901812c1ec603a48cc65b4e7af25043bec48c2742b27028075e?s=96&d=mm&r=g\",\"caption\":\"redacao\"},\"sameAs\":[\"http:\/\/alternativafm.com\/site\"],\"url\":\"https:\/\/alternativafm.com\/site\/author\/redacao\/\"}]}<\/script>\n<!-- \/ Yoast SEO plugin. -->","yoast_head_json":{"title":"Briga em fam\u00edlia termina com presos e arma de fogo apreendida no Croat\u00e1 - Alternativa FM | 90,7 FM","robots":{"index":"index","follow":"follow","max-snippet":"max-snippet:-1","max-image-preview":"max-image-preview:large","max-video-preview":"max-video-preview:-1"},"canonical":"https:\/\/alternativafm.com\/site\/briga-em-familia-termina-com-presos-e-arma-de-fogo-apreendida-no-croata\/","og_locale":"pt_BR","og_type":"article","og_title":"Briga em fam\u00edlia termina com presos e arma de fogo apreendida no Croat\u00e1 - Alternativa FM | 90,7 FM","og_url":"https:\/\/alternativafm.com\/site\/briga-em-familia-termina-com-presos-e-arma-de-fogo-apreendida-no-croata\/","og_site_name":"Alternativa FM | 90,7 FM","article_published_time":"2025-04-24T12:21:26+00:00","article_modified_time":"2025-04-24T12:21:28+00:00","og_image":[{"width":333,"height":187,"url":"https:\/\/alternativafm.com\/site\/wp-content\/uploads\/WhatsApp-Image-2025-04-23-at-09.33.06-e1745497266463.jpeg","type":"image\/jpeg"}],"author":"redacao","twitter_card":"summary_large_image","twitter_misc":{"Escrito por":"redacao","Est. tempo de leitura":"1 minuto"},"schema":{"@context":"https:\/\/schema.org","@graph":[{"@type":"Article","@id":"https:\/\/alternativafm.com\/site\/briga-em-familia-termina-com-presos-e-arma-de-fogo-apreendida-no-croata\/#article","isPartOf":{"@id":"https:\/\/alternativafm.com\/site\/briga-em-familia-termina-com-presos-e-arma-de-fogo-apreendida-no-croata\/"},"author":{"name":"redacao","@id":"https:\/\/alternativafm.com\/site\/#\/schema\/person\/6b1ac1374b404fe65adc2da2ea4e902a"},"headline":"Briga em fam\u00edlia termina com presos e arma de fogo apreendida no Croat\u00e1","datePublished":"2025-04-24T12:21:26+00:00","dateModified":"2025-04-24T12:21:28+00:00","mainEntityOfPage":{"@id":"https:\/\/alternativafm.com\/site\/briga-em-familia-termina-com-presos-e-arma-de-fogo-apreendida-no-croata\/"},"wordCount":20,"commentCount":0,"publisher":{"@id":"https:\/\/alternativafm.com\/site\/#organization"},"image":{"@id":"https:\/\/alternativafm.com\/site\/briga-em-familia-termina-com-presos-e-arma-de-fogo-apreendida-no-croata\/#primaryimage"},"thumbnailUrl":"https:\/\/alternativafm.com\/site\/wp-content\/uploads\/WhatsApp-Image-2025-04-23-at-09.33.06-e1745497266463.jpeg","articleSection":["GERAL","POL\u00cdCIA"],"inLanguage":"pt-BR","potentialAction":[{"@type":"CommentAction","name":"Comment","target":["https:\/\/alternativafm.com\/site\/briga-em-familia-termina-com-presos-e-arma-de-fogo-apreendida-no-croata\/#respond"]}]},{"@type":"WebPage","@id":"https:\/\/alternativafm.com\/site\/briga-em-familia-termina-com-presos-e-arma-de-fogo-apreendida-no-croata\/","url":"https:\/\/alternativafm.com\/site\/briga-em-familia-termina-com-presos-e-arma-de-fogo-apreendida-no-croata\/","name":"Briga em fam\u00edlia termina com presos e arma de fogo apreendida no Croat\u00e1 - Alternativa FM | 90,7 FM","isPartOf":{"@id":"https:\/\/alternativafm.com\/site\/#website"},"primaryImageOfPage":{"@id":"https:\/\/alternativafm.com\/site\/briga-em-familia-termina-com-presos-e-arma-de-fogo-apreendida-no-croata\/#primaryimage"},"image":{"@id":"https:\/\/alternativafm.com\/site\/briga-em-familia-termina-com-presos-e-arma-de-fogo-apreendida-no-croata\/#primaryimage"},"thumbnailUrl":"https:\/\/alternativafm.com\/site\/wp-content\/uploads\/WhatsApp-Image-2025-04-23-at-09.33.06-e1745497266463.jpeg","datePublished":"2025-04-24T12:21:26+00:00","dateModified":"2025-04-24T12:21:28+00:00","breadcrumb":{"@id":"https:\/\/alternativafm.com\/site\/briga-em-familia-termina-com-presos-e-arma-de-fogo-apreendida-no-croata\/#breadcrumb"},"inLanguage":"pt-BR","potentialAction":[{"@type":"ReadAction","target":["https:\/\/alternativafm.com\/site\/briga-em-familia-termina-com-presos-e-arma-de-fogo-apreendida-no-croata\/"]}]},{"@type":"ImageObject","inLanguage":"pt-BR","@id":"https:\/\/alternativafm.com\/site\/briga-em-familia-termina-com-presos-e-arma-de-fogo-apreendida-no-croata\/#primaryimage","url":"https:\/\/alternativafm.com\/site\/wp-content\/uploads\/WhatsApp-Image-2025-04-23-at-09.33.06-e1745497266463.jpeg","contentUrl":"https:\/\/alternativafm.com\/site\/wp-content\/uploads\/WhatsApp-Image-2025-04-23-at-09.33.06-e1745497266463.jpeg","width":333,"height":187},{"@type":"BreadcrumbList","@id":"https:\/\/alternativafm.com\/site\/briga-em-familia-termina-com-presos-e-arma-de-fogo-apreendida-no-croata\/#breadcrumb","itemListElement":[{"@type":"ListItem","position":1,"name":"In\u00edcio","item":"https:\/\/alternativafm.com\/site\/"},{"@type":"ListItem","position":2,"name":"Briga em fam\u00edlia termina com presos e arma de fogo apreendida no Croat\u00e1"}]},{"@type":"WebSite","@id":"https:\/\/alternativafm.com\/site\/#website","url":"https:\/\/alternativafm.com\/site\/","name":"Alternativa FM | 90,7 FM","description":"","publisher":{"@id":"https:\/\/alternativafm.com\/site\/#organization"},"potentialAction":[{"@type":"SearchAction","target":{"@type":"EntryPoint","urlTemplate":"https:\/\/alternativafm.com\/site\/?s={search_term_string}"},"query-input":{"@type":"PropertyValueSpecification","valueRequired":true,"valueName":"search_term_string"}}],"inLanguage":"pt-BR"},{"@type":"Organization","@id":"https:\/\/alternativafm.com\/site\/#organization","name":"Alternativa FM | 90,7 FM","url":"https:\/\/alternativafm.com\/site\/","logo":{"@type":"ImageObject","inLanguage":"pt-BR","@id":"https:\/\/alternativafm.com\/site\/#\/schema\/logo\/image\/","url":"https:\/\/alternativafm.com\/site\/wp-content\/uploads\/2020\/07\/LOGOMARCA2.png","contentUrl":"https:\/\/alternativafm.com\/site\/wp-content\/uploads\/2020\/07\/LOGOMARCA2.png","width":1352,"height":464,"caption":"Alternativa FM | 90,7 FM"},"image":{"@id":"https:\/\/alternativafm.com\/site\/#\/schema\/logo\/image\/"}},{"@type":"Person","@id":"https:\/\/alternativafm.com\/site\/#\/schema\/person\/6b1ac1374b404fe65adc2da2ea4e902a","name":"redacao","image":{"@type":"ImageObject","inLanguage":"pt-BR","@id":"https:\/\/secure.gravatar.com\/avatar\/16ab12bea2743901812c1ec603a48cc65b4e7af25043bec48c2742b27028075e?s=96&d=mm&r=g","url":"https:\/\/secure.gravatar.com\/avatar\/16ab12bea2743901812c1ec603a48cc65b4e7af25043bec48c2742b27028075e?s=96&d=mm&r=g","contentUrl":"https:\/\/secure.gravatar.com\/avatar\/16ab12bea2743901812c1ec603a48cc65b4e7af25043bec48c2742b27028075e?s=96&d=mm&r=g","caption":"redacao"},"sameAs":["http:\/\/alternativafm.com\/site"],"url":"https:\/\/alternativafm.com\/site\/author\/redacao\/"}]}},"jetpack_publicize_connections":[],"jetpack_shortlink":"https:\/\/wp.me\/pccBN3-cwg","jetpack-related-posts":[{"id":18376,"url":"https:\/\/alternativafm.com\/site\/preso-por-porte-ilegal-de-arma-de-fogo-em-lontra\/","url_meta":{"origin":48128,"position":0},"title":"Preso por porte ilegal de arma de fogo em Lontra","author":"redacao","date":"junho 23, 2022","format":false,"excerpt":"Na zona rural de Lontra, um homem, de 45 anos, foi preso por porte ilegal de arma de fogo ap\u00f3s se envolver em uma confus\u00e3o durante uma comemora\u00e7\u00e3o de fogueira na madrugada de ontem, quarta-feira. Segundo a Pol\u00edcia Militar, as equipes foram at\u00e9 o local e, ap\u00f3s levantamentos de informa\u00e7\u00f5es\u2026","rel":"","context":"Em &quot;GERAL&quot;","block_context":{"text":"GERAL","link":"https:\/\/alternativafm.com\/site\/category\/geral\/"},"img":{"alt_text":"","src":"","width":0,"height":0},"classes":[]},{"id":44302,"url":"https:\/\/alternativafm.com\/site\/homem-preso-por-trafico-e-posse-ilegal-de-arma-de-fogo\/","url_meta":{"origin":48128,"position":1},"title":"Homem preso por tr\u00e1fico e posse ilegal de arma de fogo","author":"redacao","date":"dezembro 5, 2024","format":false,"excerpt":"Homem preso por tr\u00e1fico e posse ilegal de arma de fogo https:\/\/youtu.be\/nnqkRWlaQnk?si=yBnQBFOe4OTXBFVJ","rel":"","context":"Em &quot;GERAL&quot;","block_context":{"text":"GERAL","link":"https:\/\/alternativafm.com\/site\/category\/geral\/"},"img":{"alt_text":"","src":"https:\/\/i0.wp.com\/img.youtube.com\/vi\/nnqkRWlaQnk\/0.jpg?resize=350%2C200","width":350,"height":200},"classes":[]},{"id":44299,"url":"https:\/\/alternativafm.com\/site\/jovem-de-18-anos-e-preso-por-porte-ilegal-de-arma-de-fogo\/","url_meta":{"origin":48128,"position":2},"title":"Jovem de 18 anos \u00e9 preso por porte ilegal de arma de fogo","author":"redacao","date":"dezembro 5, 2024","format":false,"excerpt":"Jovem de 18 anos \u00e9 preso por porte ilegal de arma de fogo https:\/\/youtu.be\/70TFCpB0tZ8?si=UESr_I03T2bMubKu","rel":"","context":"Em &quot;CIDADE&quot;","block_context":{"text":"CIDADE","link":"https:\/\/alternativafm.com\/site\/category\/cidade\/"},"img":{"alt_text":"","src":"https:\/\/i0.wp.com\/img.youtube.com\/vi\/70TFCpB0tZ8\/0.jpg?resize=350%2C200","width":350,"height":200},"classes":[]},{"id":15668,"url":"https:\/\/alternativafm.com\/site\/briga-disparos-de-arma-de-fogo-e-pessoas-feridas-em-via-publica\/","url_meta":{"origin":48128,"position":3},"title":"Briga, disparos de arma de fogo e pessoas feridas em via p\u00fablica","author":"redacao","date":"mar\u00e7o 2, 2022","format":false,"excerpt":"https:\/\/youtu.be\/tjxiaTr9caI","rel":"","context":"Em &quot;GERAL&quot;","block_context":{"text":"GERAL","link":"https:\/\/alternativafm.com\/site\/category\/geral\/"},"img":{"alt_text":"","src":"https:\/\/i0.wp.com\/img.youtube.com\/vi\/tjxiaTr9caI\/0.jpg?resize=350%2C200","width":350,"height":200},"classes":[]},{"id":42562,"url":"https:\/\/alternativafm.com\/site\/policia-militar-apreende-arma-de-fogo-balas-e-um-coldre\/","url_meta":{"origin":48128,"position":4},"title":"Pol\u00edcia Militar apreende arma de fogo, balas e um coldre","author":"redacao","date":"outubro 10, 2024","format":false,"excerpt":"https:\/\/youtu.be\/uvJDdtKdztA","rel":"","context":"Em &quot;GERAL&quot;","block_context":{"text":"GERAL","link":"https:\/\/alternativafm.com\/site\/category\/geral\/"},"img":{"alt_text":"","src":"https:\/\/i0.wp.com\/img.youtube.com\/vi\/uvJDdtKdztA\/0.jpg?resize=350%2C200","width":350,"height":200},"classes":[]},{"id":42580,"url":"https:\/\/alternativafm.com\/site\/policia-militar-apreende-arma-de-fogo-em-itacarambi\/","url_meta":{"origin":48128,"position":5},"title":"Pol\u00edcia Militar apreende arma de fogo em Itacarambi","author":"redacao","date":"outubro 10, 2024","format":false,"excerpt":"https:\/\/youtu.be\/2R2rBjEj3Ag","rel":"","context":"Em &quot;GERAL&quot;","block_context":{"text":"GERAL","link":"https:\/\/alternativafm.com\/site\/category\/geral\/"},"img":{"alt_text":"","src":"https:\/\/i0.wp.com\/img.youtube.com\/vi\/2R2rBjEj3Ag\/0.jpg?resize=350%2C200","width":350,"height":200},"classes":[]}],"jetpack_sharing_enabled":true,"jetpack_likes_enabled":true,"jetpack_featured_media_url":"https:\/\/alternativafm.com\/site\/wp-content\/uploads\/WhatsApp-Image-2025-04-23-at-09.33.06-e1745497266463.jpeg","_links":{"self":[{"href":"https:\/\/alternativafm.com\/site\/wp-json\/wp\/v2\/posts\/48128","targetHints":{"allow":["GET"]}}],"collection":[{"href":"https:\/\/alternativafm.com\/site\/wp-json\/wp\/v2\/posts"}],"about":[{"href":"https:\/\/alternativafm.com\/site\/wp-json\/wp\/v2\/types\/post"}],"author":[{"embeddable":true,"href":"https:\/\/alternativafm.com\/site\/wp-json\/wp\/v2\/users\/1"}],"replies":[{"embeddable":true,"href":"https:\/\/alternativafm.com\/site\/wp-json\/wp\/v2\/comments?post=48128"}],"version-history":[{"count":1,"href":"https:\/\/alternativafm.com\/site\/wp-json\/wp\/v2\/posts\/48128\/revisions"}],"predecessor-version":[{"id":48130,"href":"https:\/\/alternativafm.com\/site\/wp-json\/wp\/v2\/posts\/48128\/revisions\/48130"}],"wp:featuredmedia":[{"embeddable":true,"href":"https:\/\/alternativafm.com\/site\/wp-json\/wp\/v2\/media\/48129"}],"wp:attachment":[{"href":"https:\/\/alternativafm.com\/site\/wp-json\/wp\/v2\/media?parent=48128"}],"wp:term":[{"taxonomy":"category","embeddable":true,"href":"https:\/\/alternativafm.com\/site\/wp-json\/wp\/v2\/categories?post=48128"},{"taxonomy":"post_tag","embeddable":true,"href":"https:\/\/alternativafm.com\/site\/wp-json\/wp\/v2\/tags?post=48128"}],"curies":[{"name":"wp","href":"https:\/\/api.w.org\/{rel}","templated":true}]}}