{"id":48206,"date":"2025-04-26T13:53:47","date_gmt":"2025-04-26T13:53:47","guid":{"rendered":"https:\/\/alternativafm.com\/site\/?p=48206"},"modified":"2025-04-26T13:53:48","modified_gmt":"2025-04-26T13:53:48","slug":"jovem-e-preso-suspeito-de-roubar-e-agredir-idoso-na-vila-sao-vicente-em-januaria","status":"publish","type":"post","link":"https:\/\/alternativafm.com\/site\/jovem-e-preso-suspeito-de-roubar-e-agredir-idoso-na-vila-sao-vicente-em-januaria\/","title":{"rendered":"Jovem \u00e9 preso suspeito de roubar e agredir idoso na Vila S\u00e3o Vicente, em Janu\u00e1ria"},"content":{"rendered":"\n<figure class=\"wp-block-embed is-type-video is-provider-youtube wp-block-embed-youtube wp-embed-aspect-16-9 wp-has-aspect-ratio\"><div class=\"wp-block-embed__wrapper\">\n<iframe loading=\"lazy\" title=\"Jovem \u00e9 preso suspeito de roubar e agredir idoso na Vila S\u00e3o Vicente, em Janu\u00e1ria\" width=\"640\" height=\"360\" src=\"https:\/\/www.youtube.com\/embed\/VWBolfMgh60?feature=oembed\" frameborder=\"0\" allow=\"accelerometer; autoplay; clipboard-write; encrypted-media; gyroscope; picture-in-picture; web-share\" referrerpolicy=\"strict-origin-when-cross-origin\" allowfullscreen><\/iframe>\n<\/div><\/figure>\n","protected":false},"excerpt":{"rendered":"","protected":false},"author":1,"featured_media":48207,"comment_status":"open","ping_status":"open","sticky":false,"template":"","format":"standard","meta":{"_jetpack_newsletter_access":"","_jetpack_dont_email_post_to_subs":false,"_jetpack_newsletter_tier_id":0,"_jetpack_memberships_contains_paywalled_content":false,"_jetpack_feature_clip_id":0,"_jetpack_memberships_contains_paid_content":false,"footnotes":"","jetpack_publicize_message":"","jetpack_publicize_feature_enabled":true,"jetpack_social_post_already_shared":true,"jetpack_social_options":{"image_generator_settings":{"template":"highway","default_image_id":0,"font":"","enabled":false},"version":2},"jetpack_post_was_ever_published":false},"categories":[6,2],"tags":[],"class_list":["post-48206","post","type-post","status-publish","format-standard","has-post-thumbnail","hentry","category-geral","category-policia"],"yoast_head":"<!-- This site is optimized with the Yoast SEO plugin v27.2 - https:\/\/yoast.com\/product\/yoast-seo-wordpress\/ -->\n<title>Jovem \u00e9 preso suspeito de roubar e agredir idoso na Vila S\u00e3o Vicente, em Janu\u00e1ria - Alternativa FM | 90,7 FM<\/title>\n<meta name=\"robots\" content=\"index, follow, max-snippet:-1, max-image-preview:large, max-video-preview:-1\" \/>\n<link rel=\"canonical\" href=\"https:\/\/alternativafm.com\/site\/jovem-e-preso-suspeito-de-roubar-e-agredir-idoso-na-vila-sao-vicente-em-januaria\/\" \/>\n<meta property=\"og:locale\" content=\"pt_BR\" \/>\n<meta property=\"og:type\" content=\"article\" \/>\n<meta property=\"og:title\" content=\"Jovem \u00e9 preso suspeito de roubar e agredir idoso na Vila S\u00e3o Vicente, em Janu\u00e1ria - Alternativa FM | 90,7 FM\" \/>\n<meta property=\"og:url\" content=\"https:\/\/alternativafm.com\/site\/jovem-e-preso-suspeito-de-roubar-e-agredir-idoso-na-vila-sao-vicente-em-januaria\/\" \/>\n<meta property=\"og:site_name\" content=\"Alternativa FM | 90,7 FM\" \/>\n<meta property=\"article:published_time\" content=\"2025-04-26T13:53:47+00:00\" \/>\n<meta property=\"article:modified_time\" content=\"2025-04-26T13:53:48+00:00\" \/>\n<meta property=\"og:image\" content=\"https:\/\/alternativafm.com\/site\/wp-content\/uploads\/WhatsApp-Image-2025-04-25-at-16.58.39-e1745675607274.jpeg\" \/>\n\t<meta property=\"og:image:width\" content=\"333\" \/>\n\t<meta property=\"og:image:height\" content=\"592\" \/>\n\t<meta property=\"og:image:type\" content=\"image\/jpeg\" \/>\n<meta name=\"author\" content=\"redacao\" \/>\n<meta name=\"twitter:card\" content=\"summary_large_image\" \/>\n<meta name=\"twitter:label1\" content=\"Escrito por\" \/>\n\t<meta name=\"twitter:data1\" content=\"redacao\" \/>\n\t<meta name=\"twitter:label2\" content=\"Est. tempo de leitura\" \/>\n\t<meta name=\"twitter:data2\" content=\"1 minuto\" \/>\n<script type=\"application\/ld+json\" class=\"yoast-schema-graph\">{\"@context\":\"https:\/\/schema.org\",\"@graph\":[{\"@type\":\"Article\",\"@id\":\"https:\/\/alternativafm.com\/site\/jovem-e-preso-suspeito-de-roubar-e-agredir-idoso-na-vila-sao-vicente-em-januaria\/#article\",\"isPartOf\":{\"@id\":\"https:\/\/alternativafm.com\/site\/jovem-e-preso-suspeito-de-roubar-e-agredir-idoso-na-vila-sao-vicente-em-januaria\/\"},\"author\":{\"name\":\"redacao\",\"@id\":\"https:\/\/alternativafm.com\/site\/#\/schema\/person\/6b1ac1374b404fe65adc2da2ea4e902a\"},\"headline\":\"Jovem \u00e9 preso suspeito de roubar e agredir idoso na Vila S\u00e3o Vicente, em Janu\u00e1ria\",\"datePublished\":\"2025-04-26T13:53:47+00:00\",\"dateModified\":\"2025-04-26T13:53:48+00:00\",\"mainEntityOfPage\":{\"@id\":\"https:\/\/alternativafm.com\/site\/jovem-e-preso-suspeito-de-roubar-e-agredir-idoso-na-vila-sao-vicente-em-januaria\/\"},\"wordCount\":20,\"commentCount\":0,\"publisher\":{\"@id\":\"https:\/\/alternativafm.com\/site\/#organization\"},\"image\":{\"@id\":\"https:\/\/alternativafm.com\/site\/jovem-e-preso-suspeito-de-roubar-e-agredir-idoso-na-vila-sao-vicente-em-januaria\/#primaryimage\"},\"thumbnailUrl\":\"https:\/\/alternativafm.com\/site\/wp-content\/uploads\/WhatsApp-Image-2025-04-25-at-16.58.39-e1745675607274.jpeg\",\"articleSection\":[\"GERAL\",\"POL\u00cdCIA\"],\"inLanguage\":\"pt-BR\",\"potentialAction\":[{\"@type\":\"CommentAction\",\"name\":\"Comment\",\"target\":[\"https:\/\/alternativafm.com\/site\/jovem-e-preso-suspeito-de-roubar-e-agredir-idoso-na-vila-sao-vicente-em-januaria\/#respond\"]}]},{\"@type\":\"WebPage\",\"@id\":\"https:\/\/alternativafm.com\/site\/jovem-e-preso-suspeito-de-roubar-e-agredir-idoso-na-vila-sao-vicente-em-januaria\/\",\"url\":\"https:\/\/alternativafm.com\/site\/jovem-e-preso-suspeito-de-roubar-e-agredir-idoso-na-vila-sao-vicente-em-januaria\/\",\"name\":\"Jovem \u00e9 preso suspeito de roubar e agredir idoso na Vila S\u00e3o Vicente, em Janu\u00e1ria - Alternativa FM | 90,7 FM\",\"isPartOf\":{\"@id\":\"https:\/\/alternativafm.com\/site\/#website\"},\"primaryImageOfPage\":{\"@id\":\"https:\/\/alternativafm.com\/site\/jovem-e-preso-suspeito-de-roubar-e-agredir-idoso-na-vila-sao-vicente-em-januaria\/#primaryimage\"},\"image\":{\"@id\":\"https:\/\/alternativafm.com\/site\/jovem-e-preso-suspeito-de-roubar-e-agredir-idoso-na-vila-sao-vicente-em-januaria\/#primaryimage\"},\"thumbnailUrl\":\"https:\/\/alternativafm.com\/site\/wp-content\/uploads\/WhatsApp-Image-2025-04-25-at-16.58.39-e1745675607274.jpeg\",\"datePublished\":\"2025-04-26T13:53:47+00:00\",\"dateModified\":\"2025-04-26T13:53:48+00:00\",\"breadcrumb\":{\"@id\":\"https:\/\/alternativafm.com\/site\/jovem-e-preso-suspeito-de-roubar-e-agredir-idoso-na-vila-sao-vicente-em-januaria\/#breadcrumb\"},\"inLanguage\":\"pt-BR\",\"potentialAction\":[{\"@type\":\"ReadAction\",\"target\":[\"https:\/\/alternativafm.com\/site\/jovem-e-preso-suspeito-de-roubar-e-agredir-idoso-na-vila-sao-vicente-em-januaria\/\"]}]},{\"@type\":\"ImageObject\",\"inLanguage\":\"pt-BR\",\"@id\":\"https:\/\/alternativafm.com\/site\/jovem-e-preso-suspeito-de-roubar-e-agredir-idoso-na-vila-sao-vicente-em-januaria\/#primaryimage\",\"url\":\"https:\/\/alternativafm.com\/site\/wp-content\/uploads\/WhatsApp-Image-2025-04-25-at-16.58.39-e1745675607274.jpeg\",\"contentUrl\":\"https:\/\/alternativafm.com\/site\/wp-content\/uploads\/WhatsApp-Image-2025-04-25-at-16.58.39-e1745675607274.jpeg\",\"width\":333,\"height\":592},{\"@type\":\"BreadcrumbList\",\"@id\":\"https:\/\/alternativafm.com\/site\/jovem-e-preso-suspeito-de-roubar-e-agredir-idoso-na-vila-sao-vicente-em-januaria\/#breadcrumb\",\"itemListElement\":[{\"@type\":\"ListItem\",\"position\":1,\"name\":\"In\u00edcio\",\"item\":\"https:\/\/alternativafm.com\/site\/\"},{\"@type\":\"ListItem\",\"position\":2,\"name\":\"Jovem \u00e9 preso suspeito de roubar e agredir idoso na Vila S\u00e3o Vicente, em Janu\u00e1ria\"}]},{\"@type\":\"WebSite\",\"@id\":\"https:\/\/alternativafm.com\/site\/#website\",\"url\":\"https:\/\/alternativafm.com\/site\/\",\"name\":\"Alternativa FM | 90,7 FM\",\"description\":\"\",\"publisher\":{\"@id\":\"https:\/\/alternativafm.com\/site\/#organization\"},\"potentialAction\":[{\"@type\":\"SearchAction\",\"target\":{\"@type\":\"EntryPoint\",\"urlTemplate\":\"https:\/\/alternativafm.com\/site\/?s={search_term_string}\"},\"query-input\":{\"@type\":\"PropertyValueSpecification\",\"valueRequired\":true,\"valueName\":\"search_term_string\"}}],\"inLanguage\":\"pt-BR\"},{\"@type\":\"Organization\",\"@id\":\"https:\/\/alternativafm.com\/site\/#organization\",\"name\":\"Alternativa FM | 90,7 FM\",\"url\":\"https:\/\/alternativafm.com\/site\/\",\"logo\":{\"@type\":\"ImageObject\",\"inLanguage\":\"pt-BR\",\"@id\":\"https:\/\/alternativafm.com\/site\/#\/schema\/logo\/image\/\",\"url\":\"https:\/\/alternativafm.com\/site\/wp-content\/uploads\/2020\/07\/LOGOMARCA2.png\",\"contentUrl\":\"https:\/\/alternativafm.com\/site\/wp-content\/uploads\/2020\/07\/LOGOMARCA2.png\",\"width\":1352,\"height\":464,\"caption\":\"Alternativa FM | 90,7 FM\"},\"image\":{\"@id\":\"https:\/\/alternativafm.com\/site\/#\/schema\/logo\/image\/\"}},{\"@type\":\"Person\",\"@id\":\"https:\/\/alternativafm.com\/site\/#\/schema\/person\/6b1ac1374b404fe65adc2da2ea4e902a\",\"name\":\"redacao\",\"image\":{\"@type\":\"ImageObject\",\"inLanguage\":\"pt-BR\",\"@id\":\"https:\/\/secure.gravatar.com\/avatar\/16ab12bea2743901812c1ec603a48cc65b4e7af25043bec48c2742b27028075e?s=96&d=mm&r=g\",\"url\":\"https:\/\/secure.gravatar.com\/avatar\/16ab12bea2743901812c1ec603a48cc65b4e7af25043bec48c2742b27028075e?s=96&d=mm&r=g\",\"contentUrl\":\"https:\/\/secure.gravatar.com\/avatar\/16ab12bea2743901812c1ec603a48cc65b4e7af25043bec48c2742b27028075e?s=96&d=mm&r=g\",\"caption\":\"redacao\"},\"sameAs\":[\"http:\/\/alternativafm.com\/site\"],\"url\":\"https:\/\/alternativafm.com\/site\/author\/redacao\/\"}]}<\/script>\n<!-- \/ Yoast SEO plugin. -->","yoast_head_json":{"title":"Jovem \u00e9 preso suspeito de roubar e agredir idoso na Vila S\u00e3o Vicente, em Janu\u00e1ria - Alternativa FM | 90,7 FM","robots":{"index":"index","follow":"follow","max-snippet":"max-snippet:-1","max-image-preview":"max-image-preview:large","max-video-preview":"max-video-preview:-1"},"canonical":"https:\/\/alternativafm.com\/site\/jovem-e-preso-suspeito-de-roubar-e-agredir-idoso-na-vila-sao-vicente-em-januaria\/","og_locale":"pt_BR","og_type":"article","og_title":"Jovem \u00e9 preso suspeito de roubar e agredir idoso na Vila S\u00e3o Vicente, em Janu\u00e1ria - Alternativa FM | 90,7 FM","og_url":"https:\/\/alternativafm.com\/site\/jovem-e-preso-suspeito-de-roubar-e-agredir-idoso-na-vila-sao-vicente-em-januaria\/","og_site_name":"Alternativa FM | 90,7 FM","article_published_time":"2025-04-26T13:53:47+00:00","article_modified_time":"2025-04-26T13:53:48+00:00","og_image":[{"width":333,"height":592,"url":"https:\/\/alternativafm.com\/site\/wp-content\/uploads\/WhatsApp-Image-2025-04-25-at-16.58.39-e1745675607274.jpeg","type":"image\/jpeg"}],"author":"redacao","twitter_card":"summary_large_image","twitter_misc":{"Escrito por":"redacao","Est. tempo de leitura":"1 minuto"},"schema":{"@context":"https:\/\/schema.org","@graph":[{"@type":"Article","@id":"https:\/\/alternativafm.com\/site\/jovem-e-preso-suspeito-de-roubar-e-agredir-idoso-na-vila-sao-vicente-em-januaria\/#article","isPartOf":{"@id":"https:\/\/alternativafm.com\/site\/jovem-e-preso-suspeito-de-roubar-e-agredir-idoso-na-vila-sao-vicente-em-januaria\/"},"author":{"name":"redacao","@id":"https:\/\/alternativafm.com\/site\/#\/schema\/person\/6b1ac1374b404fe65adc2da2ea4e902a"},"headline":"Jovem \u00e9 preso suspeito de roubar e agredir idoso na Vila S\u00e3o Vicente, em Janu\u00e1ria","datePublished":"2025-04-26T13:53:47+00:00","dateModified":"2025-04-26T13:53:48+00:00","mainEntityOfPage":{"@id":"https:\/\/alternativafm.com\/site\/jovem-e-preso-suspeito-de-roubar-e-agredir-idoso-na-vila-sao-vicente-em-januaria\/"},"wordCount":20,"commentCount":0,"publisher":{"@id":"https:\/\/alternativafm.com\/site\/#organization"},"image":{"@id":"https:\/\/alternativafm.com\/site\/jovem-e-preso-suspeito-de-roubar-e-agredir-idoso-na-vila-sao-vicente-em-januaria\/#primaryimage"},"thumbnailUrl":"https:\/\/alternativafm.com\/site\/wp-content\/uploads\/WhatsApp-Image-2025-04-25-at-16.58.39-e1745675607274.jpeg","articleSection":["GERAL","POL\u00cdCIA"],"inLanguage":"pt-BR","potentialAction":[{"@type":"CommentAction","name":"Comment","target":["https:\/\/alternativafm.com\/site\/jovem-e-preso-suspeito-de-roubar-e-agredir-idoso-na-vila-sao-vicente-em-januaria\/#respond"]}]},{"@type":"WebPage","@id":"https:\/\/alternativafm.com\/site\/jovem-e-preso-suspeito-de-roubar-e-agredir-idoso-na-vila-sao-vicente-em-januaria\/","url":"https:\/\/alternativafm.com\/site\/jovem-e-preso-suspeito-de-roubar-e-agredir-idoso-na-vila-sao-vicente-em-januaria\/","name":"Jovem \u00e9 preso suspeito de roubar e agredir idoso na Vila S\u00e3o Vicente, em Janu\u00e1ria - Alternativa FM | 90,7 FM","isPartOf":{"@id":"https:\/\/alternativafm.com\/site\/#website"},"primaryImageOfPage":{"@id":"https:\/\/alternativafm.com\/site\/jovem-e-preso-suspeito-de-roubar-e-agredir-idoso-na-vila-sao-vicente-em-januaria\/#primaryimage"},"image":{"@id":"https:\/\/alternativafm.com\/site\/jovem-e-preso-suspeito-de-roubar-e-agredir-idoso-na-vila-sao-vicente-em-januaria\/#primaryimage"},"thumbnailUrl":"https:\/\/alternativafm.com\/site\/wp-content\/uploads\/WhatsApp-Image-2025-04-25-at-16.58.39-e1745675607274.jpeg","datePublished":"2025-04-26T13:53:47+00:00","dateModified":"2025-04-26T13:53:48+00:00","breadcrumb":{"@id":"https:\/\/alternativafm.com\/site\/jovem-e-preso-suspeito-de-roubar-e-agredir-idoso-na-vila-sao-vicente-em-januaria\/#breadcrumb"},"inLanguage":"pt-BR","potentialAction":[{"@type":"ReadAction","target":["https:\/\/alternativafm.com\/site\/jovem-e-preso-suspeito-de-roubar-e-agredir-idoso-na-vila-sao-vicente-em-januaria\/"]}]},{"@type":"ImageObject","inLanguage":"pt-BR","@id":"https:\/\/alternativafm.com\/site\/jovem-e-preso-suspeito-de-roubar-e-agredir-idoso-na-vila-sao-vicente-em-januaria\/#primaryimage","url":"https:\/\/alternativafm.com\/site\/wp-content\/uploads\/WhatsApp-Image-2025-04-25-at-16.58.39-e1745675607274.jpeg","contentUrl":"https:\/\/alternativafm.com\/site\/wp-content\/uploads\/WhatsApp-Image-2025-04-25-at-16.58.39-e1745675607274.jpeg","width":333,"height":592},{"@type":"BreadcrumbList","@id":"https:\/\/alternativafm.com\/site\/jovem-e-preso-suspeito-de-roubar-e-agredir-idoso-na-vila-sao-vicente-em-januaria\/#breadcrumb","itemListElement":[{"@type":"ListItem","position":1,"name":"In\u00edcio","item":"https:\/\/alternativafm.com\/site\/"},{"@type":"ListItem","position":2,"name":"Jovem \u00e9 preso suspeito de roubar e agredir idoso na Vila S\u00e3o Vicente, em Janu\u00e1ria"}]},{"@type":"WebSite","@id":"https:\/\/alternativafm.com\/site\/#website","url":"https:\/\/alternativafm.com\/site\/","name":"Alternativa FM | 90,7 FM","description":"","publisher":{"@id":"https:\/\/alternativafm.com\/site\/#organization"},"potentialAction":[{"@type":"SearchAction","target":{"@type":"EntryPoint","urlTemplate":"https:\/\/alternativafm.com\/site\/?s={search_term_string}"},"query-input":{"@type":"PropertyValueSpecification","valueRequired":true,"valueName":"search_term_string"}}],"inLanguage":"pt-BR"},{"@type":"Organization","@id":"https:\/\/alternativafm.com\/site\/#organization","name":"Alternativa FM | 90,7 FM","url":"https:\/\/alternativafm.com\/site\/","logo":{"@type":"ImageObject","inLanguage":"pt-BR","@id":"https:\/\/alternativafm.com\/site\/#\/schema\/logo\/image\/","url":"https:\/\/alternativafm.com\/site\/wp-content\/uploads\/2020\/07\/LOGOMARCA2.png","contentUrl":"https:\/\/alternativafm.com\/site\/wp-content\/uploads\/2020\/07\/LOGOMARCA2.png","width":1352,"height":464,"caption":"Alternativa FM | 90,7 FM"},"image":{"@id":"https:\/\/alternativafm.com\/site\/#\/schema\/logo\/image\/"}},{"@type":"Person","@id":"https:\/\/alternativafm.com\/site\/#\/schema\/person\/6b1ac1374b404fe65adc2da2ea4e902a","name":"redacao","image":{"@type":"ImageObject","inLanguage":"pt-BR","@id":"https:\/\/secure.gravatar.com\/avatar\/16ab12bea2743901812c1ec603a48cc65b4e7af25043bec48c2742b27028075e?s=96&d=mm&r=g","url":"https:\/\/secure.gravatar.com\/avatar\/16ab12bea2743901812c1ec603a48cc65b4e7af25043bec48c2742b27028075e?s=96&d=mm&r=g","contentUrl":"https:\/\/secure.gravatar.com\/avatar\/16ab12bea2743901812c1ec603a48cc65b4e7af25043bec48c2742b27028075e?s=96&d=mm&r=g","caption":"redacao"},"sameAs":["http:\/\/alternativafm.com\/site"],"url":"https:\/\/alternativafm.com\/site\/author\/redacao\/"}]}},"jetpack_publicize_connections":[],"jetpack_shortlink":"https:\/\/wp.me\/pccBN3-cxw","jetpack-related-posts":[{"id":60061,"url":"https:\/\/alternativafm.com\/site\/preso-suspeito-pela-morte-de-jovem-no-bairro-teixeira-bastos\/","url_meta":{"origin":48206,"position":0},"title":"Preso suspeito pela morte de jovem no Bairro Teixeira Bastos","author":"redacao","date":"setembro 1, 2026","format":false,"excerpt":"https:\/\/youtu.be\/6TZDKJULjkA","rel":"","context":"Em &quot;CIDADE&quot;","block_context":{"text":"CIDADE","link":"https:\/\/alternativafm.com\/site\/category\/cidade\/"},"img":{"alt_text":"","src":"https:\/\/i0.wp.com\/img.youtube.com\/vi\/6TZDKJULjkA\/0.jpg?resize=350%2C200","width":350,"height":200},"classes":[]},{"id":56590,"url":"https:\/\/alternativafm.com\/site\/duas-mulheres-suspeitas-de-roubo-sao-presas-pela-policia-civil-em-conego-marinho\/","url_meta":{"origin":48206,"position":1},"title":"Duas mulheres suspeitas de roubo s\u00e3o presas pela Pol\u00edcia Civil em C\u00f4nego Marinho","author":"redacao","date":"mar\u00e7o 6, 2026","format":false,"excerpt":"https:\/\/youtu.be\/WxCiDyZYomE","rel":"","context":"Em &quot;GERAL&quot;","block_context":{"text":"GERAL","link":"https:\/\/alternativafm.com\/site\/category\/geral\/"},"img":{"alt_text":"","src":"https:\/\/i0.wp.com\/img.youtube.com\/vi\/WxCiDyZYomE\/0.jpg?resize=350%2C200","width":350,"height":200},"classes":[]},{"id":39143,"url":"https:\/\/alternativafm.com\/site\/ocorrencias-policiais-movimentam-sao-romao-aqui-no-norte-de-minas\/","url_meta":{"origin":48206,"position":2},"title":"Ocorr\u00eancias policiais movimentam S\u00e3o Rom\u00e3o, aqui no Norte de Minas","author":"redacao","date":"junho 13, 2024","format":false,"excerpt":"Uma mulher, de 20 anos, foi agredida durante assalto com uma faca e com um golpe \u2018mata-le\u00e3o\u2019 em S\u00e3o Rom\u00e3o cidade aqui no Norte de Minas. O fato ocorreu na ter\u00e7a-feira. Ap\u00f3s ser agredida com um mata-le\u00e3o, a mulher falou que o homem sacou uma faca, e na tentativa de\u2026","rel":"","context":"Em &quot;GERAL&quot;","block_context":{"text":"GERAL","link":"https:\/\/alternativafm.com\/site\/category\/geral\/"},"img":{"alt_text":"","src":"https:\/\/i0.wp.com\/alternativafm.com\/site\/wp-content\/uploads\/pm.jpg?resize=350%2C200&ssl=1","width":350,"height":200},"classes":[]},{"id":53175,"url":"https:\/\/alternativafm.com\/site\/operacao-e-realizada-pela-policia-civil-quatro-pessoas-presas-suspeita-de-roubo-de-veiculo\/","url_meta":{"origin":48206,"position":3},"title":"Opera\u00e7\u00e3o \u00e9 realizada pela Pol\u00edcia Civil. Quatro pessoas presas suspeita de roubo de ve\u00edculo","author":"redacao","date":"outubro 23, 2025","format":false,"excerpt":"https:\/\/youtu.be\/o70HzUA7zDs","rel":"","context":"Em &quot;GERAL&quot;","block_context":{"text":"GERAL","link":"https:\/\/alternativafm.com\/site\/category\/geral\/"},"img":{"alt_text":"","src":"https:\/\/i0.wp.com\/img.youtube.com\/vi\/o70HzUA7zDs\/0.jpg?resize=350%2C200","width":350,"height":200},"classes":[]},{"id":43449,"url":"https:\/\/alternativafm.com\/site\/suspeitos-caem-de-motocicleta-e-um-deles-e-preso-por-receptacao\/","url_meta":{"origin":48206,"position":4},"title":"Suspeitos caem de motocicleta e um deles \u00e9 preso por recepta\u00e7\u00e3o","author":"redacao","date":"novembro 7, 2024","format":false,"excerpt":"Essa ocorr\u00eancia foi registrada no dia 30 de outubro, durante opera\u00e7\u00e3o realizada pela Pol\u00edcia Militar. Dois suspeitos em uma motocicleta foram abordados pela Pol\u00edcia Militar na Vila S\u00e3o Domingos, pr\u00f3ximo ao Gin\u00e1sio Esportivo. https:\/\/www.youtube.com\/embed\/Zl6BvbcOQ_k","rel":"","context":"Em &quot;GERAL&quot;","block_context":{"text":"GERAL","link":"https:\/\/alternativafm.com\/site\/category\/geral\/"},"img":{"alt_text":"","src":"","width":0,"height":0},"classes":[]},{"id":41896,"url":"https:\/\/alternativafm.com\/site\/suspeito-de-praticar-furtos-e-roubos-na-regiao-foi-preso-em-montalvania\/","url_meta":{"origin":48206,"position":5},"title":"Suspeito de praticar furtos e roubos na regi\u00e3o foi preso em Montalv\u00e2nia","author":"redacao","date":"setembro 19, 2024","format":false,"excerpt":"https:\/\/youtu.be\/uovBssJwpAs","rel":"","context":"Em &quot;GERAL&quot;","block_context":{"text":"GERAL","link":"https:\/\/alternativafm.com\/site\/category\/geral\/"},"img":{"alt_text":"","src":"https:\/\/i0.wp.com\/img.youtube.com\/vi\/uovBssJwpAs\/0.jpg?resize=350%2C200","width":350,"height":200},"classes":[]}],"jetpack_sharing_enabled":true,"jetpack_likes_enabled":true,"jetpack_featured_media_url":"https:\/\/alternativafm.com\/site\/wp-content\/uploads\/WhatsApp-Image-2025-04-25-at-16.58.39-e1745675607274.jpeg","_links":{"self":[{"href":"https:\/\/alternativafm.com\/site\/wp-json\/wp\/v2\/posts\/48206","targetHints":{"allow":["GET"]}}],"collection":[{"href":"https:\/\/alternativafm.com\/site\/wp-json\/wp\/v2\/posts"}],"about":[{"href":"https:\/\/alternativafm.com\/site\/wp-json\/wp\/v2\/types\/post"}],"author":[{"embeddable":true,"href":"https:\/\/alternativafm.com\/site\/wp-json\/wp\/v2\/users\/1"}],"replies":[{"embeddable":true,"href":"https:\/\/alternativafm.com\/site\/wp-json\/wp\/v2\/comments?post=48206"}],"version-history":[{"count":1,"href":"https:\/\/alternativafm.com\/site\/wp-json\/wp\/v2\/posts\/48206\/revisions"}],"predecessor-version":[{"id":48208,"href":"https:\/\/alternativafm.com\/site\/wp-json\/wp\/v2\/posts\/48206\/revisions\/48208"}],"wp:featuredmedia":[{"embeddable":true,"href":"https:\/\/alternativafm.com\/site\/wp-json\/wp\/v2\/media\/48207"}],"wp:attachment":[{"href":"https:\/\/alternativafm.com\/site\/wp-json\/wp\/v2\/media?parent=48206"}],"wp:term":[{"taxonomy":"category","embeddable":true,"href":"https:\/\/alternativafm.com\/site\/wp-json\/wp\/v2\/categories?post=48206"},{"taxonomy":"post_tag","embeddable":true,"href":"https:\/\/alternativafm.com\/site\/wp-json\/wp\/v2\/tags?post=48206"}],"curies":[{"name":"wp","href":"https:\/\/api.w.org\/{rel}","templated":true}]}}