{"id":48471,"date":"2025-05-07T15:53:30","date_gmt":"2025-05-07T15:53:30","guid":{"rendered":"https:\/\/alternativafm.com\/site\/?p=48471"},"modified":"2025-05-07T15:53:32","modified_gmt":"2025-05-07T15:53:32","slug":"muitas-ocorrencias-no-rota-30-de-hoje","status":"publish","type":"post","link":"https:\/\/alternativafm.com\/site\/muitas-ocorrencias-no-rota-30-de-hoje\/","title":{"rendered":"Muitas ocorr\u00eancias no Rota 30 de hoje!"},"content":{"rendered":"\n<p class=\"wp-block-paragraph\">Mulher \u00e9 presa com drogas no Bairro Teixeira Bastos Tr\u00e1fico de drogas na Vila Verde &#8211; dois homens foram presos Acidente com v\u00edtima fatal na BR 135, pr\u00f3ximo a Montalv\u00e2nia Motocicleta adultera \u00e9 apreendida em Janu\u00e1ria M\u00e3e denuncia a filha por abandono de incapaz Pol\u00edcia Rodovi\u00e1ria apreende grande quantidade de drogas em Janu\u00e1ria Autor de estupro \u00e9 preso pela Pol\u00edcia Militar na zona rural de Juven\u00edlia<\/p>\n\n\n\n<figure class=\"wp-block-embed is-type-video is-provider-youtube wp-block-embed-youtube wp-embed-aspect-16-9 wp-has-aspect-ratio\"><div class=\"wp-block-embed__wrapper\">\n<iframe loading=\"lazy\" title=\"Muitas ocorr\u00eancias no Rota 30 de hoje!\" width=\"640\" height=\"360\" src=\"https:\/\/www.youtube.com\/embed\/tq0fWJCul5U?feature=oembed\" frameborder=\"0\" allow=\"accelerometer; autoplay; clipboard-write; encrypted-media; gyroscope; picture-in-picture; web-share\" referrerpolicy=\"strict-origin-when-cross-origin\" allowfullscreen><\/iframe>\n<\/div><\/figure>\n","protected":false},"excerpt":{"rendered":"<p>Mulher \u00e9 presa com drogas no Bairro Teixeira Bastos Tr\u00e1fico de drogas na Vila Verde &#8211; dois homens foram presos Acidente com v\u00edtima fatal na BR 135, pr\u00f3ximo a Montalv\u00e2nia<\/p>\n","protected":false},"author":1,"featured_media":0,"comment_status":"open","ping_status":"open","sticky":false,"template":"","format":"standard","meta":{"_jetpack_newsletter_access":"","_jetpack_dont_email_post_to_subs":false,"_jetpack_newsletter_tier_id":0,"_jetpack_memberships_contains_paywalled_content":false,"_jetpack_feature_clip_id":0,"_jetpack_memberships_contains_paid_content":false,"footnotes":"","jetpack_publicize_message":"","jetpack_publicize_feature_enabled":true,"jetpack_social_post_already_shared":true,"jetpack_social_options":{"image_generator_settings":{"template":"highway","default_image_id":0,"font":"","enabled":false},"version":2},"jetpack_post_was_ever_published":false},"categories":[53,6,2,52],"tags":[],"class_list":["post-48471","post","type-post","status-publish","format-standard","hentry","category-destaque","category-geral","category-policia","category-regional"],"yoast_head":"<!-- This site is optimized with the Yoast SEO plugin v27.2 - https:\/\/yoast.com\/product\/yoast-seo-wordpress\/ -->\n<title>Muitas ocorr\u00eancias no Rota 30 de hoje! - Alternativa FM | 90,7 FM<\/title>\n<meta name=\"robots\" content=\"index, follow, max-snippet:-1, max-image-preview:large, max-video-preview:-1\" \/>\n<link rel=\"canonical\" href=\"https:\/\/alternativafm.com\/site\/muitas-ocorrencias-no-rota-30-de-hoje\/\" \/>\n<meta property=\"og:locale\" content=\"pt_BR\" \/>\n<meta property=\"og:type\" content=\"article\" \/>\n<meta property=\"og:title\" content=\"Muitas ocorr\u00eancias no Rota 30 de hoje! - Alternativa FM | 90,7 FM\" \/>\n<meta property=\"og:description\" content=\"Mulher \u00e9 presa com drogas no Bairro Teixeira Bastos Tr\u00e1fico de drogas na Vila Verde &#8211; dois homens foram presos Acidente com v\u00edtima fatal na BR 135, pr\u00f3ximo a Montalv\u00e2nia\" \/>\n<meta property=\"og:url\" content=\"https:\/\/alternativafm.com\/site\/muitas-ocorrencias-no-rota-30-de-hoje\/\" \/>\n<meta property=\"og:site_name\" content=\"Alternativa FM | 90,7 FM\" \/>\n<meta property=\"article:published_time\" content=\"2025-05-07T15:53:30+00:00\" \/>\n<meta property=\"article:modified_time\" content=\"2025-05-07T15:53:32+00:00\" \/>\n<meta name=\"author\" content=\"redacao\" \/>\n<meta name=\"twitter:card\" content=\"summary_large_image\" \/>\n<meta name=\"twitter:label1\" content=\"Escrito por\" \/>\n\t<meta name=\"twitter:data1\" content=\"redacao\" \/>\n\t<meta name=\"twitter:label2\" content=\"Est. tempo de leitura\" \/>\n\t<meta name=\"twitter:data2\" content=\"1 minuto\" \/>\n<script type=\"application\/ld+json\" class=\"yoast-schema-graph\">{\"@context\":\"https:\/\/schema.org\",\"@graph\":[{\"@type\":\"Article\",\"@id\":\"https:\/\/alternativafm.com\/site\/muitas-ocorrencias-no-rota-30-de-hoje\/#article\",\"isPartOf\":{\"@id\":\"https:\/\/alternativafm.com\/site\/muitas-ocorrencias-no-rota-30-de-hoje\/\"},\"author\":{\"name\":\"redacao\",\"@id\":\"https:\/\/alternativafm.com\/site\/#\/schema\/person\/6b1ac1374b404fe65adc2da2ea4e902a\"},\"headline\":\"Muitas ocorr\u00eancias no Rota 30 de hoje!\",\"datePublished\":\"2025-05-07T15:53:30+00:00\",\"dateModified\":\"2025-05-07T15:53:32+00:00\",\"mainEntityOfPage\":{\"@id\":\"https:\/\/alternativafm.com\/site\/muitas-ocorrencias-no-rota-30-de-hoje\/\"},\"wordCount\":86,\"commentCount\":0,\"publisher\":{\"@id\":\"https:\/\/alternativafm.com\/site\/#organization\"},\"articleSection\":[\"DESTAQUE\",\"GERAL\",\"POL\u00cdCIA\",\"REGIONAL\"],\"inLanguage\":\"pt-BR\",\"potentialAction\":[{\"@type\":\"CommentAction\",\"name\":\"Comment\",\"target\":[\"https:\/\/alternativafm.com\/site\/muitas-ocorrencias-no-rota-30-de-hoje\/#respond\"]}]},{\"@type\":\"WebPage\",\"@id\":\"https:\/\/alternativafm.com\/site\/muitas-ocorrencias-no-rota-30-de-hoje\/\",\"url\":\"https:\/\/alternativafm.com\/site\/muitas-ocorrencias-no-rota-30-de-hoje\/\",\"name\":\"Muitas ocorr\u00eancias no Rota 30 de hoje! - Alternativa FM | 90,7 FM\",\"isPartOf\":{\"@id\":\"https:\/\/alternativafm.com\/site\/#website\"},\"datePublished\":\"2025-05-07T15:53:30+00:00\",\"dateModified\":\"2025-05-07T15:53:32+00:00\",\"breadcrumb\":{\"@id\":\"https:\/\/alternativafm.com\/site\/muitas-ocorrencias-no-rota-30-de-hoje\/#breadcrumb\"},\"inLanguage\":\"pt-BR\",\"potentialAction\":[{\"@type\":\"ReadAction\",\"target\":[\"https:\/\/alternativafm.com\/site\/muitas-ocorrencias-no-rota-30-de-hoje\/\"]}]},{\"@type\":\"BreadcrumbList\",\"@id\":\"https:\/\/alternativafm.com\/site\/muitas-ocorrencias-no-rota-30-de-hoje\/#breadcrumb\",\"itemListElement\":[{\"@type\":\"ListItem\",\"position\":1,\"name\":\"In\u00edcio\",\"item\":\"https:\/\/alternativafm.com\/site\/\"},{\"@type\":\"ListItem\",\"position\":2,\"name\":\"Muitas ocorr\u00eancias no Rota 30 de hoje!\"}]},{\"@type\":\"WebSite\",\"@id\":\"https:\/\/alternativafm.com\/site\/#website\",\"url\":\"https:\/\/alternativafm.com\/site\/\",\"name\":\"Alternativa FM | 90,7 FM\",\"description\":\"\",\"publisher\":{\"@id\":\"https:\/\/alternativafm.com\/site\/#organization\"},\"potentialAction\":[{\"@type\":\"SearchAction\",\"target\":{\"@type\":\"EntryPoint\",\"urlTemplate\":\"https:\/\/alternativafm.com\/site\/?s={search_term_string}\"},\"query-input\":{\"@type\":\"PropertyValueSpecification\",\"valueRequired\":true,\"valueName\":\"search_term_string\"}}],\"inLanguage\":\"pt-BR\"},{\"@type\":\"Organization\",\"@id\":\"https:\/\/alternativafm.com\/site\/#organization\",\"name\":\"Alternativa FM | 90,7 FM\",\"url\":\"https:\/\/alternativafm.com\/site\/\",\"logo\":{\"@type\":\"ImageObject\",\"inLanguage\":\"pt-BR\",\"@id\":\"https:\/\/alternativafm.com\/site\/#\/schema\/logo\/image\/\",\"url\":\"https:\/\/alternativafm.com\/site\/wp-content\/uploads\/2020\/07\/LOGOMARCA2.png\",\"contentUrl\":\"https:\/\/alternativafm.com\/site\/wp-content\/uploads\/2020\/07\/LOGOMARCA2.png\",\"width\":1352,\"height\":464,\"caption\":\"Alternativa FM | 90,7 FM\"},\"image\":{\"@id\":\"https:\/\/alternativafm.com\/site\/#\/schema\/logo\/image\/\"}},{\"@type\":\"Person\",\"@id\":\"https:\/\/alternativafm.com\/site\/#\/schema\/person\/6b1ac1374b404fe65adc2da2ea4e902a\",\"name\":\"redacao\",\"image\":{\"@type\":\"ImageObject\",\"inLanguage\":\"pt-BR\",\"@id\":\"https:\/\/secure.gravatar.com\/avatar\/16ab12bea2743901812c1ec603a48cc65b4e7af25043bec48c2742b27028075e?s=96&d=mm&r=g\",\"url\":\"https:\/\/secure.gravatar.com\/avatar\/16ab12bea2743901812c1ec603a48cc65b4e7af25043bec48c2742b27028075e?s=96&d=mm&r=g\",\"contentUrl\":\"https:\/\/secure.gravatar.com\/avatar\/16ab12bea2743901812c1ec603a48cc65b4e7af25043bec48c2742b27028075e?s=96&d=mm&r=g\",\"caption\":\"redacao\"},\"sameAs\":[\"http:\/\/alternativafm.com\/site\"],\"url\":\"https:\/\/alternativafm.com\/site\/author\/redacao\/\"}]}<\/script>\n<!-- \/ Yoast SEO plugin. -->","yoast_head_json":{"title":"Muitas ocorr\u00eancias no Rota 30 de hoje! - Alternativa FM | 90,7 FM","robots":{"index":"index","follow":"follow","max-snippet":"max-snippet:-1","max-image-preview":"max-image-preview:large","max-video-preview":"max-video-preview:-1"},"canonical":"https:\/\/alternativafm.com\/site\/muitas-ocorrencias-no-rota-30-de-hoje\/","og_locale":"pt_BR","og_type":"article","og_title":"Muitas ocorr\u00eancias no Rota 30 de hoje! - Alternativa FM | 90,7 FM","og_description":"Mulher \u00e9 presa com drogas no Bairro Teixeira Bastos Tr\u00e1fico de drogas na Vila Verde &#8211; dois homens foram presos Acidente com v\u00edtima fatal na BR 135, pr\u00f3ximo a Montalv\u00e2nia","og_url":"https:\/\/alternativafm.com\/site\/muitas-ocorrencias-no-rota-30-de-hoje\/","og_site_name":"Alternativa FM | 90,7 FM","article_published_time":"2025-05-07T15:53:30+00:00","article_modified_time":"2025-05-07T15:53:32+00:00","author":"redacao","twitter_card":"summary_large_image","twitter_misc":{"Escrito por":"redacao","Est. tempo de leitura":"1 minuto"},"schema":{"@context":"https:\/\/schema.org","@graph":[{"@type":"Article","@id":"https:\/\/alternativafm.com\/site\/muitas-ocorrencias-no-rota-30-de-hoje\/#article","isPartOf":{"@id":"https:\/\/alternativafm.com\/site\/muitas-ocorrencias-no-rota-30-de-hoje\/"},"author":{"name":"redacao","@id":"https:\/\/alternativafm.com\/site\/#\/schema\/person\/6b1ac1374b404fe65adc2da2ea4e902a"},"headline":"Muitas ocorr\u00eancias no Rota 30 de hoje!","datePublished":"2025-05-07T15:53:30+00:00","dateModified":"2025-05-07T15:53:32+00:00","mainEntityOfPage":{"@id":"https:\/\/alternativafm.com\/site\/muitas-ocorrencias-no-rota-30-de-hoje\/"},"wordCount":86,"commentCount":0,"publisher":{"@id":"https:\/\/alternativafm.com\/site\/#organization"},"articleSection":["DESTAQUE","GERAL","POL\u00cdCIA","REGIONAL"],"inLanguage":"pt-BR","potentialAction":[{"@type":"CommentAction","name":"Comment","target":["https:\/\/alternativafm.com\/site\/muitas-ocorrencias-no-rota-30-de-hoje\/#respond"]}]},{"@type":"WebPage","@id":"https:\/\/alternativafm.com\/site\/muitas-ocorrencias-no-rota-30-de-hoje\/","url":"https:\/\/alternativafm.com\/site\/muitas-ocorrencias-no-rota-30-de-hoje\/","name":"Muitas ocorr\u00eancias no Rota 30 de hoje! - Alternativa FM | 90,7 FM","isPartOf":{"@id":"https:\/\/alternativafm.com\/site\/#website"},"datePublished":"2025-05-07T15:53:30+00:00","dateModified":"2025-05-07T15:53:32+00:00","breadcrumb":{"@id":"https:\/\/alternativafm.com\/site\/muitas-ocorrencias-no-rota-30-de-hoje\/#breadcrumb"},"inLanguage":"pt-BR","potentialAction":[{"@type":"ReadAction","target":["https:\/\/alternativafm.com\/site\/muitas-ocorrencias-no-rota-30-de-hoje\/"]}]},{"@type":"BreadcrumbList","@id":"https:\/\/alternativafm.com\/site\/muitas-ocorrencias-no-rota-30-de-hoje\/#breadcrumb","itemListElement":[{"@type":"ListItem","position":1,"name":"In\u00edcio","item":"https:\/\/alternativafm.com\/site\/"},{"@type":"ListItem","position":2,"name":"Muitas ocorr\u00eancias no Rota 30 de hoje!"}]},{"@type":"WebSite","@id":"https:\/\/alternativafm.com\/site\/#website","url":"https:\/\/alternativafm.com\/site\/","name":"Alternativa FM | 90,7 FM","description":"","publisher":{"@id":"https:\/\/alternativafm.com\/site\/#organization"},"potentialAction":[{"@type":"SearchAction","target":{"@type":"EntryPoint","urlTemplate":"https:\/\/alternativafm.com\/site\/?s={search_term_string}"},"query-input":{"@type":"PropertyValueSpecification","valueRequired":true,"valueName":"search_term_string"}}],"inLanguage":"pt-BR"},{"@type":"Organization","@id":"https:\/\/alternativafm.com\/site\/#organization","name":"Alternativa FM | 90,7 FM","url":"https:\/\/alternativafm.com\/site\/","logo":{"@type":"ImageObject","inLanguage":"pt-BR","@id":"https:\/\/alternativafm.com\/site\/#\/schema\/logo\/image\/","url":"https:\/\/alternativafm.com\/site\/wp-content\/uploads\/2020\/07\/LOGOMARCA2.png","contentUrl":"https:\/\/alternativafm.com\/site\/wp-content\/uploads\/2020\/07\/LOGOMARCA2.png","width":1352,"height":464,"caption":"Alternativa FM | 90,7 FM"},"image":{"@id":"https:\/\/alternativafm.com\/site\/#\/schema\/logo\/image\/"}},{"@type":"Person","@id":"https:\/\/alternativafm.com\/site\/#\/schema\/person\/6b1ac1374b404fe65adc2da2ea4e902a","name":"redacao","image":{"@type":"ImageObject","inLanguage":"pt-BR","@id":"https:\/\/secure.gravatar.com\/avatar\/16ab12bea2743901812c1ec603a48cc65b4e7af25043bec48c2742b27028075e?s=96&d=mm&r=g","url":"https:\/\/secure.gravatar.com\/avatar\/16ab12bea2743901812c1ec603a48cc65b4e7af25043bec48c2742b27028075e?s=96&d=mm&r=g","contentUrl":"https:\/\/secure.gravatar.com\/avatar\/16ab12bea2743901812c1ec603a48cc65b4e7af25043bec48c2742b27028075e?s=96&d=mm&r=g","caption":"redacao"},"sameAs":["http:\/\/alternativafm.com\/site"],"url":"https:\/\/alternativafm.com\/site\/author\/redacao\/"}]}},"jetpack_publicize_connections":[],"jetpack_shortlink":"https:\/\/wp.me\/pccBN3-cBN","jetpack-related-posts":[{"id":5226,"url":"https:\/\/alternativafm.com\/site\/homens-presos-por-trafico-de-drogas-em-icarai-de-minas\/","url_meta":{"origin":48471,"position":0},"title":"Homens presos por tr\u00e1fico de drogas em Icara\u00ed de Minas","author":"redacao","date":"fevereiro 16, 2021","format":false,"excerpt":"No domingo (dia 14\/02), por volta das 17:00 horas, a Pol\u00edcia Militar na cidade de Icara\u00ed de Minas realizou opera\u00e7\u00e3o Batida Policial com foco no combate ao tr\u00e1fico de entorpecentes. As equipes realizavam patrulhamento pelo bairro Planalto, local alvo de den\u00fancias envolvendo tr\u00e1fico de drogas, quando ao se aproximarem de\u2026","rel":"","context":"Em &quot;DESTAQUE&quot;","block_context":{"text":"DESTAQUE","link":"https:\/\/alternativafm.com\/site\/category\/destaque\/"},"img":{"alt_text":"","src":"","width":0,"height":0},"classes":[]},{"id":644,"url":"https:\/\/alternativafm.com\/site\/pessoas-detidas-por-trafico-em-ubai\/","url_meta":{"origin":48471,"position":1},"title":"Pessoas detidas por tr\u00e1fico em Uba\u00ed","author":"redacao","date":"agosto 20, 2020","format":false,"excerpt":"Nesta quarta-feira (19), por volta das 11h, a Pol\u00edcia Militar da cidade de Uba\u00ed recebeu den\u00fancia an\u00f4nima referente a tr\u00e1fico de drogas que ocorreria no bairro Vila Nova. Uma equipe da Pol\u00edcia Militar se deslocou e presenciou quatro indiv\u00edduos evadindo do local. Os policiais realizaram a persegui\u00e7\u00e3o e conseguiram capturar\u2026","rel":"","context":"Em &quot;DESTAQUE&quot;","block_context":{"text":"DESTAQUE","link":"https:\/\/alternativafm.com\/site\/category\/destaque\/"},"img":{"alt_text":"","src":"","width":0,"height":0},"classes":[]},{"id":44296,"url":"https:\/\/alternativafm.com\/site\/homem-e-preso-com-drogas-em-itacarambi\/","url_meta":{"origin":48471,"position":2},"title":"Homem \u00e9 preso com drogas em Itacarambi","author":"redacao","date":"dezembro 5, 2024","format":false,"excerpt":"Homem \u00e9 preso com drogas em Itacarambi https:\/\/youtu.be\/sWpU5H5saMY?si=0e6KpY0HocFfZiz-","rel":"","context":"Em &quot;GERAL&quot;","block_context":{"text":"GERAL","link":"https:\/\/alternativafm.com\/site\/category\/geral\/"},"img":{"alt_text":"","src":"https:\/\/i0.wp.com\/img.youtube.com\/vi\/sWpU5H5saMY\/0.jpg?resize=350%2C200","width":350,"height":200},"classes":[]},{"id":48702,"url":"https:\/\/alternativafm.com\/site\/em-januaria-homem-e-preso-com-drogas-no-centro\/","url_meta":{"origin":48471,"position":3},"title":"Em Janu\u00e1ria homem \u00e9 preso com drogas no centro","author":"redacao","date":"maio 15, 2025","format":false,"excerpt":"https:\/\/youtu.be\/cYQthXiegFk","rel":"","context":"Em &quot;GERAL&quot;","block_context":{"text":"GERAL","link":"https:\/\/alternativafm.com\/site\/category\/geral\/"},"img":{"alt_text":"","src":"https:\/\/i0.wp.com\/img.youtube.com\/vi\/cYQthXiegFk\/0.jpg?resize=350%2C200","width":350,"height":200},"classes":[]},{"id":48543,"url":"https:\/\/alternativafm.com\/site\/mulher-e-presa-com-drogas-em-bairro-de-januaria\/","url_meta":{"origin":48471,"position":4},"title":"Mulher \u00e9 presa com drogas em bairro de Janu\u00e1ria","author":"redacao","date":"maio 9, 2025","format":false,"excerpt":"https:\/\/youtu.be\/QA6lLqPS_Xk","rel":"","context":"Em &quot;GERAL&quot;","block_context":{"text":"GERAL","link":"https:\/\/alternativafm.com\/site\/category\/geral\/"},"img":{"alt_text":"","src":"https:\/\/i0.wp.com\/img.youtube.com\/vi\/QA6lLqPS_Xk\/0.jpg?resize=350%2C200","width":350,"height":200},"classes":[]},{"id":57179,"url":"https:\/\/alternativafm.com\/site\/jovens-presos-por-trafico-de-drogas-nesta-terca-feira-em-sao-francisco\/","url_meta":{"origin":48471,"position":5},"title":"Jovens presos por tr\u00e1fico de drogas nesta ter\u00e7a-feira em S\u00e3o Francisco","author":"redacao","date":"abril 1, 2026","format":false,"excerpt":"Dois jovens foram presos por tr\u00e1fico de drogas na madrugada desta ter\u00e7a-feira aqui em S\u00e3o Francisco. De acordo com a Pol\u00edcia Militar, a ocorr\u00eancia foi registrada durante um patrulhamento de rotina, quando os militares se depararam com um carro parado em uma avenida, com o motor desligado e os vidros\u2026","rel":"","context":"Em &quot;GERAL&quot;","block_context":{"text":"GERAL","link":"https:\/\/alternativafm.com\/site\/category\/geral\/"},"img":{"alt_text":"","src":"https:\/\/alternativafm.com\/site\/wp-content\/uploads\/sao-francisco2.avif","width":350,"height":200,"srcset":"https:\/\/alternativafm.com\/site\/wp-content\/uploads\/sao-francisco2.avif 1x, https:\/\/alternativafm.com\/site\/wp-content\/uploads\/sao-francisco2.avif 1.5x, https:\/\/alternativafm.com\/site\/wp-content\/uploads\/sao-francisco2.avif 2x"},"classes":[]}],"jetpack_sharing_enabled":true,"jetpack_likes_enabled":true,"jetpack_featured_media_url":"","_links":{"self":[{"href":"https:\/\/alternativafm.com\/site\/wp-json\/wp\/v2\/posts\/48471","targetHints":{"allow":["GET"]}}],"collection":[{"href":"https:\/\/alternativafm.com\/site\/wp-json\/wp\/v2\/posts"}],"about":[{"href":"https:\/\/alternativafm.com\/site\/wp-json\/wp\/v2\/types\/post"}],"author":[{"embeddable":true,"href":"https:\/\/alternativafm.com\/site\/wp-json\/wp\/v2\/users\/1"}],"replies":[{"embeddable":true,"href":"https:\/\/alternativafm.com\/site\/wp-json\/wp\/v2\/comments?post=48471"}],"version-history":[{"count":1,"href":"https:\/\/alternativafm.com\/site\/wp-json\/wp\/v2\/posts\/48471\/revisions"}],"predecessor-version":[{"id":48473,"href":"https:\/\/alternativafm.com\/site\/wp-json\/wp\/v2\/posts\/48471\/revisions\/48473"}],"wp:attachment":[{"href":"https:\/\/alternativafm.com\/site\/wp-json\/wp\/v2\/media?parent=48471"}],"wp:term":[{"taxonomy":"category","embeddable":true,"href":"https:\/\/alternativafm.com\/site\/wp-json\/wp\/v2\/categories?post=48471"},{"taxonomy":"post_tag","embeddable":true,"href":"https:\/\/alternativafm.com\/site\/wp-json\/wp\/v2\/tags?post=48471"}],"curies":[{"name":"wp","href":"https:\/\/api.w.org\/{rel}","templated":true}]}}