{"id":50201,"date":"2025-07-09T10:18:13","date_gmt":"2025-07-09T10:18:13","guid":{"rendered":"https:\/\/alternativafm.com\/site\/?p=50201"},"modified":"2025-07-09T10:18:14","modified_gmt":"2025-07-09T10:18:14","slug":"covid-19-nova-variante-e-confirmada-em-sao-paulo-e-no-ceara","status":"publish","type":"post","link":"https:\/\/alternativafm.com\/site\/covid-19-nova-variante-e-confirmada-em-sao-paulo-e-no-ceara\/","title":{"rendered":"COVID-19: Nova variante \u00e9 confirmada em S\u00e3o Paulo e no Cear\u00e1"},"content":{"rendered":"\n<figure class=\"wp-block-audio\"><audio controls src=\"https:\/\/alternativafm.com\/site\/wp-content\/uploads\/COVID-19-NOVA-VARIANTE-E-CONFIRMADA-EM-SAO-PAULO-E-NO-CEARA.mp3\"><\/audio><\/figure>\n","protected":false},"excerpt":{"rendered":"","protected":false},"author":1,"featured_media":4475,"comment_status":"open","ping_status":"open","sticky":false,"template":"","format":"standard","meta":{"_jetpack_newsletter_access":"","_jetpack_dont_email_post_to_subs":false,"_jetpack_newsletter_tier_id":0,"_jetpack_memberships_contains_paywalled_content":false,"_jetpack_feature_clip_id":0,"_jetpack_memberships_contains_paid_content":false,"footnotes":"","jetpack_publicize_message":"","jetpack_publicize_feature_enabled":true,"jetpack_social_post_already_shared":true,"jetpack_social_options":{"image_generator_settings":{"template":"highway","default_image_id":0,"font":"","enabled":false},"version":2},"jetpack_post_was_ever_published":false},"categories":[41],"tags":[],"class_list":["post-50201","post","type-post","status-publish","format-standard","has-post-thumbnail","hentry","category-podcast"],"yoast_head":"<!-- This site is optimized with the Yoast SEO plugin v27.2 - https:\/\/yoast.com\/product\/yoast-seo-wordpress\/ -->\n<title>COVID-19: Nova variante \u00e9 confirmada em S\u00e3o Paulo e no Cear\u00e1 - Alternativa FM | 90,7 FM<\/title>\n<meta name=\"robots\" content=\"index, follow, max-snippet:-1, max-image-preview:large, max-video-preview:-1\" \/>\n<link rel=\"canonical\" href=\"https:\/\/alternativafm.com\/site\/covid-19-nova-variante-e-confirmada-em-sao-paulo-e-no-ceara\/\" \/>\n<meta property=\"og:locale\" content=\"pt_BR\" \/>\n<meta property=\"og:type\" content=\"article\" \/>\n<meta property=\"og:title\" content=\"COVID-19: Nova variante \u00e9 confirmada em S\u00e3o Paulo e no Cear\u00e1 - Alternativa FM | 90,7 FM\" \/>\n<meta property=\"og:url\" content=\"https:\/\/alternativafm.com\/site\/covid-19-nova-variante-e-confirmada-em-sao-paulo-e-no-ceara\/\" \/>\n<meta property=\"og:site_name\" content=\"Alternativa FM | 90,7 FM\" \/>\n<meta property=\"article:published_time\" content=\"2025-07-09T10:18:13+00:00\" \/>\n<meta property=\"article:modified_time\" content=\"2025-07-09T10:18:14+00:00\" \/>\n<meta property=\"og:image\" content=\"https:\/\/alternativafm.com\/site\/wp-content\/uploads\/2021\/01\/Medico-e1611225066296.jpg\" \/>\n\t<meta property=\"og:image:width\" content=\"333\" \/>\n\t<meta property=\"og:image:height\" content=\"199\" \/>\n\t<meta property=\"og:image:type\" content=\"image\/jpeg\" \/>\n<meta name=\"author\" content=\"redacao\" \/>\n<meta name=\"twitter:card\" content=\"summary_large_image\" \/>\n<meta name=\"twitter:label1\" content=\"Escrito por\" \/>\n\t<meta name=\"twitter:data1\" content=\"redacao\" \/>\n\t<meta name=\"twitter:label2\" content=\"Est. tempo de leitura\" \/>\n\t<meta name=\"twitter:data2\" content=\"1 minuto\" \/>\n<script type=\"application\/ld+json\" class=\"yoast-schema-graph\">{\"@context\":\"https:\/\/schema.org\",\"@graph\":[{\"@type\":\"Article\",\"@id\":\"https:\/\/alternativafm.com\/site\/covid-19-nova-variante-e-confirmada-em-sao-paulo-e-no-ceara\/#article\",\"isPartOf\":{\"@id\":\"https:\/\/alternativafm.com\/site\/covid-19-nova-variante-e-confirmada-em-sao-paulo-e-no-ceara\/\"},\"author\":{\"name\":\"redacao\",\"@id\":\"https:\/\/alternativafm.com\/site\/#\/schema\/person\/6b1ac1374b404fe65adc2da2ea4e902a\"},\"headline\":\"COVID-19: Nova variante \u00e9 confirmada em S\u00e3o Paulo e no Cear\u00e1\",\"datePublished\":\"2025-07-09T10:18:13+00:00\",\"dateModified\":\"2025-07-09T10:18:14+00:00\",\"mainEntityOfPage\":{\"@id\":\"https:\/\/alternativafm.com\/site\/covid-19-nova-variante-e-confirmada-em-sao-paulo-e-no-ceara\/\"},\"wordCount\":11,\"commentCount\":0,\"publisher\":{\"@id\":\"https:\/\/alternativafm.com\/site\/#organization\"},\"image\":{\"@id\":\"https:\/\/alternativafm.com\/site\/covid-19-nova-variante-e-confirmada-em-sao-paulo-e-no-ceara\/#primaryimage\"},\"thumbnailUrl\":\"https:\/\/alternativafm.com\/site\/wp-content\/uploads\/2021\/01\/Medico-e1611225066296.jpg\",\"articleSection\":[\"PODCAST\"],\"inLanguage\":\"pt-BR\",\"potentialAction\":[{\"@type\":\"CommentAction\",\"name\":\"Comment\",\"target\":[\"https:\/\/alternativafm.com\/site\/covid-19-nova-variante-e-confirmada-em-sao-paulo-e-no-ceara\/#respond\"]}]},{\"@type\":\"WebPage\",\"@id\":\"https:\/\/alternativafm.com\/site\/covid-19-nova-variante-e-confirmada-em-sao-paulo-e-no-ceara\/\",\"url\":\"https:\/\/alternativafm.com\/site\/covid-19-nova-variante-e-confirmada-em-sao-paulo-e-no-ceara\/\",\"name\":\"COVID-19: Nova variante \u00e9 confirmada em S\u00e3o Paulo e no Cear\u00e1 - Alternativa FM | 90,7 FM\",\"isPartOf\":{\"@id\":\"https:\/\/alternativafm.com\/site\/#website\"},\"primaryImageOfPage\":{\"@id\":\"https:\/\/alternativafm.com\/site\/covid-19-nova-variante-e-confirmada-em-sao-paulo-e-no-ceara\/#primaryimage\"},\"image\":{\"@id\":\"https:\/\/alternativafm.com\/site\/covid-19-nova-variante-e-confirmada-em-sao-paulo-e-no-ceara\/#primaryimage\"},\"thumbnailUrl\":\"https:\/\/alternativafm.com\/site\/wp-content\/uploads\/2021\/01\/Medico-e1611225066296.jpg\",\"datePublished\":\"2025-07-09T10:18:13+00:00\",\"dateModified\":\"2025-07-09T10:18:14+00:00\",\"breadcrumb\":{\"@id\":\"https:\/\/alternativafm.com\/site\/covid-19-nova-variante-e-confirmada-em-sao-paulo-e-no-ceara\/#breadcrumb\"},\"inLanguage\":\"pt-BR\",\"potentialAction\":[{\"@type\":\"ReadAction\",\"target\":[\"https:\/\/alternativafm.com\/site\/covid-19-nova-variante-e-confirmada-em-sao-paulo-e-no-ceara\/\"]}]},{\"@type\":\"ImageObject\",\"inLanguage\":\"pt-BR\",\"@id\":\"https:\/\/alternativafm.com\/site\/covid-19-nova-variante-e-confirmada-em-sao-paulo-e-no-ceara\/#primaryimage\",\"url\":\"https:\/\/alternativafm.com\/site\/wp-content\/uploads\/2021\/01\/Medico-e1611225066296.jpg\",\"contentUrl\":\"https:\/\/alternativafm.com\/site\/wp-content\/uploads\/2021\/01\/Medico-e1611225066296.jpg\",\"width\":333,\"height\":199,\"caption\":\"O chefe do m\u00e9dico da UTI, Everton Padilha Gomes, examina uma radiografia de t\u00f3rax de um paciente em um hospital de campo criado para tratar pacientes que sofrem da doen\u00e7a por coronav\u00edrus (COVID-19) em Guarulhos, S\u00e3o Paulo\"},{\"@type\":\"BreadcrumbList\",\"@id\":\"https:\/\/alternativafm.com\/site\/covid-19-nova-variante-e-confirmada-em-sao-paulo-e-no-ceara\/#breadcrumb\",\"itemListElement\":[{\"@type\":\"ListItem\",\"position\":1,\"name\":\"In\u00edcio\",\"item\":\"https:\/\/alternativafm.com\/site\/\"},{\"@type\":\"ListItem\",\"position\":2,\"name\":\"COVID-19: Nova variante \u00e9 confirmada em S\u00e3o Paulo e no Cear\u00e1\"}]},{\"@type\":\"WebSite\",\"@id\":\"https:\/\/alternativafm.com\/site\/#website\",\"url\":\"https:\/\/alternativafm.com\/site\/\",\"name\":\"Alternativa FM | 90,7 FM\",\"description\":\"\",\"publisher\":{\"@id\":\"https:\/\/alternativafm.com\/site\/#organization\"},\"potentialAction\":[{\"@type\":\"SearchAction\",\"target\":{\"@type\":\"EntryPoint\",\"urlTemplate\":\"https:\/\/alternativafm.com\/site\/?s={search_term_string}\"},\"query-input\":{\"@type\":\"PropertyValueSpecification\",\"valueRequired\":true,\"valueName\":\"search_term_string\"}}],\"inLanguage\":\"pt-BR\"},{\"@type\":\"Organization\",\"@id\":\"https:\/\/alternativafm.com\/site\/#organization\",\"name\":\"Alternativa FM | 90,7 FM\",\"url\":\"https:\/\/alternativafm.com\/site\/\",\"logo\":{\"@type\":\"ImageObject\",\"inLanguage\":\"pt-BR\",\"@id\":\"https:\/\/alternativafm.com\/site\/#\/schema\/logo\/image\/\",\"url\":\"https:\/\/alternativafm.com\/site\/wp-content\/uploads\/2020\/07\/LOGOMARCA2.png\",\"contentUrl\":\"https:\/\/alternativafm.com\/site\/wp-content\/uploads\/2020\/07\/LOGOMARCA2.png\",\"width\":1352,\"height\":464,\"caption\":\"Alternativa FM | 90,7 FM\"},\"image\":{\"@id\":\"https:\/\/alternativafm.com\/site\/#\/schema\/logo\/image\/\"}},{\"@type\":\"Person\",\"@id\":\"https:\/\/alternativafm.com\/site\/#\/schema\/person\/6b1ac1374b404fe65adc2da2ea4e902a\",\"name\":\"redacao\",\"image\":{\"@type\":\"ImageObject\",\"inLanguage\":\"pt-BR\",\"@id\":\"https:\/\/secure.gravatar.com\/avatar\/16ab12bea2743901812c1ec603a48cc65b4e7af25043bec48c2742b27028075e?s=96&d=mm&r=g\",\"url\":\"https:\/\/secure.gravatar.com\/avatar\/16ab12bea2743901812c1ec603a48cc65b4e7af25043bec48c2742b27028075e?s=96&d=mm&r=g\",\"contentUrl\":\"https:\/\/secure.gravatar.com\/avatar\/16ab12bea2743901812c1ec603a48cc65b4e7af25043bec48c2742b27028075e?s=96&d=mm&r=g\",\"caption\":\"redacao\"},\"sameAs\":[\"http:\/\/alternativafm.com\/site\"],\"url\":\"https:\/\/alternativafm.com\/site\/author\/redacao\/\"}]}<\/script>\n<!-- \/ Yoast SEO plugin. -->","yoast_head_json":{"title":"COVID-19: Nova variante \u00e9 confirmada em S\u00e3o Paulo e no Cear\u00e1 - Alternativa FM | 90,7 FM","robots":{"index":"index","follow":"follow","max-snippet":"max-snippet:-1","max-image-preview":"max-image-preview:large","max-video-preview":"max-video-preview:-1"},"canonical":"https:\/\/alternativafm.com\/site\/covid-19-nova-variante-e-confirmada-em-sao-paulo-e-no-ceara\/","og_locale":"pt_BR","og_type":"article","og_title":"COVID-19: Nova variante \u00e9 confirmada em S\u00e3o Paulo e no Cear\u00e1 - Alternativa FM | 90,7 FM","og_url":"https:\/\/alternativafm.com\/site\/covid-19-nova-variante-e-confirmada-em-sao-paulo-e-no-ceara\/","og_site_name":"Alternativa FM | 90,7 FM","article_published_time":"2025-07-09T10:18:13+00:00","article_modified_time":"2025-07-09T10:18:14+00:00","og_image":[{"width":333,"height":199,"url":"https:\/\/alternativafm.com\/site\/wp-content\/uploads\/2021\/01\/Medico-e1611225066296.jpg","type":"image\/jpeg"}],"author":"redacao","twitter_card":"summary_large_image","twitter_misc":{"Escrito por":"redacao","Est. tempo de leitura":"1 minuto"},"schema":{"@context":"https:\/\/schema.org","@graph":[{"@type":"Article","@id":"https:\/\/alternativafm.com\/site\/covid-19-nova-variante-e-confirmada-em-sao-paulo-e-no-ceara\/#article","isPartOf":{"@id":"https:\/\/alternativafm.com\/site\/covid-19-nova-variante-e-confirmada-em-sao-paulo-e-no-ceara\/"},"author":{"name":"redacao","@id":"https:\/\/alternativafm.com\/site\/#\/schema\/person\/6b1ac1374b404fe65adc2da2ea4e902a"},"headline":"COVID-19: Nova variante \u00e9 confirmada em S\u00e3o Paulo e no Cear\u00e1","datePublished":"2025-07-09T10:18:13+00:00","dateModified":"2025-07-09T10:18:14+00:00","mainEntityOfPage":{"@id":"https:\/\/alternativafm.com\/site\/covid-19-nova-variante-e-confirmada-em-sao-paulo-e-no-ceara\/"},"wordCount":11,"commentCount":0,"publisher":{"@id":"https:\/\/alternativafm.com\/site\/#organization"},"image":{"@id":"https:\/\/alternativafm.com\/site\/covid-19-nova-variante-e-confirmada-em-sao-paulo-e-no-ceara\/#primaryimage"},"thumbnailUrl":"https:\/\/alternativafm.com\/site\/wp-content\/uploads\/2021\/01\/Medico-e1611225066296.jpg","articleSection":["PODCAST"],"inLanguage":"pt-BR","potentialAction":[{"@type":"CommentAction","name":"Comment","target":["https:\/\/alternativafm.com\/site\/covid-19-nova-variante-e-confirmada-em-sao-paulo-e-no-ceara\/#respond"]}]},{"@type":"WebPage","@id":"https:\/\/alternativafm.com\/site\/covid-19-nova-variante-e-confirmada-em-sao-paulo-e-no-ceara\/","url":"https:\/\/alternativafm.com\/site\/covid-19-nova-variante-e-confirmada-em-sao-paulo-e-no-ceara\/","name":"COVID-19: Nova variante \u00e9 confirmada em S\u00e3o Paulo e no Cear\u00e1 - Alternativa FM | 90,7 FM","isPartOf":{"@id":"https:\/\/alternativafm.com\/site\/#website"},"primaryImageOfPage":{"@id":"https:\/\/alternativafm.com\/site\/covid-19-nova-variante-e-confirmada-em-sao-paulo-e-no-ceara\/#primaryimage"},"image":{"@id":"https:\/\/alternativafm.com\/site\/covid-19-nova-variante-e-confirmada-em-sao-paulo-e-no-ceara\/#primaryimage"},"thumbnailUrl":"https:\/\/alternativafm.com\/site\/wp-content\/uploads\/2021\/01\/Medico-e1611225066296.jpg","datePublished":"2025-07-09T10:18:13+00:00","dateModified":"2025-07-09T10:18:14+00:00","breadcrumb":{"@id":"https:\/\/alternativafm.com\/site\/covid-19-nova-variante-e-confirmada-em-sao-paulo-e-no-ceara\/#breadcrumb"},"inLanguage":"pt-BR","potentialAction":[{"@type":"ReadAction","target":["https:\/\/alternativafm.com\/site\/covid-19-nova-variante-e-confirmada-em-sao-paulo-e-no-ceara\/"]}]},{"@type":"ImageObject","inLanguage":"pt-BR","@id":"https:\/\/alternativafm.com\/site\/covid-19-nova-variante-e-confirmada-em-sao-paulo-e-no-ceara\/#primaryimage","url":"https:\/\/alternativafm.com\/site\/wp-content\/uploads\/2021\/01\/Medico-e1611225066296.jpg","contentUrl":"https:\/\/alternativafm.com\/site\/wp-content\/uploads\/2021\/01\/Medico-e1611225066296.jpg","width":333,"height":199,"caption":"O chefe do m\u00e9dico da UTI, Everton Padilha Gomes, examina uma radiografia de t\u00f3rax de um paciente em um hospital de campo criado para tratar pacientes que sofrem da doen\u00e7a por coronav\u00edrus (COVID-19) em Guarulhos, S\u00e3o Paulo"},{"@type":"BreadcrumbList","@id":"https:\/\/alternativafm.com\/site\/covid-19-nova-variante-e-confirmada-em-sao-paulo-e-no-ceara\/#breadcrumb","itemListElement":[{"@type":"ListItem","position":1,"name":"In\u00edcio","item":"https:\/\/alternativafm.com\/site\/"},{"@type":"ListItem","position":2,"name":"COVID-19: Nova variante \u00e9 confirmada em S\u00e3o Paulo e no Cear\u00e1"}]},{"@type":"WebSite","@id":"https:\/\/alternativafm.com\/site\/#website","url":"https:\/\/alternativafm.com\/site\/","name":"Alternativa FM | 90,7 FM","description":"","publisher":{"@id":"https:\/\/alternativafm.com\/site\/#organization"},"potentialAction":[{"@type":"SearchAction","target":{"@type":"EntryPoint","urlTemplate":"https:\/\/alternativafm.com\/site\/?s={search_term_string}"},"query-input":{"@type":"PropertyValueSpecification","valueRequired":true,"valueName":"search_term_string"}}],"inLanguage":"pt-BR"},{"@type":"Organization","@id":"https:\/\/alternativafm.com\/site\/#organization","name":"Alternativa FM | 90,7 FM","url":"https:\/\/alternativafm.com\/site\/","logo":{"@type":"ImageObject","inLanguage":"pt-BR","@id":"https:\/\/alternativafm.com\/site\/#\/schema\/logo\/image\/","url":"https:\/\/alternativafm.com\/site\/wp-content\/uploads\/2020\/07\/LOGOMARCA2.png","contentUrl":"https:\/\/alternativafm.com\/site\/wp-content\/uploads\/2020\/07\/LOGOMARCA2.png","width":1352,"height":464,"caption":"Alternativa FM | 90,7 FM"},"image":{"@id":"https:\/\/alternativafm.com\/site\/#\/schema\/logo\/image\/"}},{"@type":"Person","@id":"https:\/\/alternativafm.com\/site\/#\/schema\/person\/6b1ac1374b404fe65adc2da2ea4e902a","name":"redacao","image":{"@type":"ImageObject","inLanguage":"pt-BR","@id":"https:\/\/secure.gravatar.com\/avatar\/16ab12bea2743901812c1ec603a48cc65b4e7af25043bec48c2742b27028075e?s=96&d=mm&r=g","url":"https:\/\/secure.gravatar.com\/avatar\/16ab12bea2743901812c1ec603a48cc65b4e7af25043bec48c2742b27028075e?s=96&d=mm&r=g","contentUrl":"https:\/\/secure.gravatar.com\/avatar\/16ab12bea2743901812c1ec603a48cc65b4e7af25043bec48c2742b27028075e?s=96&d=mm&r=g","caption":"redacao"},"sameAs":["http:\/\/alternativafm.com\/site"],"url":"https:\/\/alternativafm.com\/site\/author\/redacao\/"}]}},"jetpack_publicize_connections":[],"jetpack_shortlink":"https:\/\/wp.me\/pccBN3-d3H","jetpack-related-posts":[{"id":4117,"url":"https:\/\/alternativafm.com\/site\/sao-paulo-confirma-dois-casos-de-nova-variante-do-coronavirus\/","url_meta":{"origin":50201,"position":0},"title":"S\u00e3o Paulo confirma dois casos de nova variante do coronav\u00edrus","author":"redacao","date":"janeiro 6, 2021","format":false,"excerpt":"","rel":"","context":"Em &quot;PODCAST&quot;","block_context":{"text":"PODCAST","link":"https:\/\/alternativafm.com\/site\/category\/podcast\/"},"img":{"alt_text":"","src":"","width":0,"height":0},"classes":[]},{"id":8073,"url":"https:\/\/alternativafm.com\/site\/cepa-indiana-primeiro-caso-da-variante-e-confirmada-em-sao-paulo\/","url_meta":{"origin":50201,"position":1},"title":"Cepa indiana: primeiro caso da variante \u00e9 confirmada em S\u00e3o Paulo","author":"redacao","date":"maio 27, 2021","format":false,"excerpt":"","rel":"","context":"Em &quot;PODCAST&quot;","block_context":{"text":"PODCAST","link":"https:\/\/alternativafm.com\/site\/category\/podcast\/"},"img":{"alt_text":"","src":"","width":0,"height":0},"classes":[]},{"id":1160,"url":"https:\/\/alternativafm.com\/site\/januaria-chega-a-112-casos-de-covid-confira-os-bairros\/","url_meta":{"origin":50201,"position":2},"title":"Janu\u00e1ria chega a 112 casos de Covid. Confira a localiza\u00e7\u00e3o da doen\u00e7a por bairro","author":"redacao","date":"setembro 12, 2020","format":false,"excerpt":"O Departamento de vigil\u00e2ncia em sa\u00fade do nosso munic\u00edpio divulgou,nesta sexta-feira, que mais 02 casos de covid-19 foram confirmados em Janu\u00e1ria. Neste informe, o munic\u00edpio informa que chegamos a um total de 112 casos confirmados positivos por meio de Teste R\u00e1pido e PCR, estando 103 casos curados, 07 em isolamento\u2026","rel":"","context":"Em &quot;GERAL&quot;","block_context":{"text":"GERAL","link":"https:\/\/alternativafm.com\/site\/category\/geral\/"},"img":{"alt_text":"","src":"","width":0,"height":0},"classes":[]},{"id":18222,"url":"https:\/\/alternativafm.com\/site\/covid-19-universidade-detecta-duas-novas-variantes-da-omicron\/","url_meta":{"origin":50201,"position":3},"title":"Covid-19: Universidade detecta duas novas variantes da \u00d4micron","author":"redacao","date":"junho 17, 2022","format":false,"excerpt":"","rel":"","context":"Em &quot;PODCAST&quot;","block_context":{"text":"PODCAST","link":"https:\/\/alternativafm.com\/site\/category\/podcast\/"},"img":{"alt_text":"","src":"","width":0,"height":0},"classes":[]},{"id":890,"url":"https:\/\/alternativafm.com\/site\/14-casos-a-mais-de-covid-19-foram-registrados-em-sao-francisco\/","url_meta":{"origin":50201,"position":4},"title":"14 casos a mais de Covid-19 foram registrados em  S\u00e3o Francisco","author":"redacao","date":"setembro 3, 2020","format":false,"excerpt":"Mais 14 casos de Covid-19 foram registrados em\u00a0 S\u00e3o Francisco em novo boletim divulgado ontem, quarta-feira, \u00e0s 10hs da manh\u00e3. Nosso munic\u00edpio chega a 849 casos notificados e um total de 268 casos confirmados positivos por meio de Teste R\u00e1pido e PCR, com 144 casos curados, 163 em isolamento domiciliar,\u2026","rel":"","context":"Em &quot;DESTAQUE&quot;","block_context":{"text":"DESTAQUE","link":"https:\/\/alternativafm.com\/site\/category\/destaque\/"},"img":{"alt_text":"","src":"","width":0,"height":0},"classes":[]},{"id":711,"url":"https:\/\/alternativafm.com\/site\/informe-epidemiologico-coronavirus-23-8-2020\/","url_meta":{"origin":50201,"position":5},"title":"Informe Epidemiol\u00f3gico Coronav\u00edrus 23\/8\/2020","author":"redacao","date":"agosto 23, 2020","format":false,"excerpt":"At\u00e9 o momento foram 194.614 casos confirmados*. Est\u00e3o em acompanhamento** 30.694 casos e s\u00e3o 159.130 casos recuperados***. Est\u00e3o confirmados 4.790 \u00f3bitos.\u00a0A SES-MG refor\u00e7a que o n\u00famero de casos e \u00f3bitos confirmados nas \u00faltimas 24h pode n\u00e3o retratar a ocorr\u00eancia de novos casos no per\u00edodo, mas o total de casos notificados\u2026","rel":"","context":"Em &quot;GERAL&quot;","block_context":{"text":"GERAL","link":"https:\/\/alternativafm.com\/site\/category\/geral\/"},"img":{"alt_text":"","src":"","width":0,"height":0},"classes":[]}],"jetpack_sharing_enabled":true,"jetpack_likes_enabled":true,"jetpack_featured_media_url":"https:\/\/alternativafm.com\/site\/wp-content\/uploads\/2021\/01\/Medico-e1611225066296.jpg","_links":{"self":[{"href":"https:\/\/alternativafm.com\/site\/wp-json\/wp\/v2\/posts\/50201","targetHints":{"allow":["GET"]}}],"collection":[{"href":"https:\/\/alternativafm.com\/site\/wp-json\/wp\/v2\/posts"}],"about":[{"href":"https:\/\/alternativafm.com\/site\/wp-json\/wp\/v2\/types\/post"}],"author":[{"embeddable":true,"href":"https:\/\/alternativafm.com\/site\/wp-json\/wp\/v2\/users\/1"}],"replies":[{"embeddable":true,"href":"https:\/\/alternativafm.com\/site\/wp-json\/wp\/v2\/comments?post=50201"}],"version-history":[{"count":1,"href":"https:\/\/alternativafm.com\/site\/wp-json\/wp\/v2\/posts\/50201\/revisions"}],"predecessor-version":[{"id":50203,"href":"https:\/\/alternativafm.com\/site\/wp-json\/wp\/v2\/posts\/50201\/revisions\/50203"}],"wp:featuredmedia":[{"embeddable":true,"href":"https:\/\/alternativafm.com\/site\/wp-json\/wp\/v2\/media\/4475"}],"wp:attachment":[{"href":"https:\/\/alternativafm.com\/site\/wp-json\/wp\/v2\/media?parent=50201"}],"wp:term":[{"taxonomy":"category","embeddable":true,"href":"https:\/\/alternativafm.com\/site\/wp-json\/wp\/v2\/categories?post=50201"},{"taxonomy":"post_tag","embeddable":true,"href":"https:\/\/alternativafm.com\/site\/wp-json\/wp\/v2\/tags?post=50201"}],"curies":[{"name":"wp","href":"https:\/\/api.w.org\/{rel}","templated":true}]}}