{"id":51465,"date":"2025-08-22T18:31:52","date_gmt":"2025-08-22T18:31:52","guid":{"rendered":"https:\/\/alternativafm.com\/site\/?p=51465"},"modified":"2025-08-22T18:31:53","modified_gmt":"2025-08-22T18:31:53","slug":"apos-denuncia-pm-localiza-drogas-armas-e-ate-capivaras-abatidas","status":"publish","type":"post","link":"https:\/\/alternativafm.com\/site\/apos-denuncia-pm-localiza-drogas-armas-e-ate-capivaras-abatidas\/","title":{"rendered":"Ap\u00f3s den\u00fancia, PM localiza drogas, armas e at\u00e9 capivaras abatidas"},"content":{"rendered":"\n<figure class=\"wp-block-embed is-type-video is-provider-youtube wp-block-embed-youtube wp-embed-aspect-16-9 wp-has-aspect-ratio\"><div class=\"wp-block-embed__wrapper\">\n<iframe loading=\"lazy\" title=\"Ap\u00f3s den\u00fancia, PM localiza drogas, armas e at\u00e9 capivaras abatidas\" width=\"640\" height=\"360\" src=\"https:\/\/www.youtube.com\/embed\/KWDnJI4Jf-s?feature=oembed\" frameborder=\"0\" allow=\"accelerometer; autoplay; clipboard-write; encrypted-media; gyroscope; picture-in-picture; web-share\" referrerpolicy=\"strict-origin-when-cross-origin\" allowfullscreen><\/iframe>\n<\/div><\/figure>\n","protected":false},"excerpt":{"rendered":"","protected":false},"author":1,"featured_media":51466,"comment_status":"open","ping_status":"open","sticky":false,"template":"","format":"standard","meta":{"_jetpack_newsletter_access":"","_jetpack_dont_email_post_to_subs":false,"_jetpack_newsletter_tier_id":0,"_jetpack_memberships_contains_paywalled_content":false,"_jetpack_feature_clip_id":0,"_jetpack_memberships_contains_paid_content":false,"footnotes":"","jetpack_publicize_message":"","jetpack_publicize_feature_enabled":true,"jetpack_social_post_already_shared":true,"jetpack_social_options":{"image_generator_settings":{"template":"highway","default_image_id":0,"font":"","enabled":false},"version":2},"jetpack_post_was_ever_published":false},"categories":[6,2,52],"tags":[],"class_list":["post-51465","post","type-post","status-publish","format-standard","has-post-thumbnail","hentry","category-geral","category-policia","category-regional"],"yoast_head":"<!-- This site is optimized with the Yoast SEO plugin v27.2 - https:\/\/yoast.com\/product\/yoast-seo-wordpress\/ -->\n<title>Ap\u00f3s den\u00fancia, PM localiza drogas, armas e at\u00e9 capivaras abatidas - Alternativa FM | 90,7 FM<\/title>\n<meta name=\"robots\" content=\"index, follow, max-snippet:-1, max-image-preview:large, max-video-preview:-1\" \/>\n<link rel=\"canonical\" href=\"https:\/\/alternativafm.com\/site\/apos-denuncia-pm-localiza-drogas-armas-e-ate-capivaras-abatidas\/\" \/>\n<meta property=\"og:locale\" content=\"pt_BR\" \/>\n<meta property=\"og:type\" content=\"article\" \/>\n<meta property=\"og:title\" content=\"Ap\u00f3s den\u00fancia, PM localiza drogas, armas e at\u00e9 capivaras abatidas - Alternativa FM | 90,7 FM\" \/>\n<meta property=\"og:url\" content=\"https:\/\/alternativafm.com\/site\/apos-denuncia-pm-localiza-drogas-armas-e-ate-capivaras-abatidas\/\" \/>\n<meta property=\"og:site_name\" content=\"Alternativa FM | 90,7 FM\" \/>\n<meta property=\"article:published_time\" content=\"2025-08-22T18:31:52+00:00\" \/>\n<meta property=\"article:modified_time\" content=\"2025-08-22T18:31:53+00:00\" \/>\n<meta property=\"og:image\" content=\"https:\/\/alternativafm.com\/site\/wp-content\/uploads\/mqdefault-36.webp\" \/>\n\t<meta property=\"og:image:width\" content=\"320\" \/>\n\t<meta property=\"og:image:height\" content=\"180\" \/>\n\t<meta property=\"og:image:type\" content=\"image\/webp\" \/>\n<meta name=\"author\" content=\"redacao\" \/>\n<meta name=\"twitter:card\" content=\"summary_large_image\" \/>\n<meta name=\"twitter:label1\" content=\"Escrito por\" \/>\n\t<meta name=\"twitter:data1\" content=\"redacao\" \/>\n\t<meta name=\"twitter:label2\" content=\"Est. tempo de leitura\" \/>\n\t<meta name=\"twitter:data2\" content=\"1 minuto\" \/>\n<script type=\"application\/ld+json\" class=\"yoast-schema-graph\">{\"@context\":\"https:\/\/schema.org\",\"@graph\":[{\"@type\":\"Article\",\"@id\":\"https:\/\/alternativafm.com\/site\/apos-denuncia-pm-localiza-drogas-armas-e-ate-capivaras-abatidas\/#article\",\"isPartOf\":{\"@id\":\"https:\/\/alternativafm.com\/site\/apos-denuncia-pm-localiza-drogas-armas-e-ate-capivaras-abatidas\/\"},\"author\":{\"name\":\"redacao\",\"@id\":\"https:\/\/alternativafm.com\/site\/#\/schema\/person\/6b1ac1374b404fe65adc2da2ea4e902a\"},\"headline\":\"Ap\u00f3s den\u00fancia, PM localiza drogas, armas e at\u00e9 capivaras abatidas\",\"datePublished\":\"2025-08-22T18:31:52+00:00\",\"dateModified\":\"2025-08-22T18:31:53+00:00\",\"mainEntityOfPage\":{\"@id\":\"https:\/\/alternativafm.com\/site\/apos-denuncia-pm-localiza-drogas-armas-e-ate-capivaras-abatidas\/\"},\"wordCount\":17,\"commentCount\":0,\"publisher\":{\"@id\":\"https:\/\/alternativafm.com\/site\/#organization\"},\"image\":{\"@id\":\"https:\/\/alternativafm.com\/site\/apos-denuncia-pm-localiza-drogas-armas-e-ate-capivaras-abatidas\/#primaryimage\"},\"thumbnailUrl\":\"https:\/\/alternativafm.com\/site\/wp-content\/uploads\/mqdefault-36.webp\",\"articleSection\":[\"GERAL\",\"POL\u00cdCIA\",\"REGIONAL\"],\"inLanguage\":\"pt-BR\",\"potentialAction\":[{\"@type\":\"CommentAction\",\"name\":\"Comment\",\"target\":[\"https:\/\/alternativafm.com\/site\/apos-denuncia-pm-localiza-drogas-armas-e-ate-capivaras-abatidas\/#respond\"]}]},{\"@type\":\"WebPage\",\"@id\":\"https:\/\/alternativafm.com\/site\/apos-denuncia-pm-localiza-drogas-armas-e-ate-capivaras-abatidas\/\",\"url\":\"https:\/\/alternativafm.com\/site\/apos-denuncia-pm-localiza-drogas-armas-e-ate-capivaras-abatidas\/\",\"name\":\"Ap\u00f3s den\u00fancia, PM localiza drogas, armas e at\u00e9 capivaras abatidas - Alternativa FM | 90,7 FM\",\"isPartOf\":{\"@id\":\"https:\/\/alternativafm.com\/site\/#website\"},\"primaryImageOfPage\":{\"@id\":\"https:\/\/alternativafm.com\/site\/apos-denuncia-pm-localiza-drogas-armas-e-ate-capivaras-abatidas\/#primaryimage\"},\"image\":{\"@id\":\"https:\/\/alternativafm.com\/site\/apos-denuncia-pm-localiza-drogas-armas-e-ate-capivaras-abatidas\/#primaryimage\"},\"thumbnailUrl\":\"https:\/\/alternativafm.com\/site\/wp-content\/uploads\/mqdefault-36.webp\",\"datePublished\":\"2025-08-22T18:31:52+00:00\",\"dateModified\":\"2025-08-22T18:31:53+00:00\",\"breadcrumb\":{\"@id\":\"https:\/\/alternativafm.com\/site\/apos-denuncia-pm-localiza-drogas-armas-e-ate-capivaras-abatidas\/#breadcrumb\"},\"inLanguage\":\"pt-BR\",\"potentialAction\":[{\"@type\":\"ReadAction\",\"target\":[\"https:\/\/alternativafm.com\/site\/apos-denuncia-pm-localiza-drogas-armas-e-ate-capivaras-abatidas\/\"]}]},{\"@type\":\"ImageObject\",\"inLanguage\":\"pt-BR\",\"@id\":\"https:\/\/alternativafm.com\/site\/apos-denuncia-pm-localiza-drogas-armas-e-ate-capivaras-abatidas\/#primaryimage\",\"url\":\"https:\/\/alternativafm.com\/site\/wp-content\/uploads\/mqdefault-36.webp\",\"contentUrl\":\"https:\/\/alternativafm.com\/site\/wp-content\/uploads\/mqdefault-36.webp\",\"width\":320,\"height\":180},{\"@type\":\"BreadcrumbList\",\"@id\":\"https:\/\/alternativafm.com\/site\/apos-denuncia-pm-localiza-drogas-armas-e-ate-capivaras-abatidas\/#breadcrumb\",\"itemListElement\":[{\"@type\":\"ListItem\",\"position\":1,\"name\":\"In\u00edcio\",\"item\":\"https:\/\/alternativafm.com\/site\/\"},{\"@type\":\"ListItem\",\"position\":2,\"name\":\"Ap\u00f3s den\u00fancia, PM localiza drogas, armas e at\u00e9 capivaras abatidas\"}]},{\"@type\":\"WebSite\",\"@id\":\"https:\/\/alternativafm.com\/site\/#website\",\"url\":\"https:\/\/alternativafm.com\/site\/\",\"name\":\"Alternativa FM | 90,7 FM\",\"description\":\"\",\"publisher\":{\"@id\":\"https:\/\/alternativafm.com\/site\/#organization\"},\"potentialAction\":[{\"@type\":\"SearchAction\",\"target\":{\"@type\":\"EntryPoint\",\"urlTemplate\":\"https:\/\/alternativafm.com\/site\/?s={search_term_string}\"},\"query-input\":{\"@type\":\"PropertyValueSpecification\",\"valueRequired\":true,\"valueName\":\"search_term_string\"}}],\"inLanguage\":\"pt-BR\"},{\"@type\":\"Organization\",\"@id\":\"https:\/\/alternativafm.com\/site\/#organization\",\"name\":\"Alternativa FM | 90,7 FM\",\"url\":\"https:\/\/alternativafm.com\/site\/\",\"logo\":{\"@type\":\"ImageObject\",\"inLanguage\":\"pt-BR\",\"@id\":\"https:\/\/alternativafm.com\/site\/#\/schema\/logo\/image\/\",\"url\":\"https:\/\/alternativafm.com\/site\/wp-content\/uploads\/2020\/07\/LOGOMARCA2.png\",\"contentUrl\":\"https:\/\/alternativafm.com\/site\/wp-content\/uploads\/2020\/07\/LOGOMARCA2.png\",\"width\":1352,\"height\":464,\"caption\":\"Alternativa FM | 90,7 FM\"},\"image\":{\"@id\":\"https:\/\/alternativafm.com\/site\/#\/schema\/logo\/image\/\"}},{\"@type\":\"Person\",\"@id\":\"https:\/\/alternativafm.com\/site\/#\/schema\/person\/6b1ac1374b404fe65adc2da2ea4e902a\",\"name\":\"redacao\",\"image\":{\"@type\":\"ImageObject\",\"inLanguage\":\"pt-BR\",\"@id\":\"https:\/\/secure.gravatar.com\/avatar\/16ab12bea2743901812c1ec603a48cc65b4e7af25043bec48c2742b27028075e?s=96&d=mm&r=g\",\"url\":\"https:\/\/secure.gravatar.com\/avatar\/16ab12bea2743901812c1ec603a48cc65b4e7af25043bec48c2742b27028075e?s=96&d=mm&r=g\",\"contentUrl\":\"https:\/\/secure.gravatar.com\/avatar\/16ab12bea2743901812c1ec603a48cc65b4e7af25043bec48c2742b27028075e?s=96&d=mm&r=g\",\"caption\":\"redacao\"},\"sameAs\":[\"http:\/\/alternativafm.com\/site\"],\"url\":\"https:\/\/alternativafm.com\/site\/author\/redacao\/\"}]}<\/script>\n<!-- \/ Yoast SEO plugin. -->","yoast_head_json":{"title":"Ap\u00f3s den\u00fancia, PM localiza drogas, armas e at\u00e9 capivaras abatidas - Alternativa FM | 90,7 FM","robots":{"index":"index","follow":"follow","max-snippet":"max-snippet:-1","max-image-preview":"max-image-preview:large","max-video-preview":"max-video-preview:-1"},"canonical":"https:\/\/alternativafm.com\/site\/apos-denuncia-pm-localiza-drogas-armas-e-ate-capivaras-abatidas\/","og_locale":"pt_BR","og_type":"article","og_title":"Ap\u00f3s den\u00fancia, PM localiza drogas, armas e at\u00e9 capivaras abatidas - Alternativa FM | 90,7 FM","og_url":"https:\/\/alternativafm.com\/site\/apos-denuncia-pm-localiza-drogas-armas-e-ate-capivaras-abatidas\/","og_site_name":"Alternativa FM | 90,7 FM","article_published_time":"2025-08-22T18:31:52+00:00","article_modified_time":"2025-08-22T18:31:53+00:00","og_image":[{"width":320,"height":180,"url":"https:\/\/alternativafm.com\/site\/wp-content\/uploads\/mqdefault-36.webp","type":"image\/webp"}],"author":"redacao","twitter_card":"summary_large_image","twitter_misc":{"Escrito por":"redacao","Est. tempo de leitura":"1 minuto"},"schema":{"@context":"https:\/\/schema.org","@graph":[{"@type":"Article","@id":"https:\/\/alternativafm.com\/site\/apos-denuncia-pm-localiza-drogas-armas-e-ate-capivaras-abatidas\/#article","isPartOf":{"@id":"https:\/\/alternativafm.com\/site\/apos-denuncia-pm-localiza-drogas-armas-e-ate-capivaras-abatidas\/"},"author":{"name":"redacao","@id":"https:\/\/alternativafm.com\/site\/#\/schema\/person\/6b1ac1374b404fe65adc2da2ea4e902a"},"headline":"Ap\u00f3s den\u00fancia, PM localiza drogas, armas e at\u00e9 capivaras abatidas","datePublished":"2025-08-22T18:31:52+00:00","dateModified":"2025-08-22T18:31:53+00:00","mainEntityOfPage":{"@id":"https:\/\/alternativafm.com\/site\/apos-denuncia-pm-localiza-drogas-armas-e-ate-capivaras-abatidas\/"},"wordCount":17,"commentCount":0,"publisher":{"@id":"https:\/\/alternativafm.com\/site\/#organization"},"image":{"@id":"https:\/\/alternativafm.com\/site\/apos-denuncia-pm-localiza-drogas-armas-e-ate-capivaras-abatidas\/#primaryimage"},"thumbnailUrl":"https:\/\/alternativafm.com\/site\/wp-content\/uploads\/mqdefault-36.webp","articleSection":["GERAL","POL\u00cdCIA","REGIONAL"],"inLanguage":"pt-BR","potentialAction":[{"@type":"CommentAction","name":"Comment","target":["https:\/\/alternativafm.com\/site\/apos-denuncia-pm-localiza-drogas-armas-e-ate-capivaras-abatidas\/#respond"]}]},{"@type":"WebPage","@id":"https:\/\/alternativafm.com\/site\/apos-denuncia-pm-localiza-drogas-armas-e-ate-capivaras-abatidas\/","url":"https:\/\/alternativafm.com\/site\/apos-denuncia-pm-localiza-drogas-armas-e-ate-capivaras-abatidas\/","name":"Ap\u00f3s den\u00fancia, PM localiza drogas, armas e at\u00e9 capivaras abatidas - Alternativa FM | 90,7 FM","isPartOf":{"@id":"https:\/\/alternativafm.com\/site\/#website"},"primaryImageOfPage":{"@id":"https:\/\/alternativafm.com\/site\/apos-denuncia-pm-localiza-drogas-armas-e-ate-capivaras-abatidas\/#primaryimage"},"image":{"@id":"https:\/\/alternativafm.com\/site\/apos-denuncia-pm-localiza-drogas-armas-e-ate-capivaras-abatidas\/#primaryimage"},"thumbnailUrl":"https:\/\/alternativafm.com\/site\/wp-content\/uploads\/mqdefault-36.webp","datePublished":"2025-08-22T18:31:52+00:00","dateModified":"2025-08-22T18:31:53+00:00","breadcrumb":{"@id":"https:\/\/alternativafm.com\/site\/apos-denuncia-pm-localiza-drogas-armas-e-ate-capivaras-abatidas\/#breadcrumb"},"inLanguage":"pt-BR","potentialAction":[{"@type":"ReadAction","target":["https:\/\/alternativafm.com\/site\/apos-denuncia-pm-localiza-drogas-armas-e-ate-capivaras-abatidas\/"]}]},{"@type":"ImageObject","inLanguage":"pt-BR","@id":"https:\/\/alternativafm.com\/site\/apos-denuncia-pm-localiza-drogas-armas-e-ate-capivaras-abatidas\/#primaryimage","url":"https:\/\/alternativafm.com\/site\/wp-content\/uploads\/mqdefault-36.webp","contentUrl":"https:\/\/alternativafm.com\/site\/wp-content\/uploads\/mqdefault-36.webp","width":320,"height":180},{"@type":"BreadcrumbList","@id":"https:\/\/alternativafm.com\/site\/apos-denuncia-pm-localiza-drogas-armas-e-ate-capivaras-abatidas\/#breadcrumb","itemListElement":[{"@type":"ListItem","position":1,"name":"In\u00edcio","item":"https:\/\/alternativafm.com\/site\/"},{"@type":"ListItem","position":2,"name":"Ap\u00f3s den\u00fancia, PM localiza drogas, armas e at\u00e9 capivaras abatidas"}]},{"@type":"WebSite","@id":"https:\/\/alternativafm.com\/site\/#website","url":"https:\/\/alternativafm.com\/site\/","name":"Alternativa FM | 90,7 FM","description":"","publisher":{"@id":"https:\/\/alternativafm.com\/site\/#organization"},"potentialAction":[{"@type":"SearchAction","target":{"@type":"EntryPoint","urlTemplate":"https:\/\/alternativafm.com\/site\/?s={search_term_string}"},"query-input":{"@type":"PropertyValueSpecification","valueRequired":true,"valueName":"search_term_string"}}],"inLanguage":"pt-BR"},{"@type":"Organization","@id":"https:\/\/alternativafm.com\/site\/#organization","name":"Alternativa FM | 90,7 FM","url":"https:\/\/alternativafm.com\/site\/","logo":{"@type":"ImageObject","inLanguage":"pt-BR","@id":"https:\/\/alternativafm.com\/site\/#\/schema\/logo\/image\/","url":"https:\/\/alternativafm.com\/site\/wp-content\/uploads\/2020\/07\/LOGOMARCA2.png","contentUrl":"https:\/\/alternativafm.com\/site\/wp-content\/uploads\/2020\/07\/LOGOMARCA2.png","width":1352,"height":464,"caption":"Alternativa FM | 90,7 FM"},"image":{"@id":"https:\/\/alternativafm.com\/site\/#\/schema\/logo\/image\/"}},{"@type":"Person","@id":"https:\/\/alternativafm.com\/site\/#\/schema\/person\/6b1ac1374b404fe65adc2da2ea4e902a","name":"redacao","image":{"@type":"ImageObject","inLanguage":"pt-BR","@id":"https:\/\/secure.gravatar.com\/avatar\/16ab12bea2743901812c1ec603a48cc65b4e7af25043bec48c2742b27028075e?s=96&d=mm&r=g","url":"https:\/\/secure.gravatar.com\/avatar\/16ab12bea2743901812c1ec603a48cc65b4e7af25043bec48c2742b27028075e?s=96&d=mm&r=g","contentUrl":"https:\/\/secure.gravatar.com\/avatar\/16ab12bea2743901812c1ec603a48cc65b4e7af25043bec48c2742b27028075e?s=96&d=mm&r=g","caption":"redacao"},"sameAs":["http:\/\/alternativafm.com\/site"],"url":"https:\/\/alternativafm.com\/site\/author\/redacao\/"}]}},"jetpack_publicize_connections":[],"jetpack_shortlink":"https:\/\/wp.me\/pccBN3-do5","jetpack-related-posts":[{"id":648,"url":"https:\/\/alternativafm.com\/site\/sao-francisco-quatro-pessoas-detidas-por-trafico\/","url_meta":{"origin":51465,"position":0},"title":"S\u00e3o Francisco. Quatro pessoas detidas por tr\u00e1fico","author":"redacao","date":"agosto 20, 2020","format":false,"excerpt":"Na \u00faltima quarta-feira (19), por volta das 13h, na cidade de S\u00e3o Francisco, o Servi\u00e7o de Intelig\u00eancia da Pol\u00edcia Militar foi alertado sobre o tr\u00e1fico de drogas que estava ocorrendo na rua Raul Paix\u00e3o, no bairro Bandeirantes. foram informadas as caracter\u00edsticas de um suspeito que tinha adquirido os entorpecentes. Foi\u2026","rel":"","context":"Em &quot;DESTAQUE 2&quot;","block_context":{"text":"DESTAQUE 2","link":"https:\/\/alternativafm.com\/site\/category\/destaque-2\/"},"img":{"alt_text":"","src":"","width":0,"height":0},"classes":[]},{"id":1684,"url":"https:\/\/alternativafm.com\/site\/pm-recebe-denuncia-e-apreende-drogas-na-vila-verde\/","url_meta":{"origin":51465,"position":1},"title":"PM recebe den\u00fancia e apreende drogas na Vila Verde","author":"redacao","date":"outubro 1, 2020","format":false,"excerpt":"https:\/\/youtu.be\/eTKHqmNFccg","rel":"","context":"Em &quot;GERAL&quot;","block_context":{"text":"GERAL","link":"https:\/\/alternativafm.com\/site\/category\/geral\/"},"img":{"alt_text":"","src":"https:\/\/i0.wp.com\/img.youtube.com\/vi\/eTKHqmNFccg\/0.jpg?resize=350%2C200","width":350,"height":200},"classes":[]},{"id":51775,"url":"https:\/\/alternativafm.com\/site\/pm-faz-apreensao-de-drogas-e-armas-na-cidade\/","url_meta":{"origin":51465,"position":2},"title":"PM faz apreens\u00e3o de drogas e armas na cidade","author":"redacao","date":"setembro 2, 2025","format":false,"excerpt":"https:\/\/youtu.be\/7qli6IUHqKw?si=QrrVM4-_ION2k3EJ","rel":"","context":"Em &quot;GERAL&quot;","block_context":{"text":"GERAL","link":"https:\/\/alternativafm.com\/site\/category\/geral\/"},"img":{"alt_text":"","src":"https:\/\/i0.wp.com\/img.youtube.com\/vi\/7qli6IUHqKw\/0.jpg?resize=350%2C200","width":350,"height":200},"classes":[]},{"id":55568,"url":"https:\/\/alternativafm.com\/site\/acao-integrada-resulta-na-apreensao-de-armas-e-cultivo-de-drogas\/","url_meta":{"origin":51465,"position":3},"title":"A\u00e7\u00e3o integrada resulta na apreens\u00e3o de armas e cultivo de drogas","author":"redacao","date":"janeiro 24, 2026","format":false,"excerpt":"https:\/\/youtu.be\/2-XMEkkt1IQ","rel":"","context":"Em &quot;GERAL&quot;","block_context":{"text":"GERAL","link":"https:\/\/alternativafm.com\/site\/category\/geral\/"},"img":{"alt_text":"","src":"https:\/\/i0.wp.com\/img.youtube.com\/vi\/2-XMEkkt1IQ\/0.jpg?resize=350%2C200","width":350,"height":200},"classes":[]},{"id":39293,"url":"https:\/\/alternativafm.com\/site\/dono-de-bar-e-preso-por-guardar-armas-dinheiro-e-drogas\/","url_meta":{"origin":51465,"position":4},"title":"Dono de bar \u00e9 preso por guardar armas, dinheiro e drogas","author":"redacao","date":"junho 18, 2024","format":false,"excerpt":"https:\/\/youtu.be\/hAqrbWAwwSA?si=slSS9Sg9AWQNzM9C","rel":"","context":"Em &quot;GERAL&quot;","block_context":{"text":"GERAL","link":"https:\/\/alternativafm.com\/site\/category\/geral\/"},"img":{"alt_text":"","src":"https:\/\/i0.wp.com\/img.youtube.com\/vi\/hAqrbWAwwSA\/0.jpg?resize=350%2C200","width":350,"height":200},"classes":[]},{"id":5306,"url":"https:\/\/alternativafm.com\/site\/pm-em-ubai-apreende-pe-de-maconha-e-detem-um-suspeito\/","url_meta":{"origin":51465,"position":5},"title":"PM em Uba\u00ed apreende p\u00e9 de maconha e det\u00e9m um suspeito","author":"redacao","date":"fevereiro 18, 2021","format":false,"excerpt":"Ontem, quarta-feira(17), por volta das 17:00 horas, a Pol\u00edcia Militar de Uba\u00ed recebeu den\u00fancia an\u00f4nima de que alguns indiv\u00edduos estariam em um matagal, embalando drogas para serem comercializadas.Diante das informa\u00e7\u00f5es foi desencadeada opera\u00e7\u00e3o Batida Policial para verificar os fatos. Ao se aproximar do local denunciado, a equipe policial avistou uma\u2026","rel":"","context":"Em &quot;DESTAQUE 2&quot;","block_context":{"text":"DESTAQUE 2","link":"https:\/\/alternativafm.com\/site\/category\/destaque-2\/"},"img":{"alt_text":"","src":"","width":0,"height":0},"classes":[]}],"jetpack_sharing_enabled":true,"jetpack_likes_enabled":true,"jetpack_featured_media_url":"https:\/\/alternativafm.com\/site\/wp-content\/uploads\/mqdefault-36.webp","_links":{"self":[{"href":"https:\/\/alternativafm.com\/site\/wp-json\/wp\/v2\/posts\/51465","targetHints":{"allow":["GET"]}}],"collection":[{"href":"https:\/\/alternativafm.com\/site\/wp-json\/wp\/v2\/posts"}],"about":[{"href":"https:\/\/alternativafm.com\/site\/wp-json\/wp\/v2\/types\/post"}],"author":[{"embeddable":true,"href":"https:\/\/alternativafm.com\/site\/wp-json\/wp\/v2\/users\/1"}],"replies":[{"embeddable":true,"href":"https:\/\/alternativafm.com\/site\/wp-json\/wp\/v2\/comments?post=51465"}],"version-history":[{"count":1,"href":"https:\/\/alternativafm.com\/site\/wp-json\/wp\/v2\/posts\/51465\/revisions"}],"predecessor-version":[{"id":51467,"href":"https:\/\/alternativafm.com\/site\/wp-json\/wp\/v2\/posts\/51465\/revisions\/51467"}],"wp:featuredmedia":[{"embeddable":true,"href":"https:\/\/alternativafm.com\/site\/wp-json\/wp\/v2\/media\/51466"}],"wp:attachment":[{"href":"https:\/\/alternativafm.com\/site\/wp-json\/wp\/v2\/media?parent=51465"}],"wp:term":[{"taxonomy":"category","embeddable":true,"href":"https:\/\/alternativafm.com\/site\/wp-json\/wp\/v2\/categories?post=51465"},{"taxonomy":"post_tag","embeddable":true,"href":"https:\/\/alternativafm.com\/site\/wp-json\/wp\/v2\/tags?post=51465"}],"curies":[{"name":"wp","href":"https:\/\/api.w.org\/{rel}","templated":true}]}}