{"id":52771,"date":"2025-10-09T21:28:48","date_gmt":"2025-10-09T21:28:48","guid":{"rendered":"https:\/\/alternativafm.com\/site\/?p=52771"},"modified":"2025-10-09T21:29:04","modified_gmt":"2025-10-09T21:29:04","slug":"pelotao-dos-bombeiros-militar-em-januaria-recebe-nova-viatura-e-equipamentos-operacionais","status":"publish","type":"post","link":"https:\/\/alternativafm.com\/site\/pelotao-dos-bombeiros-militar-em-januaria-recebe-nova-viatura-e-equipamentos-operacionais\/","title":{"rendered":"Pelot\u00e3o dos Bombeiros Militar em Janu\u00e1ria recebe nova viatura e equipamentos operacionais"},"content":{"rendered":"\n<figure class=\"wp-block-embed is-type-video is-provider-youtube wp-block-embed-youtube wp-embed-aspect-16-9 wp-has-aspect-ratio\"><div class=\"wp-block-embed__wrapper\">\n<iframe loading=\"lazy\" title=\"Pelot\u00e3o dos Bombeiros Militar em Janu\u00e1ria recebe nova viatura e equipamentos operacionais\" width=\"640\" height=\"360\" src=\"https:\/\/www.youtube.com\/embed\/pPn-rnD8vSE?feature=oembed\" frameborder=\"0\" allow=\"accelerometer; autoplay; clipboard-write; encrypted-media; gyroscope; picture-in-picture; web-share\" referrerpolicy=\"strict-origin-when-cross-origin\" allowfullscreen><\/iframe>\n<\/div><\/figure>\n","protected":false},"excerpt":{"rendered":"","protected":false},"author":1,"featured_media":52773,"comment_status":"open","ping_status":"open","sticky":false,"template":"","format":"standard","meta":{"_jetpack_newsletter_access":"","_jetpack_dont_email_post_to_subs":false,"_jetpack_newsletter_tier_id":0,"_jetpack_memberships_contains_paywalled_content":false,"_jetpack_feature_clip_id":0,"_jetpack_memberships_contains_paid_content":false,"footnotes":"","jetpack_publicize_message":"","jetpack_publicize_feature_enabled":true,"jetpack_social_post_already_shared":true,"jetpack_social_options":{"image_generator_settings":{"template":"highway","default_image_id":0,"font":"","enabled":false},"version":2},"jetpack_post_was_ever_published":false},"categories":[6,51],"tags":[],"class_list":["post-52771","post","type-post","status-publish","format-standard","has-post-thumbnail","hentry","category-geral","category-meio-ambiente"],"yoast_head":"<!-- This site is optimized with the Yoast SEO plugin v27.2 - https:\/\/yoast.com\/product\/yoast-seo-wordpress\/ -->\n<title>Pelot\u00e3o dos Bombeiros Militar em Janu\u00e1ria recebe nova viatura e equipamentos operacionais - Alternativa FM | 90,7 FM<\/title>\n<meta name=\"robots\" content=\"index, follow, max-snippet:-1, max-image-preview:large, max-video-preview:-1\" \/>\n<link rel=\"canonical\" href=\"https:\/\/alternativafm.com\/site\/pelotao-dos-bombeiros-militar-em-januaria-recebe-nova-viatura-e-equipamentos-operacionais\/\" \/>\n<meta property=\"og:locale\" content=\"pt_BR\" \/>\n<meta property=\"og:type\" content=\"article\" \/>\n<meta property=\"og:title\" content=\"Pelot\u00e3o dos Bombeiros Militar em Janu\u00e1ria recebe nova viatura e equipamentos operacionais - Alternativa FM | 90,7 FM\" \/>\n<meta property=\"og:url\" content=\"https:\/\/alternativafm.com\/site\/pelotao-dos-bombeiros-militar-em-januaria-recebe-nova-viatura-e-equipamentos-operacionais\/\" \/>\n<meta property=\"og:site_name\" content=\"Alternativa FM | 90,7 FM\" \/>\n<meta property=\"article:published_time\" content=\"2025-10-09T21:28:48+00:00\" \/>\n<meta property=\"article:modified_time\" content=\"2025-10-09T21:29:04+00:00\" \/>\n<meta property=\"og:image\" content=\"https:\/\/alternativafm.com\/site\/wp-content\/uploads\/mqdefault-43.webp\" \/>\n\t<meta property=\"og:image:width\" content=\"320\" \/>\n\t<meta property=\"og:image:height\" content=\"180\" \/>\n\t<meta property=\"og:image:type\" content=\"image\/webp\" \/>\n<meta name=\"author\" content=\"redacao\" \/>\n<meta name=\"twitter:card\" content=\"summary_large_image\" \/>\n<meta name=\"twitter:label1\" content=\"Escrito por\" \/>\n\t<meta name=\"twitter:data1\" content=\"redacao\" \/>\n\t<meta name=\"twitter:label2\" content=\"Est. tempo de leitura\" \/>\n\t<meta name=\"twitter:data2\" content=\"1 minuto\" \/>\n<script type=\"application\/ld+json\" class=\"yoast-schema-graph\">{\"@context\":\"https:\/\/schema.org\",\"@graph\":[{\"@type\":\"Article\",\"@id\":\"https:\/\/alternativafm.com\/site\/pelotao-dos-bombeiros-militar-em-januaria-recebe-nova-viatura-e-equipamentos-operacionais\/#article\",\"isPartOf\":{\"@id\":\"https:\/\/alternativafm.com\/site\/pelotao-dos-bombeiros-militar-em-januaria-recebe-nova-viatura-e-equipamentos-operacionais\/\"},\"author\":{\"name\":\"redacao\",\"@id\":\"https:\/\/alternativafm.com\/site\/#\/schema\/person\/6b1ac1374b404fe65adc2da2ea4e902a\"},\"headline\":\"Pelot\u00e3o dos Bombeiros Militar em Janu\u00e1ria recebe nova viatura e equipamentos operacionais\",\"datePublished\":\"2025-10-09T21:28:48+00:00\",\"dateModified\":\"2025-10-09T21:29:04+00:00\",\"mainEntityOfPage\":{\"@id\":\"https:\/\/alternativafm.com\/site\/pelotao-dos-bombeiros-militar-em-januaria-recebe-nova-viatura-e-equipamentos-operacionais\/\"},\"wordCount\":19,\"commentCount\":0,\"publisher\":{\"@id\":\"https:\/\/alternativafm.com\/site\/#organization\"},\"image\":{\"@id\":\"https:\/\/alternativafm.com\/site\/pelotao-dos-bombeiros-militar-em-januaria-recebe-nova-viatura-e-equipamentos-operacionais\/#primaryimage\"},\"thumbnailUrl\":\"https:\/\/alternativafm.com\/site\/wp-content\/uploads\/mqdefault-43.webp\",\"articleSection\":[\"GERAL\",\"MEIO AMBIENTE\"],\"inLanguage\":\"pt-BR\",\"potentialAction\":[{\"@type\":\"CommentAction\",\"name\":\"Comment\",\"target\":[\"https:\/\/alternativafm.com\/site\/pelotao-dos-bombeiros-militar-em-januaria-recebe-nova-viatura-e-equipamentos-operacionais\/#respond\"]}]},{\"@type\":\"WebPage\",\"@id\":\"https:\/\/alternativafm.com\/site\/pelotao-dos-bombeiros-militar-em-januaria-recebe-nova-viatura-e-equipamentos-operacionais\/\",\"url\":\"https:\/\/alternativafm.com\/site\/pelotao-dos-bombeiros-militar-em-januaria-recebe-nova-viatura-e-equipamentos-operacionais\/\",\"name\":\"Pelot\u00e3o dos Bombeiros Militar em Janu\u00e1ria recebe nova viatura e equipamentos operacionais - Alternativa FM | 90,7 FM\",\"isPartOf\":{\"@id\":\"https:\/\/alternativafm.com\/site\/#website\"},\"primaryImageOfPage\":{\"@id\":\"https:\/\/alternativafm.com\/site\/pelotao-dos-bombeiros-militar-em-januaria-recebe-nova-viatura-e-equipamentos-operacionais\/#primaryimage\"},\"image\":{\"@id\":\"https:\/\/alternativafm.com\/site\/pelotao-dos-bombeiros-militar-em-januaria-recebe-nova-viatura-e-equipamentos-operacionais\/#primaryimage\"},\"thumbnailUrl\":\"https:\/\/alternativafm.com\/site\/wp-content\/uploads\/mqdefault-43.webp\",\"datePublished\":\"2025-10-09T21:28:48+00:00\",\"dateModified\":\"2025-10-09T21:29:04+00:00\",\"breadcrumb\":{\"@id\":\"https:\/\/alternativafm.com\/site\/pelotao-dos-bombeiros-militar-em-januaria-recebe-nova-viatura-e-equipamentos-operacionais\/#breadcrumb\"},\"inLanguage\":\"pt-BR\",\"potentialAction\":[{\"@type\":\"ReadAction\",\"target\":[\"https:\/\/alternativafm.com\/site\/pelotao-dos-bombeiros-militar-em-januaria-recebe-nova-viatura-e-equipamentos-operacionais\/\"]}]},{\"@type\":\"ImageObject\",\"inLanguage\":\"pt-BR\",\"@id\":\"https:\/\/alternativafm.com\/site\/pelotao-dos-bombeiros-militar-em-januaria-recebe-nova-viatura-e-equipamentos-operacionais\/#primaryimage\",\"url\":\"https:\/\/alternativafm.com\/site\/wp-content\/uploads\/mqdefault-43.webp\",\"contentUrl\":\"https:\/\/alternativafm.com\/site\/wp-content\/uploads\/mqdefault-43.webp\",\"width\":320,\"height\":180},{\"@type\":\"BreadcrumbList\",\"@id\":\"https:\/\/alternativafm.com\/site\/pelotao-dos-bombeiros-militar-em-januaria-recebe-nova-viatura-e-equipamentos-operacionais\/#breadcrumb\",\"itemListElement\":[{\"@type\":\"ListItem\",\"position\":1,\"name\":\"In\u00edcio\",\"item\":\"https:\/\/alternativafm.com\/site\/\"},{\"@type\":\"ListItem\",\"position\":2,\"name\":\"Pelot\u00e3o dos Bombeiros Militar em Janu\u00e1ria recebe nova viatura e equipamentos operacionais\"}]},{\"@type\":\"WebSite\",\"@id\":\"https:\/\/alternativafm.com\/site\/#website\",\"url\":\"https:\/\/alternativafm.com\/site\/\",\"name\":\"Alternativa FM | 90,7 FM\",\"description\":\"\",\"publisher\":{\"@id\":\"https:\/\/alternativafm.com\/site\/#organization\"},\"potentialAction\":[{\"@type\":\"SearchAction\",\"target\":{\"@type\":\"EntryPoint\",\"urlTemplate\":\"https:\/\/alternativafm.com\/site\/?s={search_term_string}\"},\"query-input\":{\"@type\":\"PropertyValueSpecification\",\"valueRequired\":true,\"valueName\":\"search_term_string\"}}],\"inLanguage\":\"pt-BR\"},{\"@type\":\"Organization\",\"@id\":\"https:\/\/alternativafm.com\/site\/#organization\",\"name\":\"Alternativa FM | 90,7 FM\",\"url\":\"https:\/\/alternativafm.com\/site\/\",\"logo\":{\"@type\":\"ImageObject\",\"inLanguage\":\"pt-BR\",\"@id\":\"https:\/\/alternativafm.com\/site\/#\/schema\/logo\/image\/\",\"url\":\"https:\/\/alternativafm.com\/site\/wp-content\/uploads\/2020\/07\/LOGOMARCA2.png\",\"contentUrl\":\"https:\/\/alternativafm.com\/site\/wp-content\/uploads\/2020\/07\/LOGOMARCA2.png\",\"width\":1352,\"height\":464,\"caption\":\"Alternativa FM | 90,7 FM\"},\"image\":{\"@id\":\"https:\/\/alternativafm.com\/site\/#\/schema\/logo\/image\/\"}},{\"@type\":\"Person\",\"@id\":\"https:\/\/alternativafm.com\/site\/#\/schema\/person\/6b1ac1374b404fe65adc2da2ea4e902a\",\"name\":\"redacao\",\"image\":{\"@type\":\"ImageObject\",\"inLanguage\":\"pt-BR\",\"@id\":\"https:\/\/secure.gravatar.com\/avatar\/16ab12bea2743901812c1ec603a48cc65b4e7af25043bec48c2742b27028075e?s=96&d=mm&r=g\",\"url\":\"https:\/\/secure.gravatar.com\/avatar\/16ab12bea2743901812c1ec603a48cc65b4e7af25043bec48c2742b27028075e?s=96&d=mm&r=g\",\"contentUrl\":\"https:\/\/secure.gravatar.com\/avatar\/16ab12bea2743901812c1ec603a48cc65b4e7af25043bec48c2742b27028075e?s=96&d=mm&r=g\",\"caption\":\"redacao\"},\"sameAs\":[\"http:\/\/alternativafm.com\/site\"],\"url\":\"https:\/\/alternativafm.com\/site\/author\/redacao\/\"}]}<\/script>\n<!-- \/ Yoast SEO plugin. -->","yoast_head_json":{"title":"Pelot\u00e3o dos Bombeiros Militar em Janu\u00e1ria recebe nova viatura e equipamentos operacionais - Alternativa FM | 90,7 FM","robots":{"index":"index","follow":"follow","max-snippet":"max-snippet:-1","max-image-preview":"max-image-preview:large","max-video-preview":"max-video-preview:-1"},"canonical":"https:\/\/alternativafm.com\/site\/pelotao-dos-bombeiros-militar-em-januaria-recebe-nova-viatura-e-equipamentos-operacionais\/","og_locale":"pt_BR","og_type":"article","og_title":"Pelot\u00e3o dos Bombeiros Militar em Janu\u00e1ria recebe nova viatura e equipamentos operacionais - Alternativa FM | 90,7 FM","og_url":"https:\/\/alternativafm.com\/site\/pelotao-dos-bombeiros-militar-em-januaria-recebe-nova-viatura-e-equipamentos-operacionais\/","og_site_name":"Alternativa FM | 90,7 FM","article_published_time":"2025-10-09T21:28:48+00:00","article_modified_time":"2025-10-09T21:29:04+00:00","og_image":[{"width":320,"height":180,"url":"https:\/\/alternativafm.com\/site\/wp-content\/uploads\/mqdefault-43.webp","type":"image\/webp"}],"author":"redacao","twitter_card":"summary_large_image","twitter_misc":{"Escrito por":"redacao","Est. tempo de leitura":"1 minuto"},"schema":{"@context":"https:\/\/schema.org","@graph":[{"@type":"Article","@id":"https:\/\/alternativafm.com\/site\/pelotao-dos-bombeiros-militar-em-januaria-recebe-nova-viatura-e-equipamentos-operacionais\/#article","isPartOf":{"@id":"https:\/\/alternativafm.com\/site\/pelotao-dos-bombeiros-militar-em-januaria-recebe-nova-viatura-e-equipamentos-operacionais\/"},"author":{"name":"redacao","@id":"https:\/\/alternativafm.com\/site\/#\/schema\/person\/6b1ac1374b404fe65adc2da2ea4e902a"},"headline":"Pelot\u00e3o dos Bombeiros Militar em Janu\u00e1ria recebe nova viatura e equipamentos operacionais","datePublished":"2025-10-09T21:28:48+00:00","dateModified":"2025-10-09T21:29:04+00:00","mainEntityOfPage":{"@id":"https:\/\/alternativafm.com\/site\/pelotao-dos-bombeiros-militar-em-januaria-recebe-nova-viatura-e-equipamentos-operacionais\/"},"wordCount":19,"commentCount":0,"publisher":{"@id":"https:\/\/alternativafm.com\/site\/#organization"},"image":{"@id":"https:\/\/alternativafm.com\/site\/pelotao-dos-bombeiros-militar-em-januaria-recebe-nova-viatura-e-equipamentos-operacionais\/#primaryimage"},"thumbnailUrl":"https:\/\/alternativafm.com\/site\/wp-content\/uploads\/mqdefault-43.webp","articleSection":["GERAL","MEIO AMBIENTE"],"inLanguage":"pt-BR","potentialAction":[{"@type":"CommentAction","name":"Comment","target":["https:\/\/alternativafm.com\/site\/pelotao-dos-bombeiros-militar-em-januaria-recebe-nova-viatura-e-equipamentos-operacionais\/#respond"]}]},{"@type":"WebPage","@id":"https:\/\/alternativafm.com\/site\/pelotao-dos-bombeiros-militar-em-januaria-recebe-nova-viatura-e-equipamentos-operacionais\/","url":"https:\/\/alternativafm.com\/site\/pelotao-dos-bombeiros-militar-em-januaria-recebe-nova-viatura-e-equipamentos-operacionais\/","name":"Pelot\u00e3o dos Bombeiros Militar em Janu\u00e1ria recebe nova viatura e equipamentos operacionais - Alternativa FM | 90,7 FM","isPartOf":{"@id":"https:\/\/alternativafm.com\/site\/#website"},"primaryImageOfPage":{"@id":"https:\/\/alternativafm.com\/site\/pelotao-dos-bombeiros-militar-em-januaria-recebe-nova-viatura-e-equipamentos-operacionais\/#primaryimage"},"image":{"@id":"https:\/\/alternativafm.com\/site\/pelotao-dos-bombeiros-militar-em-januaria-recebe-nova-viatura-e-equipamentos-operacionais\/#primaryimage"},"thumbnailUrl":"https:\/\/alternativafm.com\/site\/wp-content\/uploads\/mqdefault-43.webp","datePublished":"2025-10-09T21:28:48+00:00","dateModified":"2025-10-09T21:29:04+00:00","breadcrumb":{"@id":"https:\/\/alternativafm.com\/site\/pelotao-dos-bombeiros-militar-em-januaria-recebe-nova-viatura-e-equipamentos-operacionais\/#breadcrumb"},"inLanguage":"pt-BR","potentialAction":[{"@type":"ReadAction","target":["https:\/\/alternativafm.com\/site\/pelotao-dos-bombeiros-militar-em-januaria-recebe-nova-viatura-e-equipamentos-operacionais\/"]}]},{"@type":"ImageObject","inLanguage":"pt-BR","@id":"https:\/\/alternativafm.com\/site\/pelotao-dos-bombeiros-militar-em-januaria-recebe-nova-viatura-e-equipamentos-operacionais\/#primaryimage","url":"https:\/\/alternativafm.com\/site\/wp-content\/uploads\/mqdefault-43.webp","contentUrl":"https:\/\/alternativafm.com\/site\/wp-content\/uploads\/mqdefault-43.webp","width":320,"height":180},{"@type":"BreadcrumbList","@id":"https:\/\/alternativafm.com\/site\/pelotao-dos-bombeiros-militar-em-januaria-recebe-nova-viatura-e-equipamentos-operacionais\/#breadcrumb","itemListElement":[{"@type":"ListItem","position":1,"name":"In\u00edcio","item":"https:\/\/alternativafm.com\/site\/"},{"@type":"ListItem","position":2,"name":"Pelot\u00e3o dos Bombeiros Militar em Janu\u00e1ria recebe nova viatura e equipamentos operacionais"}]},{"@type":"WebSite","@id":"https:\/\/alternativafm.com\/site\/#website","url":"https:\/\/alternativafm.com\/site\/","name":"Alternativa FM | 90,7 FM","description":"","publisher":{"@id":"https:\/\/alternativafm.com\/site\/#organization"},"potentialAction":[{"@type":"SearchAction","target":{"@type":"EntryPoint","urlTemplate":"https:\/\/alternativafm.com\/site\/?s={search_term_string}"},"query-input":{"@type":"PropertyValueSpecification","valueRequired":true,"valueName":"search_term_string"}}],"inLanguage":"pt-BR"},{"@type":"Organization","@id":"https:\/\/alternativafm.com\/site\/#organization","name":"Alternativa FM | 90,7 FM","url":"https:\/\/alternativafm.com\/site\/","logo":{"@type":"ImageObject","inLanguage":"pt-BR","@id":"https:\/\/alternativafm.com\/site\/#\/schema\/logo\/image\/","url":"https:\/\/alternativafm.com\/site\/wp-content\/uploads\/2020\/07\/LOGOMARCA2.png","contentUrl":"https:\/\/alternativafm.com\/site\/wp-content\/uploads\/2020\/07\/LOGOMARCA2.png","width":1352,"height":464,"caption":"Alternativa FM | 90,7 FM"},"image":{"@id":"https:\/\/alternativafm.com\/site\/#\/schema\/logo\/image\/"}},{"@type":"Person","@id":"https:\/\/alternativafm.com\/site\/#\/schema\/person\/6b1ac1374b404fe65adc2da2ea4e902a","name":"redacao","image":{"@type":"ImageObject","inLanguage":"pt-BR","@id":"https:\/\/secure.gravatar.com\/avatar\/16ab12bea2743901812c1ec603a48cc65b4e7af25043bec48c2742b27028075e?s=96&d=mm&r=g","url":"https:\/\/secure.gravatar.com\/avatar\/16ab12bea2743901812c1ec603a48cc65b4e7af25043bec48c2742b27028075e?s=96&d=mm&r=g","contentUrl":"https:\/\/secure.gravatar.com\/avatar\/16ab12bea2743901812c1ec603a48cc65b4e7af25043bec48c2742b27028075e?s=96&d=mm&r=g","caption":"redacao"},"sameAs":["http:\/\/alternativafm.com\/site"],"url":"https:\/\/alternativafm.com\/site\/author\/redacao\/"}]}},"jetpack_publicize_connections":[],"jetpack_shortlink":"https:\/\/wp.me\/pccBN3-dJ9","jetpack-related-posts":[{"id":52851,"url":"https:\/\/alternativafm.com\/site\/nova-viatura-e-entregue-para-o-7o-pelotao-do-corpo-de-bombeiros-em-januaria\/","url_meta":{"origin":52771,"position":0},"title":"Nova viatura \u00e9 entregue para o 7\u00ba Pelot\u00e3o do Corpo de Bombeiros em Janu\u00e1ria","author":"redacao","date":"outubro 14, 2025","format":false,"excerpt":"https:\/\/youtu.be\/ah1GHW49X7Q?si=KNT7bvHht5iOlXF3","rel":"","context":"Em &quot;GERAL&quot;","block_context":{"text":"GERAL","link":"https:\/\/alternativafm.com\/site\/category\/geral\/"},"img":{"alt_text":"","src":"https:\/\/i0.wp.com\/img.youtube.com\/vi\/ah1GHW49X7Q\/0.jpg?resize=350%2C200","width":350,"height":200},"classes":[]},{"id":33794,"url":"https:\/\/alternativafm.com\/site\/corpo-de-bombeiros-em-januaria-recebe-equipamentos-operacionais\/","url_meta":{"origin":52771,"position":1},"title":"Corpo de Bombeiros em Janu\u00e1ria recebe equipamentos operacionais","author":"redacao","date":"dezembro 4, 2023","format":false,"excerpt":"https:\/\/youtu.be\/vQsMO4WeGTg?si=NfXMCMcUQkNAlnbk","rel":"","context":"Em &quot;CIDADE&quot;","block_context":{"text":"CIDADE","link":"https:\/\/alternativafm.com\/site\/category\/cidade\/"},"img":{"alt_text":"","src":"https:\/\/i0.wp.com\/img.youtube.com\/vi\/vQsMO4WeGTg\/0.jpg?resize=350%2C200","width":350,"height":200},"classes":[]},{"id":58418,"url":"https:\/\/alternativafm.com\/site\/januaria-e-sao-joao-das-missoes-recebem-novas-viaturas-da-policia-militar\/","url_meta":{"origin":52771,"position":2},"title":"Janu\u00e1ria e S\u00e3o Jo\u00e3o das Miss\u00f5es recebem novas viaturas da Pol\u00edcia Militar","author":"redacao","date":"maio 28, 2026","format":false,"excerpt":"https:\/\/youtu.be\/-ZLcUDurCSs","rel":"","context":"Em &quot;GERAL&quot;","block_context":{"text":"GERAL","link":"https:\/\/alternativafm.com\/site\/category\/geral\/"},"img":{"alt_text":"","src":"https:\/\/i0.wp.com\/img.youtube.com\/vi\/-ZLcUDurCSs\/0.jpg?resize=350%2C200","width":350,"height":200},"classes":[]},{"id":38411,"url":"https:\/\/alternativafm.com\/site\/entrega-de-viatura-em-sao-joao-da-ponte\/","url_meta":{"origin":52771,"position":3},"title":"Entrega de Viatura em S\u00e3o Jo\u00e3o da Ponte","author":"redacao","date":"maio 15, 2024","format":false,"excerpt":"Foi realizada na sede do 3\u00b0 Pelot\u00e3o a Solenidade de Entrega de Viatura destinada ao emprego operacional em S\u00e3o Jo\u00e3o da Ponte, oriunda de emenda parlamentar. O evento contou com a presen\u00e7a do Comandante do Pelot\u00e3o, 2\u00ba Tenente PM Gilson Mendes J\u00fanior, militares da sede e autoridades locais. A viatura\u2026","rel":"","context":"Em &quot;DESTAQUE&quot;","block_context":{"text":"DESTAQUE","link":"https:\/\/alternativafm.com\/site\/category\/destaque\/"},"img":{"alt_text":"","src":"","width":0,"height":0},"classes":[]},{"id":38980,"url":"https:\/\/alternativafm.com\/site\/abelhas-atacam-pessoas-no-aterro-do-der\/","url_meta":{"origin":52771,"position":4},"title":"Abelhas atacam pessoas no aterro do DER","author":"redacao","date":"junho 7, 2024","format":false,"excerpt":"Uma equipe do Corpo de Bombeiros aqui de Janu\u00e1ria foi acionada para comparecer perto do aterro do Departamento de Estradas de Rodagem (DER), onde haveria um enxame de abelhas que atacou cerca de dez pessoas. A ocorr\u00eancia foi na \u00faltima quarta-feira (dia 5). Segundo o Corpo de Bombeiros, o solicitante\u2026","rel":"","context":"Em &quot;CIDADE&quot;","block_context":{"text":"CIDADE","link":"https:\/\/alternativafm.com\/site\/category\/cidade\/"},"img":{"alt_text":"","src":"https:\/\/i0.wp.com\/alternativafm.com\/site\/wp-content\/uploads\/bombeiros8-e1641240182481.png?resize=350%2C200&ssl=1","width":350,"height":200},"classes":[]},{"id":1953,"url":"https:\/\/alternativafm.com\/site\/pelotao-do-corpo-de-bombeiros-tem-novo-comandante\/","url_meta":{"origin":52771,"position":5},"title":"Pelot\u00e3o do Corpo de Bombeiros tem novo Comandante","author":"redacao","date":"outubro 15, 2020","format":false,"excerpt":"https:\/\/youtu.be\/vcceaTAwmIo","rel":"","context":"Em &quot;CIDADE&quot;","block_context":{"text":"CIDADE","link":"https:\/\/alternativafm.com\/site\/category\/cidade\/"},"img":{"alt_text":"","src":"https:\/\/i0.wp.com\/img.youtube.com\/vi\/vcceaTAwmIo\/0.jpg?resize=350%2C200","width":350,"height":200},"classes":[]}],"jetpack_sharing_enabled":true,"jetpack_likes_enabled":true,"jetpack_featured_media_url":"https:\/\/alternativafm.com\/site\/wp-content\/uploads\/mqdefault-43.webp","_links":{"self":[{"href":"https:\/\/alternativafm.com\/site\/wp-json\/wp\/v2\/posts\/52771","targetHints":{"allow":["GET"]}}],"collection":[{"href":"https:\/\/alternativafm.com\/site\/wp-json\/wp\/v2\/posts"}],"about":[{"href":"https:\/\/alternativafm.com\/site\/wp-json\/wp\/v2\/types\/post"}],"author":[{"embeddable":true,"href":"https:\/\/alternativafm.com\/site\/wp-json\/wp\/v2\/users\/1"}],"replies":[{"embeddable":true,"href":"https:\/\/alternativafm.com\/site\/wp-json\/wp\/v2\/comments?post=52771"}],"version-history":[{"count":1,"href":"https:\/\/alternativafm.com\/site\/wp-json\/wp\/v2\/posts\/52771\/revisions"}],"predecessor-version":[{"id":52774,"href":"https:\/\/alternativafm.com\/site\/wp-json\/wp\/v2\/posts\/52771\/revisions\/52774"}],"wp:featuredmedia":[{"embeddable":true,"href":"https:\/\/alternativafm.com\/site\/wp-json\/wp\/v2\/media\/52773"}],"wp:attachment":[{"href":"https:\/\/alternativafm.com\/site\/wp-json\/wp\/v2\/media?parent=52771"}],"wp:term":[{"taxonomy":"category","embeddable":true,"href":"https:\/\/alternativafm.com\/site\/wp-json\/wp\/v2\/categories?post=52771"},{"taxonomy":"post_tag","embeddable":true,"href":"https:\/\/alternativafm.com\/site\/wp-json\/wp\/v2\/tags?post=52771"}],"curies":[{"name":"wp","href":"https:\/\/api.w.org\/{rel}","templated":true}]}}