{"id":53385,"date":"2025-11-03T10:25:24","date_gmt":"2025-11-03T10:25:24","guid":{"rendered":"https:\/\/alternativafm.com\/site\/?p=53385"},"modified":"2025-11-03T10:25:25","modified_gmt":"2025-11-03T10:25:25","slug":"estudo-do-ipea-aponta-custo-por-pessoa-para-universalizar-agua-e-esgoto-no-brasil","status":"publish","type":"post","link":"https:\/\/alternativafm.com\/site\/estudo-do-ipea-aponta-custo-por-pessoa-para-universalizar-agua-e-esgoto-no-brasil\/","title":{"rendered":"Estudo do Ipea aponta custo por pessoa para universalizar \u00e1gua e esgoto no Brasil"},"content":{"rendered":"\n<figure class=\"wp-block-audio\"><audio controls src=\"https:\/\/alternativafm.com\/site\/wp-content\/uploads\/Estudo-do-Ipea-aponta-custo-por-pessoa-para-universalizar-agua-e-esgoto-no-Brasil.mp3\"><\/audio><\/figure>\n","protected":false},"excerpt":{"rendered":"","protected":false},"author":1,"featured_media":53387,"comment_status":"open","ping_status":"open","sticky":false,"template":"","format":"standard","meta":{"_jetpack_newsletter_access":"","_jetpack_dont_email_post_to_subs":false,"_jetpack_newsletter_tier_id":0,"_jetpack_memberships_contains_paywalled_content":false,"_jetpack_feature_clip_id":0,"_jetpack_memberships_contains_paid_content":false,"footnotes":"","jetpack_publicize_message":"","jetpack_publicize_feature_enabled":true,"jetpack_social_post_already_shared":true,"jetpack_social_options":{"image_generator_settings":{"template":"highway","default_image_id":0,"font":"","enabled":false},"version":2},"jetpack_post_was_ever_published":false},"categories":[41],"tags":[],"class_list":["post-53385","post","type-post","status-publish","format-standard","has-post-thumbnail","hentry","category-podcast"],"yoast_head":"<!-- This site is optimized with the Yoast SEO plugin v27.2 - https:\/\/yoast.com\/product\/yoast-seo-wordpress\/ -->\n<title>Estudo do Ipea aponta custo por pessoa para universalizar \u00e1gua e esgoto no Brasil - Alternativa FM | 90,7 FM<\/title>\n<meta name=\"robots\" content=\"index, follow, max-snippet:-1, max-image-preview:large, max-video-preview:-1\" \/>\n<link rel=\"canonical\" href=\"https:\/\/alternativafm.com\/site\/estudo-do-ipea-aponta-custo-por-pessoa-para-universalizar-agua-e-esgoto-no-brasil\/\" \/>\n<meta property=\"og:locale\" content=\"pt_BR\" \/>\n<meta property=\"og:type\" content=\"article\" \/>\n<meta property=\"og:title\" content=\"Estudo do Ipea aponta custo por pessoa para universalizar \u00e1gua e esgoto no Brasil - Alternativa FM | 90,7 FM\" \/>\n<meta property=\"og:url\" content=\"https:\/\/alternativafm.com\/site\/estudo-do-ipea-aponta-custo-por-pessoa-para-universalizar-agua-e-esgoto-no-brasil\/\" \/>\n<meta property=\"og:site_name\" content=\"Alternativa FM | 90,7 FM\" \/>\n<meta property=\"article:published_time\" content=\"2025-11-03T10:25:24+00:00\" \/>\n<meta property=\"article:modified_time\" content=\"2025-11-03T10:25:25+00:00\" \/>\n<meta property=\"og:image\" content=\"https:\/\/alternativafm.com\/site\/wp-content\/uploads\/2149040839-2-e1762165516189.jpg\" \/>\n\t<meta property=\"og:image:width\" content=\"333\" \/>\n\t<meta property=\"og:image:height\" content=\"214\" \/>\n\t<meta property=\"og:image:type\" content=\"image\/jpeg\" \/>\n<meta name=\"author\" content=\"redacao\" \/>\n<meta name=\"twitter:card\" content=\"summary_large_image\" \/>\n<meta name=\"twitter:label1\" content=\"Escrito por\" \/>\n\t<meta name=\"twitter:data1\" content=\"redacao\" \/>\n\t<meta name=\"twitter:label2\" content=\"Est. tempo de leitura\" \/>\n\t<meta name=\"twitter:data2\" content=\"1 minuto\" \/>\n<script type=\"application\/ld+json\" class=\"yoast-schema-graph\">{\"@context\":\"https:\/\/schema.org\",\"@graph\":[{\"@type\":\"Article\",\"@id\":\"https:\/\/alternativafm.com\/site\/estudo-do-ipea-aponta-custo-por-pessoa-para-universalizar-agua-e-esgoto-no-brasil\/#article\",\"isPartOf\":{\"@id\":\"https:\/\/alternativafm.com\/site\/estudo-do-ipea-aponta-custo-por-pessoa-para-universalizar-agua-e-esgoto-no-brasil\/\"},\"author\":{\"name\":\"redacao\",\"@id\":\"https:\/\/alternativafm.com\/site\/#\/schema\/person\/6b1ac1374b404fe65adc2da2ea4e902a\"},\"headline\":\"Estudo do Ipea aponta custo por pessoa para universalizar \u00e1gua e esgoto no Brasil\",\"datePublished\":\"2025-11-03T10:25:24+00:00\",\"dateModified\":\"2025-11-03T10:25:25+00:00\",\"mainEntityOfPage\":{\"@id\":\"https:\/\/alternativafm.com\/site\/estudo-do-ipea-aponta-custo-por-pessoa-para-universalizar-agua-e-esgoto-no-brasil\/\"},\"wordCount\":14,\"commentCount\":0,\"publisher\":{\"@id\":\"https:\/\/alternativafm.com\/site\/#organization\"},\"image\":{\"@id\":\"https:\/\/alternativafm.com\/site\/estudo-do-ipea-aponta-custo-por-pessoa-para-universalizar-agua-e-esgoto-no-brasil\/#primaryimage\"},\"thumbnailUrl\":\"https:\/\/alternativafm.com\/site\/wp-content\/uploads\/2149040839-2-e1762165516189.jpg\",\"articleSection\":[\"PODCAST\"],\"inLanguage\":\"pt-BR\",\"potentialAction\":[{\"@type\":\"CommentAction\",\"name\":\"Comment\",\"target\":[\"https:\/\/alternativafm.com\/site\/estudo-do-ipea-aponta-custo-por-pessoa-para-universalizar-agua-e-esgoto-no-brasil\/#respond\"]}]},{\"@type\":\"WebPage\",\"@id\":\"https:\/\/alternativafm.com\/site\/estudo-do-ipea-aponta-custo-por-pessoa-para-universalizar-agua-e-esgoto-no-brasil\/\",\"url\":\"https:\/\/alternativafm.com\/site\/estudo-do-ipea-aponta-custo-por-pessoa-para-universalizar-agua-e-esgoto-no-brasil\/\",\"name\":\"Estudo do Ipea aponta custo por pessoa para universalizar \u00e1gua e esgoto no Brasil - Alternativa FM | 90,7 FM\",\"isPartOf\":{\"@id\":\"https:\/\/alternativafm.com\/site\/#website\"},\"primaryImageOfPage\":{\"@id\":\"https:\/\/alternativafm.com\/site\/estudo-do-ipea-aponta-custo-por-pessoa-para-universalizar-agua-e-esgoto-no-brasil\/#primaryimage\"},\"image\":{\"@id\":\"https:\/\/alternativafm.com\/site\/estudo-do-ipea-aponta-custo-por-pessoa-para-universalizar-agua-e-esgoto-no-brasil\/#primaryimage\"},\"thumbnailUrl\":\"https:\/\/alternativafm.com\/site\/wp-content\/uploads\/2149040839-2-e1762165516189.jpg\",\"datePublished\":\"2025-11-03T10:25:24+00:00\",\"dateModified\":\"2025-11-03T10:25:25+00:00\",\"breadcrumb\":{\"@id\":\"https:\/\/alternativafm.com\/site\/estudo-do-ipea-aponta-custo-por-pessoa-para-universalizar-agua-e-esgoto-no-brasil\/#breadcrumb\"},\"inLanguage\":\"pt-BR\",\"potentialAction\":[{\"@type\":\"ReadAction\",\"target\":[\"https:\/\/alternativafm.com\/site\/estudo-do-ipea-aponta-custo-por-pessoa-para-universalizar-agua-e-esgoto-no-brasil\/\"]}]},{\"@type\":\"ImageObject\",\"inLanguage\":\"pt-BR\",\"@id\":\"https:\/\/alternativafm.com\/site\/estudo-do-ipea-aponta-custo-por-pessoa-para-universalizar-agua-e-esgoto-no-brasil\/#primaryimage\",\"url\":\"https:\/\/alternativafm.com\/site\/wp-content\/uploads\/2149040839-2-e1762165516189.jpg\",\"contentUrl\":\"https:\/\/alternativafm.com\/site\/wp-content\/uploads\/2149040839-2-e1762165516189.jpg\",\"width\":333,\"height\":214},{\"@type\":\"BreadcrumbList\",\"@id\":\"https:\/\/alternativafm.com\/site\/estudo-do-ipea-aponta-custo-por-pessoa-para-universalizar-agua-e-esgoto-no-brasil\/#breadcrumb\",\"itemListElement\":[{\"@type\":\"ListItem\",\"position\":1,\"name\":\"In\u00edcio\",\"item\":\"https:\/\/alternativafm.com\/site\/\"},{\"@type\":\"ListItem\",\"position\":2,\"name\":\"Estudo do Ipea aponta custo por pessoa para universalizar \u00e1gua e esgoto no Brasil\"}]},{\"@type\":\"WebSite\",\"@id\":\"https:\/\/alternativafm.com\/site\/#website\",\"url\":\"https:\/\/alternativafm.com\/site\/\",\"name\":\"Alternativa FM | 90,7 FM\",\"description\":\"\",\"publisher\":{\"@id\":\"https:\/\/alternativafm.com\/site\/#organization\"},\"potentialAction\":[{\"@type\":\"SearchAction\",\"target\":{\"@type\":\"EntryPoint\",\"urlTemplate\":\"https:\/\/alternativafm.com\/site\/?s={search_term_string}\"},\"query-input\":{\"@type\":\"PropertyValueSpecification\",\"valueRequired\":true,\"valueName\":\"search_term_string\"}}],\"inLanguage\":\"pt-BR\"},{\"@type\":\"Organization\",\"@id\":\"https:\/\/alternativafm.com\/site\/#organization\",\"name\":\"Alternativa FM | 90,7 FM\",\"url\":\"https:\/\/alternativafm.com\/site\/\",\"logo\":{\"@type\":\"ImageObject\",\"inLanguage\":\"pt-BR\",\"@id\":\"https:\/\/alternativafm.com\/site\/#\/schema\/logo\/image\/\",\"url\":\"https:\/\/alternativafm.com\/site\/wp-content\/uploads\/2020\/07\/LOGOMARCA2.png\",\"contentUrl\":\"https:\/\/alternativafm.com\/site\/wp-content\/uploads\/2020\/07\/LOGOMARCA2.png\",\"width\":1352,\"height\":464,\"caption\":\"Alternativa FM | 90,7 FM\"},\"image\":{\"@id\":\"https:\/\/alternativafm.com\/site\/#\/schema\/logo\/image\/\"}},{\"@type\":\"Person\",\"@id\":\"https:\/\/alternativafm.com\/site\/#\/schema\/person\/6b1ac1374b404fe65adc2da2ea4e902a\",\"name\":\"redacao\",\"image\":{\"@type\":\"ImageObject\",\"inLanguage\":\"pt-BR\",\"@id\":\"https:\/\/secure.gravatar.com\/avatar\/16ab12bea2743901812c1ec603a48cc65b4e7af25043bec48c2742b27028075e?s=96&d=mm&r=g\",\"url\":\"https:\/\/secure.gravatar.com\/avatar\/16ab12bea2743901812c1ec603a48cc65b4e7af25043bec48c2742b27028075e?s=96&d=mm&r=g\",\"contentUrl\":\"https:\/\/secure.gravatar.com\/avatar\/16ab12bea2743901812c1ec603a48cc65b4e7af25043bec48c2742b27028075e?s=96&d=mm&r=g\",\"caption\":\"redacao\"},\"sameAs\":[\"http:\/\/alternativafm.com\/site\"],\"url\":\"https:\/\/alternativafm.com\/site\/author\/redacao\/\"}]}<\/script>\n<!-- \/ Yoast SEO plugin. -->","yoast_head_json":{"title":"Estudo do Ipea aponta custo por pessoa para universalizar \u00e1gua e esgoto no Brasil - Alternativa FM | 90,7 FM","robots":{"index":"index","follow":"follow","max-snippet":"max-snippet:-1","max-image-preview":"max-image-preview:large","max-video-preview":"max-video-preview:-1"},"canonical":"https:\/\/alternativafm.com\/site\/estudo-do-ipea-aponta-custo-por-pessoa-para-universalizar-agua-e-esgoto-no-brasil\/","og_locale":"pt_BR","og_type":"article","og_title":"Estudo do Ipea aponta custo por pessoa para universalizar \u00e1gua e esgoto no Brasil - Alternativa FM | 90,7 FM","og_url":"https:\/\/alternativafm.com\/site\/estudo-do-ipea-aponta-custo-por-pessoa-para-universalizar-agua-e-esgoto-no-brasil\/","og_site_name":"Alternativa FM | 90,7 FM","article_published_time":"2025-11-03T10:25:24+00:00","article_modified_time":"2025-11-03T10:25:25+00:00","og_image":[{"width":333,"height":214,"url":"https:\/\/alternativafm.com\/site\/wp-content\/uploads\/2149040839-2-e1762165516189.jpg","type":"image\/jpeg"}],"author":"redacao","twitter_card":"summary_large_image","twitter_misc":{"Escrito por":"redacao","Est. tempo de leitura":"1 minuto"},"schema":{"@context":"https:\/\/schema.org","@graph":[{"@type":"Article","@id":"https:\/\/alternativafm.com\/site\/estudo-do-ipea-aponta-custo-por-pessoa-para-universalizar-agua-e-esgoto-no-brasil\/#article","isPartOf":{"@id":"https:\/\/alternativafm.com\/site\/estudo-do-ipea-aponta-custo-por-pessoa-para-universalizar-agua-e-esgoto-no-brasil\/"},"author":{"name":"redacao","@id":"https:\/\/alternativafm.com\/site\/#\/schema\/person\/6b1ac1374b404fe65adc2da2ea4e902a"},"headline":"Estudo do Ipea aponta custo por pessoa para universalizar \u00e1gua e esgoto no Brasil","datePublished":"2025-11-03T10:25:24+00:00","dateModified":"2025-11-03T10:25:25+00:00","mainEntityOfPage":{"@id":"https:\/\/alternativafm.com\/site\/estudo-do-ipea-aponta-custo-por-pessoa-para-universalizar-agua-e-esgoto-no-brasil\/"},"wordCount":14,"commentCount":0,"publisher":{"@id":"https:\/\/alternativafm.com\/site\/#organization"},"image":{"@id":"https:\/\/alternativafm.com\/site\/estudo-do-ipea-aponta-custo-por-pessoa-para-universalizar-agua-e-esgoto-no-brasil\/#primaryimage"},"thumbnailUrl":"https:\/\/alternativafm.com\/site\/wp-content\/uploads\/2149040839-2-e1762165516189.jpg","articleSection":["PODCAST"],"inLanguage":"pt-BR","potentialAction":[{"@type":"CommentAction","name":"Comment","target":["https:\/\/alternativafm.com\/site\/estudo-do-ipea-aponta-custo-por-pessoa-para-universalizar-agua-e-esgoto-no-brasil\/#respond"]}]},{"@type":"WebPage","@id":"https:\/\/alternativafm.com\/site\/estudo-do-ipea-aponta-custo-por-pessoa-para-universalizar-agua-e-esgoto-no-brasil\/","url":"https:\/\/alternativafm.com\/site\/estudo-do-ipea-aponta-custo-por-pessoa-para-universalizar-agua-e-esgoto-no-brasil\/","name":"Estudo do Ipea aponta custo por pessoa para universalizar \u00e1gua e esgoto no Brasil - Alternativa FM | 90,7 FM","isPartOf":{"@id":"https:\/\/alternativafm.com\/site\/#website"},"primaryImageOfPage":{"@id":"https:\/\/alternativafm.com\/site\/estudo-do-ipea-aponta-custo-por-pessoa-para-universalizar-agua-e-esgoto-no-brasil\/#primaryimage"},"image":{"@id":"https:\/\/alternativafm.com\/site\/estudo-do-ipea-aponta-custo-por-pessoa-para-universalizar-agua-e-esgoto-no-brasil\/#primaryimage"},"thumbnailUrl":"https:\/\/alternativafm.com\/site\/wp-content\/uploads\/2149040839-2-e1762165516189.jpg","datePublished":"2025-11-03T10:25:24+00:00","dateModified":"2025-11-03T10:25:25+00:00","breadcrumb":{"@id":"https:\/\/alternativafm.com\/site\/estudo-do-ipea-aponta-custo-por-pessoa-para-universalizar-agua-e-esgoto-no-brasil\/#breadcrumb"},"inLanguage":"pt-BR","potentialAction":[{"@type":"ReadAction","target":["https:\/\/alternativafm.com\/site\/estudo-do-ipea-aponta-custo-por-pessoa-para-universalizar-agua-e-esgoto-no-brasil\/"]}]},{"@type":"ImageObject","inLanguage":"pt-BR","@id":"https:\/\/alternativafm.com\/site\/estudo-do-ipea-aponta-custo-por-pessoa-para-universalizar-agua-e-esgoto-no-brasil\/#primaryimage","url":"https:\/\/alternativafm.com\/site\/wp-content\/uploads\/2149040839-2-e1762165516189.jpg","contentUrl":"https:\/\/alternativafm.com\/site\/wp-content\/uploads\/2149040839-2-e1762165516189.jpg","width":333,"height":214},{"@type":"BreadcrumbList","@id":"https:\/\/alternativafm.com\/site\/estudo-do-ipea-aponta-custo-por-pessoa-para-universalizar-agua-e-esgoto-no-brasil\/#breadcrumb","itemListElement":[{"@type":"ListItem","position":1,"name":"In\u00edcio","item":"https:\/\/alternativafm.com\/site\/"},{"@type":"ListItem","position":2,"name":"Estudo do Ipea aponta custo por pessoa para universalizar \u00e1gua e esgoto no Brasil"}]},{"@type":"WebSite","@id":"https:\/\/alternativafm.com\/site\/#website","url":"https:\/\/alternativafm.com\/site\/","name":"Alternativa FM | 90,7 FM","description":"","publisher":{"@id":"https:\/\/alternativafm.com\/site\/#organization"},"potentialAction":[{"@type":"SearchAction","target":{"@type":"EntryPoint","urlTemplate":"https:\/\/alternativafm.com\/site\/?s={search_term_string}"},"query-input":{"@type":"PropertyValueSpecification","valueRequired":true,"valueName":"search_term_string"}}],"inLanguage":"pt-BR"},{"@type":"Organization","@id":"https:\/\/alternativafm.com\/site\/#organization","name":"Alternativa FM | 90,7 FM","url":"https:\/\/alternativafm.com\/site\/","logo":{"@type":"ImageObject","inLanguage":"pt-BR","@id":"https:\/\/alternativafm.com\/site\/#\/schema\/logo\/image\/","url":"https:\/\/alternativafm.com\/site\/wp-content\/uploads\/2020\/07\/LOGOMARCA2.png","contentUrl":"https:\/\/alternativafm.com\/site\/wp-content\/uploads\/2020\/07\/LOGOMARCA2.png","width":1352,"height":464,"caption":"Alternativa FM | 90,7 FM"},"image":{"@id":"https:\/\/alternativafm.com\/site\/#\/schema\/logo\/image\/"}},{"@type":"Person","@id":"https:\/\/alternativafm.com\/site\/#\/schema\/person\/6b1ac1374b404fe65adc2da2ea4e902a","name":"redacao","image":{"@type":"ImageObject","inLanguage":"pt-BR","@id":"https:\/\/secure.gravatar.com\/avatar\/16ab12bea2743901812c1ec603a48cc65b4e7af25043bec48c2742b27028075e?s=96&d=mm&r=g","url":"https:\/\/secure.gravatar.com\/avatar\/16ab12bea2743901812c1ec603a48cc65b4e7af25043bec48c2742b27028075e?s=96&d=mm&r=g","contentUrl":"https:\/\/secure.gravatar.com\/avatar\/16ab12bea2743901812c1ec603a48cc65b4e7af25043bec48c2742b27028075e?s=96&d=mm&r=g","caption":"redacao"},"sameAs":["http:\/\/alternativafm.com\/site"],"url":"https:\/\/alternativafm.com\/site\/author\/redacao\/"}]}},"jetpack_publicize_connections":[],"jetpack_shortlink":"https:\/\/wp.me\/pccBN3-dT3","jetpack-related-posts":[{"id":53293,"url":"https:\/\/alternativafm.com\/site\/racionamento-de-agua-no-brasil-pode-ser-de-12-dias-ate-2050-aponta-estudo-do-trata-brasil\/","url_meta":{"origin":53385,"position":0},"title":"Racionamento de \u00e1gua no Brasil pode ser de 12 dias at\u00e9 2050, aponta estudo do Trata Brasil","author":"redacao","date":"outubro 29, 2025","format":false,"excerpt":"","rel":"","context":"Em &quot;PODCAST&quot;","block_context":{"text":"PODCAST","link":"https:\/\/alternativafm.com\/site\/category\/podcast\/"},"img":{"alt_text":"","src":"","width":0,"height":0},"classes":[]},{"id":27521,"url":"https:\/\/alternativafm.com\/site\/universalizacao-e-o-maior-desafio-da-frente-dos-residuos-solidos-aponta-ambientalista\/","url_meta":{"origin":53385,"position":1},"title":"Universaliza\u00e7\u00e3o \u00e9 o maior desafio da Frente dos Res\u00edduos S\u00f3lidos, aponta ambientalista.","author":"redacao","date":"maio 4, 2023","format":false,"excerpt":"","rel":"","context":"Em &quot;PODCAST&quot;","block_context":{"text":"PODCAST","link":"https:\/\/alternativafm.com\/site\/category\/podcast\/"},"img":{"alt_text":"","src":"","width":0,"height":0},"classes":[]},{"id":1767,"url":"https:\/\/alternativafm.com\/site\/investimentos-na-economia-do-pais-aumentam-34-em-julho-aponta-ipea\/","url_meta":{"origin":53385,"position":2},"title":"Investimentos na economia do pa\u00eds aumentam 3,4% em julho, aponta Ipea","author":"redacao","date":"outubro 7, 2020","format":false,"excerpt":"","rel":"","context":"Em &quot;PODCAST&quot;","block_context":{"text":"PODCAST","link":"https:\/\/alternativafm.com\/site\/category\/podcast\/"},"img":{"alt_text":"","src":"","width":0,"height":0},"classes":[]},{"id":43635,"url":"https:\/\/alternativafm.com\/site\/copasa-inicia-obras-para-substituir-tubulacao-de-esgoto-em-montes-claros\/","url_meta":{"origin":53385,"position":3},"title":"Copasa inicia obras para substituir tubula\u00e7\u00e3o de esgoto em Montes Claros","author":"redacao","date":"novembro 14, 2024","format":false,"excerpt":"A\u00a0Companhia de Saneamento de Minas Gerais (Copasa)\u00a0iniciou neste m\u00eas as obras para implanta\u00e7\u00e3o do novo interceptor sanit\u00e1rio da rede coletora de esgoto, localizado na margem esquerda do c\u00f3rrego das Melancias, no bairro Esplanada, regi\u00e3o\u00a0de Montes Claros, no Norte de Minas. A estrutura \u00e9 respons\u00e1vel pela capta\u00e7\u00e3o e condu\u00e7\u00e3o dos efluentes\u2026","rel":"","context":"Em &quot;GERAL&quot;","block_context":{"text":"GERAL","link":"https:\/\/alternativafm.com\/site\/category\/geral\/"},"img":{"alt_text":"","src":"","width":0,"height":0},"classes":[]},{"id":39209,"url":"https:\/\/alternativafm.com\/site\/brasil-registra-mais-de-65-mil-acidentes-de-transito-em-2023-aponta-estudo\/","url_meta":{"origin":53385,"position":4},"title":"Brasil registra mais de 65 mil acidentes de tr\u00e2nsito em 2023, aponta estudo.","author":"redacao","date":"junho 15, 2024","format":false,"excerpt":"","rel":"","context":"Em &quot;PODCAST&quot;","block_context":{"text":"PODCAST","link":"https:\/\/alternativafm.com\/site\/category\/podcast\/"},"img":{"alt_text":"","src":"","width":0,"height":0},"classes":[]},{"id":998,"url":"https:\/\/alternativafm.com\/site\/bioeconomia-pode-ser-primeiro-passo-para-reduzir-dependencia-externa-do-brasil-aponta-estudo\/","url_meta":{"origin":53385,"position":5},"title":"Bioeconomia pode ser primeiro passo para reduzir depend\u00eancia externa do Brasil, aponta estudo","author":"redacao","date":"setembro 8, 2020","format":false,"excerpt":"","rel":"","context":"Em &quot;PODCAST&quot;","block_context":{"text":"PODCAST","link":"https:\/\/alternativafm.com\/site\/category\/podcast\/"},"img":{"alt_text":"","src":"","width":0,"height":0},"classes":[]}],"jetpack_sharing_enabled":true,"jetpack_likes_enabled":true,"jetpack_featured_media_url":"https:\/\/alternativafm.com\/site\/wp-content\/uploads\/2149040839-2-e1762165516189.jpg","_links":{"self":[{"href":"https:\/\/alternativafm.com\/site\/wp-json\/wp\/v2\/posts\/53385","targetHints":{"allow":["GET"]}}],"collection":[{"href":"https:\/\/alternativafm.com\/site\/wp-json\/wp\/v2\/posts"}],"about":[{"href":"https:\/\/alternativafm.com\/site\/wp-json\/wp\/v2\/types\/post"}],"author":[{"embeddable":true,"href":"https:\/\/alternativafm.com\/site\/wp-json\/wp\/v2\/users\/1"}],"replies":[{"embeddable":true,"href":"https:\/\/alternativafm.com\/site\/wp-json\/wp\/v2\/comments?post=53385"}],"version-history":[{"count":1,"href":"https:\/\/alternativafm.com\/site\/wp-json\/wp\/v2\/posts\/53385\/revisions"}],"predecessor-version":[{"id":53388,"href":"https:\/\/alternativafm.com\/site\/wp-json\/wp\/v2\/posts\/53385\/revisions\/53388"}],"wp:featuredmedia":[{"embeddable":true,"href":"https:\/\/alternativafm.com\/site\/wp-json\/wp\/v2\/media\/53387"}],"wp:attachment":[{"href":"https:\/\/alternativafm.com\/site\/wp-json\/wp\/v2\/media?parent=53385"}],"wp:term":[{"taxonomy":"category","embeddable":true,"href":"https:\/\/alternativafm.com\/site\/wp-json\/wp\/v2\/categories?post=53385"},{"taxonomy":"post_tag","embeddable":true,"href":"https:\/\/alternativafm.com\/site\/wp-json\/wp\/v2\/tags?post=53385"}],"curies":[{"name":"wp","href":"https:\/\/api.w.org\/{rel}","templated":true}]}}