{"id":53505,"date":"2025-11-06T12:14:01","date_gmt":"2025-11-06T12:14:01","guid":{"rendered":"https:\/\/alternativafm.com\/site\/?p=53505"},"modified":"2025-11-06T12:14:02","modified_gmt":"2025-11-06T12:14:02","slug":"trafico-de-drogas-no-bairro-arvoredo-e-desmantelado-em-operacao-policial","status":"publish","type":"post","link":"https:\/\/alternativafm.com\/site\/trafico-de-drogas-no-bairro-arvoredo-e-desmantelado-em-operacao-policial\/","title":{"rendered":"Tr\u00e1fico de drogas no bairro Arvoredo \u00e9 desmantelado em opera\u00e7\u00e3o policial"},"content":{"rendered":"\n<figure class=\"wp-block-embed is-type-video is-provider-youtube wp-block-embed-youtube wp-embed-aspect-16-9 wp-has-aspect-ratio\"><div class=\"wp-block-embed__wrapper\">\n<iframe loading=\"lazy\" title=\"Tr\u00e1fico de drogas no bairro Arvoredo \u00e9 desmantelado em opera\u00e7\u00e3o policial\" width=\"640\" height=\"360\" src=\"https:\/\/www.youtube.com\/embed\/Q5MAH237Cik?feature=oembed\" frameborder=\"0\" allow=\"accelerometer; autoplay; clipboard-write; encrypted-media; gyroscope; picture-in-picture; web-share\" referrerpolicy=\"strict-origin-when-cross-origin\" allowfullscreen><\/iframe>\n<\/div><\/figure>\n","protected":false},"excerpt":{"rendered":"","protected":false},"author":1,"featured_media":53506,"comment_status":"open","ping_status":"open","sticky":false,"template":"","format":"standard","meta":{"_jetpack_newsletter_access":"","_jetpack_dont_email_post_to_subs":false,"_jetpack_newsletter_tier_id":0,"_jetpack_memberships_contains_paywalled_content":false,"_jetpack_feature_clip_id":0,"_jetpack_memberships_contains_paid_content":false,"footnotes":"","jetpack_publicize_message":"","jetpack_publicize_feature_enabled":true,"jetpack_social_post_already_shared":true,"jetpack_social_options":{"image_generator_settings":{"template":"highway","default_image_id":0,"font":"","enabled":false},"version":2},"jetpack_post_was_ever_published":false},"categories":[6,2],"tags":[],"class_list":["post-53505","post","type-post","status-publish","format-standard","has-post-thumbnail","hentry","category-geral","category-policia"],"yoast_head":"<!-- This site is optimized with the Yoast SEO plugin v27.2 - https:\/\/yoast.com\/product\/yoast-seo-wordpress\/ -->\n<title>Tr\u00e1fico de drogas no bairro Arvoredo \u00e9 desmantelado em opera\u00e7\u00e3o policial - Alternativa FM | 90,7 FM<\/title>\n<meta name=\"robots\" content=\"index, follow, max-snippet:-1, max-image-preview:large, max-video-preview:-1\" \/>\n<link rel=\"canonical\" href=\"https:\/\/alternativafm.com\/site\/trafico-de-drogas-no-bairro-arvoredo-e-desmantelado-em-operacao-policial\/\" \/>\n<meta property=\"og:locale\" content=\"pt_BR\" \/>\n<meta property=\"og:type\" content=\"article\" \/>\n<meta property=\"og:title\" content=\"Tr\u00e1fico de drogas no bairro Arvoredo \u00e9 desmantelado em opera\u00e7\u00e3o policial - Alternativa FM | 90,7 FM\" \/>\n<meta property=\"og:url\" content=\"https:\/\/alternativafm.com\/site\/trafico-de-drogas-no-bairro-arvoredo-e-desmantelado-em-operacao-policial\/\" \/>\n<meta property=\"og:site_name\" content=\"Alternativa FM | 90,7 FM\" \/>\n<meta property=\"article:published_time\" content=\"2025-11-06T12:14:01+00:00\" \/>\n<meta property=\"article:modified_time\" content=\"2025-11-06T12:14:02+00:00\" \/>\n<meta property=\"og:image\" content=\"https:\/\/alternativafm.com\/site\/wp-content\/uploads\/Noticia-04-Manga-kkk-e1762431220972.jpg\" \/>\n\t<meta property=\"og:image:width\" content=\"333\" \/>\n\t<meta property=\"og:image:height\" content=\"300\" \/>\n\t<meta property=\"og:image:type\" content=\"image\/jpeg\" \/>\n<meta name=\"author\" content=\"redacao\" \/>\n<meta name=\"twitter:card\" content=\"summary_large_image\" \/>\n<meta name=\"twitter:label1\" content=\"Escrito por\" \/>\n\t<meta name=\"twitter:data1\" content=\"redacao\" \/>\n\t<meta name=\"twitter:label2\" content=\"Est. tempo de leitura\" \/>\n\t<meta name=\"twitter:data2\" content=\"1 minuto\" \/>\n<script type=\"application\/ld+json\" class=\"yoast-schema-graph\">{\"@context\":\"https:\/\/schema.org\",\"@graph\":[{\"@type\":\"Article\",\"@id\":\"https:\/\/alternativafm.com\/site\/trafico-de-drogas-no-bairro-arvoredo-e-desmantelado-em-operacao-policial\/#article\",\"isPartOf\":{\"@id\":\"https:\/\/alternativafm.com\/site\/trafico-de-drogas-no-bairro-arvoredo-e-desmantelado-em-operacao-policial\/\"},\"author\":{\"name\":\"redacao\",\"@id\":\"https:\/\/alternativafm.com\/site\/#\/schema\/person\/6b1ac1374b404fe65adc2da2ea4e902a\"},\"headline\":\"Tr\u00e1fico de drogas no bairro Arvoredo \u00e9 desmantelado em opera\u00e7\u00e3o policial\",\"datePublished\":\"2025-11-06T12:14:01+00:00\",\"dateModified\":\"2025-11-06T12:14:02+00:00\",\"mainEntityOfPage\":{\"@id\":\"https:\/\/alternativafm.com\/site\/trafico-de-drogas-no-bairro-arvoredo-e-desmantelado-em-operacao-policial\/\"},\"wordCount\":18,\"commentCount\":0,\"publisher\":{\"@id\":\"https:\/\/alternativafm.com\/site\/#organization\"},\"image\":{\"@id\":\"https:\/\/alternativafm.com\/site\/trafico-de-drogas-no-bairro-arvoredo-e-desmantelado-em-operacao-policial\/#primaryimage\"},\"thumbnailUrl\":\"https:\/\/alternativafm.com\/site\/wp-content\/uploads\/Noticia-04-Manga-kkk-e1762431220972.jpg\",\"articleSection\":[\"GERAL\",\"POL\u00cdCIA\"],\"inLanguage\":\"pt-BR\",\"potentialAction\":[{\"@type\":\"CommentAction\",\"name\":\"Comment\",\"target\":[\"https:\/\/alternativafm.com\/site\/trafico-de-drogas-no-bairro-arvoredo-e-desmantelado-em-operacao-policial\/#respond\"]}]},{\"@type\":\"WebPage\",\"@id\":\"https:\/\/alternativafm.com\/site\/trafico-de-drogas-no-bairro-arvoredo-e-desmantelado-em-operacao-policial\/\",\"url\":\"https:\/\/alternativafm.com\/site\/trafico-de-drogas-no-bairro-arvoredo-e-desmantelado-em-operacao-policial\/\",\"name\":\"Tr\u00e1fico de drogas no bairro Arvoredo \u00e9 desmantelado em opera\u00e7\u00e3o policial - Alternativa FM | 90,7 FM\",\"isPartOf\":{\"@id\":\"https:\/\/alternativafm.com\/site\/#website\"},\"primaryImageOfPage\":{\"@id\":\"https:\/\/alternativafm.com\/site\/trafico-de-drogas-no-bairro-arvoredo-e-desmantelado-em-operacao-policial\/#primaryimage\"},\"image\":{\"@id\":\"https:\/\/alternativafm.com\/site\/trafico-de-drogas-no-bairro-arvoredo-e-desmantelado-em-operacao-policial\/#primaryimage\"},\"thumbnailUrl\":\"https:\/\/alternativafm.com\/site\/wp-content\/uploads\/Noticia-04-Manga-kkk-e1762431220972.jpg\",\"datePublished\":\"2025-11-06T12:14:01+00:00\",\"dateModified\":\"2025-11-06T12:14:02+00:00\",\"breadcrumb\":{\"@id\":\"https:\/\/alternativafm.com\/site\/trafico-de-drogas-no-bairro-arvoredo-e-desmantelado-em-operacao-policial\/#breadcrumb\"},\"inLanguage\":\"pt-BR\",\"potentialAction\":[{\"@type\":\"ReadAction\",\"target\":[\"https:\/\/alternativafm.com\/site\/trafico-de-drogas-no-bairro-arvoredo-e-desmantelado-em-operacao-policial\/\"]}]},{\"@type\":\"ImageObject\",\"inLanguage\":\"pt-BR\",\"@id\":\"https:\/\/alternativafm.com\/site\/trafico-de-drogas-no-bairro-arvoredo-e-desmantelado-em-operacao-policial\/#primaryimage\",\"url\":\"https:\/\/alternativafm.com\/site\/wp-content\/uploads\/Noticia-04-Manga-kkk-e1762431220972.jpg\",\"contentUrl\":\"https:\/\/alternativafm.com\/site\/wp-content\/uploads\/Noticia-04-Manga-kkk-e1762431220972.jpg\",\"width\":333,\"height\":300},{\"@type\":\"BreadcrumbList\",\"@id\":\"https:\/\/alternativafm.com\/site\/trafico-de-drogas-no-bairro-arvoredo-e-desmantelado-em-operacao-policial\/#breadcrumb\",\"itemListElement\":[{\"@type\":\"ListItem\",\"position\":1,\"name\":\"In\u00edcio\",\"item\":\"https:\/\/alternativafm.com\/site\/\"},{\"@type\":\"ListItem\",\"position\":2,\"name\":\"Tr\u00e1fico de drogas no bairro Arvoredo \u00e9 desmantelado em opera\u00e7\u00e3o policial\"}]},{\"@type\":\"WebSite\",\"@id\":\"https:\/\/alternativafm.com\/site\/#website\",\"url\":\"https:\/\/alternativafm.com\/site\/\",\"name\":\"Alternativa FM | 90,7 FM\",\"description\":\"\",\"publisher\":{\"@id\":\"https:\/\/alternativafm.com\/site\/#organization\"},\"potentialAction\":[{\"@type\":\"SearchAction\",\"target\":{\"@type\":\"EntryPoint\",\"urlTemplate\":\"https:\/\/alternativafm.com\/site\/?s={search_term_string}\"},\"query-input\":{\"@type\":\"PropertyValueSpecification\",\"valueRequired\":true,\"valueName\":\"search_term_string\"}}],\"inLanguage\":\"pt-BR\"},{\"@type\":\"Organization\",\"@id\":\"https:\/\/alternativafm.com\/site\/#organization\",\"name\":\"Alternativa FM | 90,7 FM\",\"url\":\"https:\/\/alternativafm.com\/site\/\",\"logo\":{\"@type\":\"ImageObject\",\"inLanguage\":\"pt-BR\",\"@id\":\"https:\/\/alternativafm.com\/site\/#\/schema\/logo\/image\/\",\"url\":\"https:\/\/alternativafm.com\/site\/wp-content\/uploads\/2020\/07\/LOGOMARCA2.png\",\"contentUrl\":\"https:\/\/alternativafm.com\/site\/wp-content\/uploads\/2020\/07\/LOGOMARCA2.png\",\"width\":1352,\"height\":464,\"caption\":\"Alternativa FM | 90,7 FM\"},\"image\":{\"@id\":\"https:\/\/alternativafm.com\/site\/#\/schema\/logo\/image\/\"}},{\"@type\":\"Person\",\"@id\":\"https:\/\/alternativafm.com\/site\/#\/schema\/person\/6b1ac1374b404fe65adc2da2ea4e902a\",\"name\":\"redacao\",\"image\":{\"@type\":\"ImageObject\",\"inLanguage\":\"pt-BR\",\"@id\":\"https:\/\/secure.gravatar.com\/avatar\/16ab12bea2743901812c1ec603a48cc65b4e7af25043bec48c2742b27028075e?s=96&d=mm&r=g\",\"url\":\"https:\/\/secure.gravatar.com\/avatar\/16ab12bea2743901812c1ec603a48cc65b4e7af25043bec48c2742b27028075e?s=96&d=mm&r=g\",\"contentUrl\":\"https:\/\/secure.gravatar.com\/avatar\/16ab12bea2743901812c1ec603a48cc65b4e7af25043bec48c2742b27028075e?s=96&d=mm&r=g\",\"caption\":\"redacao\"},\"sameAs\":[\"http:\/\/alternativafm.com\/site\"],\"url\":\"https:\/\/alternativafm.com\/site\/author\/redacao\/\"}]}<\/script>\n<!-- \/ Yoast SEO plugin. -->","yoast_head_json":{"title":"Tr\u00e1fico de drogas no bairro Arvoredo \u00e9 desmantelado em opera\u00e7\u00e3o policial - Alternativa FM | 90,7 FM","robots":{"index":"index","follow":"follow","max-snippet":"max-snippet:-1","max-image-preview":"max-image-preview:large","max-video-preview":"max-video-preview:-1"},"canonical":"https:\/\/alternativafm.com\/site\/trafico-de-drogas-no-bairro-arvoredo-e-desmantelado-em-operacao-policial\/","og_locale":"pt_BR","og_type":"article","og_title":"Tr\u00e1fico de drogas no bairro Arvoredo \u00e9 desmantelado em opera\u00e7\u00e3o policial - Alternativa FM | 90,7 FM","og_url":"https:\/\/alternativafm.com\/site\/trafico-de-drogas-no-bairro-arvoredo-e-desmantelado-em-operacao-policial\/","og_site_name":"Alternativa FM | 90,7 FM","article_published_time":"2025-11-06T12:14:01+00:00","article_modified_time":"2025-11-06T12:14:02+00:00","og_image":[{"width":333,"height":300,"url":"https:\/\/alternativafm.com\/site\/wp-content\/uploads\/Noticia-04-Manga-kkk-e1762431220972.jpg","type":"image\/jpeg"}],"author":"redacao","twitter_card":"summary_large_image","twitter_misc":{"Escrito por":"redacao","Est. tempo de leitura":"1 minuto"},"schema":{"@context":"https:\/\/schema.org","@graph":[{"@type":"Article","@id":"https:\/\/alternativafm.com\/site\/trafico-de-drogas-no-bairro-arvoredo-e-desmantelado-em-operacao-policial\/#article","isPartOf":{"@id":"https:\/\/alternativafm.com\/site\/trafico-de-drogas-no-bairro-arvoredo-e-desmantelado-em-operacao-policial\/"},"author":{"name":"redacao","@id":"https:\/\/alternativafm.com\/site\/#\/schema\/person\/6b1ac1374b404fe65adc2da2ea4e902a"},"headline":"Tr\u00e1fico de drogas no bairro Arvoredo \u00e9 desmantelado em opera\u00e7\u00e3o policial","datePublished":"2025-11-06T12:14:01+00:00","dateModified":"2025-11-06T12:14:02+00:00","mainEntityOfPage":{"@id":"https:\/\/alternativafm.com\/site\/trafico-de-drogas-no-bairro-arvoredo-e-desmantelado-em-operacao-policial\/"},"wordCount":18,"commentCount":0,"publisher":{"@id":"https:\/\/alternativafm.com\/site\/#organization"},"image":{"@id":"https:\/\/alternativafm.com\/site\/trafico-de-drogas-no-bairro-arvoredo-e-desmantelado-em-operacao-policial\/#primaryimage"},"thumbnailUrl":"https:\/\/alternativafm.com\/site\/wp-content\/uploads\/Noticia-04-Manga-kkk-e1762431220972.jpg","articleSection":["GERAL","POL\u00cdCIA"],"inLanguage":"pt-BR","potentialAction":[{"@type":"CommentAction","name":"Comment","target":["https:\/\/alternativafm.com\/site\/trafico-de-drogas-no-bairro-arvoredo-e-desmantelado-em-operacao-policial\/#respond"]}]},{"@type":"WebPage","@id":"https:\/\/alternativafm.com\/site\/trafico-de-drogas-no-bairro-arvoredo-e-desmantelado-em-operacao-policial\/","url":"https:\/\/alternativafm.com\/site\/trafico-de-drogas-no-bairro-arvoredo-e-desmantelado-em-operacao-policial\/","name":"Tr\u00e1fico de drogas no bairro Arvoredo \u00e9 desmantelado em opera\u00e7\u00e3o policial - Alternativa FM | 90,7 FM","isPartOf":{"@id":"https:\/\/alternativafm.com\/site\/#website"},"primaryImageOfPage":{"@id":"https:\/\/alternativafm.com\/site\/trafico-de-drogas-no-bairro-arvoredo-e-desmantelado-em-operacao-policial\/#primaryimage"},"image":{"@id":"https:\/\/alternativafm.com\/site\/trafico-de-drogas-no-bairro-arvoredo-e-desmantelado-em-operacao-policial\/#primaryimage"},"thumbnailUrl":"https:\/\/alternativafm.com\/site\/wp-content\/uploads\/Noticia-04-Manga-kkk-e1762431220972.jpg","datePublished":"2025-11-06T12:14:01+00:00","dateModified":"2025-11-06T12:14:02+00:00","breadcrumb":{"@id":"https:\/\/alternativafm.com\/site\/trafico-de-drogas-no-bairro-arvoredo-e-desmantelado-em-operacao-policial\/#breadcrumb"},"inLanguage":"pt-BR","potentialAction":[{"@type":"ReadAction","target":["https:\/\/alternativafm.com\/site\/trafico-de-drogas-no-bairro-arvoredo-e-desmantelado-em-operacao-policial\/"]}]},{"@type":"ImageObject","inLanguage":"pt-BR","@id":"https:\/\/alternativafm.com\/site\/trafico-de-drogas-no-bairro-arvoredo-e-desmantelado-em-operacao-policial\/#primaryimage","url":"https:\/\/alternativafm.com\/site\/wp-content\/uploads\/Noticia-04-Manga-kkk-e1762431220972.jpg","contentUrl":"https:\/\/alternativafm.com\/site\/wp-content\/uploads\/Noticia-04-Manga-kkk-e1762431220972.jpg","width":333,"height":300},{"@type":"BreadcrumbList","@id":"https:\/\/alternativafm.com\/site\/trafico-de-drogas-no-bairro-arvoredo-e-desmantelado-em-operacao-policial\/#breadcrumb","itemListElement":[{"@type":"ListItem","position":1,"name":"In\u00edcio","item":"https:\/\/alternativafm.com\/site\/"},{"@type":"ListItem","position":2,"name":"Tr\u00e1fico de drogas no bairro Arvoredo \u00e9 desmantelado em opera\u00e7\u00e3o policial"}]},{"@type":"WebSite","@id":"https:\/\/alternativafm.com\/site\/#website","url":"https:\/\/alternativafm.com\/site\/","name":"Alternativa FM | 90,7 FM","description":"","publisher":{"@id":"https:\/\/alternativafm.com\/site\/#organization"},"potentialAction":[{"@type":"SearchAction","target":{"@type":"EntryPoint","urlTemplate":"https:\/\/alternativafm.com\/site\/?s={search_term_string}"},"query-input":{"@type":"PropertyValueSpecification","valueRequired":true,"valueName":"search_term_string"}}],"inLanguage":"pt-BR"},{"@type":"Organization","@id":"https:\/\/alternativafm.com\/site\/#organization","name":"Alternativa FM | 90,7 FM","url":"https:\/\/alternativafm.com\/site\/","logo":{"@type":"ImageObject","inLanguage":"pt-BR","@id":"https:\/\/alternativafm.com\/site\/#\/schema\/logo\/image\/","url":"https:\/\/alternativafm.com\/site\/wp-content\/uploads\/2020\/07\/LOGOMARCA2.png","contentUrl":"https:\/\/alternativafm.com\/site\/wp-content\/uploads\/2020\/07\/LOGOMARCA2.png","width":1352,"height":464,"caption":"Alternativa FM | 90,7 FM"},"image":{"@id":"https:\/\/alternativafm.com\/site\/#\/schema\/logo\/image\/"}},{"@type":"Person","@id":"https:\/\/alternativafm.com\/site\/#\/schema\/person\/6b1ac1374b404fe65adc2da2ea4e902a","name":"redacao","image":{"@type":"ImageObject","inLanguage":"pt-BR","@id":"https:\/\/secure.gravatar.com\/avatar\/16ab12bea2743901812c1ec603a48cc65b4e7af25043bec48c2742b27028075e?s=96&d=mm&r=g","url":"https:\/\/secure.gravatar.com\/avatar\/16ab12bea2743901812c1ec603a48cc65b4e7af25043bec48c2742b27028075e?s=96&d=mm&r=g","contentUrl":"https:\/\/secure.gravatar.com\/avatar\/16ab12bea2743901812c1ec603a48cc65b4e7af25043bec48c2742b27028075e?s=96&d=mm&r=g","caption":"redacao"},"sameAs":["http:\/\/alternativafm.com\/site"],"url":"https:\/\/alternativafm.com\/site\/author\/redacao\/"}]}},"jetpack_publicize_connections":[],"jetpack_shortlink":"https:\/\/wp.me\/pccBN3-dUZ","jetpack-related-posts":[{"id":5148,"url":"https:\/\/alternativafm.com\/site\/policia-militar-realiza-operacao-policial-em-icarai-de-minas\/","url_meta":{"origin":53505,"position":0},"title":"Pol\u00edcia Militar realiza  Opera\u00e7\u00e3o Policial em Icara\u00ed de Minas","author":"redacao","date":"fevereiro 13, 2021","format":false,"excerpt":"Ontem(12), por volta das 11h00 a Pol\u00edcia Militar realizou uma Opera\u00e7\u00e3o Policial no munic\u00edpio de Icara\u00ed de Minas, com intuito de prevenir homic\u00eddios e combater o tr\u00e1fico il\u00edcito de entorpecentes. Dois suspeitos de praticarem o tr\u00e1fico il\u00edcito de entorpecentes foram presos. A opera\u00e7\u00e3o foi iniciada a partir de informa\u00e7\u00f5es do\u2026","rel":"","context":"Em &quot;DESTAQUE&quot;","block_context":{"text":"DESTAQUE","link":"https:\/\/alternativafm.com\/site\/category\/destaque\/"},"img":{"alt_text":"","src":"","width":0,"height":0},"classes":[]},{"id":5226,"url":"https:\/\/alternativafm.com\/site\/homens-presos-por-trafico-de-drogas-em-icarai-de-minas\/","url_meta":{"origin":53505,"position":1},"title":"Homens presos por tr\u00e1fico de drogas em Icara\u00ed de Minas","author":"redacao","date":"fevereiro 16, 2021","format":false,"excerpt":"No domingo (dia 14\/02), por volta das 17:00 horas, a Pol\u00edcia Militar na cidade de Icara\u00ed de Minas realizou opera\u00e7\u00e3o Batida Policial com foco no combate ao tr\u00e1fico de entorpecentes. As equipes realizavam patrulhamento pelo bairro Planalto, local alvo de den\u00fancias envolvendo tr\u00e1fico de drogas, quando ao se aproximarem de\u2026","rel":"","context":"Em &quot;DESTAQUE&quot;","block_context":{"text":"DESTAQUE","link":"https:\/\/alternativafm.com\/site\/category\/destaque\/"},"img":{"alt_text":"","src":"","width":0,"height":0},"classes":[]},{"id":25118,"url":"https:\/\/alternativafm.com\/site\/policia-civil-realiza-operacao-de-combate-ao-trafico-de-drogas\/","url_meta":{"origin":53505,"position":2},"title":"Pol\u00edcia Civil realiza opera\u00e7\u00e3o de combate ao tr\u00e1fico de drogas","author":"redacao","date":"fevereiro 20, 2023","format":false,"excerpt":"https:\/\/youtu.be\/3tST6sWxZhw","rel":"","context":"Em &quot;GERAL&quot;","block_context":{"text":"GERAL","link":"https:\/\/alternativafm.com\/site\/category\/geral\/"},"img":{"alt_text":"","src":"https:\/\/i0.wp.com\/img.youtube.com\/vi\/3tST6sWxZhw\/0.jpg?resize=350%2C200","width":350,"height":200},"classes":[]},{"id":8996,"url":"https:\/\/alternativafm.com\/site\/operacao-policial-apreende-farta-quantidade-de-drogas\/","url_meta":{"origin":53505,"position":3},"title":"Opera\u00e7\u00e3o Policial apreende farta quantidade de drogas","author":"redacao","date":"junho 25, 2021","format":false,"excerpt":"https:\/\/youtu.be\/IE00YxskpJs","rel":"","context":"Em &quot;GERAL&quot;","block_context":{"text":"GERAL","link":"https:\/\/alternativafm.com\/site\/category\/geral\/"},"img":{"alt_text":"","src":"https:\/\/i0.wp.com\/img.youtube.com\/vi\/IE00YxskpJs\/0.jpg?resize=350%2C200","width":350,"height":200},"classes":[]},{"id":5463,"url":"https:\/\/alternativafm.com\/site\/pm-faz-operacao-de-combate-ao-trafico-de-drogas\/","url_meta":{"origin":53505,"position":4},"title":"PM faz opera\u00e7\u00e3o de combate ao tr\u00e1fico de drogas","author":"redacao","date":"fevereiro 24, 2021","format":false,"excerpt":"https:\/\/youtu.be\/KEtk4hVW4Ps","rel":"","context":"Em &quot;GERAL&quot;","block_context":{"text":"GERAL","link":"https:\/\/alternativafm.com\/site\/category\/geral\/"},"img":{"alt_text":"","src":"https:\/\/i0.wp.com\/img.youtube.com\/vi\/KEtk4hVW4Ps\/0.jpg?resize=350%2C200","width":350,"height":200},"classes":[]},{"id":52204,"url":"https:\/\/alternativafm.com\/site\/policia-civil-deflagra-operacao-contra-o-trafico-de-drogas-em-januaria-e-maria-da-cruz\/","url_meta":{"origin":53505,"position":5},"title":"Pol\u00edcia Civil deflagra opera\u00e7\u00e3o contra o tr\u00e1fico de drogas em Janu\u00e1ria e Maria da Cruz","author":"redacao","date":"setembro 18, 2025","format":false,"excerpt":"https:\/\/youtu.be\/Q1q2TxfKp0s","rel":"","context":"Em &quot;GERAL&quot;","block_context":{"text":"GERAL","link":"https:\/\/alternativafm.com\/site\/category\/geral\/"},"img":{"alt_text":"","src":"https:\/\/i0.wp.com\/img.youtube.com\/vi\/Q1q2TxfKp0s\/0.jpg?resize=350%2C200","width":350,"height":200},"classes":[]}],"jetpack_sharing_enabled":true,"jetpack_likes_enabled":true,"jetpack_featured_media_url":"https:\/\/alternativafm.com\/site\/wp-content\/uploads\/Noticia-04-Manga-kkk-e1762431220972.jpg","_links":{"self":[{"href":"https:\/\/alternativafm.com\/site\/wp-json\/wp\/v2\/posts\/53505","targetHints":{"allow":["GET"]}}],"collection":[{"href":"https:\/\/alternativafm.com\/site\/wp-json\/wp\/v2\/posts"}],"about":[{"href":"https:\/\/alternativafm.com\/site\/wp-json\/wp\/v2\/types\/post"}],"author":[{"embeddable":true,"href":"https:\/\/alternativafm.com\/site\/wp-json\/wp\/v2\/users\/1"}],"replies":[{"embeddable":true,"href":"https:\/\/alternativafm.com\/site\/wp-json\/wp\/v2\/comments?post=53505"}],"version-history":[{"count":1,"href":"https:\/\/alternativafm.com\/site\/wp-json\/wp\/v2\/posts\/53505\/revisions"}],"predecessor-version":[{"id":53507,"href":"https:\/\/alternativafm.com\/site\/wp-json\/wp\/v2\/posts\/53505\/revisions\/53507"}],"wp:featuredmedia":[{"embeddable":true,"href":"https:\/\/alternativafm.com\/site\/wp-json\/wp\/v2\/media\/53506"}],"wp:attachment":[{"href":"https:\/\/alternativafm.com\/site\/wp-json\/wp\/v2\/media?parent=53505"}],"wp:term":[{"taxonomy":"category","embeddable":true,"href":"https:\/\/alternativafm.com\/site\/wp-json\/wp\/v2\/categories?post=53505"},{"taxonomy":"post_tag","embeddable":true,"href":"https:\/\/alternativafm.com\/site\/wp-json\/wp\/v2\/tags?post=53505"}],"curies":[{"name":"wp","href":"https:\/\/api.w.org\/{rel}","templated":true}]}}