{"id":56132,"date":"2026-02-19T10:22:09","date_gmt":"2026-02-19T10:22:09","guid":{"rendered":"https:\/\/alternativafm.com\/site\/?p=56132"},"modified":"2026-02-19T10:22:11","modified_gmt":"2026-02-19T10:22:11","slug":"novo-pac-mobilidade-estados-e-municipios-ja-podem-cadastrar-projetos-de-renovacao-de-frota-e-infraestrutura-urbana","status":"publish","type":"post","link":"https:\/\/alternativafm.com\/site\/novo-pac-mobilidade-estados-e-municipios-ja-podem-cadastrar-projetos-de-renovacao-de-frota-e-infraestrutura-urbana\/","title":{"rendered":"Novo PAC Mobilidade: estados e munic\u00edpios j\u00e1 podem cadastrar projetos de renova\u00e7\u00e3o de frota e infraestrutura urbana"},"content":{"rendered":"\n<figure class=\"wp-block-audio\"><audio controls src=\"https:\/\/alternativafm.com\/site\/wp-content\/uploads\/Novo-PAC-Mobilidade-estados-e-municipios-ja-podem-cadastrar-projetos-de-renovacao-de-frota-e-infraestrutura-urbana.mp3\"><\/audio><\/figure>\n","protected":false},"excerpt":{"rendered":"","protected":false},"author":1,"featured_media":56134,"comment_status":"open","ping_status":"open","sticky":false,"template":"","format":"standard","meta":{"_jetpack_newsletter_access":"","_jetpack_dont_email_post_to_subs":false,"_jetpack_newsletter_tier_id":0,"_jetpack_memberships_contains_paywalled_content":false,"_jetpack_feature_clip_id":0,"_jetpack_memberships_contains_paid_content":false,"footnotes":"","jetpack_publicize_message":"","jetpack_publicize_feature_enabled":true,"jetpack_social_post_already_shared":true,"jetpack_social_options":{"image_generator_settings":{"template":"highway","default_image_id":0,"font":"","enabled":false},"version":2},"jetpack_post_was_ever_published":false},"categories":[41],"tags":[],"class_list":["post-56132","post","type-post","status-publish","format-standard","has-post-thumbnail","hentry","category-podcast"],"yoast_head":"<!-- This site is optimized with the Yoast SEO plugin v27.2 - https:\/\/yoast.com\/product\/yoast-seo-wordpress\/ -->\n<title>Novo PAC Mobilidade: estados e munic\u00edpios j\u00e1 podem cadastrar projetos de renova\u00e7\u00e3o de frota e infraestrutura urbana - Alternativa FM | 90,7 FM<\/title>\n<meta name=\"robots\" content=\"index, follow, max-snippet:-1, max-image-preview:large, max-video-preview:-1\" \/>\n<link rel=\"canonical\" href=\"https:\/\/alternativafm.com\/site\/novo-pac-mobilidade-estados-e-municipios-ja-podem-cadastrar-projetos-de-renovacao-de-frota-e-infraestrutura-urbana\/\" \/>\n<meta property=\"og:locale\" content=\"pt_BR\" \/>\n<meta property=\"og:type\" content=\"article\" \/>\n<meta property=\"og:title\" content=\"Novo PAC Mobilidade: estados e munic\u00edpios j\u00e1 podem cadastrar projetos de renova\u00e7\u00e3o de frota e infraestrutura urbana - Alternativa FM | 90,7 FM\" \/>\n<meta property=\"og:url\" content=\"https:\/\/alternativafm.com\/site\/novo-pac-mobilidade-estados-e-municipios-ja-podem-cadastrar-projetos-de-renovacao-de-frota-e-infraestrutura-urbana\/\" \/>\n<meta property=\"og:site_name\" content=\"Alternativa FM | 90,7 FM\" \/>\n<meta property=\"article:published_time\" content=\"2026-02-19T10:22:09+00:00\" \/>\n<meta property=\"article:modified_time\" content=\"2026-02-19T10:22:11+00:00\" \/>\n<meta property=\"og:image\" content=\"https:\/\/alternativafm.com\/site\/wp-content\/uploads\/bus.mccag_-e1771496522404.jpeg\" \/>\n\t<meta property=\"og:image:width\" content=\"333\" \/>\n\t<meta property=\"og:image:height\" content=\"199\" \/>\n\t<meta property=\"og:image:type\" content=\"image\/jpeg\" \/>\n<meta name=\"author\" content=\"redacao\" \/>\n<meta name=\"twitter:card\" content=\"summary_large_image\" \/>\n<meta name=\"twitter:label1\" content=\"Escrito por\" \/>\n\t<meta name=\"twitter:data1\" content=\"redacao\" \/>\n\t<meta name=\"twitter:label2\" content=\"Est. tempo de leitura\" \/>\n\t<meta name=\"twitter:data2\" content=\"1 minuto\" \/>\n<script type=\"application\/ld+json\" class=\"yoast-schema-graph\">{\"@context\":\"https:\/\/schema.org\",\"@graph\":[{\"@type\":\"Article\",\"@id\":\"https:\/\/alternativafm.com\/site\/novo-pac-mobilidade-estados-e-municipios-ja-podem-cadastrar-projetos-de-renovacao-de-frota-e-infraestrutura-urbana\/#article\",\"isPartOf\":{\"@id\":\"https:\/\/alternativafm.com\/site\/novo-pac-mobilidade-estados-e-municipios-ja-podem-cadastrar-projetos-de-renovacao-de-frota-e-infraestrutura-urbana\/\"},\"author\":{\"name\":\"redacao\",\"@id\":\"https:\/\/alternativafm.com\/site\/#\/schema\/person\/6b1ac1374b404fe65adc2da2ea4e902a\"},\"headline\":\"Novo PAC Mobilidade: estados e munic\u00edpios j\u00e1 podem cadastrar projetos de renova\u00e7\u00e3o de frota e infraestrutura urbana\",\"datePublished\":\"2026-02-19T10:22:09+00:00\",\"dateModified\":\"2026-02-19T10:22:11+00:00\",\"mainEntityOfPage\":{\"@id\":\"https:\/\/alternativafm.com\/site\/novo-pac-mobilidade-estados-e-municipios-ja-podem-cadastrar-projetos-de-renovacao-de-frota-e-infraestrutura-urbana\/\"},\"wordCount\":19,\"commentCount\":0,\"publisher\":{\"@id\":\"https:\/\/alternativafm.com\/site\/#organization\"},\"image\":{\"@id\":\"https:\/\/alternativafm.com\/site\/novo-pac-mobilidade-estados-e-municipios-ja-podem-cadastrar-projetos-de-renovacao-de-frota-e-infraestrutura-urbana\/#primaryimage\"},\"thumbnailUrl\":\"https:\/\/alternativafm.com\/site\/wp-content\/uploads\/bus.mccag_-e1771496522404.jpeg\",\"articleSection\":[\"PODCAST\"],\"inLanguage\":\"pt-BR\",\"potentialAction\":[{\"@type\":\"CommentAction\",\"name\":\"Comment\",\"target\":[\"https:\/\/alternativafm.com\/site\/novo-pac-mobilidade-estados-e-municipios-ja-podem-cadastrar-projetos-de-renovacao-de-frota-e-infraestrutura-urbana\/#respond\"]}]},{\"@type\":\"WebPage\",\"@id\":\"https:\/\/alternativafm.com\/site\/novo-pac-mobilidade-estados-e-municipios-ja-podem-cadastrar-projetos-de-renovacao-de-frota-e-infraestrutura-urbana\/\",\"url\":\"https:\/\/alternativafm.com\/site\/novo-pac-mobilidade-estados-e-municipios-ja-podem-cadastrar-projetos-de-renovacao-de-frota-e-infraestrutura-urbana\/\",\"name\":\"Novo PAC Mobilidade: estados e munic\u00edpios j\u00e1 podem cadastrar projetos de renova\u00e7\u00e3o de frota e infraestrutura urbana - Alternativa FM | 90,7 FM\",\"isPartOf\":{\"@id\":\"https:\/\/alternativafm.com\/site\/#website\"},\"primaryImageOfPage\":{\"@id\":\"https:\/\/alternativafm.com\/site\/novo-pac-mobilidade-estados-e-municipios-ja-podem-cadastrar-projetos-de-renovacao-de-frota-e-infraestrutura-urbana\/#primaryimage\"},\"image\":{\"@id\":\"https:\/\/alternativafm.com\/site\/novo-pac-mobilidade-estados-e-municipios-ja-podem-cadastrar-projetos-de-renovacao-de-frota-e-infraestrutura-urbana\/#primaryimage\"},\"thumbnailUrl\":\"https:\/\/alternativafm.com\/site\/wp-content\/uploads\/bus.mccag_-e1771496522404.jpeg\",\"datePublished\":\"2026-02-19T10:22:09+00:00\",\"dateModified\":\"2026-02-19T10:22:11+00:00\",\"breadcrumb\":{\"@id\":\"https:\/\/alternativafm.com\/site\/novo-pac-mobilidade-estados-e-municipios-ja-podem-cadastrar-projetos-de-renovacao-de-frota-e-infraestrutura-urbana\/#breadcrumb\"},\"inLanguage\":\"pt-BR\",\"potentialAction\":[{\"@type\":\"ReadAction\",\"target\":[\"https:\/\/alternativafm.com\/site\/novo-pac-mobilidade-estados-e-municipios-ja-podem-cadastrar-projetos-de-renovacao-de-frota-e-infraestrutura-urbana\/\"]}]},{\"@type\":\"ImageObject\",\"inLanguage\":\"pt-BR\",\"@id\":\"https:\/\/alternativafm.com\/site\/novo-pac-mobilidade-estados-e-municipios-ja-podem-cadastrar-projetos-de-renovacao-de-frota-e-infraestrutura-urbana\/#primaryimage\",\"url\":\"https:\/\/alternativafm.com\/site\/wp-content\/uploads\/bus.mccag_-e1771496522404.jpeg\",\"contentUrl\":\"https:\/\/alternativafm.com\/site\/wp-content\/uploads\/bus.mccag_-e1771496522404.jpeg\",\"width\":333,\"height\":199},{\"@type\":\"BreadcrumbList\",\"@id\":\"https:\/\/alternativafm.com\/site\/novo-pac-mobilidade-estados-e-municipios-ja-podem-cadastrar-projetos-de-renovacao-de-frota-e-infraestrutura-urbana\/#breadcrumb\",\"itemListElement\":[{\"@type\":\"ListItem\",\"position\":1,\"name\":\"In\u00edcio\",\"item\":\"https:\/\/alternativafm.com\/site\/\"},{\"@type\":\"ListItem\",\"position\":2,\"name\":\"Novo PAC Mobilidade: estados e munic\u00edpios j\u00e1 podem cadastrar projetos de renova\u00e7\u00e3o de frota e infraestrutura urbana\"}]},{\"@type\":\"WebSite\",\"@id\":\"https:\/\/alternativafm.com\/site\/#website\",\"url\":\"https:\/\/alternativafm.com\/site\/\",\"name\":\"Alternativa FM | 90,7 FM\",\"description\":\"\",\"publisher\":{\"@id\":\"https:\/\/alternativafm.com\/site\/#organization\"},\"potentialAction\":[{\"@type\":\"SearchAction\",\"target\":{\"@type\":\"EntryPoint\",\"urlTemplate\":\"https:\/\/alternativafm.com\/site\/?s={search_term_string}\"},\"query-input\":{\"@type\":\"PropertyValueSpecification\",\"valueRequired\":true,\"valueName\":\"search_term_string\"}}],\"inLanguage\":\"pt-BR\"},{\"@type\":\"Organization\",\"@id\":\"https:\/\/alternativafm.com\/site\/#organization\",\"name\":\"Alternativa FM | 90,7 FM\",\"url\":\"https:\/\/alternativafm.com\/site\/\",\"logo\":{\"@type\":\"ImageObject\",\"inLanguage\":\"pt-BR\",\"@id\":\"https:\/\/alternativafm.com\/site\/#\/schema\/logo\/image\/\",\"url\":\"https:\/\/alternativafm.com\/site\/wp-content\/uploads\/2020\/07\/LOGOMARCA2.png\",\"contentUrl\":\"https:\/\/alternativafm.com\/site\/wp-content\/uploads\/2020\/07\/LOGOMARCA2.png\",\"width\":1352,\"height\":464,\"caption\":\"Alternativa FM | 90,7 FM\"},\"image\":{\"@id\":\"https:\/\/alternativafm.com\/site\/#\/schema\/logo\/image\/\"}},{\"@type\":\"Person\",\"@id\":\"https:\/\/alternativafm.com\/site\/#\/schema\/person\/6b1ac1374b404fe65adc2da2ea4e902a\",\"name\":\"redacao\",\"image\":{\"@type\":\"ImageObject\",\"inLanguage\":\"pt-BR\",\"@id\":\"https:\/\/secure.gravatar.com\/avatar\/16ab12bea2743901812c1ec603a48cc65b4e7af25043bec48c2742b27028075e?s=96&d=mm&r=g\",\"url\":\"https:\/\/secure.gravatar.com\/avatar\/16ab12bea2743901812c1ec603a48cc65b4e7af25043bec48c2742b27028075e?s=96&d=mm&r=g\",\"contentUrl\":\"https:\/\/secure.gravatar.com\/avatar\/16ab12bea2743901812c1ec603a48cc65b4e7af25043bec48c2742b27028075e?s=96&d=mm&r=g\",\"caption\":\"redacao\"},\"sameAs\":[\"http:\/\/alternativafm.com\/site\"],\"url\":\"https:\/\/alternativafm.com\/site\/author\/redacao\/\"}]}<\/script>\n<!-- \/ Yoast SEO plugin. -->","yoast_head_json":{"title":"Novo PAC Mobilidade: estados e munic\u00edpios j\u00e1 podem cadastrar projetos de renova\u00e7\u00e3o de frota e infraestrutura urbana - Alternativa FM | 90,7 FM","robots":{"index":"index","follow":"follow","max-snippet":"max-snippet:-1","max-image-preview":"max-image-preview:large","max-video-preview":"max-video-preview:-1"},"canonical":"https:\/\/alternativafm.com\/site\/novo-pac-mobilidade-estados-e-municipios-ja-podem-cadastrar-projetos-de-renovacao-de-frota-e-infraestrutura-urbana\/","og_locale":"pt_BR","og_type":"article","og_title":"Novo PAC Mobilidade: estados e munic\u00edpios j\u00e1 podem cadastrar projetos de renova\u00e7\u00e3o de frota e infraestrutura urbana - Alternativa FM | 90,7 FM","og_url":"https:\/\/alternativafm.com\/site\/novo-pac-mobilidade-estados-e-municipios-ja-podem-cadastrar-projetos-de-renovacao-de-frota-e-infraestrutura-urbana\/","og_site_name":"Alternativa FM | 90,7 FM","article_published_time":"2026-02-19T10:22:09+00:00","article_modified_time":"2026-02-19T10:22:11+00:00","og_image":[{"width":333,"height":199,"url":"https:\/\/alternativafm.com\/site\/wp-content\/uploads\/bus.mccag_-e1771496522404.jpeg","type":"image\/jpeg"}],"author":"redacao","twitter_card":"summary_large_image","twitter_misc":{"Escrito por":"redacao","Est. tempo de leitura":"1 minuto"},"schema":{"@context":"https:\/\/schema.org","@graph":[{"@type":"Article","@id":"https:\/\/alternativafm.com\/site\/novo-pac-mobilidade-estados-e-municipios-ja-podem-cadastrar-projetos-de-renovacao-de-frota-e-infraestrutura-urbana\/#article","isPartOf":{"@id":"https:\/\/alternativafm.com\/site\/novo-pac-mobilidade-estados-e-municipios-ja-podem-cadastrar-projetos-de-renovacao-de-frota-e-infraestrutura-urbana\/"},"author":{"name":"redacao","@id":"https:\/\/alternativafm.com\/site\/#\/schema\/person\/6b1ac1374b404fe65adc2da2ea4e902a"},"headline":"Novo PAC Mobilidade: estados e munic\u00edpios j\u00e1 podem cadastrar projetos de renova\u00e7\u00e3o de frota e infraestrutura urbana","datePublished":"2026-02-19T10:22:09+00:00","dateModified":"2026-02-19T10:22:11+00:00","mainEntityOfPage":{"@id":"https:\/\/alternativafm.com\/site\/novo-pac-mobilidade-estados-e-municipios-ja-podem-cadastrar-projetos-de-renovacao-de-frota-e-infraestrutura-urbana\/"},"wordCount":19,"commentCount":0,"publisher":{"@id":"https:\/\/alternativafm.com\/site\/#organization"},"image":{"@id":"https:\/\/alternativafm.com\/site\/novo-pac-mobilidade-estados-e-municipios-ja-podem-cadastrar-projetos-de-renovacao-de-frota-e-infraestrutura-urbana\/#primaryimage"},"thumbnailUrl":"https:\/\/alternativafm.com\/site\/wp-content\/uploads\/bus.mccag_-e1771496522404.jpeg","articleSection":["PODCAST"],"inLanguage":"pt-BR","potentialAction":[{"@type":"CommentAction","name":"Comment","target":["https:\/\/alternativafm.com\/site\/novo-pac-mobilidade-estados-e-municipios-ja-podem-cadastrar-projetos-de-renovacao-de-frota-e-infraestrutura-urbana\/#respond"]}]},{"@type":"WebPage","@id":"https:\/\/alternativafm.com\/site\/novo-pac-mobilidade-estados-e-municipios-ja-podem-cadastrar-projetos-de-renovacao-de-frota-e-infraestrutura-urbana\/","url":"https:\/\/alternativafm.com\/site\/novo-pac-mobilidade-estados-e-municipios-ja-podem-cadastrar-projetos-de-renovacao-de-frota-e-infraestrutura-urbana\/","name":"Novo PAC Mobilidade: estados e munic\u00edpios j\u00e1 podem cadastrar projetos de renova\u00e7\u00e3o de frota e infraestrutura urbana - Alternativa FM | 90,7 FM","isPartOf":{"@id":"https:\/\/alternativafm.com\/site\/#website"},"primaryImageOfPage":{"@id":"https:\/\/alternativafm.com\/site\/novo-pac-mobilidade-estados-e-municipios-ja-podem-cadastrar-projetos-de-renovacao-de-frota-e-infraestrutura-urbana\/#primaryimage"},"image":{"@id":"https:\/\/alternativafm.com\/site\/novo-pac-mobilidade-estados-e-municipios-ja-podem-cadastrar-projetos-de-renovacao-de-frota-e-infraestrutura-urbana\/#primaryimage"},"thumbnailUrl":"https:\/\/alternativafm.com\/site\/wp-content\/uploads\/bus.mccag_-e1771496522404.jpeg","datePublished":"2026-02-19T10:22:09+00:00","dateModified":"2026-02-19T10:22:11+00:00","breadcrumb":{"@id":"https:\/\/alternativafm.com\/site\/novo-pac-mobilidade-estados-e-municipios-ja-podem-cadastrar-projetos-de-renovacao-de-frota-e-infraestrutura-urbana\/#breadcrumb"},"inLanguage":"pt-BR","potentialAction":[{"@type":"ReadAction","target":["https:\/\/alternativafm.com\/site\/novo-pac-mobilidade-estados-e-municipios-ja-podem-cadastrar-projetos-de-renovacao-de-frota-e-infraestrutura-urbana\/"]}]},{"@type":"ImageObject","inLanguage":"pt-BR","@id":"https:\/\/alternativafm.com\/site\/novo-pac-mobilidade-estados-e-municipios-ja-podem-cadastrar-projetos-de-renovacao-de-frota-e-infraestrutura-urbana\/#primaryimage","url":"https:\/\/alternativafm.com\/site\/wp-content\/uploads\/bus.mccag_-e1771496522404.jpeg","contentUrl":"https:\/\/alternativafm.com\/site\/wp-content\/uploads\/bus.mccag_-e1771496522404.jpeg","width":333,"height":199},{"@type":"BreadcrumbList","@id":"https:\/\/alternativafm.com\/site\/novo-pac-mobilidade-estados-e-municipios-ja-podem-cadastrar-projetos-de-renovacao-de-frota-e-infraestrutura-urbana\/#breadcrumb","itemListElement":[{"@type":"ListItem","position":1,"name":"In\u00edcio","item":"https:\/\/alternativafm.com\/site\/"},{"@type":"ListItem","position":2,"name":"Novo PAC Mobilidade: estados e munic\u00edpios j\u00e1 podem cadastrar projetos de renova\u00e7\u00e3o de frota e infraestrutura urbana"}]},{"@type":"WebSite","@id":"https:\/\/alternativafm.com\/site\/#website","url":"https:\/\/alternativafm.com\/site\/","name":"Alternativa FM | 90,7 FM","description":"","publisher":{"@id":"https:\/\/alternativafm.com\/site\/#organization"},"potentialAction":[{"@type":"SearchAction","target":{"@type":"EntryPoint","urlTemplate":"https:\/\/alternativafm.com\/site\/?s={search_term_string}"},"query-input":{"@type":"PropertyValueSpecification","valueRequired":true,"valueName":"search_term_string"}}],"inLanguage":"pt-BR"},{"@type":"Organization","@id":"https:\/\/alternativafm.com\/site\/#organization","name":"Alternativa FM | 90,7 FM","url":"https:\/\/alternativafm.com\/site\/","logo":{"@type":"ImageObject","inLanguage":"pt-BR","@id":"https:\/\/alternativafm.com\/site\/#\/schema\/logo\/image\/","url":"https:\/\/alternativafm.com\/site\/wp-content\/uploads\/2020\/07\/LOGOMARCA2.png","contentUrl":"https:\/\/alternativafm.com\/site\/wp-content\/uploads\/2020\/07\/LOGOMARCA2.png","width":1352,"height":464,"caption":"Alternativa FM | 90,7 FM"},"image":{"@id":"https:\/\/alternativafm.com\/site\/#\/schema\/logo\/image\/"}},{"@type":"Person","@id":"https:\/\/alternativafm.com\/site\/#\/schema\/person\/6b1ac1374b404fe65adc2da2ea4e902a","name":"redacao","image":{"@type":"ImageObject","inLanguage":"pt-BR","@id":"https:\/\/secure.gravatar.com\/avatar\/16ab12bea2743901812c1ec603a48cc65b4e7af25043bec48c2742b27028075e?s=96&d=mm&r=g","url":"https:\/\/secure.gravatar.com\/avatar\/16ab12bea2743901812c1ec603a48cc65b4e7af25043bec48c2742b27028075e?s=96&d=mm&r=g","contentUrl":"https:\/\/secure.gravatar.com\/avatar\/16ab12bea2743901812c1ec603a48cc65b4e7af25043bec48c2742b27028075e?s=96&d=mm&r=g","caption":"redacao"},"sameAs":["http:\/\/alternativafm.com\/site"],"url":"https:\/\/alternativafm.com\/site\/author\/redacao\/"}]}},"jetpack_publicize_connections":[],"jetpack_shortlink":"https:\/\/wp.me\/pccBN3-eBm","jetpack-related-posts":[{"id":51377,"url":"https:\/\/alternativafm.com\/site\/municipios-tem-ate-23-de-agosto-para-concluir-cadastro-do-novo-pac-das-creches\/","url_meta":{"origin":56132,"position":0},"title":"Munic\u00edpios t\u00eam at\u00e9 23 de agosto para concluir cadastro do Novo PAC das creches","author":"redacao","date":"agosto 20, 2025","format":false,"excerpt":"","rel":"","context":"Em &quot;PODCAST&quot;","block_context":{"text":"PODCAST","link":"https:\/\/alternativafm.com\/site\/category\/podcast\/"},"img":{"alt_text":"","src":"https:\/\/i0.wp.com\/alternativafm.com\/site\/wp-content\/uploads\/140b49d4-ebf7-4ce2-a022-21ce60440b66-e1755685415146.jpeg?resize=350%2C200&ssl=1","width":350,"height":200},"classes":[]},{"id":9749,"url":"https:\/\/alternativafm.com\/site\/fgts-foi-responsavel-por-financiar-mais-de-r-60-bilhoes-em-projetos-de-habitacao-saneamento-e-infraestrutura-urbana-em-2020\/","url_meta":{"origin":56132,"position":1},"title":"FGTS foi respons\u00e1vel por financiar mais de R$ 60 bilh\u00f5es em projetos de habita\u00e7\u00e3o, saneamento e infraestrutura urbana em 2020","author":"redacao","date":"julho 21, 2021","format":false,"excerpt":"","rel":"","context":"Em &quot;PODCAST&quot;","block_context":{"text":"PODCAST","link":"https:\/\/alternativafm.com\/site\/category\/podcast\/"},"img":{"alt_text":"","src":"","width":0,"height":0},"classes":[]},{"id":43719,"url":"https:\/\/alternativafm.com\/site\/construcao-da-ponte-sobre-o-rio-na-cidade-de-sao-francisco-confira-ultimas-atualizacoes\/","url_meta":{"origin":56132,"position":2},"title":"Constru\u00e7\u00e3o da ponte sobre o Rio, na cidade de S\u00e3o Francisco. Confira \u00faltimas atualiza\u00e7\u00f5es","author":"redacao","date":"novembro 16, 2024","format":false,"excerpt":"Na \u00faltima quinta-feira, dia 14 de novembro, o Departamento de Estradas de Rodagens de Minas Gerais (DER\/MG) concluiu a licita\u00e7\u00e3o para continuidade das obras de constru\u00e7\u00e3o da ponte sobre o Rio S\u00e3o Francisco, conectando as cidades de S\u00e3o Francisco e Pint\u00f3polis, aqui no Norte do estado. Ap\u00f3s a an\u00e1lise dos\u2026","rel":"","context":"Em &quot;GERAL&quot;","block_context":{"text":"GERAL","link":"https:\/\/alternativafm.com\/site\/category\/geral\/"},"img":{"alt_text":"","src":"","width":0,"height":0},"classes":[]},{"id":54376,"url":"https:\/\/alternativafm.com\/site\/minuto-da-noticia-amirt-destaca-investimentos-em-infraestrutura-rural-e-rodoviaria-no-estado\/","url_meta":{"origin":56132,"position":3},"title":"Minuto da Not\u00edcia AMIRT destaca investimentos em infraestrutura rural e rodovi\u00e1ria no estado","author":"redacao","date":"dezembro 10, 2025","format":false,"excerpt":"O Governo de Minas fez mais uma entrega do Acordo de Repara\u00e7\u00e3o do Rio Doce, repassando 190 equipamentos agr\u00edcolas para 38 munic\u00edpios atingidos pelo rompimento da barragem de Fund\u00e3o, em Mariana. Entre os maquin\u00e1rios est\u00e3o caminh\u00f5es-pipa, ca\u00e7ambas, p\u00e1s carregadeiras, motoniveladoras, tratores agr\u00edcolas e retroescavadeiras. O investimento \u00e9 cerca de 90\u2026","rel":"","context":"Em &quot;GERAL&quot;","block_context":{"text":"GERAL","link":"https:\/\/alternativafm.com\/site\/category\/geral\/"},"img":{"alt_text":"","src":"https:\/\/i0.wp.com\/alternativafm.com\/site\/wp-content\/uploads\/MNA-CAPA.png?resize=350%2C200&ssl=1","width":350,"height":200,"srcset":"https:\/\/i0.wp.com\/alternativafm.com\/site\/wp-content\/uploads\/MNA-CAPA.png?resize=350%2C200&ssl=1 1x, https:\/\/i0.wp.com\/alternativafm.com\/site\/wp-content\/uploads\/MNA-CAPA.png?resize=525%2C300&ssl=1 1.5x, https:\/\/i0.wp.com\/alternativafm.com\/site\/wp-content\/uploads\/MNA-CAPA.png?resize=700%2C400&ssl=1 2x, https:\/\/i0.wp.com\/alternativafm.com\/site\/wp-content\/uploads\/MNA-CAPA.png?resize=1050%2C600&ssl=1 3x"},"classes":[]},{"id":32774,"url":"https:\/\/alternativafm.com\/site\/novo-pac-prazo-para-envio-de-projetos-se-encerra-em-10-de-novembro\/","url_meta":{"origin":56132,"position":4},"title":"Novo PAC prazo para envio de projetos se encerra em 10 de novembro.","author":"redacao","date":"outubro 31, 2023","format":false,"excerpt":"","rel":"","context":"Em &quot;PODCAST&quot;","block_context":{"text":"PODCAST","link":"https:\/\/alternativafm.com\/site\/category\/podcast\/"},"img":{"alt_text":"","src":"","width":0,"height":0},"classes":[]},{"id":8103,"url":"https:\/\/alternativafm.com\/site\/covid-19-estados-ja-podem-ampliar-vacinacao-com-doses-da-pfizer-para-municipios\/","url_meta":{"origin":56132,"position":5},"title":"Covid-19: estados j\u00e1 podem ampliar vacina\u00e7\u00e3o com doses da Pfizer para munic\u00edpios","author":"redacao","date":"maio 28, 2021","format":false,"excerpt":"","rel":"","context":"Em &quot;PODCAST&quot;","block_context":{"text":"PODCAST","link":"https:\/\/alternativafm.com\/site\/category\/podcast\/"},"img":{"alt_text":"","src":"","width":0,"height":0},"classes":[]}],"jetpack_sharing_enabled":true,"jetpack_likes_enabled":true,"jetpack_featured_media_url":"https:\/\/alternativafm.com\/site\/wp-content\/uploads\/bus.mccag_-e1771496522404.jpeg","_links":{"self":[{"href":"https:\/\/alternativafm.com\/site\/wp-json\/wp\/v2\/posts\/56132","targetHints":{"allow":["GET"]}}],"collection":[{"href":"https:\/\/alternativafm.com\/site\/wp-json\/wp\/v2\/posts"}],"about":[{"href":"https:\/\/alternativafm.com\/site\/wp-json\/wp\/v2\/types\/post"}],"author":[{"embeddable":true,"href":"https:\/\/alternativafm.com\/site\/wp-json\/wp\/v2\/users\/1"}],"replies":[{"embeddable":true,"href":"https:\/\/alternativafm.com\/site\/wp-json\/wp\/v2\/comments?post=56132"}],"version-history":[{"count":1,"href":"https:\/\/alternativafm.com\/site\/wp-json\/wp\/v2\/posts\/56132\/revisions"}],"predecessor-version":[{"id":56135,"href":"https:\/\/alternativafm.com\/site\/wp-json\/wp\/v2\/posts\/56132\/revisions\/56135"}],"wp:featuredmedia":[{"embeddable":true,"href":"https:\/\/alternativafm.com\/site\/wp-json\/wp\/v2\/media\/56134"}],"wp:attachment":[{"href":"https:\/\/alternativafm.com\/site\/wp-json\/wp\/v2\/media?parent=56132"}],"wp:term":[{"taxonomy":"category","embeddable":true,"href":"https:\/\/alternativafm.com\/site\/wp-json\/wp\/v2\/categories?post=56132"},{"taxonomy":"post_tag","embeddable":true,"href":"https:\/\/alternativafm.com\/site\/wp-json\/wp\/v2\/tags?post=56132"}],"curies":[{"name":"wp","href":"https:\/\/api.w.org\/{rel}","templated":true}]}}