{"id":56196,"date":"2026-02-20T18:48:21","date_gmt":"2026-02-20T18:48:21","guid":{"rendered":"https:\/\/alternativafm.com\/site\/?p=56196"},"modified":"2026-02-20T18:48:23","modified_gmt":"2026-02-20T18:48:23","slug":"drogas-apreendidas-na-cidade-suspeito-e-identificado","status":"publish","type":"post","link":"https:\/\/alternativafm.com\/site\/drogas-apreendidas-na-cidade-suspeito-e-identificado\/","title":{"rendered":"Drogas apreendidas na cidade. Suspeito \u00e9 identificado"},"content":{"rendered":"\n<figure class=\"wp-block-embed is-type-video is-provider-youtube wp-block-embed-youtube wp-embed-aspect-16-9 wp-has-aspect-ratio\"><div class=\"wp-block-embed__wrapper\">\n<iframe loading=\"lazy\" title=\"Drogas apreendidas na cidade. Suspeito \u00e9 identificado\" width=\"640\" height=\"360\" src=\"https:\/\/www.youtube.com\/embed\/BvVhWucfWBE?feature=oembed\" frameborder=\"0\" allow=\"accelerometer; autoplay; clipboard-write; encrypted-media; gyroscope; picture-in-picture; web-share\" referrerpolicy=\"strict-origin-when-cross-origin\" allowfullscreen><\/iframe>\n<\/div><\/figure>\n","protected":false},"excerpt":{"rendered":"","protected":false},"author":1,"featured_media":56197,"comment_status":"open","ping_status":"open","sticky":false,"template":"","format":"standard","meta":{"_jetpack_newsletter_access":"","_jetpack_dont_email_post_to_subs":false,"_jetpack_newsletter_tier_id":0,"_jetpack_memberships_contains_paywalled_content":false,"_jetpack_feature_clip_id":0,"_jetpack_memberships_contains_paid_content":false,"footnotes":"","jetpack_publicize_message":"","jetpack_publicize_feature_enabled":true,"jetpack_social_post_already_shared":true,"jetpack_social_options":{"image_generator_settings":{"template":"highway","default_image_id":0,"font":"","enabled":false},"version":2},"jetpack_post_was_ever_published":false},"categories":[15,53,2],"tags":[],"class_list":["post-56196","post","type-post","status-publish","format-standard","has-post-thumbnail","hentry","category-cidade","category-destaque","category-policia"],"yoast_head":"<!-- This site is optimized with the Yoast SEO plugin v27.2 - https:\/\/yoast.com\/product\/yoast-seo-wordpress\/ -->\n<title>Drogas apreendidas na cidade. Suspeito \u00e9 identificado - Alternativa FM | 90,7 FM<\/title>\n<meta name=\"robots\" content=\"index, follow, max-snippet:-1, max-image-preview:large, max-video-preview:-1\" \/>\n<link rel=\"canonical\" href=\"https:\/\/alternativafm.com\/site\/drogas-apreendidas-na-cidade-suspeito-e-identificado\/\" \/>\n<meta property=\"og:locale\" content=\"pt_BR\" \/>\n<meta property=\"og:type\" content=\"article\" \/>\n<meta property=\"og:title\" content=\"Drogas apreendidas na cidade. Suspeito \u00e9 identificado - Alternativa FM | 90,7 FM\" \/>\n<meta property=\"og:url\" content=\"https:\/\/alternativafm.com\/site\/drogas-apreendidas-na-cidade-suspeito-e-identificado\/\" \/>\n<meta property=\"og:site_name\" content=\"Alternativa FM | 90,7 FM\" \/>\n<meta property=\"article:published_time\" content=\"2026-02-20T18:48:21+00:00\" \/>\n<meta property=\"article:modified_time\" content=\"2026-02-20T18:48:23+00:00\" \/>\n<meta property=\"og:image\" content=\"https:\/\/alternativafm.com\/site\/wp-content\/uploads\/mqdefault-83.webp\" \/>\n\t<meta property=\"og:image:width\" content=\"320\" \/>\n\t<meta property=\"og:image:height\" content=\"180\" \/>\n\t<meta property=\"og:image:type\" content=\"image\/webp\" \/>\n<meta name=\"author\" content=\"redacao\" \/>\n<meta name=\"twitter:card\" content=\"summary_large_image\" \/>\n<meta name=\"twitter:label1\" content=\"Escrito por\" \/>\n\t<meta name=\"twitter:data1\" content=\"redacao\" \/>\n\t<meta name=\"twitter:label2\" content=\"Est. tempo de leitura\" \/>\n\t<meta name=\"twitter:data2\" content=\"1 minuto\" \/>\n<script type=\"application\/ld+json\" class=\"yoast-schema-graph\">{\"@context\":\"https:\/\/schema.org\",\"@graph\":[{\"@type\":\"Article\",\"@id\":\"https:\/\/alternativafm.com\/site\/drogas-apreendidas-na-cidade-suspeito-e-identificado\/#article\",\"isPartOf\":{\"@id\":\"https:\/\/alternativafm.com\/site\/drogas-apreendidas-na-cidade-suspeito-e-identificado\/\"},\"author\":{\"name\":\"redacao\",\"@id\":\"https:\/\/alternativafm.com\/site\/#\/schema\/person\/6b1ac1374b404fe65adc2da2ea4e902a\"},\"headline\":\"Drogas apreendidas na cidade. Suspeito \u00e9 identificado\",\"datePublished\":\"2026-02-20T18:48:21+00:00\",\"dateModified\":\"2026-02-20T18:48:23+00:00\",\"mainEntityOfPage\":{\"@id\":\"https:\/\/alternativafm.com\/site\/drogas-apreendidas-na-cidade-suspeito-e-identificado\/\"},\"wordCount\":10,\"commentCount\":0,\"publisher\":{\"@id\":\"https:\/\/alternativafm.com\/site\/#organization\"},\"image\":{\"@id\":\"https:\/\/alternativafm.com\/site\/drogas-apreendidas-na-cidade-suspeito-e-identificado\/#primaryimage\"},\"thumbnailUrl\":\"https:\/\/alternativafm.com\/site\/wp-content\/uploads\/mqdefault-83.webp\",\"articleSection\":[\"CIDADE\",\"DESTAQUE\",\"POL\u00cdCIA\"],\"inLanguage\":\"pt-BR\",\"potentialAction\":[{\"@type\":\"CommentAction\",\"name\":\"Comment\",\"target\":[\"https:\/\/alternativafm.com\/site\/drogas-apreendidas-na-cidade-suspeito-e-identificado\/#respond\"]}]},{\"@type\":\"WebPage\",\"@id\":\"https:\/\/alternativafm.com\/site\/drogas-apreendidas-na-cidade-suspeito-e-identificado\/\",\"url\":\"https:\/\/alternativafm.com\/site\/drogas-apreendidas-na-cidade-suspeito-e-identificado\/\",\"name\":\"Drogas apreendidas na cidade. Suspeito \u00e9 identificado - Alternativa FM | 90,7 FM\",\"isPartOf\":{\"@id\":\"https:\/\/alternativafm.com\/site\/#website\"},\"primaryImageOfPage\":{\"@id\":\"https:\/\/alternativafm.com\/site\/drogas-apreendidas-na-cidade-suspeito-e-identificado\/#primaryimage\"},\"image\":{\"@id\":\"https:\/\/alternativafm.com\/site\/drogas-apreendidas-na-cidade-suspeito-e-identificado\/#primaryimage\"},\"thumbnailUrl\":\"https:\/\/alternativafm.com\/site\/wp-content\/uploads\/mqdefault-83.webp\",\"datePublished\":\"2026-02-20T18:48:21+00:00\",\"dateModified\":\"2026-02-20T18:48:23+00:00\",\"breadcrumb\":{\"@id\":\"https:\/\/alternativafm.com\/site\/drogas-apreendidas-na-cidade-suspeito-e-identificado\/#breadcrumb\"},\"inLanguage\":\"pt-BR\",\"potentialAction\":[{\"@type\":\"ReadAction\",\"target\":[\"https:\/\/alternativafm.com\/site\/drogas-apreendidas-na-cidade-suspeito-e-identificado\/\"]}]},{\"@type\":\"ImageObject\",\"inLanguage\":\"pt-BR\",\"@id\":\"https:\/\/alternativafm.com\/site\/drogas-apreendidas-na-cidade-suspeito-e-identificado\/#primaryimage\",\"url\":\"https:\/\/alternativafm.com\/site\/wp-content\/uploads\/mqdefault-83.webp\",\"contentUrl\":\"https:\/\/alternativafm.com\/site\/wp-content\/uploads\/mqdefault-83.webp\",\"width\":320,\"height\":180},{\"@type\":\"BreadcrumbList\",\"@id\":\"https:\/\/alternativafm.com\/site\/drogas-apreendidas-na-cidade-suspeito-e-identificado\/#breadcrumb\",\"itemListElement\":[{\"@type\":\"ListItem\",\"position\":1,\"name\":\"In\u00edcio\",\"item\":\"https:\/\/alternativafm.com\/site\/\"},{\"@type\":\"ListItem\",\"position\":2,\"name\":\"Drogas apreendidas na cidade. Suspeito \u00e9 identificado\"}]},{\"@type\":\"WebSite\",\"@id\":\"https:\/\/alternativafm.com\/site\/#website\",\"url\":\"https:\/\/alternativafm.com\/site\/\",\"name\":\"Alternativa FM | 90,7 FM\",\"description\":\"\",\"publisher\":{\"@id\":\"https:\/\/alternativafm.com\/site\/#organization\"},\"potentialAction\":[{\"@type\":\"SearchAction\",\"target\":{\"@type\":\"EntryPoint\",\"urlTemplate\":\"https:\/\/alternativafm.com\/site\/?s={search_term_string}\"},\"query-input\":{\"@type\":\"PropertyValueSpecification\",\"valueRequired\":true,\"valueName\":\"search_term_string\"}}],\"inLanguage\":\"pt-BR\"},{\"@type\":\"Organization\",\"@id\":\"https:\/\/alternativafm.com\/site\/#organization\",\"name\":\"Alternativa FM | 90,7 FM\",\"url\":\"https:\/\/alternativafm.com\/site\/\",\"logo\":{\"@type\":\"ImageObject\",\"inLanguage\":\"pt-BR\",\"@id\":\"https:\/\/alternativafm.com\/site\/#\/schema\/logo\/image\/\",\"url\":\"https:\/\/alternativafm.com\/site\/wp-content\/uploads\/2020\/07\/LOGOMARCA2.png\",\"contentUrl\":\"https:\/\/alternativafm.com\/site\/wp-content\/uploads\/2020\/07\/LOGOMARCA2.png\",\"width\":1352,\"height\":464,\"caption\":\"Alternativa FM | 90,7 FM\"},\"image\":{\"@id\":\"https:\/\/alternativafm.com\/site\/#\/schema\/logo\/image\/\"}},{\"@type\":\"Person\",\"@id\":\"https:\/\/alternativafm.com\/site\/#\/schema\/person\/6b1ac1374b404fe65adc2da2ea4e902a\",\"name\":\"redacao\",\"image\":{\"@type\":\"ImageObject\",\"inLanguage\":\"pt-BR\",\"@id\":\"https:\/\/secure.gravatar.com\/avatar\/16ab12bea2743901812c1ec603a48cc65b4e7af25043bec48c2742b27028075e?s=96&d=mm&r=g\",\"url\":\"https:\/\/secure.gravatar.com\/avatar\/16ab12bea2743901812c1ec603a48cc65b4e7af25043bec48c2742b27028075e?s=96&d=mm&r=g\",\"contentUrl\":\"https:\/\/secure.gravatar.com\/avatar\/16ab12bea2743901812c1ec603a48cc65b4e7af25043bec48c2742b27028075e?s=96&d=mm&r=g\",\"caption\":\"redacao\"},\"sameAs\":[\"http:\/\/alternativafm.com\/site\"],\"url\":\"https:\/\/alternativafm.com\/site\/author\/redacao\/\"}]}<\/script>\n<!-- \/ Yoast SEO plugin. -->","yoast_head_json":{"title":"Drogas apreendidas na cidade. Suspeito \u00e9 identificado - Alternativa FM | 90,7 FM","robots":{"index":"index","follow":"follow","max-snippet":"max-snippet:-1","max-image-preview":"max-image-preview:large","max-video-preview":"max-video-preview:-1"},"canonical":"https:\/\/alternativafm.com\/site\/drogas-apreendidas-na-cidade-suspeito-e-identificado\/","og_locale":"pt_BR","og_type":"article","og_title":"Drogas apreendidas na cidade. Suspeito \u00e9 identificado - Alternativa FM | 90,7 FM","og_url":"https:\/\/alternativafm.com\/site\/drogas-apreendidas-na-cidade-suspeito-e-identificado\/","og_site_name":"Alternativa FM | 90,7 FM","article_published_time":"2026-02-20T18:48:21+00:00","article_modified_time":"2026-02-20T18:48:23+00:00","og_image":[{"width":320,"height":180,"url":"https:\/\/alternativafm.com\/site\/wp-content\/uploads\/mqdefault-83.webp","type":"image\/webp"}],"author":"redacao","twitter_card":"summary_large_image","twitter_misc":{"Escrito por":"redacao","Est. tempo de leitura":"1 minuto"},"schema":{"@context":"https:\/\/schema.org","@graph":[{"@type":"Article","@id":"https:\/\/alternativafm.com\/site\/drogas-apreendidas-na-cidade-suspeito-e-identificado\/#article","isPartOf":{"@id":"https:\/\/alternativafm.com\/site\/drogas-apreendidas-na-cidade-suspeito-e-identificado\/"},"author":{"name":"redacao","@id":"https:\/\/alternativafm.com\/site\/#\/schema\/person\/6b1ac1374b404fe65adc2da2ea4e902a"},"headline":"Drogas apreendidas na cidade. Suspeito \u00e9 identificado","datePublished":"2026-02-20T18:48:21+00:00","dateModified":"2026-02-20T18:48:23+00:00","mainEntityOfPage":{"@id":"https:\/\/alternativafm.com\/site\/drogas-apreendidas-na-cidade-suspeito-e-identificado\/"},"wordCount":10,"commentCount":0,"publisher":{"@id":"https:\/\/alternativafm.com\/site\/#organization"},"image":{"@id":"https:\/\/alternativafm.com\/site\/drogas-apreendidas-na-cidade-suspeito-e-identificado\/#primaryimage"},"thumbnailUrl":"https:\/\/alternativafm.com\/site\/wp-content\/uploads\/mqdefault-83.webp","articleSection":["CIDADE","DESTAQUE","POL\u00cdCIA"],"inLanguage":"pt-BR","potentialAction":[{"@type":"CommentAction","name":"Comment","target":["https:\/\/alternativafm.com\/site\/drogas-apreendidas-na-cidade-suspeito-e-identificado\/#respond"]}]},{"@type":"WebPage","@id":"https:\/\/alternativafm.com\/site\/drogas-apreendidas-na-cidade-suspeito-e-identificado\/","url":"https:\/\/alternativafm.com\/site\/drogas-apreendidas-na-cidade-suspeito-e-identificado\/","name":"Drogas apreendidas na cidade. Suspeito \u00e9 identificado - Alternativa FM | 90,7 FM","isPartOf":{"@id":"https:\/\/alternativafm.com\/site\/#website"},"primaryImageOfPage":{"@id":"https:\/\/alternativafm.com\/site\/drogas-apreendidas-na-cidade-suspeito-e-identificado\/#primaryimage"},"image":{"@id":"https:\/\/alternativafm.com\/site\/drogas-apreendidas-na-cidade-suspeito-e-identificado\/#primaryimage"},"thumbnailUrl":"https:\/\/alternativafm.com\/site\/wp-content\/uploads\/mqdefault-83.webp","datePublished":"2026-02-20T18:48:21+00:00","dateModified":"2026-02-20T18:48:23+00:00","breadcrumb":{"@id":"https:\/\/alternativafm.com\/site\/drogas-apreendidas-na-cidade-suspeito-e-identificado\/#breadcrumb"},"inLanguage":"pt-BR","potentialAction":[{"@type":"ReadAction","target":["https:\/\/alternativafm.com\/site\/drogas-apreendidas-na-cidade-suspeito-e-identificado\/"]}]},{"@type":"ImageObject","inLanguage":"pt-BR","@id":"https:\/\/alternativafm.com\/site\/drogas-apreendidas-na-cidade-suspeito-e-identificado\/#primaryimage","url":"https:\/\/alternativafm.com\/site\/wp-content\/uploads\/mqdefault-83.webp","contentUrl":"https:\/\/alternativafm.com\/site\/wp-content\/uploads\/mqdefault-83.webp","width":320,"height":180},{"@type":"BreadcrumbList","@id":"https:\/\/alternativafm.com\/site\/drogas-apreendidas-na-cidade-suspeito-e-identificado\/#breadcrumb","itemListElement":[{"@type":"ListItem","position":1,"name":"In\u00edcio","item":"https:\/\/alternativafm.com\/site\/"},{"@type":"ListItem","position":2,"name":"Drogas apreendidas na cidade. Suspeito \u00e9 identificado"}]},{"@type":"WebSite","@id":"https:\/\/alternativafm.com\/site\/#website","url":"https:\/\/alternativafm.com\/site\/","name":"Alternativa FM | 90,7 FM","description":"","publisher":{"@id":"https:\/\/alternativafm.com\/site\/#organization"},"potentialAction":[{"@type":"SearchAction","target":{"@type":"EntryPoint","urlTemplate":"https:\/\/alternativafm.com\/site\/?s={search_term_string}"},"query-input":{"@type":"PropertyValueSpecification","valueRequired":true,"valueName":"search_term_string"}}],"inLanguage":"pt-BR"},{"@type":"Organization","@id":"https:\/\/alternativafm.com\/site\/#organization","name":"Alternativa FM | 90,7 FM","url":"https:\/\/alternativafm.com\/site\/","logo":{"@type":"ImageObject","inLanguage":"pt-BR","@id":"https:\/\/alternativafm.com\/site\/#\/schema\/logo\/image\/","url":"https:\/\/alternativafm.com\/site\/wp-content\/uploads\/2020\/07\/LOGOMARCA2.png","contentUrl":"https:\/\/alternativafm.com\/site\/wp-content\/uploads\/2020\/07\/LOGOMARCA2.png","width":1352,"height":464,"caption":"Alternativa FM | 90,7 FM"},"image":{"@id":"https:\/\/alternativafm.com\/site\/#\/schema\/logo\/image\/"}},{"@type":"Person","@id":"https:\/\/alternativafm.com\/site\/#\/schema\/person\/6b1ac1374b404fe65adc2da2ea4e902a","name":"redacao","image":{"@type":"ImageObject","inLanguage":"pt-BR","@id":"https:\/\/secure.gravatar.com\/avatar\/16ab12bea2743901812c1ec603a48cc65b4e7af25043bec48c2742b27028075e?s=96&d=mm&r=g","url":"https:\/\/secure.gravatar.com\/avatar\/16ab12bea2743901812c1ec603a48cc65b4e7af25043bec48c2742b27028075e?s=96&d=mm&r=g","contentUrl":"https:\/\/secure.gravatar.com\/avatar\/16ab12bea2743901812c1ec603a48cc65b4e7af25043bec48c2742b27028075e?s=96&d=mm&r=g","caption":"redacao"},"sameAs":["http:\/\/alternativafm.com\/site"],"url":"https:\/\/alternativafm.com\/site\/author\/redacao\/"}]}},"jetpack_publicize_connections":[],"jetpack_shortlink":"https:\/\/wp.me\/pccBN3-eCo","jetpack-related-posts":[{"id":644,"url":"https:\/\/alternativafm.com\/site\/pessoas-detidas-por-trafico-em-ubai\/","url_meta":{"origin":56196,"position":0},"title":"Pessoas detidas por tr\u00e1fico em Uba\u00ed","author":"redacao","date":"agosto 20, 2020","format":false,"excerpt":"Nesta quarta-feira (19), por volta das 11h, a Pol\u00edcia Militar da cidade de Uba\u00ed recebeu den\u00fancia an\u00f4nima referente a tr\u00e1fico de drogas que ocorreria no bairro Vila Nova. Uma equipe da Pol\u00edcia Militar se deslocou e presenciou quatro indiv\u00edduos evadindo do local. Os policiais realizaram a persegui\u00e7\u00e3o e conseguiram capturar\u2026","rel":"","context":"Em &quot;DESTAQUE&quot;","block_context":{"text":"DESTAQUE","link":"https:\/\/alternativafm.com\/site\/category\/destaque\/"},"img":{"alt_text":"","src":"","width":0,"height":0},"classes":[]},{"id":5306,"url":"https:\/\/alternativafm.com\/site\/pm-em-ubai-apreende-pe-de-maconha-e-detem-um-suspeito\/","url_meta":{"origin":56196,"position":1},"title":"PM em Uba\u00ed apreende p\u00e9 de maconha e det\u00e9m um suspeito","author":"redacao","date":"fevereiro 18, 2021","format":false,"excerpt":"Ontem, quarta-feira(17), por volta das 17:00 horas, a Pol\u00edcia Militar de Uba\u00ed recebeu den\u00fancia an\u00f4nima de que alguns indiv\u00edduos estariam em um matagal, embalando drogas para serem comercializadas.Diante das informa\u00e7\u00f5es foi desencadeada opera\u00e7\u00e3o Batida Policial para verificar os fatos. Ao se aproximar do local denunciado, a equipe policial avistou uma\u2026","rel":"","context":"Em &quot;DESTAQUE 2&quot;","block_context":{"text":"DESTAQUE 2","link":"https:\/\/alternativafm.com\/site\/category\/destaque-2\/"},"img":{"alt_text":"","src":"","width":0,"height":0},"classes":[]},{"id":53475,"url":"https:\/\/alternativafm.com\/site\/drogas-apreendidas-em-cidades-da-regiao-piracema-nem-comecou-e-ja-tem-material-de-pesca-apreendido\/","url_meta":{"origin":56196,"position":2},"title":"Drogas apreendidas em cidades da regi\u00e3o. Piracema nem bem come\u00e7ou e j\u00e1 tem material de pesca apreendido","author":"redacao","date":"novembro 5, 2025","format":false,"excerpt":"https:\/\/youtu.be\/RgA6DcFXgas","rel":"","context":"Em &quot;DESTAQUE&quot;","block_context":{"text":"DESTAQUE","link":"https:\/\/alternativafm.com\/site\/category\/destaque\/"},"img":{"alt_text":"","src":"https:\/\/i0.wp.com\/img.youtube.com\/vi\/RgA6DcFXgas\/0.jpg?resize=350%2C200","width":350,"height":200},"classes":[]},{"id":5257,"url":"https:\/\/alternativafm.com\/site\/inteligencia-da-pm-de-sao-francisco-prende-suspeitos-que-chegaram-a-cidade-para-comercializarem-entorpecentes\/","url_meta":{"origin":56196,"position":3},"title":"Intelig\u00eancia da PM de S\u00e3o Francisco prende suspeitos que chegaram \u00e0 cidade para comercializarem entorpecentes","author":"redacao","date":"fevereiro 17, 2021","format":false,"excerpt":"Ontem ter\u00e7a-feira (16\/02), por volta das 19:00h, o Servi\u00e7o de Intelig\u00eancia da Pol\u00edcia Militar aqui de S\u00e3o Francisco tomou conhecimento que um suspeito havia chegado recentemente na cidade para comercializar entorpecentes. O suposto tr\u00e1fico de drogas estava ocorrendo na Avenida Arnaldo Lima, no bairro S\u00e3o Lucas. Uma opera\u00e7\u00e3o de Batida\u2026","rel":"","context":"Em &quot;DESTAQUE&quot;","block_context":{"text":"DESTAQUE","link":"https:\/\/alternativafm.com\/site\/category\/destaque\/"},"img":{"alt_text":"","src":"","width":0,"height":0},"classes":[]},{"id":30439,"url":"https:\/\/alternativafm.com\/site\/motocicleta-suspeita-de-adulteracao-e-apreendida-na-cidade\/","url_meta":{"origin":56196,"position":4},"title":"Motocicleta suspeita de adultera\u00e7\u00e3o \u00e9 apreendida na cidade","author":"redacao","date":"agosto 11, 2023","format":false,"excerpt":"https:\/\/youtu.be\/D-VMCyaETMI","rel":"","context":"Em &quot;CIDADE&quot;","block_context":{"text":"CIDADE","link":"https:\/\/alternativafm.com\/site\/category\/cidade\/"},"img":{"alt_text":"","src":"https:\/\/i0.wp.com\/img.youtube.com\/vi\/D-VMCyaETMI\/0.jpg?resize=350%2C200","width":350,"height":200},"classes":[]},{"id":44090,"url":"https:\/\/alternativafm.com\/site\/blitz-na-cidade-da-resultado-drogas-sao-apreendidas\/","url_meta":{"origin":56196,"position":5},"title":"Blitz na cidade d\u00e1 resultado. Drogas s\u00e3o apreendidas","author":"redacao","date":"novembro 28, 2024","format":false,"excerpt":"Blitz na cidade d\u00e1 resultado. Drogas s\u00e3o apreendidas https:\/\/www.youtube.com\/embed\/KHk2FgN_qds","rel":"","context":"Em &quot;GERAL&quot;","block_context":{"text":"GERAL","link":"https:\/\/alternativafm.com\/site\/category\/geral\/"},"img":{"alt_text":"","src":"","width":0,"height":0},"classes":[]}],"jetpack_sharing_enabled":true,"jetpack_likes_enabled":true,"jetpack_featured_media_url":"https:\/\/alternativafm.com\/site\/wp-content\/uploads\/mqdefault-83.webp","_links":{"self":[{"href":"https:\/\/alternativafm.com\/site\/wp-json\/wp\/v2\/posts\/56196","targetHints":{"allow":["GET"]}}],"collection":[{"href":"https:\/\/alternativafm.com\/site\/wp-json\/wp\/v2\/posts"}],"about":[{"href":"https:\/\/alternativafm.com\/site\/wp-json\/wp\/v2\/types\/post"}],"author":[{"embeddable":true,"href":"https:\/\/alternativafm.com\/site\/wp-json\/wp\/v2\/users\/1"}],"replies":[{"embeddable":true,"href":"https:\/\/alternativafm.com\/site\/wp-json\/wp\/v2\/comments?post=56196"}],"version-history":[{"count":1,"href":"https:\/\/alternativafm.com\/site\/wp-json\/wp\/v2\/posts\/56196\/revisions"}],"predecessor-version":[{"id":56198,"href":"https:\/\/alternativafm.com\/site\/wp-json\/wp\/v2\/posts\/56196\/revisions\/56198"}],"wp:featuredmedia":[{"embeddable":true,"href":"https:\/\/alternativafm.com\/site\/wp-json\/wp\/v2\/media\/56197"}],"wp:attachment":[{"href":"https:\/\/alternativafm.com\/site\/wp-json\/wp\/v2\/media?parent=56196"}],"wp:term":[{"taxonomy":"category","embeddable":true,"href":"https:\/\/alternativafm.com\/site\/wp-json\/wp\/v2\/categories?post=56196"},{"taxonomy":"post_tag","embeddable":true,"href":"https:\/\/alternativafm.com\/site\/wp-json\/wp\/v2\/tags?post=56196"}],"curies":[{"name":"wp","href":"https:\/\/api.w.org\/{rel}","templated":true}]}}