{"id":56489,"date":"2026-03-03T10:20:03","date_gmt":"2026-03-03T10:20:03","guid":{"rendered":"https:\/\/alternativafm.com\/site\/?p=56489"},"modified":"2026-03-03T10:20:05","modified_gmt":"2026-03-03T10:20:05","slug":"ia-ajuda-pm-a-prender-dois-suspeitos-e-apreender-30-kg-de-drogas","status":"publish","type":"post","link":"https:\/\/alternativafm.com\/site\/ia-ajuda-pm-a-prender-dois-suspeitos-e-apreender-30-kg-de-drogas\/","title":{"rendered":"IA ajuda PM a prender dois suspeitos e apreender 30 kg de drogas"},"content":{"rendered":"\n<figure class=\"wp-block-audio\"><audio controls src=\"https:\/\/alternativafm.com\/site\/wp-content\/uploads\/IA-ajuda-PM-a-prender-dois-suspeitos-e-apreender-30-kg-de-drogas.mp3\"><\/audio><\/figure>\n","protected":false},"excerpt":{"rendered":"","protected":false},"author":1,"featured_media":56490,"comment_status":"open","ping_status":"open","sticky":false,"template":"","format":"standard","meta":{"_jetpack_newsletter_access":"","_jetpack_dont_email_post_to_subs":false,"_jetpack_newsletter_tier_id":0,"_jetpack_memberships_contains_paywalled_content":false,"_jetpack_feature_clip_id":0,"_jetpack_memberships_contains_paid_content":false,"footnotes":"","jetpack_publicize_message":"","jetpack_publicize_feature_enabled":true,"jetpack_social_post_already_shared":true,"jetpack_social_options":{"image_generator_settings":{"template":"highway","default_image_id":0,"font":"","enabled":false},"version":2},"jetpack_post_was_ever_published":false},"categories":[41],"tags":[],"class_list":["post-56489","post","type-post","status-publish","format-standard","has-post-thumbnail","hentry","category-podcast"],"yoast_head":"<!-- This site is optimized with the Yoast SEO plugin v27.2 - https:\/\/yoast.com\/product\/yoast-seo-wordpress\/ -->\n<title>IA ajuda PM a prender dois suspeitos e apreender 30 kg de drogas - Alternativa FM | 90,7 FM<\/title>\n<meta name=\"robots\" content=\"index, follow, max-snippet:-1, max-image-preview:large, max-video-preview:-1\" \/>\n<link rel=\"canonical\" href=\"https:\/\/alternativafm.com\/site\/ia-ajuda-pm-a-prender-dois-suspeitos-e-apreender-30-kg-de-drogas\/\" \/>\n<meta property=\"og:locale\" content=\"pt_BR\" \/>\n<meta property=\"og:type\" content=\"article\" \/>\n<meta property=\"og:title\" content=\"IA ajuda PM a prender dois suspeitos e apreender 30 kg de drogas - Alternativa FM | 90,7 FM\" \/>\n<meta property=\"og:url\" content=\"https:\/\/alternativafm.com\/site\/ia-ajuda-pm-a-prender-dois-suspeitos-e-apreender-30-kg-de-drogas\/\" \/>\n<meta property=\"og:site_name\" content=\"Alternativa FM | 90,7 FM\" \/>\n<meta property=\"article:published_time\" content=\"2026-03-03T10:20:03+00:00\" \/>\n<meta property=\"article:modified_time\" content=\"2026-03-03T10:20:05+00:00\" \/>\n<meta property=\"og:image\" content=\"https:\/\/alternativafm.com\/site\/wp-content\/uploads\/IA-CONTRA-O-CRIME-e1772533193143.jpg\" \/>\n\t<meta property=\"og:image:width\" content=\"333\" \/>\n\t<meta property=\"og:image:height\" content=\"214\" \/>\n\t<meta property=\"og:image:type\" content=\"image\/jpeg\" \/>\n<meta name=\"author\" content=\"redacao\" \/>\n<meta name=\"twitter:card\" content=\"summary_large_image\" \/>\n<meta name=\"twitter:label1\" content=\"Escrito por\" \/>\n\t<meta name=\"twitter:data1\" content=\"redacao\" \/>\n\t<meta name=\"twitter:label2\" content=\"Est. tempo de leitura\" \/>\n\t<meta name=\"twitter:data2\" content=\"1 minuto\" \/>\n<script type=\"application\/ld+json\" class=\"yoast-schema-graph\">{\"@context\":\"https:\/\/schema.org\",\"@graph\":[{\"@type\":\"Article\",\"@id\":\"https:\/\/alternativafm.com\/site\/ia-ajuda-pm-a-prender-dois-suspeitos-e-apreender-30-kg-de-drogas\/#article\",\"isPartOf\":{\"@id\":\"https:\/\/alternativafm.com\/site\/ia-ajuda-pm-a-prender-dois-suspeitos-e-apreender-30-kg-de-drogas\/\"},\"author\":{\"name\":\"redacao\",\"@id\":\"https:\/\/alternativafm.com\/site\/#\/schema\/person\/6b1ac1374b404fe65adc2da2ea4e902a\"},\"headline\":\"IA ajuda PM a prender dois suspeitos e apreender 30 kg de drogas\",\"datePublished\":\"2026-03-03T10:20:03+00:00\",\"dateModified\":\"2026-03-03T10:20:05+00:00\",\"mainEntityOfPage\":{\"@id\":\"https:\/\/alternativafm.com\/site\/ia-ajuda-pm-a-prender-dois-suspeitos-e-apreender-30-kg-de-drogas\/\"},\"wordCount\":12,\"commentCount\":0,\"publisher\":{\"@id\":\"https:\/\/alternativafm.com\/site\/#organization\"},\"image\":{\"@id\":\"https:\/\/alternativafm.com\/site\/ia-ajuda-pm-a-prender-dois-suspeitos-e-apreender-30-kg-de-drogas\/#primaryimage\"},\"thumbnailUrl\":\"https:\/\/alternativafm.com\/site\/wp-content\/uploads\/IA-CONTRA-O-CRIME-e1772533193143.jpg\",\"articleSection\":[\"PODCAST\"],\"inLanguage\":\"pt-BR\",\"potentialAction\":[{\"@type\":\"CommentAction\",\"name\":\"Comment\",\"target\":[\"https:\/\/alternativafm.com\/site\/ia-ajuda-pm-a-prender-dois-suspeitos-e-apreender-30-kg-de-drogas\/#respond\"]}]},{\"@type\":\"WebPage\",\"@id\":\"https:\/\/alternativafm.com\/site\/ia-ajuda-pm-a-prender-dois-suspeitos-e-apreender-30-kg-de-drogas\/\",\"url\":\"https:\/\/alternativafm.com\/site\/ia-ajuda-pm-a-prender-dois-suspeitos-e-apreender-30-kg-de-drogas\/\",\"name\":\"IA ajuda PM a prender dois suspeitos e apreender 30 kg de drogas - Alternativa FM | 90,7 FM\",\"isPartOf\":{\"@id\":\"https:\/\/alternativafm.com\/site\/#website\"},\"primaryImageOfPage\":{\"@id\":\"https:\/\/alternativafm.com\/site\/ia-ajuda-pm-a-prender-dois-suspeitos-e-apreender-30-kg-de-drogas\/#primaryimage\"},\"image\":{\"@id\":\"https:\/\/alternativafm.com\/site\/ia-ajuda-pm-a-prender-dois-suspeitos-e-apreender-30-kg-de-drogas\/#primaryimage\"},\"thumbnailUrl\":\"https:\/\/alternativafm.com\/site\/wp-content\/uploads\/IA-CONTRA-O-CRIME-e1772533193143.jpg\",\"datePublished\":\"2026-03-03T10:20:03+00:00\",\"dateModified\":\"2026-03-03T10:20:05+00:00\",\"breadcrumb\":{\"@id\":\"https:\/\/alternativafm.com\/site\/ia-ajuda-pm-a-prender-dois-suspeitos-e-apreender-30-kg-de-drogas\/#breadcrumb\"},\"inLanguage\":\"pt-BR\",\"potentialAction\":[{\"@type\":\"ReadAction\",\"target\":[\"https:\/\/alternativafm.com\/site\/ia-ajuda-pm-a-prender-dois-suspeitos-e-apreender-30-kg-de-drogas\/\"]}]},{\"@type\":\"ImageObject\",\"inLanguage\":\"pt-BR\",\"@id\":\"https:\/\/alternativafm.com\/site\/ia-ajuda-pm-a-prender-dois-suspeitos-e-apreender-30-kg-de-drogas\/#primaryimage\",\"url\":\"https:\/\/alternativafm.com\/site\/wp-content\/uploads\/IA-CONTRA-O-CRIME-e1772533193143.jpg\",\"contentUrl\":\"https:\/\/alternativafm.com\/site\/wp-content\/uploads\/IA-CONTRA-O-CRIME-e1772533193143.jpg\",\"width\":333,\"height\":214},{\"@type\":\"BreadcrumbList\",\"@id\":\"https:\/\/alternativafm.com\/site\/ia-ajuda-pm-a-prender-dois-suspeitos-e-apreender-30-kg-de-drogas\/#breadcrumb\",\"itemListElement\":[{\"@type\":\"ListItem\",\"position\":1,\"name\":\"In\u00edcio\",\"item\":\"https:\/\/alternativafm.com\/site\/\"},{\"@type\":\"ListItem\",\"position\":2,\"name\":\"IA ajuda PM a prender dois suspeitos e apreender 30 kg de drogas\"}]},{\"@type\":\"WebSite\",\"@id\":\"https:\/\/alternativafm.com\/site\/#website\",\"url\":\"https:\/\/alternativafm.com\/site\/\",\"name\":\"Alternativa FM | 90,7 FM\",\"description\":\"\",\"publisher\":{\"@id\":\"https:\/\/alternativafm.com\/site\/#organization\"},\"potentialAction\":[{\"@type\":\"SearchAction\",\"target\":{\"@type\":\"EntryPoint\",\"urlTemplate\":\"https:\/\/alternativafm.com\/site\/?s={search_term_string}\"},\"query-input\":{\"@type\":\"PropertyValueSpecification\",\"valueRequired\":true,\"valueName\":\"search_term_string\"}}],\"inLanguage\":\"pt-BR\"},{\"@type\":\"Organization\",\"@id\":\"https:\/\/alternativafm.com\/site\/#organization\",\"name\":\"Alternativa FM | 90,7 FM\",\"url\":\"https:\/\/alternativafm.com\/site\/\",\"logo\":{\"@type\":\"ImageObject\",\"inLanguage\":\"pt-BR\",\"@id\":\"https:\/\/alternativafm.com\/site\/#\/schema\/logo\/image\/\",\"url\":\"https:\/\/alternativafm.com\/site\/wp-content\/uploads\/2020\/07\/LOGOMARCA2.png\",\"contentUrl\":\"https:\/\/alternativafm.com\/site\/wp-content\/uploads\/2020\/07\/LOGOMARCA2.png\",\"width\":1352,\"height\":464,\"caption\":\"Alternativa FM | 90,7 FM\"},\"image\":{\"@id\":\"https:\/\/alternativafm.com\/site\/#\/schema\/logo\/image\/\"}},{\"@type\":\"Person\",\"@id\":\"https:\/\/alternativafm.com\/site\/#\/schema\/person\/6b1ac1374b404fe65adc2da2ea4e902a\",\"name\":\"redacao\",\"image\":{\"@type\":\"ImageObject\",\"inLanguage\":\"pt-BR\",\"@id\":\"https:\/\/secure.gravatar.com\/avatar\/16ab12bea2743901812c1ec603a48cc65b4e7af25043bec48c2742b27028075e?s=96&d=mm&r=g\",\"url\":\"https:\/\/secure.gravatar.com\/avatar\/16ab12bea2743901812c1ec603a48cc65b4e7af25043bec48c2742b27028075e?s=96&d=mm&r=g\",\"contentUrl\":\"https:\/\/secure.gravatar.com\/avatar\/16ab12bea2743901812c1ec603a48cc65b4e7af25043bec48c2742b27028075e?s=96&d=mm&r=g\",\"caption\":\"redacao\"},\"sameAs\":[\"http:\/\/alternativafm.com\/site\"],\"url\":\"https:\/\/alternativafm.com\/site\/author\/redacao\/\"}]}<\/script>\n<!-- \/ Yoast SEO plugin. -->","yoast_head_json":{"title":"IA ajuda PM a prender dois suspeitos e apreender 30 kg de drogas - Alternativa FM | 90,7 FM","robots":{"index":"index","follow":"follow","max-snippet":"max-snippet:-1","max-image-preview":"max-image-preview:large","max-video-preview":"max-video-preview:-1"},"canonical":"https:\/\/alternativafm.com\/site\/ia-ajuda-pm-a-prender-dois-suspeitos-e-apreender-30-kg-de-drogas\/","og_locale":"pt_BR","og_type":"article","og_title":"IA ajuda PM a prender dois suspeitos e apreender 30 kg de drogas - Alternativa FM | 90,7 FM","og_url":"https:\/\/alternativafm.com\/site\/ia-ajuda-pm-a-prender-dois-suspeitos-e-apreender-30-kg-de-drogas\/","og_site_name":"Alternativa FM | 90,7 FM","article_published_time":"2026-03-03T10:20:03+00:00","article_modified_time":"2026-03-03T10:20:05+00:00","og_image":[{"width":333,"height":214,"url":"https:\/\/alternativafm.com\/site\/wp-content\/uploads\/IA-CONTRA-O-CRIME-e1772533193143.jpg","type":"image\/jpeg"}],"author":"redacao","twitter_card":"summary_large_image","twitter_misc":{"Escrito por":"redacao","Est. tempo de leitura":"1 minuto"},"schema":{"@context":"https:\/\/schema.org","@graph":[{"@type":"Article","@id":"https:\/\/alternativafm.com\/site\/ia-ajuda-pm-a-prender-dois-suspeitos-e-apreender-30-kg-de-drogas\/#article","isPartOf":{"@id":"https:\/\/alternativafm.com\/site\/ia-ajuda-pm-a-prender-dois-suspeitos-e-apreender-30-kg-de-drogas\/"},"author":{"name":"redacao","@id":"https:\/\/alternativafm.com\/site\/#\/schema\/person\/6b1ac1374b404fe65adc2da2ea4e902a"},"headline":"IA ajuda PM a prender dois suspeitos e apreender 30 kg de drogas","datePublished":"2026-03-03T10:20:03+00:00","dateModified":"2026-03-03T10:20:05+00:00","mainEntityOfPage":{"@id":"https:\/\/alternativafm.com\/site\/ia-ajuda-pm-a-prender-dois-suspeitos-e-apreender-30-kg-de-drogas\/"},"wordCount":12,"commentCount":0,"publisher":{"@id":"https:\/\/alternativafm.com\/site\/#organization"},"image":{"@id":"https:\/\/alternativafm.com\/site\/ia-ajuda-pm-a-prender-dois-suspeitos-e-apreender-30-kg-de-drogas\/#primaryimage"},"thumbnailUrl":"https:\/\/alternativafm.com\/site\/wp-content\/uploads\/IA-CONTRA-O-CRIME-e1772533193143.jpg","articleSection":["PODCAST"],"inLanguage":"pt-BR","potentialAction":[{"@type":"CommentAction","name":"Comment","target":["https:\/\/alternativafm.com\/site\/ia-ajuda-pm-a-prender-dois-suspeitos-e-apreender-30-kg-de-drogas\/#respond"]}]},{"@type":"WebPage","@id":"https:\/\/alternativafm.com\/site\/ia-ajuda-pm-a-prender-dois-suspeitos-e-apreender-30-kg-de-drogas\/","url":"https:\/\/alternativafm.com\/site\/ia-ajuda-pm-a-prender-dois-suspeitos-e-apreender-30-kg-de-drogas\/","name":"IA ajuda PM a prender dois suspeitos e apreender 30 kg de drogas - Alternativa FM | 90,7 FM","isPartOf":{"@id":"https:\/\/alternativafm.com\/site\/#website"},"primaryImageOfPage":{"@id":"https:\/\/alternativafm.com\/site\/ia-ajuda-pm-a-prender-dois-suspeitos-e-apreender-30-kg-de-drogas\/#primaryimage"},"image":{"@id":"https:\/\/alternativafm.com\/site\/ia-ajuda-pm-a-prender-dois-suspeitos-e-apreender-30-kg-de-drogas\/#primaryimage"},"thumbnailUrl":"https:\/\/alternativafm.com\/site\/wp-content\/uploads\/IA-CONTRA-O-CRIME-e1772533193143.jpg","datePublished":"2026-03-03T10:20:03+00:00","dateModified":"2026-03-03T10:20:05+00:00","breadcrumb":{"@id":"https:\/\/alternativafm.com\/site\/ia-ajuda-pm-a-prender-dois-suspeitos-e-apreender-30-kg-de-drogas\/#breadcrumb"},"inLanguage":"pt-BR","potentialAction":[{"@type":"ReadAction","target":["https:\/\/alternativafm.com\/site\/ia-ajuda-pm-a-prender-dois-suspeitos-e-apreender-30-kg-de-drogas\/"]}]},{"@type":"ImageObject","inLanguage":"pt-BR","@id":"https:\/\/alternativafm.com\/site\/ia-ajuda-pm-a-prender-dois-suspeitos-e-apreender-30-kg-de-drogas\/#primaryimage","url":"https:\/\/alternativafm.com\/site\/wp-content\/uploads\/IA-CONTRA-O-CRIME-e1772533193143.jpg","contentUrl":"https:\/\/alternativafm.com\/site\/wp-content\/uploads\/IA-CONTRA-O-CRIME-e1772533193143.jpg","width":333,"height":214},{"@type":"BreadcrumbList","@id":"https:\/\/alternativafm.com\/site\/ia-ajuda-pm-a-prender-dois-suspeitos-e-apreender-30-kg-de-drogas\/#breadcrumb","itemListElement":[{"@type":"ListItem","position":1,"name":"In\u00edcio","item":"https:\/\/alternativafm.com\/site\/"},{"@type":"ListItem","position":2,"name":"IA ajuda PM a prender dois suspeitos e apreender 30 kg de drogas"}]},{"@type":"WebSite","@id":"https:\/\/alternativafm.com\/site\/#website","url":"https:\/\/alternativafm.com\/site\/","name":"Alternativa FM | 90,7 FM","description":"","publisher":{"@id":"https:\/\/alternativafm.com\/site\/#organization"},"potentialAction":[{"@type":"SearchAction","target":{"@type":"EntryPoint","urlTemplate":"https:\/\/alternativafm.com\/site\/?s={search_term_string}"},"query-input":{"@type":"PropertyValueSpecification","valueRequired":true,"valueName":"search_term_string"}}],"inLanguage":"pt-BR"},{"@type":"Organization","@id":"https:\/\/alternativafm.com\/site\/#organization","name":"Alternativa FM | 90,7 FM","url":"https:\/\/alternativafm.com\/site\/","logo":{"@type":"ImageObject","inLanguage":"pt-BR","@id":"https:\/\/alternativafm.com\/site\/#\/schema\/logo\/image\/","url":"https:\/\/alternativafm.com\/site\/wp-content\/uploads\/2020\/07\/LOGOMARCA2.png","contentUrl":"https:\/\/alternativafm.com\/site\/wp-content\/uploads\/2020\/07\/LOGOMARCA2.png","width":1352,"height":464,"caption":"Alternativa FM | 90,7 FM"},"image":{"@id":"https:\/\/alternativafm.com\/site\/#\/schema\/logo\/image\/"}},{"@type":"Person","@id":"https:\/\/alternativafm.com\/site\/#\/schema\/person\/6b1ac1374b404fe65adc2da2ea4e902a","name":"redacao","image":{"@type":"ImageObject","inLanguage":"pt-BR","@id":"https:\/\/secure.gravatar.com\/avatar\/16ab12bea2743901812c1ec603a48cc65b4e7af25043bec48c2742b27028075e?s=96&d=mm&r=g","url":"https:\/\/secure.gravatar.com\/avatar\/16ab12bea2743901812c1ec603a48cc65b4e7af25043bec48c2742b27028075e?s=96&d=mm&r=g","contentUrl":"https:\/\/secure.gravatar.com\/avatar\/16ab12bea2743901812c1ec603a48cc65b4e7af25043bec48c2742b27028075e?s=96&d=mm&r=g","caption":"redacao"},"sameAs":["http:\/\/alternativafm.com\/site"],"url":"https:\/\/alternativafm.com\/site\/author\/redacao\/"}]}},"jetpack_publicize_connections":[],"jetpack_shortlink":"https:\/\/wp.me\/pccBN3-eH7","jetpack-related-posts":[{"id":57805,"url":"https:\/\/alternativafm.com\/site\/e-hoje-quarta-feira-e-dia-do-rota-30\/","url_meta":{"origin":56489,"position":0},"title":"E hoje, quarta-feira \u00e9 dia do Rota 30","author":"redacao","date":"abril 29, 2026","format":false,"excerpt":"E hoje, quarta-feira, \u00e9 dia do Rota 30. O programa vai ao ar a partir das 11h20 pela r\u00e1dio Voz News, 100,9 FM, e \u00e0s 13h20 pela TV Norte. O Rota 30, a voz do povo contra o crime, tamb\u00e9m est\u00e1 dispon\u00edvel no YouTube da Alternativa FM. \u00c9 s\u00f3 procurar\u2026","rel":"","context":"Em &quot;GERAL&quot;","block_context":{"text":"GERAL","link":"https:\/\/alternativafm.com\/site\/category\/geral\/"},"img":{"alt_text":"","src":"","width":0,"height":0},"classes":[]},{"id":7046,"url":"https:\/\/alternativafm.com\/site\/pm-prende-dois-suspeitos-apreende-oito-tabletes-de-maconha-e-arma-de-fogo\/","url_meta":{"origin":56489,"position":1},"title":"PM prende dois suspeitos, apreende oito tabletes de maconha e arma de fogo","author":"redacao","date":"abril 19, 2021","format":false,"excerpt":"https:\/\/youtu.be\/ZTRNiiyRp_Y","rel":"","context":"Em &quot;GERAL&quot;","block_context":{"text":"GERAL","link":"https:\/\/alternativafm.com\/site\/category\/geral\/"},"img":{"alt_text":"","src":"https:\/\/i0.wp.com\/img.youtube.com\/vi\/ZTRNiiyRp_Y\/0.jpg?resize=350%2C200","width":350,"height":200},"classes":[]},{"id":33914,"url":"https:\/\/alternativafm.com\/site\/pm-prende-suspeitos-que-levavam-droga-para-bonito-de-minas\/","url_meta":{"origin":56489,"position":2},"title":"PM prende suspeitos que levavam droga para Bonito de Minas","author":"redacao","date":"dezembro 7, 2023","format":false,"excerpt":"https:\/\/youtu.be\/PfsDvp0u0LM?si=q48pdm3NzaU2qqBY","rel":"","context":"Em &quot;GERAL&quot;","block_context":{"text":"GERAL","link":"https:\/\/alternativafm.com\/site\/category\/geral\/"},"img":{"alt_text":"","src":"https:\/\/i0.wp.com\/img.youtube.com\/vi\/PfsDvp0u0LM\/0.jpg?resize=350%2C200","width":350,"height":200},"classes":[]},{"id":57880,"url":"https:\/\/alternativafm.com\/site\/policia-militar-prende-dois-suspeitos-e-apreende-arma-de-fogo\/","url_meta":{"origin":56489,"position":3},"title":"Pol\u00edcia Militar prende dois suspeitos e apreende arma de fogo","author":"redacao","date":"maio 2, 2026","format":false,"excerpt":"https:\/\/youtu.be\/hnw2x-LI63I","rel":"","context":"Em &quot;GERAL&quot;","block_context":{"text":"GERAL","link":"https:\/\/alternativafm.com\/site\/category\/geral\/"},"img":{"alt_text":"","src":"https:\/\/i0.wp.com\/img.youtube.com\/vi\/hnw2x-LI63I\/0.jpg?resize=350%2C200","width":350,"height":200},"classes":[]},{"id":5257,"url":"https:\/\/alternativafm.com\/site\/inteligencia-da-pm-de-sao-francisco-prende-suspeitos-que-chegaram-a-cidade-para-comercializarem-entorpecentes\/","url_meta":{"origin":56489,"position":4},"title":"Intelig\u00eancia da PM de S\u00e3o Francisco prende suspeitos que chegaram \u00e0 cidade para comercializarem entorpecentes","author":"redacao","date":"fevereiro 17, 2021","format":false,"excerpt":"Ontem ter\u00e7a-feira (16\/02), por volta das 19:00h, o Servi\u00e7o de Intelig\u00eancia da Pol\u00edcia Militar aqui de S\u00e3o Francisco tomou conhecimento que um suspeito havia chegado recentemente na cidade para comercializar entorpecentes. O suposto tr\u00e1fico de drogas estava ocorrendo na Avenida Arnaldo Lima, no bairro S\u00e3o Lucas. Uma opera\u00e7\u00e3o de Batida\u2026","rel":"","context":"Em &quot;DESTAQUE&quot;","block_context":{"text":"DESTAQUE","link":"https:\/\/alternativafm.com\/site\/category\/destaque\/"},"img":{"alt_text":"","src":"","width":0,"height":0},"classes":[]},{"id":5306,"url":"https:\/\/alternativafm.com\/site\/pm-em-ubai-apreende-pe-de-maconha-e-detem-um-suspeito\/","url_meta":{"origin":56489,"position":5},"title":"PM em Uba\u00ed apreende p\u00e9 de maconha e det\u00e9m um suspeito","author":"redacao","date":"fevereiro 18, 2021","format":false,"excerpt":"Ontem, quarta-feira(17), por volta das 17:00 horas, a Pol\u00edcia Militar de Uba\u00ed recebeu den\u00fancia an\u00f4nima de que alguns indiv\u00edduos estariam em um matagal, embalando drogas para serem comercializadas.Diante das informa\u00e7\u00f5es foi desencadeada opera\u00e7\u00e3o Batida Policial para verificar os fatos. Ao se aproximar do local denunciado, a equipe policial avistou uma\u2026","rel":"","context":"Em &quot;DESTAQUE 2&quot;","block_context":{"text":"DESTAQUE 2","link":"https:\/\/alternativafm.com\/site\/category\/destaque-2\/"},"img":{"alt_text":"","src":"","width":0,"height":0},"classes":[]}],"jetpack_sharing_enabled":true,"jetpack_likes_enabled":true,"jetpack_featured_media_url":"https:\/\/alternativafm.com\/site\/wp-content\/uploads\/IA-CONTRA-O-CRIME-e1772533193143.jpg","_links":{"self":[{"href":"https:\/\/alternativafm.com\/site\/wp-json\/wp\/v2\/posts\/56489","targetHints":{"allow":["GET"]}}],"collection":[{"href":"https:\/\/alternativafm.com\/site\/wp-json\/wp\/v2\/posts"}],"about":[{"href":"https:\/\/alternativafm.com\/site\/wp-json\/wp\/v2\/types\/post"}],"author":[{"embeddable":true,"href":"https:\/\/alternativafm.com\/site\/wp-json\/wp\/v2\/users\/1"}],"replies":[{"embeddable":true,"href":"https:\/\/alternativafm.com\/site\/wp-json\/wp\/v2\/comments?post=56489"}],"version-history":[{"count":1,"href":"https:\/\/alternativafm.com\/site\/wp-json\/wp\/v2\/posts\/56489\/revisions"}],"predecessor-version":[{"id":56492,"href":"https:\/\/alternativafm.com\/site\/wp-json\/wp\/v2\/posts\/56489\/revisions\/56492"}],"wp:featuredmedia":[{"embeddable":true,"href":"https:\/\/alternativafm.com\/site\/wp-json\/wp\/v2\/media\/56490"}],"wp:attachment":[{"href":"https:\/\/alternativafm.com\/site\/wp-json\/wp\/v2\/media?parent=56489"}],"wp:term":[{"taxonomy":"category","embeddable":true,"href":"https:\/\/alternativafm.com\/site\/wp-json\/wp\/v2\/categories?post=56489"},{"taxonomy":"post_tag","embeddable":true,"href":"https:\/\/alternativafm.com\/site\/wp-json\/wp\/v2\/tags?post=56489"}],"curies":[{"name":"wp","href":"https:\/\/api.w.org\/{rel}","templated":true}]}}