{"id":57805,"date":"2026-04-29T11:34:46","date_gmt":"2026-04-29T11:34:46","guid":{"rendered":"https:\/\/alternativafm.com\/site\/?p=57805"},"modified":"2026-04-29T11:35:03","modified_gmt":"2026-04-29T11:35:03","slug":"e-hoje-quarta-feira-e-dia-do-rota-30","status":"publish","type":"post","link":"https:\/\/alternativafm.com\/site\/e-hoje-quarta-feira-e-dia-do-rota-30\/","title":{"rendered":"E hoje, quarta-feira \u00e9 dia do Rota 30"},"content":{"rendered":"\n<p>E hoje, quarta-feira, \u00e9 dia do Rota 30. O programa vai ao ar a partir das 11h20 pela r\u00e1dio Voz News, 100,9 FM, e \u00e0s 13h20 pela TV Norte. O Rota 30, a voz do povo contra o crime, tamb\u00e9m est\u00e1 dispon\u00edvel no YouTube da Alternativa FM. \u00c9 s\u00f3 procurar pelo canal \u201csitealternativafm\u201d e se inscrever. Confira os destaques desta edi\u00e7\u00e3o: Um suspeito de 33 anos foi preso por porte ilegal de arma de fogo, em Janu\u00e1ria. A Pol\u00edcia Militar realizou a entrega das placas da rede de comerciantes protegidos, em Juven\u00edlia. PM interveio em uma ocorr\u00eancia e evitou uma poss\u00edvel agress\u00e3o no centro de Janu\u00e1ria. Uma nova ocorr\u00eancia de viol\u00eancia dom\u00e9stica mobilizou a Pol\u00edcia Militar. Resposta r\u00e1pida da PM resultou na recupera\u00e7\u00e3o de uma motocicleta furtada, em S\u00e3o Jo\u00e3o das Miss\u00f5es. A Pol\u00edcia Militar apreendeu mais de 10 mil papelotes de drogas durante opera\u00e7\u00e3o, em Janu\u00e1ria e em Manga, a PM prendeu dois suspeitos e apreendeu uma arma de fogo durante opera\u00e7\u00e3o. O Rota 30 \u00e9 um programa de responsabilidade do 30\u00ba Batalh\u00e3o da Pol\u00edcia Militar, em Janu\u00e1ria, produzido e redigido pelos pr\u00f3prios policiais da assessoria de comunica\u00e7\u00e3o da unidade.<\/p>\n","protected":false},"excerpt":{"rendered":"<p>E hoje, quarta-feira, \u00e9 dia do Rota 30. O programa vai ao ar a partir das 11h20 pela r\u00e1dio Voz News, 100,9 FM, e \u00e0s 13h20 pela TV Norte. O<\/p>\n","protected":false},"author":1,"featured_media":32260,"comment_status":"open","ping_status":"open","sticky":false,"template":"","format":"standard","meta":{"_jetpack_memberships_contains_paid_content":false,"footnotes":"","jetpack_publicize_message":"","jetpack_publicize_feature_enabled":true,"jetpack_social_post_already_shared":true,"jetpack_social_options":{"image_generator_settings":{"template":"highway","default_image_id":0,"font":"","enabled":false},"version":2}},"categories":[6,2,52],"tags":[],"class_list":["post-57805","post","type-post","status-publish","format-standard","has-post-thumbnail","hentry","category-geral","category-policia","category-regional"],"yoast_head":"<!-- This site is optimized with the Yoast SEO plugin v27.2 - https:\/\/yoast.com\/product\/yoast-seo-wordpress\/ -->\n<title>E hoje, quarta-feira \u00e9 dia do Rota 30 - Alternativa FM | 90,7 FM<\/title>\n<meta name=\"robots\" content=\"index, follow, max-snippet:-1, max-image-preview:large, max-video-preview:-1\" \/>\n<link rel=\"canonical\" href=\"https:\/\/alternativafm.com\/site\/e-hoje-quarta-feira-e-dia-do-rota-30\/\" \/>\n<meta property=\"og:locale\" content=\"pt_BR\" \/>\n<meta property=\"og:type\" content=\"article\" \/>\n<meta property=\"og:title\" content=\"E hoje, quarta-feira \u00e9 dia do Rota 30 - Alternativa FM | 90,7 FM\" \/>\n<meta property=\"og:description\" content=\"E hoje, quarta-feira, \u00e9 dia do Rota 30. O programa vai ao ar a partir das 11h20 pela r\u00e1dio Voz News, 100,9 FM, e \u00e0s 13h20 pela TV Norte. O\" \/>\n<meta property=\"og:url\" content=\"https:\/\/alternativafm.com\/site\/e-hoje-quarta-feira-e-dia-do-rota-30\/\" \/>\n<meta property=\"og:site_name\" content=\"Alternativa FM | 90,7 FM\" \/>\n<meta property=\"article:published_time\" content=\"2026-04-29T11:34:46+00:00\" \/>\n<meta property=\"article:modified_time\" content=\"2026-04-29T11:35:03+00:00\" \/>\n<meta property=\"og:image\" content=\"https:\/\/alternativafm.com\/site\/wp-content\/uploads\/2958B8A9-32A9-4C1E-B38A-E4BCB0D5C2E9-e1697222176967.jpeg\" \/>\n\t<meta property=\"og:image:width\" content=\"333\" \/>\n\t<meta property=\"og:image:height\" content=\"193\" \/>\n\t<meta property=\"og:image:type\" content=\"image\/jpeg\" \/>\n<meta name=\"author\" content=\"redacao\" \/>\n<meta name=\"twitter:card\" content=\"summary_large_image\" \/>\n<meta name=\"twitter:label1\" content=\"Escrito por\" \/>\n\t<meta name=\"twitter:data1\" content=\"redacao\" \/>\n\t<meta name=\"twitter:label2\" content=\"Est. tempo de leitura\" \/>\n\t<meta name=\"twitter:data2\" content=\"2 minutos\" \/>\n<script type=\"application\/ld+json\" class=\"yoast-schema-graph\">{\"@context\":\"https:\/\/schema.org\",\"@graph\":[{\"@type\":\"Article\",\"@id\":\"https:\/\/alternativafm.com\/site\/e-hoje-quarta-feira-e-dia-do-rota-30\/#article\",\"isPartOf\":{\"@id\":\"https:\/\/alternativafm.com\/site\/e-hoje-quarta-feira-e-dia-do-rota-30\/\"},\"author\":{\"name\":\"redacao\",\"@id\":\"https:\/\/alternativafm.com\/site\/#\/schema\/person\/6b1ac1374b404fe65adc2da2ea4e902a\"},\"headline\":\"E hoje, quarta-feira \u00e9 dia do Rota 30\",\"datePublished\":\"2026-04-29T11:34:46+00:00\",\"dateModified\":\"2026-04-29T11:35:03+00:00\",\"mainEntityOfPage\":{\"@id\":\"https:\/\/alternativafm.com\/site\/e-hoje-quarta-feira-e-dia-do-rota-30\/\"},\"wordCount\":216,\"commentCount\":0,\"publisher\":{\"@id\":\"https:\/\/alternativafm.com\/site\/#organization\"},\"image\":{\"@id\":\"https:\/\/alternativafm.com\/site\/e-hoje-quarta-feira-e-dia-do-rota-30\/#primaryimage\"},\"thumbnailUrl\":\"https:\/\/alternativafm.com\/site\/wp-content\/uploads\/2958B8A9-32A9-4C1E-B38A-E4BCB0D5C2E9-e1697222176967.jpeg\",\"articleSection\":[\"GERAL\",\"POL\u00cdCIA\",\"REGIONAL\"],\"inLanguage\":\"pt-BR\",\"potentialAction\":[{\"@type\":\"CommentAction\",\"name\":\"Comment\",\"target\":[\"https:\/\/alternativafm.com\/site\/e-hoje-quarta-feira-e-dia-do-rota-30\/#respond\"]}]},{\"@type\":\"WebPage\",\"@id\":\"https:\/\/alternativafm.com\/site\/e-hoje-quarta-feira-e-dia-do-rota-30\/\",\"url\":\"https:\/\/alternativafm.com\/site\/e-hoje-quarta-feira-e-dia-do-rota-30\/\",\"name\":\"E hoje, quarta-feira \u00e9 dia do Rota 30 - Alternativa FM | 90,7 FM\",\"isPartOf\":{\"@id\":\"https:\/\/alternativafm.com\/site\/#website\"},\"primaryImageOfPage\":{\"@id\":\"https:\/\/alternativafm.com\/site\/e-hoje-quarta-feira-e-dia-do-rota-30\/#primaryimage\"},\"image\":{\"@id\":\"https:\/\/alternativafm.com\/site\/e-hoje-quarta-feira-e-dia-do-rota-30\/#primaryimage\"},\"thumbnailUrl\":\"https:\/\/alternativafm.com\/site\/wp-content\/uploads\/2958B8A9-32A9-4C1E-B38A-E4BCB0D5C2E9-e1697222176967.jpeg\",\"datePublished\":\"2026-04-29T11:34:46+00:00\",\"dateModified\":\"2026-04-29T11:35:03+00:00\",\"breadcrumb\":{\"@id\":\"https:\/\/alternativafm.com\/site\/e-hoje-quarta-feira-e-dia-do-rota-30\/#breadcrumb\"},\"inLanguage\":\"pt-BR\",\"potentialAction\":[{\"@type\":\"ReadAction\",\"target\":[\"https:\/\/alternativafm.com\/site\/e-hoje-quarta-feira-e-dia-do-rota-30\/\"]}]},{\"@type\":\"ImageObject\",\"inLanguage\":\"pt-BR\",\"@id\":\"https:\/\/alternativafm.com\/site\/e-hoje-quarta-feira-e-dia-do-rota-30\/#primaryimage\",\"url\":\"https:\/\/alternativafm.com\/site\/wp-content\/uploads\/2958B8A9-32A9-4C1E-B38A-E4BCB0D5C2E9-e1697222176967.jpeg\",\"contentUrl\":\"https:\/\/alternativafm.com\/site\/wp-content\/uploads\/2958B8A9-32A9-4C1E-B38A-E4BCB0D5C2E9-e1697222176967.jpeg\",\"width\":333,\"height\":193},{\"@type\":\"BreadcrumbList\",\"@id\":\"https:\/\/alternativafm.com\/site\/e-hoje-quarta-feira-e-dia-do-rota-30\/#breadcrumb\",\"itemListElement\":[{\"@type\":\"ListItem\",\"position\":1,\"name\":\"In\u00edcio\",\"item\":\"https:\/\/alternativafm.com\/site\/\"},{\"@type\":\"ListItem\",\"position\":2,\"name\":\"E hoje, quarta-feira \u00e9 dia do Rota 30\"}]},{\"@type\":\"WebSite\",\"@id\":\"https:\/\/alternativafm.com\/site\/#website\",\"url\":\"https:\/\/alternativafm.com\/site\/\",\"name\":\"Alternativa FM | 90,7 FM\",\"description\":\"\",\"publisher\":{\"@id\":\"https:\/\/alternativafm.com\/site\/#organization\"},\"potentialAction\":[{\"@type\":\"SearchAction\",\"target\":{\"@type\":\"EntryPoint\",\"urlTemplate\":\"https:\/\/alternativafm.com\/site\/?s={search_term_string}\"},\"query-input\":{\"@type\":\"PropertyValueSpecification\",\"valueRequired\":true,\"valueName\":\"search_term_string\"}}],\"inLanguage\":\"pt-BR\"},{\"@type\":\"Organization\",\"@id\":\"https:\/\/alternativafm.com\/site\/#organization\",\"name\":\"Alternativa FM | 90,7 FM\",\"url\":\"https:\/\/alternativafm.com\/site\/\",\"logo\":{\"@type\":\"ImageObject\",\"inLanguage\":\"pt-BR\",\"@id\":\"https:\/\/alternativafm.com\/site\/#\/schema\/logo\/image\/\",\"url\":\"https:\/\/alternativafm.com\/site\/wp-content\/uploads\/2020\/07\/LOGOMARCA2.png\",\"contentUrl\":\"https:\/\/alternativafm.com\/site\/wp-content\/uploads\/2020\/07\/LOGOMARCA2.png\",\"width\":1352,\"height\":464,\"caption\":\"Alternativa FM | 90,7 FM\"},\"image\":{\"@id\":\"https:\/\/alternativafm.com\/site\/#\/schema\/logo\/image\/\"}},{\"@type\":\"Person\",\"@id\":\"https:\/\/alternativafm.com\/site\/#\/schema\/person\/6b1ac1374b404fe65adc2da2ea4e902a\",\"name\":\"redacao\",\"image\":{\"@type\":\"ImageObject\",\"inLanguage\":\"pt-BR\",\"@id\":\"https:\/\/secure.gravatar.com\/avatar\/16ab12bea2743901812c1ec603a48cc65b4e7af25043bec48c2742b27028075e?s=96&d=mm&r=g\",\"url\":\"https:\/\/secure.gravatar.com\/avatar\/16ab12bea2743901812c1ec603a48cc65b4e7af25043bec48c2742b27028075e?s=96&d=mm&r=g\",\"contentUrl\":\"https:\/\/secure.gravatar.com\/avatar\/16ab12bea2743901812c1ec603a48cc65b4e7af25043bec48c2742b27028075e?s=96&d=mm&r=g\",\"caption\":\"redacao\"},\"sameAs\":[\"http:\/\/alternativafm.com\/site\"],\"url\":\"https:\/\/alternativafm.com\/site\/author\/redacao\/\"}]}<\/script>\n<!-- \/ Yoast SEO plugin. -->","yoast_head_json":{"title":"E hoje, quarta-feira \u00e9 dia do Rota 30 - Alternativa FM | 90,7 FM","robots":{"index":"index","follow":"follow","max-snippet":"max-snippet:-1","max-image-preview":"max-image-preview:large","max-video-preview":"max-video-preview:-1"},"canonical":"https:\/\/alternativafm.com\/site\/e-hoje-quarta-feira-e-dia-do-rota-30\/","og_locale":"pt_BR","og_type":"article","og_title":"E hoje, quarta-feira \u00e9 dia do Rota 30 - Alternativa FM | 90,7 FM","og_description":"E hoje, quarta-feira, \u00e9 dia do Rota 30. O programa vai ao ar a partir das 11h20 pela r\u00e1dio Voz News, 100,9 FM, e \u00e0s 13h20 pela TV Norte. O","og_url":"https:\/\/alternativafm.com\/site\/e-hoje-quarta-feira-e-dia-do-rota-30\/","og_site_name":"Alternativa FM | 90,7 FM","article_published_time":"2026-04-29T11:34:46+00:00","article_modified_time":"2026-04-29T11:35:03+00:00","og_image":[{"width":333,"height":193,"url":"https:\/\/alternativafm.com\/site\/wp-content\/uploads\/2958B8A9-32A9-4C1E-B38A-E4BCB0D5C2E9-e1697222176967.jpeg","type":"image\/jpeg"}],"author":"redacao","twitter_card":"summary_large_image","twitter_misc":{"Escrito por":"redacao","Est. tempo de leitura":"2 minutos"},"schema":{"@context":"https:\/\/schema.org","@graph":[{"@type":"Article","@id":"https:\/\/alternativafm.com\/site\/e-hoje-quarta-feira-e-dia-do-rota-30\/#article","isPartOf":{"@id":"https:\/\/alternativafm.com\/site\/e-hoje-quarta-feira-e-dia-do-rota-30\/"},"author":{"name":"redacao","@id":"https:\/\/alternativafm.com\/site\/#\/schema\/person\/6b1ac1374b404fe65adc2da2ea4e902a"},"headline":"E hoje, quarta-feira \u00e9 dia do Rota 30","datePublished":"2026-04-29T11:34:46+00:00","dateModified":"2026-04-29T11:35:03+00:00","mainEntityOfPage":{"@id":"https:\/\/alternativafm.com\/site\/e-hoje-quarta-feira-e-dia-do-rota-30\/"},"wordCount":216,"commentCount":0,"publisher":{"@id":"https:\/\/alternativafm.com\/site\/#organization"},"image":{"@id":"https:\/\/alternativafm.com\/site\/e-hoje-quarta-feira-e-dia-do-rota-30\/#primaryimage"},"thumbnailUrl":"https:\/\/alternativafm.com\/site\/wp-content\/uploads\/2958B8A9-32A9-4C1E-B38A-E4BCB0D5C2E9-e1697222176967.jpeg","articleSection":["GERAL","POL\u00cdCIA","REGIONAL"],"inLanguage":"pt-BR","potentialAction":[{"@type":"CommentAction","name":"Comment","target":["https:\/\/alternativafm.com\/site\/e-hoje-quarta-feira-e-dia-do-rota-30\/#respond"]}]},{"@type":"WebPage","@id":"https:\/\/alternativafm.com\/site\/e-hoje-quarta-feira-e-dia-do-rota-30\/","url":"https:\/\/alternativafm.com\/site\/e-hoje-quarta-feira-e-dia-do-rota-30\/","name":"E hoje, quarta-feira \u00e9 dia do Rota 30 - Alternativa FM | 90,7 FM","isPartOf":{"@id":"https:\/\/alternativafm.com\/site\/#website"},"primaryImageOfPage":{"@id":"https:\/\/alternativafm.com\/site\/e-hoje-quarta-feira-e-dia-do-rota-30\/#primaryimage"},"image":{"@id":"https:\/\/alternativafm.com\/site\/e-hoje-quarta-feira-e-dia-do-rota-30\/#primaryimage"},"thumbnailUrl":"https:\/\/alternativafm.com\/site\/wp-content\/uploads\/2958B8A9-32A9-4C1E-B38A-E4BCB0D5C2E9-e1697222176967.jpeg","datePublished":"2026-04-29T11:34:46+00:00","dateModified":"2026-04-29T11:35:03+00:00","breadcrumb":{"@id":"https:\/\/alternativafm.com\/site\/e-hoje-quarta-feira-e-dia-do-rota-30\/#breadcrumb"},"inLanguage":"pt-BR","potentialAction":[{"@type":"ReadAction","target":["https:\/\/alternativafm.com\/site\/e-hoje-quarta-feira-e-dia-do-rota-30\/"]}]},{"@type":"ImageObject","inLanguage":"pt-BR","@id":"https:\/\/alternativafm.com\/site\/e-hoje-quarta-feira-e-dia-do-rota-30\/#primaryimage","url":"https:\/\/alternativafm.com\/site\/wp-content\/uploads\/2958B8A9-32A9-4C1E-B38A-E4BCB0D5C2E9-e1697222176967.jpeg","contentUrl":"https:\/\/alternativafm.com\/site\/wp-content\/uploads\/2958B8A9-32A9-4C1E-B38A-E4BCB0D5C2E9-e1697222176967.jpeg","width":333,"height":193},{"@type":"BreadcrumbList","@id":"https:\/\/alternativafm.com\/site\/e-hoje-quarta-feira-e-dia-do-rota-30\/#breadcrumb","itemListElement":[{"@type":"ListItem","position":1,"name":"In\u00edcio","item":"https:\/\/alternativafm.com\/site\/"},{"@type":"ListItem","position":2,"name":"E hoje, quarta-feira \u00e9 dia do Rota 30"}]},{"@type":"WebSite","@id":"https:\/\/alternativafm.com\/site\/#website","url":"https:\/\/alternativafm.com\/site\/","name":"Alternativa FM | 90,7 FM","description":"","publisher":{"@id":"https:\/\/alternativafm.com\/site\/#organization"},"potentialAction":[{"@type":"SearchAction","target":{"@type":"EntryPoint","urlTemplate":"https:\/\/alternativafm.com\/site\/?s={search_term_string}"},"query-input":{"@type":"PropertyValueSpecification","valueRequired":true,"valueName":"search_term_string"}}],"inLanguage":"pt-BR"},{"@type":"Organization","@id":"https:\/\/alternativafm.com\/site\/#organization","name":"Alternativa FM | 90,7 FM","url":"https:\/\/alternativafm.com\/site\/","logo":{"@type":"ImageObject","inLanguage":"pt-BR","@id":"https:\/\/alternativafm.com\/site\/#\/schema\/logo\/image\/","url":"https:\/\/alternativafm.com\/site\/wp-content\/uploads\/2020\/07\/LOGOMARCA2.png","contentUrl":"https:\/\/alternativafm.com\/site\/wp-content\/uploads\/2020\/07\/LOGOMARCA2.png","width":1352,"height":464,"caption":"Alternativa FM | 90,7 FM"},"image":{"@id":"https:\/\/alternativafm.com\/site\/#\/schema\/logo\/image\/"}},{"@type":"Person","@id":"https:\/\/alternativafm.com\/site\/#\/schema\/person\/6b1ac1374b404fe65adc2da2ea4e902a","name":"redacao","image":{"@type":"ImageObject","inLanguage":"pt-BR","@id":"https:\/\/secure.gravatar.com\/avatar\/16ab12bea2743901812c1ec603a48cc65b4e7af25043bec48c2742b27028075e?s=96&d=mm&r=g","url":"https:\/\/secure.gravatar.com\/avatar\/16ab12bea2743901812c1ec603a48cc65b4e7af25043bec48c2742b27028075e?s=96&d=mm&r=g","contentUrl":"https:\/\/secure.gravatar.com\/avatar\/16ab12bea2743901812c1ec603a48cc65b4e7af25043bec48c2742b27028075e?s=96&d=mm&r=g","caption":"redacao"},"sameAs":["http:\/\/alternativafm.com\/site"],"url":"https:\/\/alternativafm.com\/site\/author\/redacao\/"}]}},"jetpack_publicize_connections":[],"jetpack_featured_media_url":"https:\/\/alternativafm.com\/site\/wp-content\/uploads\/2958B8A9-32A9-4C1E-B38A-E4BCB0D5C2E9-e1697222176967.jpeg","jetpack_shortlink":"https:\/\/wp.me\/pccBN3-f2l","jetpack-related-posts":[{"id":40036,"url":"https:\/\/alternativafm.com\/site\/hoje-e-dia-do-rota-30-programa-de-responsabilidade-do-30o-batalhao-da-policia-militar-em-januaria\/","url_meta":{"origin":57805,"position":0},"title":"Hoje \u00e9 dia do Rota 30, programa de responsabilidade do 30\u00ba Batalh\u00e3o da Pol\u00edcia Militar em Janu\u00e1ria","author":"redacao","date":"julho 17, 2024","format":false,"excerpt":"E hoje, quarta-feira(17) \u00e9 dia do Rota 30. O programa vai ao ar a partir das 11:20 na r\u00e1dio Voz News, 100,9 e as 13:20 na TV Norte. O Rota 30, a voz do povo contra o crime, tamb\u00e9m est\u00e1 dispon\u00edvel no youtube aqui da alternativa FM. \u00c9 s\u00f3 pesquisar\u2026","rel":"","context":"Em &quot;GERAL&quot;","block_context":{"text":"GERAL","link":"https:\/\/alternativafm.com\/site\/category\/geral\/"},"img":{"alt_text":"","src":"","width":0,"height":0},"classes":[]},{"id":42948,"url":"https:\/\/alternativafm.com\/site\/hoje-quarta-feira-e-dia-do-rota-30\/","url_meta":{"origin":57805,"position":1},"title":"Hoje, quarta-feira \u00e9 dia do Rota 30","author":"redacao","date":"outubro 23, 2024","format":false,"excerpt":"E hoje, quarta-feira \u00e9 dia do Rota 30. O programa vai ao ar a partir das 11:20 na r\u00e1dio Voz News, 100,9 e as 13:20 na TV Norte. O Rota 30, a voz do povo contra o crime, tamb\u00e9m est\u00e1 dispon\u00edvel no youtube aqui da alternativa FM. \u00c9 s\u00f3 pesquisar\u2026","rel":"","context":"Em &quot;GERAL&quot;","block_context":{"text":"GERAL","link":"https:\/\/alternativafm.com\/site\/category\/geral\/"},"img":{"alt_text":"","src":"","width":0,"height":0},"classes":[]},{"id":43414,"url":"https:\/\/alternativafm.com\/site\/hoje-quarta-feira-e-dia-do-rota-30-2\/","url_meta":{"origin":57805,"position":2},"title":"Hoje, quarta-feira \u00e9 dia do Rota 30","author":"redacao","date":"novembro 6, 2024","format":false,"excerpt":"E hoje, quarta-feira \u00e9 dia do Rota 30. O programa vai ao ar a partir das 11:20 na r\u00e1dio Voz News, 100,9 e as 13:20 na TV Norte. E se voc\u00ea quiser j\u00e1 assistir o Rota 30, a voz do povo contra o crime de hoje, ele j\u00e1 est\u00e1 dispon\u00edvel\u2026","rel":"","context":"Em &quot;DESTAQUE&quot;","block_context":{"text":"DESTAQUE","link":"https:\/\/alternativafm.com\/site\/category\/destaque\/"},"img":{"alt_text":"","src":"","width":0,"height":0},"classes":[]},{"id":46555,"url":"https:\/\/alternativafm.com\/site\/cameras-e-pms-de-moc-no-carnaval-tudo-no-rota-30-de-hoje\/","url_meta":{"origin":57805,"position":3},"title":"C\u00e2meras e PMs de MOC no Carnaval. Tudo no Rota 30 de hoje!","author":"redacao","date":"fevereiro 26, 2025","format":false,"excerpt":"Os destaques de hoje s\u00e3o os seguintes: Tenente Frois detalha estrat\u00e9gia de policiamento para o Carnaval em Janu\u00e1ria. Opera\u00e7\u00e3o For\u00e7a Total: Patrulha Rural prende dois homens na Fazenda Larga. Homem \u00e9 preso em Janu\u00e1ria por furto de bicicletas. Pol\u00edcia Militar prende indiv\u00edduo ap\u00f3s furtar celular em posto de combust\u00edvel em\u2026","rel":"","context":"Em &quot;DESTAQUE&quot;","block_context":{"text":"DESTAQUE","link":"https:\/\/alternativafm.com\/site\/category\/destaque\/"},"img":{"alt_text":"","src":"https:\/\/i0.wp.com\/img.youtube.com\/vi\/OT5R-x96Two\/0.jpg?resize=350%2C200","width":350,"height":200},"classes":[]},{"id":48471,"url":"https:\/\/alternativafm.com\/site\/muitas-ocorrencias-no-rota-30-de-hoje\/","url_meta":{"origin":57805,"position":4},"title":"Muitas ocorr\u00eancias no Rota 30 de hoje!","author":"redacao","date":"maio 7, 2025","format":false,"excerpt":"Mulher \u00e9 presa com drogas no Bairro Teixeira Bastos Tr\u00e1fico de drogas na Vila Verde - dois homens foram presos Acidente com v\u00edtima fatal na BR 135, pr\u00f3ximo a Montalv\u00e2nia Motocicleta adultera \u00e9 apreendida em Janu\u00e1ria M\u00e3e denuncia a filha por abandono de incapaz Pol\u00edcia Rodovi\u00e1ria apreende grande quantidade de\u2026","rel":"","context":"Em &quot;DESTAQUE&quot;","block_context":{"text":"DESTAQUE","link":"https:\/\/alternativafm.com\/site\/category\/destaque\/"},"img":{"alt_text":"","src":"https:\/\/i0.wp.com\/img.youtube.com\/vi\/tq0fWJCul5U\/0.jpg?resize=350%2C200","width":350,"height":200},"classes":[]},{"id":46306,"url":"https:\/\/alternativafm.com\/site\/rota-30-de-hoje-confira-as-ocorrencias-policiais-de-januaria-e-regiao\/","url_meta":{"origin":57805,"position":5},"title":"Rota 30 de hoje. Confira as ocorr\u00eancias policiais de Janu\u00e1ria e regi\u00e3o","author":"redacao","date":"fevereiro 19, 2025","format":false,"excerpt":"https:\/\/youtu.be\/o6g8GoyICXQ?si=TEYatjwyLm7LRlKH","rel":"","context":"Em &quot;DESTAQUE&quot;","block_context":{"text":"DESTAQUE","link":"https:\/\/alternativafm.com\/site\/category\/destaque\/"},"img":{"alt_text":"","src":"https:\/\/i0.wp.com\/img.youtube.com\/vi\/o6g8GoyICXQ\/0.jpg?resize=350%2C200","width":350,"height":200},"classes":[]}],"jetpack_sharing_enabled":true,"jetpack_likes_enabled":true,"_links":{"self":[{"href":"https:\/\/alternativafm.com\/site\/wp-json\/wp\/v2\/posts\/57805","targetHints":{"allow":["GET"]}}],"collection":[{"href":"https:\/\/alternativafm.com\/site\/wp-json\/wp\/v2\/posts"}],"about":[{"href":"https:\/\/alternativafm.com\/site\/wp-json\/wp\/v2\/types\/post"}],"author":[{"embeddable":true,"href":"https:\/\/alternativafm.com\/site\/wp-json\/wp\/v2\/users\/1"}],"replies":[{"embeddable":true,"href":"https:\/\/alternativafm.com\/site\/wp-json\/wp\/v2\/comments?post=57805"}],"version-history":[{"count":2,"href":"https:\/\/alternativafm.com\/site\/wp-json\/wp\/v2\/posts\/57805\/revisions"}],"predecessor-version":[{"id":57807,"href":"https:\/\/alternativafm.com\/site\/wp-json\/wp\/v2\/posts\/57805\/revisions\/57807"}],"wp:featuredmedia":[{"embeddable":true,"href":"https:\/\/alternativafm.com\/site\/wp-json\/wp\/v2\/media\/32260"}],"wp:attachment":[{"href":"https:\/\/alternativafm.com\/site\/wp-json\/wp\/v2\/media?parent=57805"}],"wp:term":[{"taxonomy":"category","embeddable":true,"href":"https:\/\/alternativafm.com\/site\/wp-json\/wp\/v2\/categories?post=57805"},{"taxonomy":"post_tag","embeddable":true,"href":"https:\/\/alternativafm.com\/site\/wp-json\/wp\/v2\/tags?post=57805"}],"curies":[{"name":"wp","href":"https:\/\/api.w.org\/{rel}","templated":true}]}}