{"id":57838,"date":"2026-04-30T21:01:57","date_gmt":"2026-04-30T21:01:57","guid":{"rendered":"https:\/\/alternativafm.com\/site\/?p=57838"},"modified":"2026-04-30T21:01:59","modified_gmt":"2026-04-30T21:01:59","slug":"primeiro-servico-de-inspecao-individual-do-sisbi-do-norte-de-minas-pode-comecar-por-januaria","status":"publish","type":"post","link":"https:\/\/alternativafm.com\/site\/primeiro-servico-de-inspecao-individual-do-sisbi-do-norte-de-minas-pode-comecar-por-januaria\/","title":{"rendered":"Primeiro servi\u00e7o de inspe\u00e7\u00e3o individual do SISBI do Norte de Minas pode come\u00e7ar por Janu\u00e1ria"},"content":{"rendered":"\n<figure class=\"wp-block-embed is-type-video is-provider-youtube wp-block-embed-youtube wp-embed-aspect-16-9 wp-has-aspect-ratio\"><div class=\"wp-block-embed__wrapper\">\n<iframe loading=\"lazy\" title=\"Primeiro servi\u00e7o de inspe\u00e7\u00e3o individual do SISBI do Norte de Minas pode come\u00e7ar por Janu\u00e1ria\" width=\"640\" height=\"360\" src=\"https:\/\/www.youtube.com\/embed\/DVYgZDEpSGo?feature=oembed\" frameborder=\"0\" allow=\"accelerometer; autoplay; clipboard-write; encrypted-media; gyroscope; picture-in-picture; web-share\" referrerpolicy=\"strict-origin-when-cross-origin\" allowfullscreen><\/iframe>\n<\/div><\/figure>\n","protected":false},"excerpt":{"rendered":"","protected":false},"author":1,"featured_media":57839,"comment_status":"open","ping_status":"open","sticky":false,"template":"","format":"standard","meta":{"_jetpack_memberships_contains_paid_content":false,"footnotes":"","jetpack_publicize_message":"","jetpack_publicize_feature_enabled":true,"jetpack_social_post_already_shared":true,"jetpack_social_options":{"image_generator_settings":{"template":"highway","default_image_id":0,"font":"","enabled":false},"version":2}},"categories":[15,6],"tags":[],"class_list":["post-57838","post","type-post","status-publish","format-standard","has-post-thumbnail","hentry","category-cidade","category-geral"],"yoast_head":"<!-- This site is optimized with the Yoast SEO plugin v27.2 - https:\/\/yoast.com\/product\/yoast-seo-wordpress\/ -->\n<title>Primeiro servi\u00e7o de inspe\u00e7\u00e3o individual do SISBI do Norte de Minas pode come\u00e7ar por Janu\u00e1ria - Alternativa FM | 90,7 FM<\/title>\n<meta name=\"robots\" content=\"index, follow, max-snippet:-1, max-image-preview:large, max-video-preview:-1\" \/>\n<link rel=\"canonical\" href=\"https:\/\/alternativafm.com\/site\/primeiro-servico-de-inspecao-individual-do-sisbi-do-norte-de-minas-pode-comecar-por-januaria\/\" \/>\n<meta property=\"og:locale\" content=\"pt_BR\" \/>\n<meta property=\"og:type\" content=\"article\" \/>\n<meta property=\"og:title\" content=\"Primeiro servi\u00e7o de inspe\u00e7\u00e3o individual do SISBI do Norte de Minas pode come\u00e7ar por Janu\u00e1ria - Alternativa FM | 90,7 FM\" \/>\n<meta property=\"og:url\" content=\"https:\/\/alternativafm.com\/site\/primeiro-servico-de-inspecao-individual-do-sisbi-do-norte-de-minas-pode-comecar-por-januaria\/\" \/>\n<meta property=\"og:site_name\" content=\"Alternativa FM | 90,7 FM\" \/>\n<meta property=\"article:published_time\" content=\"2026-04-30T21:01:57+00:00\" \/>\n<meta property=\"article:modified_time\" content=\"2026-04-30T21:01:59+00:00\" \/>\n<meta property=\"og:image\" content=\"https:\/\/alternativafm.com\/site\/wp-content\/uploads\/mq1-51.webp\" \/>\n\t<meta property=\"og:image:width\" content=\"320\" \/>\n\t<meta property=\"og:image:height\" content=\"180\" \/>\n\t<meta property=\"og:image:type\" content=\"image\/webp\" \/>\n<meta name=\"author\" content=\"redacao\" \/>\n<meta name=\"twitter:card\" content=\"summary_large_image\" \/>\n<meta name=\"twitter:label1\" content=\"Escrito por\" \/>\n\t<meta name=\"twitter:data1\" content=\"redacao\" \/>\n\t<meta name=\"twitter:label2\" content=\"Est. tempo de leitura\" \/>\n\t<meta name=\"twitter:data2\" content=\"1 minuto\" \/>\n<script type=\"application\/ld+json\" class=\"yoast-schema-graph\">{\"@context\":\"https:\/\/schema.org\",\"@graph\":[{\"@type\":\"Article\",\"@id\":\"https:\/\/alternativafm.com\/site\/primeiro-servico-de-inspecao-individual-do-sisbi-do-norte-de-minas-pode-comecar-por-januaria\/#article\",\"isPartOf\":{\"@id\":\"https:\/\/alternativafm.com\/site\/primeiro-servico-de-inspecao-individual-do-sisbi-do-norte-de-minas-pode-comecar-por-januaria\/\"},\"author\":{\"name\":\"redacao\",\"@id\":\"https:\/\/alternativafm.com\/site\/#\/schema\/person\/6b1ac1374b404fe65adc2da2ea4e902a\"},\"headline\":\"Primeiro servi\u00e7o de inspe\u00e7\u00e3o individual do SISBI do Norte de Minas pode come\u00e7ar por Janu\u00e1ria\",\"datePublished\":\"2026-04-30T21:01:57+00:00\",\"dateModified\":\"2026-04-30T21:01:59+00:00\",\"mainEntityOfPage\":{\"@id\":\"https:\/\/alternativafm.com\/site\/primeiro-servico-de-inspecao-individual-do-sisbi-do-norte-de-minas-pode-comecar-por-januaria\/\"},\"wordCount\":23,\"commentCount\":0,\"publisher\":{\"@id\":\"https:\/\/alternativafm.com\/site\/#organization\"},\"image\":{\"@id\":\"https:\/\/alternativafm.com\/site\/primeiro-servico-de-inspecao-individual-do-sisbi-do-norte-de-minas-pode-comecar-por-januaria\/#primaryimage\"},\"thumbnailUrl\":\"https:\/\/alternativafm.com\/site\/wp-content\/uploads\/mq1-51.webp\",\"articleSection\":[\"CIDADE\",\"GERAL\"],\"inLanguage\":\"pt-BR\",\"potentialAction\":[{\"@type\":\"CommentAction\",\"name\":\"Comment\",\"target\":[\"https:\/\/alternativafm.com\/site\/primeiro-servico-de-inspecao-individual-do-sisbi-do-norte-de-minas-pode-comecar-por-januaria\/#respond\"]}]},{\"@type\":\"WebPage\",\"@id\":\"https:\/\/alternativafm.com\/site\/primeiro-servico-de-inspecao-individual-do-sisbi-do-norte-de-minas-pode-comecar-por-januaria\/\",\"url\":\"https:\/\/alternativafm.com\/site\/primeiro-servico-de-inspecao-individual-do-sisbi-do-norte-de-minas-pode-comecar-por-januaria\/\",\"name\":\"Primeiro servi\u00e7o de inspe\u00e7\u00e3o individual do SISBI do Norte de Minas pode come\u00e7ar por Janu\u00e1ria - Alternativa FM | 90,7 FM\",\"isPartOf\":{\"@id\":\"https:\/\/alternativafm.com\/site\/#website\"},\"primaryImageOfPage\":{\"@id\":\"https:\/\/alternativafm.com\/site\/primeiro-servico-de-inspecao-individual-do-sisbi-do-norte-de-minas-pode-comecar-por-januaria\/#primaryimage\"},\"image\":{\"@id\":\"https:\/\/alternativafm.com\/site\/primeiro-servico-de-inspecao-individual-do-sisbi-do-norte-de-minas-pode-comecar-por-januaria\/#primaryimage\"},\"thumbnailUrl\":\"https:\/\/alternativafm.com\/site\/wp-content\/uploads\/mq1-51.webp\",\"datePublished\":\"2026-04-30T21:01:57+00:00\",\"dateModified\":\"2026-04-30T21:01:59+00:00\",\"breadcrumb\":{\"@id\":\"https:\/\/alternativafm.com\/site\/primeiro-servico-de-inspecao-individual-do-sisbi-do-norte-de-minas-pode-comecar-por-januaria\/#breadcrumb\"},\"inLanguage\":\"pt-BR\",\"potentialAction\":[{\"@type\":\"ReadAction\",\"target\":[\"https:\/\/alternativafm.com\/site\/primeiro-servico-de-inspecao-individual-do-sisbi-do-norte-de-minas-pode-comecar-por-januaria\/\"]}]},{\"@type\":\"ImageObject\",\"inLanguage\":\"pt-BR\",\"@id\":\"https:\/\/alternativafm.com\/site\/primeiro-servico-de-inspecao-individual-do-sisbi-do-norte-de-minas-pode-comecar-por-januaria\/#primaryimage\",\"url\":\"https:\/\/alternativafm.com\/site\/wp-content\/uploads\/mq1-51.webp\",\"contentUrl\":\"https:\/\/alternativafm.com\/site\/wp-content\/uploads\/mq1-51.webp\",\"width\":320,\"height\":180},{\"@type\":\"BreadcrumbList\",\"@id\":\"https:\/\/alternativafm.com\/site\/primeiro-servico-de-inspecao-individual-do-sisbi-do-norte-de-minas-pode-comecar-por-januaria\/#breadcrumb\",\"itemListElement\":[{\"@type\":\"ListItem\",\"position\":1,\"name\":\"In\u00edcio\",\"item\":\"https:\/\/alternativafm.com\/site\/\"},{\"@type\":\"ListItem\",\"position\":2,\"name\":\"Primeiro servi\u00e7o de inspe\u00e7\u00e3o individual do SISBI do Norte de Minas pode come\u00e7ar por Janu\u00e1ria\"}]},{\"@type\":\"WebSite\",\"@id\":\"https:\/\/alternativafm.com\/site\/#website\",\"url\":\"https:\/\/alternativafm.com\/site\/\",\"name\":\"Alternativa FM | 90,7 FM\",\"description\":\"\",\"publisher\":{\"@id\":\"https:\/\/alternativafm.com\/site\/#organization\"},\"potentialAction\":[{\"@type\":\"SearchAction\",\"target\":{\"@type\":\"EntryPoint\",\"urlTemplate\":\"https:\/\/alternativafm.com\/site\/?s={search_term_string}\"},\"query-input\":{\"@type\":\"PropertyValueSpecification\",\"valueRequired\":true,\"valueName\":\"search_term_string\"}}],\"inLanguage\":\"pt-BR\"},{\"@type\":\"Organization\",\"@id\":\"https:\/\/alternativafm.com\/site\/#organization\",\"name\":\"Alternativa FM | 90,7 FM\",\"url\":\"https:\/\/alternativafm.com\/site\/\",\"logo\":{\"@type\":\"ImageObject\",\"inLanguage\":\"pt-BR\",\"@id\":\"https:\/\/alternativafm.com\/site\/#\/schema\/logo\/image\/\",\"url\":\"https:\/\/alternativafm.com\/site\/wp-content\/uploads\/2020\/07\/LOGOMARCA2.png\",\"contentUrl\":\"https:\/\/alternativafm.com\/site\/wp-content\/uploads\/2020\/07\/LOGOMARCA2.png\",\"width\":1352,\"height\":464,\"caption\":\"Alternativa FM | 90,7 FM\"},\"image\":{\"@id\":\"https:\/\/alternativafm.com\/site\/#\/schema\/logo\/image\/\"}},{\"@type\":\"Person\",\"@id\":\"https:\/\/alternativafm.com\/site\/#\/schema\/person\/6b1ac1374b404fe65adc2da2ea4e902a\",\"name\":\"redacao\",\"image\":{\"@type\":\"ImageObject\",\"inLanguage\":\"pt-BR\",\"@id\":\"https:\/\/secure.gravatar.com\/avatar\/16ab12bea2743901812c1ec603a48cc65b4e7af25043bec48c2742b27028075e?s=96&d=mm&r=g\",\"url\":\"https:\/\/secure.gravatar.com\/avatar\/16ab12bea2743901812c1ec603a48cc65b4e7af25043bec48c2742b27028075e?s=96&d=mm&r=g\",\"contentUrl\":\"https:\/\/secure.gravatar.com\/avatar\/16ab12bea2743901812c1ec603a48cc65b4e7af25043bec48c2742b27028075e?s=96&d=mm&r=g\",\"caption\":\"redacao\"},\"sameAs\":[\"http:\/\/alternativafm.com\/site\"],\"url\":\"https:\/\/alternativafm.com\/site\/author\/redacao\/\"}]}<\/script>\n<!-- \/ Yoast SEO plugin. -->","yoast_head_json":{"title":"Primeiro servi\u00e7o de inspe\u00e7\u00e3o individual do SISBI do Norte de Minas pode come\u00e7ar por Janu\u00e1ria - Alternativa FM | 90,7 FM","robots":{"index":"index","follow":"follow","max-snippet":"max-snippet:-1","max-image-preview":"max-image-preview:large","max-video-preview":"max-video-preview:-1"},"canonical":"https:\/\/alternativafm.com\/site\/primeiro-servico-de-inspecao-individual-do-sisbi-do-norte-de-minas-pode-comecar-por-januaria\/","og_locale":"pt_BR","og_type":"article","og_title":"Primeiro servi\u00e7o de inspe\u00e7\u00e3o individual do SISBI do Norte de Minas pode come\u00e7ar por Janu\u00e1ria - Alternativa FM | 90,7 FM","og_url":"https:\/\/alternativafm.com\/site\/primeiro-servico-de-inspecao-individual-do-sisbi-do-norte-de-minas-pode-comecar-por-januaria\/","og_site_name":"Alternativa FM | 90,7 FM","article_published_time":"2026-04-30T21:01:57+00:00","article_modified_time":"2026-04-30T21:01:59+00:00","og_image":[{"width":320,"height":180,"url":"https:\/\/alternativafm.com\/site\/wp-content\/uploads\/mq1-51.webp","type":"image\/webp"}],"author":"redacao","twitter_card":"summary_large_image","twitter_misc":{"Escrito por":"redacao","Est. tempo de leitura":"1 minuto"},"schema":{"@context":"https:\/\/schema.org","@graph":[{"@type":"Article","@id":"https:\/\/alternativafm.com\/site\/primeiro-servico-de-inspecao-individual-do-sisbi-do-norte-de-minas-pode-comecar-por-januaria\/#article","isPartOf":{"@id":"https:\/\/alternativafm.com\/site\/primeiro-servico-de-inspecao-individual-do-sisbi-do-norte-de-minas-pode-comecar-por-januaria\/"},"author":{"name":"redacao","@id":"https:\/\/alternativafm.com\/site\/#\/schema\/person\/6b1ac1374b404fe65adc2da2ea4e902a"},"headline":"Primeiro servi\u00e7o de inspe\u00e7\u00e3o individual do SISBI do Norte de Minas pode come\u00e7ar por Janu\u00e1ria","datePublished":"2026-04-30T21:01:57+00:00","dateModified":"2026-04-30T21:01:59+00:00","mainEntityOfPage":{"@id":"https:\/\/alternativafm.com\/site\/primeiro-servico-de-inspecao-individual-do-sisbi-do-norte-de-minas-pode-comecar-por-januaria\/"},"wordCount":23,"commentCount":0,"publisher":{"@id":"https:\/\/alternativafm.com\/site\/#organization"},"image":{"@id":"https:\/\/alternativafm.com\/site\/primeiro-servico-de-inspecao-individual-do-sisbi-do-norte-de-minas-pode-comecar-por-januaria\/#primaryimage"},"thumbnailUrl":"https:\/\/alternativafm.com\/site\/wp-content\/uploads\/mq1-51.webp","articleSection":["CIDADE","GERAL"],"inLanguage":"pt-BR","potentialAction":[{"@type":"CommentAction","name":"Comment","target":["https:\/\/alternativafm.com\/site\/primeiro-servico-de-inspecao-individual-do-sisbi-do-norte-de-minas-pode-comecar-por-januaria\/#respond"]}]},{"@type":"WebPage","@id":"https:\/\/alternativafm.com\/site\/primeiro-servico-de-inspecao-individual-do-sisbi-do-norte-de-minas-pode-comecar-por-januaria\/","url":"https:\/\/alternativafm.com\/site\/primeiro-servico-de-inspecao-individual-do-sisbi-do-norte-de-minas-pode-comecar-por-januaria\/","name":"Primeiro servi\u00e7o de inspe\u00e7\u00e3o individual do SISBI do Norte de Minas pode come\u00e7ar por Janu\u00e1ria - Alternativa FM | 90,7 FM","isPartOf":{"@id":"https:\/\/alternativafm.com\/site\/#website"},"primaryImageOfPage":{"@id":"https:\/\/alternativafm.com\/site\/primeiro-servico-de-inspecao-individual-do-sisbi-do-norte-de-minas-pode-comecar-por-januaria\/#primaryimage"},"image":{"@id":"https:\/\/alternativafm.com\/site\/primeiro-servico-de-inspecao-individual-do-sisbi-do-norte-de-minas-pode-comecar-por-januaria\/#primaryimage"},"thumbnailUrl":"https:\/\/alternativafm.com\/site\/wp-content\/uploads\/mq1-51.webp","datePublished":"2026-04-30T21:01:57+00:00","dateModified":"2026-04-30T21:01:59+00:00","breadcrumb":{"@id":"https:\/\/alternativafm.com\/site\/primeiro-servico-de-inspecao-individual-do-sisbi-do-norte-de-minas-pode-comecar-por-januaria\/#breadcrumb"},"inLanguage":"pt-BR","potentialAction":[{"@type":"ReadAction","target":["https:\/\/alternativafm.com\/site\/primeiro-servico-de-inspecao-individual-do-sisbi-do-norte-de-minas-pode-comecar-por-januaria\/"]}]},{"@type":"ImageObject","inLanguage":"pt-BR","@id":"https:\/\/alternativafm.com\/site\/primeiro-servico-de-inspecao-individual-do-sisbi-do-norte-de-minas-pode-comecar-por-januaria\/#primaryimage","url":"https:\/\/alternativafm.com\/site\/wp-content\/uploads\/mq1-51.webp","contentUrl":"https:\/\/alternativafm.com\/site\/wp-content\/uploads\/mq1-51.webp","width":320,"height":180},{"@type":"BreadcrumbList","@id":"https:\/\/alternativafm.com\/site\/primeiro-servico-de-inspecao-individual-do-sisbi-do-norte-de-minas-pode-comecar-por-januaria\/#breadcrumb","itemListElement":[{"@type":"ListItem","position":1,"name":"In\u00edcio","item":"https:\/\/alternativafm.com\/site\/"},{"@type":"ListItem","position":2,"name":"Primeiro servi\u00e7o de inspe\u00e7\u00e3o individual do SISBI do Norte de Minas pode come\u00e7ar por Janu\u00e1ria"}]},{"@type":"WebSite","@id":"https:\/\/alternativafm.com\/site\/#website","url":"https:\/\/alternativafm.com\/site\/","name":"Alternativa FM | 90,7 FM","description":"","publisher":{"@id":"https:\/\/alternativafm.com\/site\/#organization"},"potentialAction":[{"@type":"SearchAction","target":{"@type":"EntryPoint","urlTemplate":"https:\/\/alternativafm.com\/site\/?s={search_term_string}"},"query-input":{"@type":"PropertyValueSpecification","valueRequired":true,"valueName":"search_term_string"}}],"inLanguage":"pt-BR"},{"@type":"Organization","@id":"https:\/\/alternativafm.com\/site\/#organization","name":"Alternativa FM | 90,7 FM","url":"https:\/\/alternativafm.com\/site\/","logo":{"@type":"ImageObject","inLanguage":"pt-BR","@id":"https:\/\/alternativafm.com\/site\/#\/schema\/logo\/image\/","url":"https:\/\/alternativafm.com\/site\/wp-content\/uploads\/2020\/07\/LOGOMARCA2.png","contentUrl":"https:\/\/alternativafm.com\/site\/wp-content\/uploads\/2020\/07\/LOGOMARCA2.png","width":1352,"height":464,"caption":"Alternativa FM | 90,7 FM"},"image":{"@id":"https:\/\/alternativafm.com\/site\/#\/schema\/logo\/image\/"}},{"@type":"Person","@id":"https:\/\/alternativafm.com\/site\/#\/schema\/person\/6b1ac1374b404fe65adc2da2ea4e902a","name":"redacao","image":{"@type":"ImageObject","inLanguage":"pt-BR","@id":"https:\/\/secure.gravatar.com\/avatar\/16ab12bea2743901812c1ec603a48cc65b4e7af25043bec48c2742b27028075e?s=96&d=mm&r=g","url":"https:\/\/secure.gravatar.com\/avatar\/16ab12bea2743901812c1ec603a48cc65b4e7af25043bec48c2742b27028075e?s=96&d=mm&r=g","contentUrl":"https:\/\/secure.gravatar.com\/avatar\/16ab12bea2743901812c1ec603a48cc65b4e7af25043bec48c2742b27028075e?s=96&d=mm&r=g","caption":"redacao"},"sameAs":["http:\/\/alternativafm.com\/site"],"url":"https:\/\/alternativafm.com\/site\/author\/redacao\/"}]}},"jetpack_publicize_connections":[],"jetpack_featured_media_url":"https:\/\/alternativafm.com\/site\/wp-content\/uploads\/mq1-51.webp","jetpack_shortlink":"https:\/\/wp.me\/pccBN3-f2S","jetpack-related-posts":[{"id":25034,"url":"https:\/\/alternativafm.com\/site\/carnaval-de-januaria-comeca-hoje-um-dos-melhores-do-norte-de-minas\/","url_meta":{"origin":57838,"position":0},"title":"Carnaval de Janu\u00e1ria come\u00e7a hoje. Um dos melhores do Norte de Minas","author":"redacao","date":"fevereiro 17, 2023","format":false,"excerpt":"https:\/\/youtu.be\/FxodpAiV-Fw","rel":"","context":"Em &quot;CIDADE&quot;","block_context":{"text":"CIDADE","link":"https:\/\/alternativafm.com\/site\/category\/cidade\/"},"img":{"alt_text":"","src":"https:\/\/i0.wp.com\/img.youtube.com\/vi\/FxodpAiV-Fw\/0.jpg?resize=350%2C200","width":350,"height":200},"classes":[]},{"id":38287,"url":"https:\/\/alternativafm.com\/site\/grilos-invadem-januaria-e-cidades-do-norte-de-minas\/","url_meta":{"origin":57838,"position":1},"title":"Grilos invadem Janu\u00e1ria e cidades do Norte de Minas","author":"redacao","date":"maio 9, 2024","format":false,"excerpt":"https:\/\/youtu.be\/FtWE4I-7w5I?si=V2nx5OYkNyJBS5y2","rel":"","context":"Em &quot;GERAL&quot;","block_context":{"text":"GERAL","link":"https:\/\/alternativafm.com\/site\/category\/geral\/"},"img":{"alt_text":"","src":"https:\/\/i0.wp.com\/img.youtube.com\/vi\/FtWE4I-7w5I\/0.jpg?resize=350%2C200","width":350,"height":200},"classes":[]},{"id":41627,"url":"https:\/\/alternativafm.com\/site\/codanorte-e-selecionada-para-projeto-de-servicos-de-inspecao-de-produtos-de-origem-animal\/","url_meta":{"origin":57838,"position":2},"title":"Codanorte \u00e9 selecionada para projeto de servi\u00e7os de inspe\u00e7\u00e3o de produtos de origem animal","author":"redacao","date":"setembro 9, 2024","format":false,"excerpt":"https:\/\/youtu.be\/vGgHZNv_-dU?si=YBqFv1bCLeKWEOa2","rel":"","context":"Em &quot;AGRICULTURA PECU\u00c1RIA&quot;","block_context":{"text":"AGRICULTURA PECU\u00c1RIA","link":"https:\/\/alternativafm.com\/site\/category\/agricultura-pecuaria\/"},"img":{"alt_text":"","src":"https:\/\/i0.wp.com\/img.youtube.com\/vi\/vGgHZNv_-dU\/0.jpg?resize=350%2C200","width":350,"height":200},"classes":[]},{"id":39407,"url":"https:\/\/alternativafm.com\/site\/januaria-sera-destaque-turistico-em-julho-no-norte-de-minas-confira-as-atracoes\/","url_meta":{"origin":57838,"position":3},"title":"J\u00e1nu\u00e1ria ser\u00e1 destaque tur\u00edstico em julho no Norte de Minas. Confira as atra\u00e7\u00f5es","author":"redacao","date":"junho 23, 2024","format":false,"excerpt":"https:\/\/youtu.be\/sTbOxehDdE4?si=hS-IO2rjc14D_CTe","rel":"","context":"Em &quot;CIDADE&quot;","block_context":{"text":"CIDADE","link":"https:\/\/alternativafm.com\/site\/category\/cidade\/"},"img":{"alt_text":"","src":"https:\/\/i0.wp.com\/img.youtube.com\/vi\/sTbOxehDdE4\/0.jpg?resize=350%2C200","width":350,"height":200},"classes":[]},{"id":38092,"url":"https:\/\/alternativafm.com\/site\/castracao-gratuita-de-caes-e-gatos-em-municipios-do-norte-de-minas\/","url_meta":{"origin":57838,"position":4},"title":"Castra\u00e7\u00e3o gratuita de c\u00e3es e gatos em munic\u00edpios do Norte de Minas","author":"redacao","date":"maio 2, 2024","format":false,"excerpt":"O Codanorte vai iniciar a Castra\u00e7\u00e3o gratuita de c\u00e3es e gatos em munic\u00edpios consorciados do Norte de Minas. O Programa \u201cPatas Seguras\u201d tem o objetivo de controlar a reprodu\u00e7\u00e3o desses animais, sejam eles de rua, ou dom\u00e9sticos. Al\u00e9m disso, a conscientiza\u00e7\u00e3o da comunidade e a educa\u00e7\u00e3o ambiental cont\u00ednua tamb\u00e9m fazem\u2026","rel":"","context":"Em &quot;GERAL&quot;","block_context":{"text":"GERAL","link":"https:\/\/alternativafm.com\/site\/category\/geral\/"},"img":{"alt_text":"","src":"","width":0,"height":0},"classes":[]},{"id":44176,"url":"https:\/\/alternativafm.com\/site\/mart-minas-anuncia-a-inauguracao-da-sua-primeira-loja-em-januaria\/","url_meta":{"origin":57838,"position":5},"title":"Mart Minas anuncia a inaugura\u00e7\u00e3o da sua primeira loja em Janu\u00e1ria","author":"redacao","date":"novembro 29, 2024","format":false,"excerpt":"Mart Minas anuncia a inaugura\u00e7\u00e3o da sua primeira loja em Janu\u00e1ria https:\/\/youtu.be\/di1c_ihhr3E?si=weGDP1lvCIGrmdLA","rel":"","context":"Em &quot;CIDADE&quot;","block_context":{"text":"CIDADE","link":"https:\/\/alternativafm.com\/site\/category\/cidade\/"},"img":{"alt_text":"","src":"https:\/\/i0.wp.com\/img.youtube.com\/vi\/di1c_ihhr3E\/0.jpg?resize=350%2C200","width":350,"height":200},"classes":[]}],"jetpack_sharing_enabled":true,"jetpack_likes_enabled":true,"_links":{"self":[{"href":"https:\/\/alternativafm.com\/site\/wp-json\/wp\/v2\/posts\/57838","targetHints":{"allow":["GET"]}}],"collection":[{"href":"https:\/\/alternativafm.com\/site\/wp-json\/wp\/v2\/posts"}],"about":[{"href":"https:\/\/alternativafm.com\/site\/wp-json\/wp\/v2\/types\/post"}],"author":[{"embeddable":true,"href":"https:\/\/alternativafm.com\/site\/wp-json\/wp\/v2\/users\/1"}],"replies":[{"embeddable":true,"href":"https:\/\/alternativafm.com\/site\/wp-json\/wp\/v2\/comments?post=57838"}],"version-history":[{"count":1,"href":"https:\/\/alternativafm.com\/site\/wp-json\/wp\/v2\/posts\/57838\/revisions"}],"predecessor-version":[{"id":57840,"href":"https:\/\/alternativafm.com\/site\/wp-json\/wp\/v2\/posts\/57838\/revisions\/57840"}],"wp:featuredmedia":[{"embeddable":true,"href":"https:\/\/alternativafm.com\/site\/wp-json\/wp\/v2\/media\/57839"}],"wp:attachment":[{"href":"https:\/\/alternativafm.com\/site\/wp-json\/wp\/v2\/media?parent=57838"}],"wp:term":[{"taxonomy":"category","embeddable":true,"href":"https:\/\/alternativafm.com\/site\/wp-json\/wp\/v2\/categories?post=57838"},{"taxonomy":"post_tag","embeddable":true,"href":"https:\/\/alternativafm.com\/site\/wp-json\/wp\/v2\/tags?post=57838"}],"curies":[{"name":"wp","href":"https:\/\/api.w.org\/{rel}","templated":true}]}}