{"id":57902,"date":"2026-05-02T10:59:58","date_gmt":"2026-05-02T10:59:58","guid":{"rendered":"https:\/\/alternativafm.com\/site\/?p=57902"},"modified":"2026-05-02T10:59:58","modified_gmt":"2026-05-02T10:59:58","slug":"imposto-de-renda-zero-saiba-quem-sera-beneficiado","status":"publish","type":"post","link":"https:\/\/alternativafm.com\/site\/imposto-de-renda-zero-saiba-quem-sera-beneficiado\/","title":{"rendered":"Imposto de Renda Zero: saiba quem ser\u00e1 beneficiado"},"content":{"rendered":"\n<figure class=\"wp-block-audio\"><audio controls src=\"https:\/\/alternativafm.com\/site\/wp-content\/uploads\/Imposto-de-Renda-Zero-saiba-quem-sera-beneficiado.mp3\"><\/audio><\/figure>\n","protected":false},"excerpt":{"rendered":"","protected":false},"author":1,"featured_media":5673,"comment_status":"open","ping_status":"open","sticky":false,"template":"","format":"standard","meta":{"_jetpack_memberships_contains_paid_content":false,"footnotes":"","jetpack_publicize_message":"","jetpack_publicize_feature_enabled":true,"jetpack_social_post_already_shared":true,"jetpack_social_options":{"image_generator_settings":{"template":"highway","default_image_id":0,"font":"","enabled":false},"version":2}},"categories":[41],"tags":[],"class_list":["post-57902","post","type-post","status-publish","format-standard","has-post-thumbnail","hentry","category-podcast"],"yoast_head":"<!-- This site is optimized with the Yoast SEO plugin v27.2 - https:\/\/yoast.com\/product\/yoast-seo-wordpress\/ -->\n<title>Imposto de Renda Zero: saiba quem ser\u00e1 beneficiado - Alternativa FM | 90,7 FM<\/title>\n<meta name=\"robots\" content=\"index, follow, max-snippet:-1, max-image-preview:large, max-video-preview:-1\" \/>\n<link rel=\"canonical\" href=\"https:\/\/alternativafm.com\/site\/imposto-de-renda-zero-saiba-quem-sera-beneficiado\/\" \/>\n<meta property=\"og:locale\" content=\"pt_BR\" \/>\n<meta property=\"og:type\" content=\"article\" \/>\n<meta property=\"og:title\" content=\"Imposto de Renda Zero: saiba quem ser\u00e1 beneficiado - Alternativa FM | 90,7 FM\" \/>\n<meta property=\"og:url\" content=\"https:\/\/alternativafm.com\/site\/imposto-de-renda-zero-saiba-quem-sera-beneficiado\/\" \/>\n<meta property=\"og:site_name\" content=\"Alternativa FM | 90,7 FM\" \/>\n<meta property=\"article:published_time\" content=\"2026-05-02T10:59:58+00:00\" \/>\n<meta property=\"og:image\" content=\"https:\/\/alternativafm.com\/site\/wp-content\/uploads\/real_moeda_50_reais020120a84t47195204-e1614853637721.jpg\" \/>\n\t<meta property=\"og:image:width\" content=\"333\" \/>\n\t<meta property=\"og:image:height\" content=\"199\" \/>\n\t<meta property=\"og:image:type\" content=\"image\/jpeg\" \/>\n<meta name=\"author\" content=\"redacao\" \/>\n<meta name=\"twitter:card\" content=\"summary_large_image\" \/>\n<meta name=\"twitter:label1\" content=\"Escrito por\" \/>\n\t<meta name=\"twitter:data1\" content=\"redacao\" \/>\n\t<meta name=\"twitter:label2\" content=\"Est. tempo de leitura\" \/>\n\t<meta name=\"twitter:data2\" content=\"1 minuto\" \/>\n<script type=\"application\/ld+json\" class=\"yoast-schema-graph\">{\"@context\":\"https:\/\/schema.org\",\"@graph\":[{\"@type\":\"Article\",\"@id\":\"https:\/\/alternativafm.com\/site\/imposto-de-renda-zero-saiba-quem-sera-beneficiado\/#article\",\"isPartOf\":{\"@id\":\"https:\/\/alternativafm.com\/site\/imposto-de-renda-zero-saiba-quem-sera-beneficiado\/\"},\"author\":{\"name\":\"redacao\",\"@id\":\"https:\/\/alternativafm.com\/site\/#\/schema\/person\/6b1ac1374b404fe65adc2da2ea4e902a\"},\"headline\":\"Imposto de Renda Zero: saiba quem ser\u00e1 beneficiado\",\"datePublished\":\"2026-05-02T10:59:58+00:00\",\"mainEntityOfPage\":{\"@id\":\"https:\/\/alternativafm.com\/site\/imposto-de-renda-zero-saiba-quem-sera-beneficiado\/\"},\"wordCount\":8,\"commentCount\":0,\"publisher\":{\"@id\":\"https:\/\/alternativafm.com\/site\/#organization\"},\"image\":{\"@id\":\"https:\/\/alternativafm.com\/site\/imposto-de-renda-zero-saiba-quem-sera-beneficiado\/#primaryimage\"},\"thumbnailUrl\":\"https:\/\/alternativafm.com\/site\/wp-content\/uploads\/real_moeda_50_reais020120a84t47195204-e1614853637721.jpg\",\"articleSection\":[\"PODCAST\"],\"inLanguage\":\"pt-BR\",\"potentialAction\":[{\"@type\":\"CommentAction\",\"name\":\"Comment\",\"target\":[\"https:\/\/alternativafm.com\/site\/imposto-de-renda-zero-saiba-quem-sera-beneficiado\/#respond\"]}]},{\"@type\":\"WebPage\",\"@id\":\"https:\/\/alternativafm.com\/site\/imposto-de-renda-zero-saiba-quem-sera-beneficiado\/\",\"url\":\"https:\/\/alternativafm.com\/site\/imposto-de-renda-zero-saiba-quem-sera-beneficiado\/\",\"name\":\"Imposto de Renda Zero: saiba quem ser\u00e1 beneficiado - Alternativa FM | 90,7 FM\",\"isPartOf\":{\"@id\":\"https:\/\/alternativafm.com\/site\/#website\"},\"primaryImageOfPage\":{\"@id\":\"https:\/\/alternativafm.com\/site\/imposto-de-renda-zero-saiba-quem-sera-beneficiado\/#primaryimage\"},\"image\":{\"@id\":\"https:\/\/alternativafm.com\/site\/imposto-de-renda-zero-saiba-quem-sera-beneficiado\/#primaryimage\"},\"thumbnailUrl\":\"https:\/\/alternativafm.com\/site\/wp-content\/uploads\/real_moeda_50_reais020120a84t47195204-e1614853637721.jpg\",\"datePublished\":\"2026-05-02T10:59:58+00:00\",\"breadcrumb\":{\"@id\":\"https:\/\/alternativafm.com\/site\/imposto-de-renda-zero-saiba-quem-sera-beneficiado\/#breadcrumb\"},\"inLanguage\":\"pt-BR\",\"potentialAction\":[{\"@type\":\"ReadAction\",\"target\":[\"https:\/\/alternativafm.com\/site\/imposto-de-renda-zero-saiba-quem-sera-beneficiado\/\"]}]},{\"@type\":\"ImageObject\",\"inLanguage\":\"pt-BR\",\"@id\":\"https:\/\/alternativafm.com\/site\/imposto-de-renda-zero-saiba-quem-sera-beneficiado\/#primaryimage\",\"url\":\"https:\/\/alternativafm.com\/site\/wp-content\/uploads\/real_moeda_50_reais020120a84t47195204-e1614853637721.jpg\",\"contentUrl\":\"https:\/\/alternativafm.com\/site\/wp-content\/uploads\/real_moeda_50_reais020120a84t47195204-e1614853637721.jpg\",\"width\":333,\"height\":199,\"caption\":\"Moeda Nacional, Real, Dinheiro, notas de real\"},{\"@type\":\"BreadcrumbList\",\"@id\":\"https:\/\/alternativafm.com\/site\/imposto-de-renda-zero-saiba-quem-sera-beneficiado\/#breadcrumb\",\"itemListElement\":[{\"@type\":\"ListItem\",\"position\":1,\"name\":\"In\u00edcio\",\"item\":\"https:\/\/alternativafm.com\/site\/\"},{\"@type\":\"ListItem\",\"position\":2,\"name\":\"Imposto de Renda Zero: saiba quem ser\u00e1 beneficiado\"}]},{\"@type\":\"WebSite\",\"@id\":\"https:\/\/alternativafm.com\/site\/#website\",\"url\":\"https:\/\/alternativafm.com\/site\/\",\"name\":\"Alternativa FM | 90,7 FM\",\"description\":\"\",\"publisher\":{\"@id\":\"https:\/\/alternativafm.com\/site\/#organization\"},\"potentialAction\":[{\"@type\":\"SearchAction\",\"target\":{\"@type\":\"EntryPoint\",\"urlTemplate\":\"https:\/\/alternativafm.com\/site\/?s={search_term_string}\"},\"query-input\":{\"@type\":\"PropertyValueSpecification\",\"valueRequired\":true,\"valueName\":\"search_term_string\"}}],\"inLanguage\":\"pt-BR\"},{\"@type\":\"Organization\",\"@id\":\"https:\/\/alternativafm.com\/site\/#organization\",\"name\":\"Alternativa FM | 90,7 FM\",\"url\":\"https:\/\/alternativafm.com\/site\/\",\"logo\":{\"@type\":\"ImageObject\",\"inLanguage\":\"pt-BR\",\"@id\":\"https:\/\/alternativafm.com\/site\/#\/schema\/logo\/image\/\",\"url\":\"https:\/\/alternativafm.com\/site\/wp-content\/uploads\/2020\/07\/LOGOMARCA2.png\",\"contentUrl\":\"https:\/\/alternativafm.com\/site\/wp-content\/uploads\/2020\/07\/LOGOMARCA2.png\",\"width\":1352,\"height\":464,\"caption\":\"Alternativa FM | 90,7 FM\"},\"image\":{\"@id\":\"https:\/\/alternativafm.com\/site\/#\/schema\/logo\/image\/\"}},{\"@type\":\"Person\",\"@id\":\"https:\/\/alternativafm.com\/site\/#\/schema\/person\/6b1ac1374b404fe65adc2da2ea4e902a\",\"name\":\"redacao\",\"image\":{\"@type\":\"ImageObject\",\"inLanguage\":\"pt-BR\",\"@id\":\"https:\/\/secure.gravatar.com\/avatar\/16ab12bea2743901812c1ec603a48cc65b4e7af25043bec48c2742b27028075e?s=96&d=mm&r=g\",\"url\":\"https:\/\/secure.gravatar.com\/avatar\/16ab12bea2743901812c1ec603a48cc65b4e7af25043bec48c2742b27028075e?s=96&d=mm&r=g\",\"contentUrl\":\"https:\/\/secure.gravatar.com\/avatar\/16ab12bea2743901812c1ec603a48cc65b4e7af25043bec48c2742b27028075e?s=96&d=mm&r=g\",\"caption\":\"redacao\"},\"sameAs\":[\"http:\/\/alternativafm.com\/site\"],\"url\":\"https:\/\/alternativafm.com\/site\/author\/redacao\/\"}]}<\/script>\n<!-- \/ Yoast SEO plugin. -->","yoast_head_json":{"title":"Imposto de Renda Zero: saiba quem ser\u00e1 beneficiado - Alternativa FM | 90,7 FM","robots":{"index":"index","follow":"follow","max-snippet":"max-snippet:-1","max-image-preview":"max-image-preview:large","max-video-preview":"max-video-preview:-1"},"canonical":"https:\/\/alternativafm.com\/site\/imposto-de-renda-zero-saiba-quem-sera-beneficiado\/","og_locale":"pt_BR","og_type":"article","og_title":"Imposto de Renda Zero: saiba quem ser\u00e1 beneficiado - Alternativa FM | 90,7 FM","og_url":"https:\/\/alternativafm.com\/site\/imposto-de-renda-zero-saiba-quem-sera-beneficiado\/","og_site_name":"Alternativa FM | 90,7 FM","article_published_time":"2026-05-02T10:59:58+00:00","og_image":[{"width":333,"height":199,"url":"https:\/\/alternativafm.com\/site\/wp-content\/uploads\/real_moeda_50_reais020120a84t47195204-e1614853637721.jpg","type":"image\/jpeg"}],"author":"redacao","twitter_card":"summary_large_image","twitter_misc":{"Escrito por":"redacao","Est. tempo de leitura":"1 minuto"},"schema":{"@context":"https:\/\/schema.org","@graph":[{"@type":"Article","@id":"https:\/\/alternativafm.com\/site\/imposto-de-renda-zero-saiba-quem-sera-beneficiado\/#article","isPartOf":{"@id":"https:\/\/alternativafm.com\/site\/imposto-de-renda-zero-saiba-quem-sera-beneficiado\/"},"author":{"name":"redacao","@id":"https:\/\/alternativafm.com\/site\/#\/schema\/person\/6b1ac1374b404fe65adc2da2ea4e902a"},"headline":"Imposto de Renda Zero: saiba quem ser\u00e1 beneficiado","datePublished":"2026-05-02T10:59:58+00:00","mainEntityOfPage":{"@id":"https:\/\/alternativafm.com\/site\/imposto-de-renda-zero-saiba-quem-sera-beneficiado\/"},"wordCount":8,"commentCount":0,"publisher":{"@id":"https:\/\/alternativafm.com\/site\/#organization"},"image":{"@id":"https:\/\/alternativafm.com\/site\/imposto-de-renda-zero-saiba-quem-sera-beneficiado\/#primaryimage"},"thumbnailUrl":"https:\/\/alternativafm.com\/site\/wp-content\/uploads\/real_moeda_50_reais020120a84t47195204-e1614853637721.jpg","articleSection":["PODCAST"],"inLanguage":"pt-BR","potentialAction":[{"@type":"CommentAction","name":"Comment","target":["https:\/\/alternativafm.com\/site\/imposto-de-renda-zero-saiba-quem-sera-beneficiado\/#respond"]}]},{"@type":"WebPage","@id":"https:\/\/alternativafm.com\/site\/imposto-de-renda-zero-saiba-quem-sera-beneficiado\/","url":"https:\/\/alternativafm.com\/site\/imposto-de-renda-zero-saiba-quem-sera-beneficiado\/","name":"Imposto de Renda Zero: saiba quem ser\u00e1 beneficiado - Alternativa FM | 90,7 FM","isPartOf":{"@id":"https:\/\/alternativafm.com\/site\/#website"},"primaryImageOfPage":{"@id":"https:\/\/alternativafm.com\/site\/imposto-de-renda-zero-saiba-quem-sera-beneficiado\/#primaryimage"},"image":{"@id":"https:\/\/alternativafm.com\/site\/imposto-de-renda-zero-saiba-quem-sera-beneficiado\/#primaryimage"},"thumbnailUrl":"https:\/\/alternativafm.com\/site\/wp-content\/uploads\/real_moeda_50_reais020120a84t47195204-e1614853637721.jpg","datePublished":"2026-05-02T10:59:58+00:00","breadcrumb":{"@id":"https:\/\/alternativafm.com\/site\/imposto-de-renda-zero-saiba-quem-sera-beneficiado\/#breadcrumb"},"inLanguage":"pt-BR","potentialAction":[{"@type":"ReadAction","target":["https:\/\/alternativafm.com\/site\/imposto-de-renda-zero-saiba-quem-sera-beneficiado\/"]}]},{"@type":"ImageObject","inLanguage":"pt-BR","@id":"https:\/\/alternativafm.com\/site\/imposto-de-renda-zero-saiba-quem-sera-beneficiado\/#primaryimage","url":"https:\/\/alternativafm.com\/site\/wp-content\/uploads\/real_moeda_50_reais020120a84t47195204-e1614853637721.jpg","contentUrl":"https:\/\/alternativafm.com\/site\/wp-content\/uploads\/real_moeda_50_reais020120a84t47195204-e1614853637721.jpg","width":333,"height":199,"caption":"Moeda Nacional, Real, Dinheiro, notas de real"},{"@type":"BreadcrumbList","@id":"https:\/\/alternativafm.com\/site\/imposto-de-renda-zero-saiba-quem-sera-beneficiado\/#breadcrumb","itemListElement":[{"@type":"ListItem","position":1,"name":"In\u00edcio","item":"https:\/\/alternativafm.com\/site\/"},{"@type":"ListItem","position":2,"name":"Imposto de Renda Zero: saiba quem ser\u00e1 beneficiado"}]},{"@type":"WebSite","@id":"https:\/\/alternativafm.com\/site\/#website","url":"https:\/\/alternativafm.com\/site\/","name":"Alternativa FM | 90,7 FM","description":"","publisher":{"@id":"https:\/\/alternativafm.com\/site\/#organization"},"potentialAction":[{"@type":"SearchAction","target":{"@type":"EntryPoint","urlTemplate":"https:\/\/alternativafm.com\/site\/?s={search_term_string}"},"query-input":{"@type":"PropertyValueSpecification","valueRequired":true,"valueName":"search_term_string"}}],"inLanguage":"pt-BR"},{"@type":"Organization","@id":"https:\/\/alternativafm.com\/site\/#organization","name":"Alternativa FM | 90,7 FM","url":"https:\/\/alternativafm.com\/site\/","logo":{"@type":"ImageObject","inLanguage":"pt-BR","@id":"https:\/\/alternativafm.com\/site\/#\/schema\/logo\/image\/","url":"https:\/\/alternativafm.com\/site\/wp-content\/uploads\/2020\/07\/LOGOMARCA2.png","contentUrl":"https:\/\/alternativafm.com\/site\/wp-content\/uploads\/2020\/07\/LOGOMARCA2.png","width":1352,"height":464,"caption":"Alternativa FM | 90,7 FM"},"image":{"@id":"https:\/\/alternativafm.com\/site\/#\/schema\/logo\/image\/"}},{"@type":"Person","@id":"https:\/\/alternativafm.com\/site\/#\/schema\/person\/6b1ac1374b404fe65adc2da2ea4e902a","name":"redacao","image":{"@type":"ImageObject","inLanguage":"pt-BR","@id":"https:\/\/secure.gravatar.com\/avatar\/16ab12bea2743901812c1ec603a48cc65b4e7af25043bec48c2742b27028075e?s=96&d=mm&r=g","url":"https:\/\/secure.gravatar.com\/avatar\/16ab12bea2743901812c1ec603a48cc65b4e7af25043bec48c2742b27028075e?s=96&d=mm&r=g","contentUrl":"https:\/\/secure.gravatar.com\/avatar\/16ab12bea2743901812c1ec603a48cc65b4e7af25043bec48c2742b27028075e?s=96&d=mm&r=g","caption":"redacao"},"sameAs":["http:\/\/alternativafm.com\/site"],"url":"https:\/\/alternativafm.com\/site\/author\/redacao\/"}]}},"jetpack_publicize_connections":[],"jetpack_featured_media_url":"https:\/\/alternativafm.com\/site\/wp-content\/uploads\/real_moeda_50_reais020120a84t47195204-e1614853637721.jpg","jetpack_shortlink":"https:\/\/wp.me\/pccBN3-f3U","jetpack-related-posts":[{"id":38408,"url":"https:\/\/alternativafm.com\/site\/fundacao-sara-pode-ser-beneficiada-com-parte-do-imposto-de-renda-de-pessoa-fisica\/","url_meta":{"origin":57902,"position":0},"title":"Funda\u00e7\u00e3o Sara pode ser beneficiada com parte do Imposto de renda de pessoa f\u00edsica","author":"redacao","date":"maio 15, 2024","format":false,"excerpt":"","rel":"","context":"Em &quot;PODCAST&quot;","block_context":{"text":"PODCAST","link":"https:\/\/alternativafm.com\/site\/category\/podcast\/"},"img":{"alt_text":"","src":"","width":0,"height":0},"classes":[]},{"id":36771,"url":"https:\/\/alternativafm.com\/site\/imposto-de-renda-saiba-o-que-e-a-declaracao-pre-preenchida\/","url_meta":{"origin":57902,"position":1},"title":"Imposto de renda: saiba o que \u00e9 a declara\u00e7\u00e3o pr\u00e9-preenchida.","author":"redacao","date":"mar\u00e7o 18, 2024","format":false,"excerpt":"","rel":"","context":"Em &quot;PODCAST&quot;","block_context":{"text":"PODCAST","link":"https:\/\/alternativafm.com\/site\/category\/podcast\/"},"img":{"alt_text":"","src":"","width":0,"height":0},"classes":[]},{"id":15777,"url":"https:\/\/alternativafm.com\/site\/imposto-de-renda-2022-saiba-como-receber-a-restituicao-pelo-pix\/","url_meta":{"origin":57902,"position":2},"title":"Imposto de Renda 2022 saiba como receber a restitui\u00e7\u00e3o pelo Pix","author":"redacao","date":"mar\u00e7o 7, 2022","format":false,"excerpt":"","rel":"","context":"Em &quot;PODCAST&quot;","block_context":{"text":"PODCAST","link":"https:\/\/alternativafm.com\/site\/category\/podcast\/"},"img":{"alt_text":"","src":"https:\/\/i0.wp.com\/alternativafm.com\/site\/wp-content\/uploads\/pix-3.jpg?resize=350%2C200&ssl=1","width":350,"height":200,"srcset":"https:\/\/i0.wp.com\/alternativafm.com\/site\/wp-content\/uploads\/pix-3.jpg?resize=350%2C200&ssl=1 1x, https:\/\/i0.wp.com\/alternativafm.com\/site\/wp-content\/uploads\/pix-3.jpg?resize=525%2C300&ssl=1 1.5x, https:\/\/i0.wp.com\/alternativafm.com\/site\/wp-content\/uploads\/pix-3.jpg?resize=700%2C400&ssl=1 2x, https:\/\/i0.wp.com\/alternativafm.com\/site\/wp-content\/uploads\/pix-3.jpg?resize=1050%2C600&ssl=1 3x"},"classes":[]},{"id":37192,"url":"https:\/\/alternativafm.com\/site\/deducoes-da-declaracao-do-imposto-de-renda-podem-beneficiar-criancas-e-idosos\/","url_meta":{"origin":57902,"position":3},"title":"Dedu\u00e7\u00f5es da Declara\u00e7\u00e3o do Imposto de Renda podem beneficiar crian\u00e7as e idosos","author":"redacao","date":"abril 1, 2024","format":false,"excerpt":"https:\/\/youtu.be\/FFek9hOjk24?si=olyG8K49X3I5LBP4","rel":"","context":"Em &quot;GERAL&quot;","block_context":{"text":"GERAL","link":"https:\/\/alternativafm.com\/site\/category\/geral\/"},"img":{"alt_text":"","src":"https:\/\/i0.wp.com\/img.youtube.com\/vi\/FFek9hOjk24\/0.jpg?resize=350%2C200","width":350,"height":200},"classes":[]},{"id":36578,"url":"https:\/\/alternativafm.com\/site\/imposto-de-renda-2024-saiba-como-evitar-a-malha-fina-da-receita-federal\/","url_meta":{"origin":57902,"position":4},"title":"IMPOSTO DE RENDA 2024 saiba como evitar a malha fina da Receita Federal.","author":"redacao","date":"mar\u00e7o 11, 2024","format":false,"excerpt":"","rel":"","context":"Em &quot;PODCAST&quot;","block_context":{"text":"PODCAST","link":"https:\/\/alternativafm.com\/site\/category\/podcast\/"},"img":{"alt_text":"","src":"","width":0,"height":0},"classes":[]},{"id":45501,"url":"https:\/\/alternativafm.com\/site\/imposto-de-renda-2025-saiba-sobre-prazos-tabela-novas-regras-e-movimentacao-do-pix\/","url_meta":{"origin":57902,"position":5},"title":"Imposto de Renda 2025: saiba sobre prazos, tabela, novas regras e movimenta\u00e7\u00e3o do PIX","author":"redacao","date":"janeiro 24, 2025","format":false,"excerpt":"","rel":"","context":"Em &quot;PODCAST&quot;","block_context":{"text":"PODCAST","link":"https:\/\/alternativafm.com\/site\/category\/podcast\/"},"img":{"alt_text":"","src":"","width":0,"height":0},"classes":[]}],"jetpack_sharing_enabled":true,"jetpack_likes_enabled":true,"_links":{"self":[{"href":"https:\/\/alternativafm.com\/site\/wp-json\/wp\/v2\/posts\/57902","targetHints":{"allow":["GET"]}}],"collection":[{"href":"https:\/\/alternativafm.com\/site\/wp-json\/wp\/v2\/posts"}],"about":[{"href":"https:\/\/alternativafm.com\/site\/wp-json\/wp\/v2\/types\/post"}],"author":[{"embeddable":true,"href":"https:\/\/alternativafm.com\/site\/wp-json\/wp\/v2\/users\/1"}],"replies":[{"embeddable":true,"href":"https:\/\/alternativafm.com\/site\/wp-json\/wp\/v2\/comments?post=57902"}],"version-history":[{"count":1,"href":"https:\/\/alternativafm.com\/site\/wp-json\/wp\/v2\/posts\/57902\/revisions"}],"predecessor-version":[{"id":57904,"href":"https:\/\/alternativafm.com\/site\/wp-json\/wp\/v2\/posts\/57902\/revisions\/57904"}],"wp:featuredmedia":[{"embeddable":true,"href":"https:\/\/alternativafm.com\/site\/wp-json\/wp\/v2\/media\/5673"}],"wp:attachment":[{"href":"https:\/\/alternativafm.com\/site\/wp-json\/wp\/v2\/media?parent=57902"}],"wp:term":[{"taxonomy":"category","embeddable":true,"href":"https:\/\/alternativafm.com\/site\/wp-json\/wp\/v2\/categories?post=57902"},{"taxonomy":"post_tag","embeddable":true,"href":"https:\/\/alternativafm.com\/site\/wp-json\/wp\/v2\/tags?post=57902"}],"curies":[{"name":"wp","href":"https:\/\/api.w.org\/{rel}","templated":true}]}}