{"id":57997,"date":"2026-05-07T10:18:56","date_gmt":"2026-05-07T10:18:56","guid":{"rendered":"https:\/\/alternativafm.com\/site\/?p=57997"},"modified":"2026-05-07T10:18:57","modified_gmt":"2026-05-07T10:18:57","slug":"mais-de-19-mil-mineiros-se-formam-em-cursos-de-informatica-oferecidos-pelo-ministerio-das-comunicacoes","status":"publish","type":"post","link":"https:\/\/alternativafm.com\/site\/mais-de-19-mil-mineiros-se-formam-em-cursos-de-informatica-oferecidos-pelo-ministerio-das-comunicacoes\/","title":{"rendered":"Mais de 19 mil mineiros se formam em cursos de inform\u00e1tica oferecidos pelo Minist\u00e9rio das Comunica\u00e7\u00f5es"},"content":{"rendered":"\n<figure class=\"wp-block-audio\"><audio controls src=\"https:\/\/alternativafm.com\/site\/wp-content\/uploads\/Mais-de-19-mil-mineiros-se-formam-em-cursos-de-informatica-oferecidos-pelo-Ministerio-das-Comunicacoes.mp3\"><\/audio><\/figure>\n","protected":false},"excerpt":{"rendered":"","protected":false},"author":1,"featured_media":57999,"comment_status":"open","ping_status":"open","sticky":false,"template":"","format":"standard","meta":{"_jetpack_newsletter_access":"","_jetpack_dont_email_post_to_subs":false,"_jetpack_newsletter_tier_id":0,"_jetpack_memberships_contains_paywalled_content":false,"_jetpack_feature_clip_id":0,"_jetpack_memberships_contains_paid_content":false,"footnotes":"","jetpack_publicize_message":"","jetpack_publicize_feature_enabled":true,"jetpack_social_post_already_shared":true,"jetpack_social_options":{"image_generator_settings":{"template":"highway","default_image_id":0,"font":"","enabled":false},"version":2},"jetpack_post_was_ever_published":false},"categories":[41],"tags":[],"class_list":["post-57997","post","type-post","status-publish","format-standard","has-post-thumbnail","hentry","category-podcast"],"yoast_head":"<!-- This site is optimized with the Yoast SEO plugin v27.2 - https:\/\/yoast.com\/product\/yoast-seo-wordpress\/ -->\n<title>Mais de 19 mil mineiros se formam em cursos de inform\u00e1tica oferecidos pelo Minist\u00e9rio das Comunica\u00e7\u00f5es - Alternativa FM | 90,7 FM<\/title>\n<meta name=\"robots\" content=\"index, follow, max-snippet:-1, max-image-preview:large, max-video-preview:-1\" \/>\n<link rel=\"canonical\" href=\"https:\/\/alternativafm.com\/site\/mais-de-19-mil-mineiros-se-formam-em-cursos-de-informatica-oferecidos-pelo-ministerio-das-comunicacoes\/\" \/>\n<meta property=\"og:locale\" content=\"pt_BR\" \/>\n<meta property=\"og:type\" content=\"article\" \/>\n<meta property=\"og:title\" content=\"Mais de 19 mil mineiros se formam em cursos de inform\u00e1tica oferecidos pelo Minist\u00e9rio das Comunica\u00e7\u00f5es - Alternativa FM | 90,7 FM\" \/>\n<meta property=\"og:url\" content=\"https:\/\/alternativafm.com\/site\/mais-de-19-mil-mineiros-se-formam-em-cursos-de-informatica-oferecidos-pelo-ministerio-das-comunicacoes\/\" \/>\n<meta property=\"og:site_name\" content=\"Alternativa FM | 90,7 FM\" \/>\n<meta property=\"article:published_time\" content=\"2026-05-07T10:18:56+00:00\" \/>\n<meta property=\"article:modified_time\" content=\"2026-05-07T10:18:57+00:00\" \/>\n<meta property=\"og:image\" content=\"https:\/\/alternativafm.com\/site\/wp-content\/uploads\/54053232573_d094a10a9e_k-1-e1778149117261.jpg\" \/>\n\t<meta property=\"og:image:width\" content=\"333\" \/>\n\t<meta property=\"og:image:height\" content=\"214\" \/>\n\t<meta property=\"og:image:type\" content=\"image\/jpeg\" \/>\n<meta name=\"author\" content=\"redacao\" \/>\n<meta name=\"twitter:card\" content=\"summary_large_image\" \/>\n<meta name=\"twitter:label1\" content=\"Escrito por\" \/>\n\t<meta name=\"twitter:data1\" content=\"redacao\" \/>\n\t<meta name=\"twitter:label2\" content=\"Est. tempo de leitura\" \/>\n\t<meta name=\"twitter:data2\" content=\"1 minuto\" \/>\n<script type=\"application\/ld+json\" class=\"yoast-schema-graph\">{\"@context\":\"https:\/\/schema.org\",\"@graph\":[{\"@type\":\"Article\",\"@id\":\"https:\/\/alternativafm.com\/site\/mais-de-19-mil-mineiros-se-formam-em-cursos-de-informatica-oferecidos-pelo-ministerio-das-comunicacoes\/#article\",\"isPartOf\":{\"@id\":\"https:\/\/alternativafm.com\/site\/mais-de-19-mil-mineiros-se-formam-em-cursos-de-informatica-oferecidos-pelo-ministerio-das-comunicacoes\/\"},\"author\":{\"name\":\"redacao\",\"@id\":\"https:\/\/alternativafm.com\/site\/#\/schema\/person\/6b1ac1374b404fe65adc2da2ea4e902a\"},\"headline\":\"Mais de 19 mil mineiros se formam em cursos de inform\u00e1tica oferecidos pelo Minist\u00e9rio das Comunica\u00e7\u00f5es\",\"datePublished\":\"2026-05-07T10:18:56+00:00\",\"dateModified\":\"2026-05-07T10:18:57+00:00\",\"mainEntityOfPage\":{\"@id\":\"https:\/\/alternativafm.com\/site\/mais-de-19-mil-mineiros-se-formam-em-cursos-de-informatica-oferecidos-pelo-ministerio-das-comunicacoes\/\"},\"wordCount\":18,\"commentCount\":0,\"publisher\":{\"@id\":\"https:\/\/alternativafm.com\/site\/#organization\"},\"image\":{\"@id\":\"https:\/\/alternativafm.com\/site\/mais-de-19-mil-mineiros-se-formam-em-cursos-de-informatica-oferecidos-pelo-ministerio-das-comunicacoes\/#primaryimage\"},\"thumbnailUrl\":\"https:\/\/alternativafm.com\/site\/wp-content\/uploads\/54053232573_d094a10a9e_k-1-e1778149117261.jpg\",\"articleSection\":[\"PODCAST\"],\"inLanguage\":\"pt-BR\",\"potentialAction\":[{\"@type\":\"CommentAction\",\"name\":\"Comment\",\"target\":[\"https:\/\/alternativafm.com\/site\/mais-de-19-mil-mineiros-se-formam-em-cursos-de-informatica-oferecidos-pelo-ministerio-das-comunicacoes\/#respond\"]}]},{\"@type\":\"WebPage\",\"@id\":\"https:\/\/alternativafm.com\/site\/mais-de-19-mil-mineiros-se-formam-em-cursos-de-informatica-oferecidos-pelo-ministerio-das-comunicacoes\/\",\"url\":\"https:\/\/alternativafm.com\/site\/mais-de-19-mil-mineiros-se-formam-em-cursos-de-informatica-oferecidos-pelo-ministerio-das-comunicacoes\/\",\"name\":\"Mais de 19 mil mineiros se formam em cursos de inform\u00e1tica oferecidos pelo Minist\u00e9rio das Comunica\u00e7\u00f5es - Alternativa FM | 90,7 FM\",\"isPartOf\":{\"@id\":\"https:\/\/alternativafm.com\/site\/#website\"},\"primaryImageOfPage\":{\"@id\":\"https:\/\/alternativafm.com\/site\/mais-de-19-mil-mineiros-se-formam-em-cursos-de-informatica-oferecidos-pelo-ministerio-das-comunicacoes\/#primaryimage\"},\"image\":{\"@id\":\"https:\/\/alternativafm.com\/site\/mais-de-19-mil-mineiros-se-formam-em-cursos-de-informatica-oferecidos-pelo-ministerio-das-comunicacoes\/#primaryimage\"},\"thumbnailUrl\":\"https:\/\/alternativafm.com\/site\/wp-content\/uploads\/54053232573_d094a10a9e_k-1-e1778149117261.jpg\",\"datePublished\":\"2026-05-07T10:18:56+00:00\",\"dateModified\":\"2026-05-07T10:18:57+00:00\",\"breadcrumb\":{\"@id\":\"https:\/\/alternativafm.com\/site\/mais-de-19-mil-mineiros-se-formam-em-cursos-de-informatica-oferecidos-pelo-ministerio-das-comunicacoes\/#breadcrumb\"},\"inLanguage\":\"pt-BR\",\"potentialAction\":[{\"@type\":\"ReadAction\",\"target\":[\"https:\/\/alternativafm.com\/site\/mais-de-19-mil-mineiros-se-formam-em-cursos-de-informatica-oferecidos-pelo-ministerio-das-comunicacoes\/\"]}]},{\"@type\":\"ImageObject\",\"inLanguage\":\"pt-BR\",\"@id\":\"https:\/\/alternativafm.com\/site\/mais-de-19-mil-mineiros-se-formam-em-cursos-de-informatica-oferecidos-pelo-ministerio-das-comunicacoes\/#primaryimage\",\"url\":\"https:\/\/alternativafm.com\/site\/wp-content\/uploads\/54053232573_d094a10a9e_k-1-e1778149117261.jpg\",\"contentUrl\":\"https:\/\/alternativafm.com\/site\/wp-content\/uploads\/54053232573_d094a10a9e_k-1-e1778149117261.jpg\",\"width\":333,\"height\":214},{\"@type\":\"BreadcrumbList\",\"@id\":\"https:\/\/alternativafm.com\/site\/mais-de-19-mil-mineiros-se-formam-em-cursos-de-informatica-oferecidos-pelo-ministerio-das-comunicacoes\/#breadcrumb\",\"itemListElement\":[{\"@type\":\"ListItem\",\"position\":1,\"name\":\"In\u00edcio\",\"item\":\"https:\/\/alternativafm.com\/site\/\"},{\"@type\":\"ListItem\",\"position\":2,\"name\":\"Mais de 19 mil mineiros se formam em cursos de inform\u00e1tica oferecidos pelo Minist\u00e9rio das Comunica\u00e7\u00f5es\"}]},{\"@type\":\"WebSite\",\"@id\":\"https:\/\/alternativafm.com\/site\/#website\",\"url\":\"https:\/\/alternativafm.com\/site\/\",\"name\":\"Alternativa FM | 90,7 FM\",\"description\":\"\",\"publisher\":{\"@id\":\"https:\/\/alternativafm.com\/site\/#organization\"},\"potentialAction\":[{\"@type\":\"SearchAction\",\"target\":{\"@type\":\"EntryPoint\",\"urlTemplate\":\"https:\/\/alternativafm.com\/site\/?s={search_term_string}\"},\"query-input\":{\"@type\":\"PropertyValueSpecification\",\"valueRequired\":true,\"valueName\":\"search_term_string\"}}],\"inLanguage\":\"pt-BR\"},{\"@type\":\"Organization\",\"@id\":\"https:\/\/alternativafm.com\/site\/#organization\",\"name\":\"Alternativa FM | 90,7 FM\",\"url\":\"https:\/\/alternativafm.com\/site\/\",\"logo\":{\"@type\":\"ImageObject\",\"inLanguage\":\"pt-BR\",\"@id\":\"https:\/\/alternativafm.com\/site\/#\/schema\/logo\/image\/\",\"url\":\"https:\/\/alternativafm.com\/site\/wp-content\/uploads\/2020\/07\/LOGOMARCA2.png\",\"contentUrl\":\"https:\/\/alternativafm.com\/site\/wp-content\/uploads\/2020\/07\/LOGOMARCA2.png\",\"width\":1352,\"height\":464,\"caption\":\"Alternativa FM | 90,7 FM\"},\"image\":{\"@id\":\"https:\/\/alternativafm.com\/site\/#\/schema\/logo\/image\/\"}},{\"@type\":\"Person\",\"@id\":\"https:\/\/alternativafm.com\/site\/#\/schema\/person\/6b1ac1374b404fe65adc2da2ea4e902a\",\"name\":\"redacao\",\"image\":{\"@type\":\"ImageObject\",\"inLanguage\":\"pt-BR\",\"@id\":\"https:\/\/secure.gravatar.com\/avatar\/16ab12bea2743901812c1ec603a48cc65b4e7af25043bec48c2742b27028075e?s=96&d=mm&r=g\",\"url\":\"https:\/\/secure.gravatar.com\/avatar\/16ab12bea2743901812c1ec603a48cc65b4e7af25043bec48c2742b27028075e?s=96&d=mm&r=g\",\"contentUrl\":\"https:\/\/secure.gravatar.com\/avatar\/16ab12bea2743901812c1ec603a48cc65b4e7af25043bec48c2742b27028075e?s=96&d=mm&r=g\",\"caption\":\"redacao\"},\"sameAs\":[\"http:\/\/alternativafm.com\/site\"],\"url\":\"https:\/\/alternativafm.com\/site\/author\/redacao\/\"}]}<\/script>\n<!-- \/ Yoast SEO plugin. -->","yoast_head_json":{"title":"Mais de 19 mil mineiros se formam em cursos de inform\u00e1tica oferecidos pelo Minist\u00e9rio das Comunica\u00e7\u00f5es - Alternativa FM | 90,7 FM","robots":{"index":"index","follow":"follow","max-snippet":"max-snippet:-1","max-image-preview":"max-image-preview:large","max-video-preview":"max-video-preview:-1"},"canonical":"https:\/\/alternativafm.com\/site\/mais-de-19-mil-mineiros-se-formam-em-cursos-de-informatica-oferecidos-pelo-ministerio-das-comunicacoes\/","og_locale":"pt_BR","og_type":"article","og_title":"Mais de 19 mil mineiros se formam em cursos de inform\u00e1tica oferecidos pelo Minist\u00e9rio das Comunica\u00e7\u00f5es - Alternativa FM | 90,7 FM","og_url":"https:\/\/alternativafm.com\/site\/mais-de-19-mil-mineiros-se-formam-em-cursos-de-informatica-oferecidos-pelo-ministerio-das-comunicacoes\/","og_site_name":"Alternativa FM | 90,7 FM","article_published_time":"2026-05-07T10:18:56+00:00","article_modified_time":"2026-05-07T10:18:57+00:00","og_image":[{"width":333,"height":214,"url":"https:\/\/alternativafm.com\/site\/wp-content\/uploads\/54053232573_d094a10a9e_k-1-e1778149117261.jpg","type":"image\/jpeg"}],"author":"redacao","twitter_card":"summary_large_image","twitter_misc":{"Escrito por":"redacao","Est. tempo de leitura":"1 minuto"},"schema":{"@context":"https:\/\/schema.org","@graph":[{"@type":"Article","@id":"https:\/\/alternativafm.com\/site\/mais-de-19-mil-mineiros-se-formam-em-cursos-de-informatica-oferecidos-pelo-ministerio-das-comunicacoes\/#article","isPartOf":{"@id":"https:\/\/alternativafm.com\/site\/mais-de-19-mil-mineiros-se-formam-em-cursos-de-informatica-oferecidos-pelo-ministerio-das-comunicacoes\/"},"author":{"name":"redacao","@id":"https:\/\/alternativafm.com\/site\/#\/schema\/person\/6b1ac1374b404fe65adc2da2ea4e902a"},"headline":"Mais de 19 mil mineiros se formam em cursos de inform\u00e1tica oferecidos pelo Minist\u00e9rio das Comunica\u00e7\u00f5es","datePublished":"2026-05-07T10:18:56+00:00","dateModified":"2026-05-07T10:18:57+00:00","mainEntityOfPage":{"@id":"https:\/\/alternativafm.com\/site\/mais-de-19-mil-mineiros-se-formam-em-cursos-de-informatica-oferecidos-pelo-ministerio-das-comunicacoes\/"},"wordCount":18,"commentCount":0,"publisher":{"@id":"https:\/\/alternativafm.com\/site\/#organization"},"image":{"@id":"https:\/\/alternativafm.com\/site\/mais-de-19-mil-mineiros-se-formam-em-cursos-de-informatica-oferecidos-pelo-ministerio-das-comunicacoes\/#primaryimage"},"thumbnailUrl":"https:\/\/alternativafm.com\/site\/wp-content\/uploads\/54053232573_d094a10a9e_k-1-e1778149117261.jpg","articleSection":["PODCAST"],"inLanguage":"pt-BR","potentialAction":[{"@type":"CommentAction","name":"Comment","target":["https:\/\/alternativafm.com\/site\/mais-de-19-mil-mineiros-se-formam-em-cursos-de-informatica-oferecidos-pelo-ministerio-das-comunicacoes\/#respond"]}]},{"@type":"WebPage","@id":"https:\/\/alternativafm.com\/site\/mais-de-19-mil-mineiros-se-formam-em-cursos-de-informatica-oferecidos-pelo-ministerio-das-comunicacoes\/","url":"https:\/\/alternativafm.com\/site\/mais-de-19-mil-mineiros-se-formam-em-cursos-de-informatica-oferecidos-pelo-ministerio-das-comunicacoes\/","name":"Mais de 19 mil mineiros se formam em cursos de inform\u00e1tica oferecidos pelo Minist\u00e9rio das Comunica\u00e7\u00f5es - Alternativa FM | 90,7 FM","isPartOf":{"@id":"https:\/\/alternativafm.com\/site\/#website"},"primaryImageOfPage":{"@id":"https:\/\/alternativafm.com\/site\/mais-de-19-mil-mineiros-se-formam-em-cursos-de-informatica-oferecidos-pelo-ministerio-das-comunicacoes\/#primaryimage"},"image":{"@id":"https:\/\/alternativafm.com\/site\/mais-de-19-mil-mineiros-se-formam-em-cursos-de-informatica-oferecidos-pelo-ministerio-das-comunicacoes\/#primaryimage"},"thumbnailUrl":"https:\/\/alternativafm.com\/site\/wp-content\/uploads\/54053232573_d094a10a9e_k-1-e1778149117261.jpg","datePublished":"2026-05-07T10:18:56+00:00","dateModified":"2026-05-07T10:18:57+00:00","breadcrumb":{"@id":"https:\/\/alternativafm.com\/site\/mais-de-19-mil-mineiros-se-formam-em-cursos-de-informatica-oferecidos-pelo-ministerio-das-comunicacoes\/#breadcrumb"},"inLanguage":"pt-BR","potentialAction":[{"@type":"ReadAction","target":["https:\/\/alternativafm.com\/site\/mais-de-19-mil-mineiros-se-formam-em-cursos-de-informatica-oferecidos-pelo-ministerio-das-comunicacoes\/"]}]},{"@type":"ImageObject","inLanguage":"pt-BR","@id":"https:\/\/alternativafm.com\/site\/mais-de-19-mil-mineiros-se-formam-em-cursos-de-informatica-oferecidos-pelo-ministerio-das-comunicacoes\/#primaryimage","url":"https:\/\/alternativafm.com\/site\/wp-content\/uploads\/54053232573_d094a10a9e_k-1-e1778149117261.jpg","contentUrl":"https:\/\/alternativafm.com\/site\/wp-content\/uploads\/54053232573_d094a10a9e_k-1-e1778149117261.jpg","width":333,"height":214},{"@type":"BreadcrumbList","@id":"https:\/\/alternativafm.com\/site\/mais-de-19-mil-mineiros-se-formam-em-cursos-de-informatica-oferecidos-pelo-ministerio-das-comunicacoes\/#breadcrumb","itemListElement":[{"@type":"ListItem","position":1,"name":"In\u00edcio","item":"https:\/\/alternativafm.com\/site\/"},{"@type":"ListItem","position":2,"name":"Mais de 19 mil mineiros se formam em cursos de inform\u00e1tica oferecidos pelo Minist\u00e9rio das Comunica\u00e7\u00f5es"}]},{"@type":"WebSite","@id":"https:\/\/alternativafm.com\/site\/#website","url":"https:\/\/alternativafm.com\/site\/","name":"Alternativa FM | 90,7 FM","description":"","publisher":{"@id":"https:\/\/alternativafm.com\/site\/#organization"},"potentialAction":[{"@type":"SearchAction","target":{"@type":"EntryPoint","urlTemplate":"https:\/\/alternativafm.com\/site\/?s={search_term_string}"},"query-input":{"@type":"PropertyValueSpecification","valueRequired":true,"valueName":"search_term_string"}}],"inLanguage":"pt-BR"},{"@type":"Organization","@id":"https:\/\/alternativafm.com\/site\/#organization","name":"Alternativa FM | 90,7 FM","url":"https:\/\/alternativafm.com\/site\/","logo":{"@type":"ImageObject","inLanguage":"pt-BR","@id":"https:\/\/alternativafm.com\/site\/#\/schema\/logo\/image\/","url":"https:\/\/alternativafm.com\/site\/wp-content\/uploads\/2020\/07\/LOGOMARCA2.png","contentUrl":"https:\/\/alternativafm.com\/site\/wp-content\/uploads\/2020\/07\/LOGOMARCA2.png","width":1352,"height":464,"caption":"Alternativa FM | 90,7 FM"},"image":{"@id":"https:\/\/alternativafm.com\/site\/#\/schema\/logo\/image\/"}},{"@type":"Person","@id":"https:\/\/alternativafm.com\/site\/#\/schema\/person\/6b1ac1374b404fe65adc2da2ea4e902a","name":"redacao","image":{"@type":"ImageObject","inLanguage":"pt-BR","@id":"https:\/\/secure.gravatar.com\/avatar\/16ab12bea2743901812c1ec603a48cc65b4e7af25043bec48c2742b27028075e?s=96&d=mm&r=g","url":"https:\/\/secure.gravatar.com\/avatar\/16ab12bea2743901812c1ec603a48cc65b4e7af25043bec48c2742b27028075e?s=96&d=mm&r=g","contentUrl":"https:\/\/secure.gravatar.com\/avatar\/16ab12bea2743901812c1ec603a48cc65b4e7af25043bec48c2742b27028075e?s=96&d=mm&r=g","caption":"redacao"},"sameAs":["http:\/\/alternativafm.com\/site"],"url":"https:\/\/alternativafm.com\/site\/author\/redacao\/"}]}},"jetpack_publicize_connections":[],"jetpack_shortlink":"https:\/\/wp.me\/pccBN3-f5r","jetpack-related-posts":[{"id":45859,"url":"https:\/\/alternativafm.com\/site\/programa-do-ministerio-das-comunicacoes-entrega-mais-de-36-mil-chips-para-estudantes-de-minas-gerais\/","url_meta":{"origin":57997,"position":0},"title":"Programa do Minist\u00e9rio das Comunica\u00e7\u00f5es entrega mais de 3,6 mil chips para estudantes de Minas Gerais","author":"redacao","date":"fevereiro 4, 2025","format":false,"excerpt":"","rel":"","context":"Em &quot;PODCAST&quot;","block_context":{"text":"PODCAST","link":"https:\/\/alternativafm.com\/site\/category\/podcast\/"},"img":{"alt_text":"","src":"","width":0,"height":0},"classes":[]},{"id":6545,"url":"https:\/\/alternativafm.com\/site\/ministerio-da-saude-autoriza-abertura-de-mil-leitos-de-uti-covid-19-para-14-estados\/","url_meta":{"origin":57997,"position":1},"title":"Minist\u00e9rio da Sa\u00fade autoriza abertura de mil leitos de UTI Covid-19 para 14 estados","author":"redacao","date":"abril 1, 2021","format":false,"excerpt":"","rel":"","context":"Em &quot;PODCAST&quot;","block_context":{"text":"PODCAST","link":"https:\/\/alternativafm.com\/site\/category\/podcast\/"},"img":{"alt_text":"","src":"","width":0,"height":0},"classes":[]},{"id":55279,"url":"https:\/\/alternativafm.com\/site\/computadores-para-inclusao-estados-e-municipios-receberam-mais-de-mil-laboratorios-de-informatica-em-2025\/","url_meta":{"origin":57997,"position":2},"title":"Computadores para Inclus\u00e3o: estados e munic\u00edpios receberam mais de mil laborat\u00f3rios de inform\u00e1tica em 2025","author":"redacao","date":"janeiro 14, 2026","format":false,"excerpt":"","rel":"","context":"Em &quot;PODCAST&quot;","block_context":{"text":"PODCAST","link":"https:\/\/alternativafm.com\/site\/category\/podcast\/"},"img":{"alt_text":"","src":"https:\/\/i0.wp.com\/alternativafm.com\/site\/wp-content\/uploads\/Mcom.jpg?resize=350%2C200&ssl=1","width":350,"height":200,"srcset":"https:\/\/i0.wp.com\/alternativafm.com\/site\/wp-content\/uploads\/Mcom.jpg?resize=350%2C200&ssl=1 1x, https:\/\/i0.wp.com\/alternativafm.com\/site\/wp-content\/uploads\/Mcom.jpg?resize=525%2C300&ssl=1 1.5x, https:\/\/i0.wp.com\/alternativafm.com\/site\/wp-content\/uploads\/Mcom.jpg?resize=700%2C400&ssl=1 2x, https:\/\/i0.wp.com\/alternativafm.com\/site\/wp-content\/uploads\/Mcom.jpg?resize=1050%2C600&ssl=1 3x, https:\/\/i0.wp.com\/alternativafm.com\/site\/wp-content\/uploads\/Mcom.jpg?resize=1400%2C800&ssl=1 4x"},"classes":[]},{"id":47493,"url":"https:\/\/alternativafm.com\/site\/governo-de-minas-anuncia-sexta-edicao-do-trilhas-de-futuro-e-publica-lista-de-cursos-profissionalizantes-prioritarios\/","url_meta":{"origin":57997,"position":3},"title":"Governo de Minas anuncia sexta edi\u00e7\u00e3o do Trilhas de Futuro e publica lista de cursos profissionalizantes priorit\u00e1rios","author":"redacao","date":"abril 1, 2025","format":false,"excerpt":"O\u00a0Governo de Minas, por meio da\u00a0Secretaria de Estado de Educa\u00e7\u00e3o (SEE\/MG), publicou, no dia 15 de mar\u00e7o, no\u00a0Di\u00e1rio Oficial do Estado de Minas Gerais, a lista de cursos profissionalizantes priorizados para a sexta edi\u00e7\u00e3o do projeto\u00a0Trilhas de Futuro. Esse \u00e9 o primeiro passo para a nova edi\u00e7\u00e3o da maior iniciativa\u2026","rel":"","context":"Em &quot;EDUCA\u00c7\u00c3O&quot;","block_context":{"text":"EDUCA\u00c7\u00c3O","link":"https:\/\/alternativafm.com\/site\/category\/educacao\/"},"img":{"alt_text":"","src":"https:\/\/i0.wp.com\/alternativafm.com\/site\/wp-content\/uploads\/Trilhas_de_Futuro_Sete_Lagoas_Cristiano_Machado_-_Imprensa_MG-1-2048x1365-1-e1743521558501.webp?resize=350%2C200&ssl=1","width":350,"height":200},"classes":[]},{"id":22720,"url":"https:\/\/alternativafm.com\/site\/minas-gerais-registra-mais-de-150-mil-mineiros-com-insuficiencia-cardiaca\/","url_meta":{"origin":57997,"position":4},"title":"Minas Gerais registra mais de 150 mil mineiros com insufici\u00eancia card\u00edaca.","author":"redacao","date":"dezembro 12, 2022","format":false,"excerpt":"","rel":"","context":"Em &quot;PODCAST&quot;","block_context":{"text":"PODCAST","link":"https:\/\/alternativafm.com\/site\/category\/podcast\/"},"img":{"alt_text":"","src":"https:\/\/i0.wp.com\/alternativafm.com\/site\/wp-content\/uploads\/201907_drauzio_coracao_39221301_maya2008_1000x563.jpg?resize=350%2C200&ssl=1","width":350,"height":200,"srcset":"https:\/\/i0.wp.com\/alternativafm.com\/site\/wp-content\/uploads\/201907_drauzio_coracao_39221301_maya2008_1000x563.jpg?resize=350%2C200&ssl=1 1x, https:\/\/i0.wp.com\/alternativafm.com\/site\/wp-content\/uploads\/201907_drauzio_coracao_39221301_maya2008_1000x563.jpg?resize=525%2C300&ssl=1 1.5x, https:\/\/i0.wp.com\/alternativafm.com\/site\/wp-content\/uploads\/201907_drauzio_coracao_39221301_maya2008_1000x563.jpg?resize=700%2C400&ssl=1 2x"},"classes":[]},{"id":38563,"url":"https:\/\/alternativafm.com\/site\/ifnmg-oferece-curso-para-mulheres-em-situacao-de-vulnerabilidade\/","url_meta":{"origin":57997,"position":5},"title":"IFNMG oferece curso para mulheres em situa\u00e7\u00e3o de vulnerabilidade","author":"redacao","date":"maio 21, 2024","format":false,"excerpt":"O Instituto Federal do Norte de Minas Gerais est\u00e1 com inscri\u00e7\u00f5es abertas para cursos que t\u00eam como p\u00fablico-alvo mulheres em situa\u00e7\u00e3o de vulnerabilidade e risco social. H\u00e1 vagas em v\u00e1rias cidades da regi\u00e3o e o prazo segue at\u00e9 5 de junho. A iniciativa faz parte do \u201cPrograma Mulheres Mil: educa\u00e7\u00e3o,\u2026","rel":"","context":"Em &quot;EDUCA\u00c7\u00c3O&quot;","block_context":{"text":"EDUCA\u00c7\u00c3O","link":"https:\/\/alternativafm.com\/site\/category\/educacao\/"},"img":{"alt_text":"","src":"","width":0,"height":0},"classes":[]}],"jetpack_sharing_enabled":true,"jetpack_likes_enabled":true,"jetpack_featured_media_url":"https:\/\/alternativafm.com\/site\/wp-content\/uploads\/54053232573_d094a10a9e_k-1-e1778149117261.jpg","_links":{"self":[{"href":"https:\/\/alternativafm.com\/site\/wp-json\/wp\/v2\/posts\/57997","targetHints":{"allow":["GET"]}}],"collection":[{"href":"https:\/\/alternativafm.com\/site\/wp-json\/wp\/v2\/posts"}],"about":[{"href":"https:\/\/alternativafm.com\/site\/wp-json\/wp\/v2\/types\/post"}],"author":[{"embeddable":true,"href":"https:\/\/alternativafm.com\/site\/wp-json\/wp\/v2\/users\/1"}],"replies":[{"embeddable":true,"href":"https:\/\/alternativafm.com\/site\/wp-json\/wp\/v2\/comments?post=57997"}],"version-history":[{"count":1,"href":"https:\/\/alternativafm.com\/site\/wp-json\/wp\/v2\/posts\/57997\/revisions"}],"predecessor-version":[{"id":58000,"href":"https:\/\/alternativafm.com\/site\/wp-json\/wp\/v2\/posts\/57997\/revisions\/58000"}],"wp:featuredmedia":[{"embeddable":true,"href":"https:\/\/alternativafm.com\/site\/wp-json\/wp\/v2\/media\/57999"}],"wp:attachment":[{"href":"https:\/\/alternativafm.com\/site\/wp-json\/wp\/v2\/media?parent=57997"}],"wp:term":[{"taxonomy":"category","embeddable":true,"href":"https:\/\/alternativafm.com\/site\/wp-json\/wp\/v2\/categories?post=57997"},{"taxonomy":"post_tag","embeddable":true,"href":"https:\/\/alternativafm.com\/site\/wp-json\/wp\/v2\/tags?post=57997"}],"curies":[{"name":"wp","href":"https:\/\/api.w.org\/{rel}","templated":true}]}}