{"id":5806,"date":"2021-03-08T17:57:57","date_gmt":"2021-03-08T17:57:57","guid":{"rendered":"https:\/\/alternativafm.com\/site\/?p=5806"},"modified":"2021-03-08T18:09:38","modified_gmt":"2021-03-08T18:09:38","slug":"prefeito-mauricio-almeida-justifica-a-necessidade-do-novo-decreto-municipal","status":"publish","type":"post","link":"https:\/\/alternativafm.com\/site\/prefeito-mauricio-almeida-justifica-a-necessidade-do-novo-decreto-municipal\/","title":{"rendered":"Prefeito Maur\u00edcio Almeida justifica a necessidade do novo decreto municipal"},"content":{"rendered":"\n<figure class=\"wp-block-embed is-type-video is-provider-youtube wp-block-embed-youtube wp-embed-aspect-16-9 wp-has-aspect-ratio\"><div class=\"wp-block-embed__wrapper\">\n<iframe loading=\"lazy\" title=\"Prefeito Maur\u00edcio Almeida justifica a necessidade do novo decreto municipal\" width=\"640\" height=\"360\" src=\"https:\/\/www.youtube.com\/embed\/5dQu5-4EtaQ?feature=oembed\" frameborder=\"0\" allow=\"accelerometer; autoplay; clipboard-write; encrypted-media; gyroscope; picture-in-picture; web-share\" referrerpolicy=\"strict-origin-when-cross-origin\" allowfullscreen><\/iframe>\n<\/div><\/figure>\n","protected":false},"excerpt":{"rendered":"","protected":false},"author":1,"featured_media":0,"comment_status":"open","ping_status":"open","sticky":false,"template":"","format":"standard","meta":{"_jetpack_newsletter_access":"","_jetpack_dont_email_post_to_subs":false,"_jetpack_newsletter_tier_id":0,"_jetpack_memberships_contains_paywalled_content":false,"_jetpack_feature_clip_id":0,"_jetpack_memberships_contains_paid_content":false,"footnotes":"","jetpack_publicize_message":"","jetpack_publicize_feature_enabled":true,"jetpack_social_post_already_shared":true,"jetpack_social_options":{"image_generator_settings":{"template":"highway","default_image_id":0,"font":"","enabled":false},"version":2},"jetpack_post_was_ever_published":false},"categories":[55,6,4,1],"tags":[],"class_list":["post-5806","post","type-post","status-publish","format-standard","hentry","category-destaque-2","category-geral","category-saude","category-uncategorized"],"yoast_head":"<!-- This site is optimized with the Yoast SEO plugin v27.2 - https:\/\/yoast.com\/product\/yoast-seo-wordpress\/ -->\n<title>Prefeito Maur\u00edcio Almeida justifica a necessidade do novo decreto municipal - Alternativa FM | 90,7 FM<\/title>\n<meta name=\"robots\" content=\"index, follow, max-snippet:-1, max-image-preview:large, max-video-preview:-1\" \/>\n<link rel=\"canonical\" href=\"https:\/\/alternativafm.com\/site\/prefeito-mauricio-almeida-justifica-a-necessidade-do-novo-decreto-municipal\/\" \/>\n<meta property=\"og:locale\" content=\"pt_BR\" \/>\n<meta property=\"og:type\" content=\"article\" \/>\n<meta property=\"og:title\" content=\"Prefeito Maur\u00edcio Almeida justifica a necessidade do novo decreto municipal - Alternativa FM | 90,7 FM\" \/>\n<meta property=\"og:url\" content=\"https:\/\/alternativafm.com\/site\/prefeito-mauricio-almeida-justifica-a-necessidade-do-novo-decreto-municipal\/\" \/>\n<meta property=\"og:site_name\" content=\"Alternativa FM | 90,7 FM\" \/>\n<meta property=\"article:published_time\" content=\"2021-03-08T17:57:57+00:00\" \/>\n<meta property=\"article:modified_time\" content=\"2021-03-08T18:09:38+00:00\" \/>\n<meta name=\"author\" content=\"redacao\" \/>\n<meta name=\"twitter:card\" content=\"summary_large_image\" \/>\n<meta name=\"twitter:label1\" content=\"Escrito por\" \/>\n\t<meta name=\"twitter:data1\" content=\"redacao\" \/>\n\t<meta name=\"twitter:label2\" content=\"Est. tempo de leitura\" \/>\n\t<meta name=\"twitter:data2\" content=\"1 minuto\" \/>\n<script type=\"application\/ld+json\" class=\"yoast-schema-graph\">{\"@context\":\"https:\/\/schema.org\",\"@graph\":[{\"@type\":\"Article\",\"@id\":\"https:\/\/alternativafm.com\/site\/prefeito-mauricio-almeida-justifica-a-necessidade-do-novo-decreto-municipal\/#article\",\"isPartOf\":{\"@id\":\"https:\/\/alternativafm.com\/site\/prefeito-mauricio-almeida-justifica-a-necessidade-do-novo-decreto-municipal\/\"},\"author\":{\"name\":\"redacao\",\"@id\":\"https:\/\/alternativafm.com\/site\/#\/schema\/person\/6b1ac1374b404fe65adc2da2ea4e902a\"},\"headline\":\"Prefeito Maur\u00edcio Almeida justifica a necessidade do novo decreto municipal\",\"datePublished\":\"2021-03-08T17:57:57+00:00\",\"dateModified\":\"2021-03-08T18:09:38+00:00\",\"mainEntityOfPage\":{\"@id\":\"https:\/\/alternativafm.com\/site\/prefeito-mauricio-almeida-justifica-a-necessidade-do-novo-decreto-municipal\/\"},\"wordCount\":17,\"commentCount\":0,\"publisher\":{\"@id\":\"https:\/\/alternativafm.com\/site\/#organization\"},\"articleSection\":[\"DESTAQUE 2\",\"GERAL\",\"SA\u00daDE\",\"Uncategorized\"],\"inLanguage\":\"pt-BR\",\"potentialAction\":[{\"@type\":\"CommentAction\",\"name\":\"Comment\",\"target\":[\"https:\/\/alternativafm.com\/site\/prefeito-mauricio-almeida-justifica-a-necessidade-do-novo-decreto-municipal\/#respond\"]}]},{\"@type\":\"WebPage\",\"@id\":\"https:\/\/alternativafm.com\/site\/prefeito-mauricio-almeida-justifica-a-necessidade-do-novo-decreto-municipal\/\",\"url\":\"https:\/\/alternativafm.com\/site\/prefeito-mauricio-almeida-justifica-a-necessidade-do-novo-decreto-municipal\/\",\"name\":\"Prefeito Maur\u00edcio Almeida justifica a necessidade do novo decreto municipal - Alternativa FM | 90,7 FM\",\"isPartOf\":{\"@id\":\"https:\/\/alternativafm.com\/site\/#website\"},\"datePublished\":\"2021-03-08T17:57:57+00:00\",\"dateModified\":\"2021-03-08T18:09:38+00:00\",\"breadcrumb\":{\"@id\":\"https:\/\/alternativafm.com\/site\/prefeito-mauricio-almeida-justifica-a-necessidade-do-novo-decreto-municipal\/#breadcrumb\"},\"inLanguage\":\"pt-BR\",\"potentialAction\":[{\"@type\":\"ReadAction\",\"target\":[\"https:\/\/alternativafm.com\/site\/prefeito-mauricio-almeida-justifica-a-necessidade-do-novo-decreto-municipal\/\"]}]},{\"@type\":\"BreadcrumbList\",\"@id\":\"https:\/\/alternativafm.com\/site\/prefeito-mauricio-almeida-justifica-a-necessidade-do-novo-decreto-municipal\/#breadcrumb\",\"itemListElement\":[{\"@type\":\"ListItem\",\"position\":1,\"name\":\"In\u00edcio\",\"item\":\"https:\/\/alternativafm.com\/site\/\"},{\"@type\":\"ListItem\",\"position\":2,\"name\":\"Prefeito Maur\u00edcio Almeida justifica a necessidade do novo decreto municipal\"}]},{\"@type\":\"WebSite\",\"@id\":\"https:\/\/alternativafm.com\/site\/#website\",\"url\":\"https:\/\/alternativafm.com\/site\/\",\"name\":\"Alternativa FM | 90,7 FM\",\"description\":\"\",\"publisher\":{\"@id\":\"https:\/\/alternativafm.com\/site\/#organization\"},\"potentialAction\":[{\"@type\":\"SearchAction\",\"target\":{\"@type\":\"EntryPoint\",\"urlTemplate\":\"https:\/\/alternativafm.com\/site\/?s={search_term_string}\"},\"query-input\":{\"@type\":\"PropertyValueSpecification\",\"valueRequired\":true,\"valueName\":\"search_term_string\"}}],\"inLanguage\":\"pt-BR\"},{\"@type\":\"Organization\",\"@id\":\"https:\/\/alternativafm.com\/site\/#organization\",\"name\":\"Alternativa FM | 90,7 FM\",\"url\":\"https:\/\/alternativafm.com\/site\/\",\"logo\":{\"@type\":\"ImageObject\",\"inLanguage\":\"pt-BR\",\"@id\":\"https:\/\/alternativafm.com\/site\/#\/schema\/logo\/image\/\",\"url\":\"https:\/\/alternativafm.com\/site\/wp-content\/uploads\/2020\/07\/LOGOMARCA2.png\",\"contentUrl\":\"https:\/\/alternativafm.com\/site\/wp-content\/uploads\/2020\/07\/LOGOMARCA2.png\",\"width\":1352,\"height\":464,\"caption\":\"Alternativa FM | 90,7 FM\"},\"image\":{\"@id\":\"https:\/\/alternativafm.com\/site\/#\/schema\/logo\/image\/\"}},{\"@type\":\"Person\",\"@id\":\"https:\/\/alternativafm.com\/site\/#\/schema\/person\/6b1ac1374b404fe65adc2da2ea4e902a\",\"name\":\"redacao\",\"image\":{\"@type\":\"ImageObject\",\"inLanguage\":\"pt-BR\",\"@id\":\"https:\/\/secure.gravatar.com\/avatar\/16ab12bea2743901812c1ec603a48cc65b4e7af25043bec48c2742b27028075e?s=96&d=mm&r=g\",\"url\":\"https:\/\/secure.gravatar.com\/avatar\/16ab12bea2743901812c1ec603a48cc65b4e7af25043bec48c2742b27028075e?s=96&d=mm&r=g\",\"contentUrl\":\"https:\/\/secure.gravatar.com\/avatar\/16ab12bea2743901812c1ec603a48cc65b4e7af25043bec48c2742b27028075e?s=96&d=mm&r=g\",\"caption\":\"redacao\"},\"sameAs\":[\"http:\/\/alternativafm.com\/site\"],\"url\":\"https:\/\/alternativafm.com\/site\/author\/redacao\/\"}]}<\/script>\n<!-- \/ Yoast SEO plugin. -->","yoast_head_json":{"title":"Prefeito Maur\u00edcio Almeida justifica a necessidade do novo decreto municipal - Alternativa FM | 90,7 FM","robots":{"index":"index","follow":"follow","max-snippet":"max-snippet:-1","max-image-preview":"max-image-preview:large","max-video-preview":"max-video-preview:-1"},"canonical":"https:\/\/alternativafm.com\/site\/prefeito-mauricio-almeida-justifica-a-necessidade-do-novo-decreto-municipal\/","og_locale":"pt_BR","og_type":"article","og_title":"Prefeito Maur\u00edcio Almeida justifica a necessidade do novo decreto municipal - Alternativa FM | 90,7 FM","og_url":"https:\/\/alternativafm.com\/site\/prefeito-mauricio-almeida-justifica-a-necessidade-do-novo-decreto-municipal\/","og_site_name":"Alternativa FM | 90,7 FM","article_published_time":"2021-03-08T17:57:57+00:00","article_modified_time":"2021-03-08T18:09:38+00:00","author":"redacao","twitter_card":"summary_large_image","twitter_misc":{"Escrito por":"redacao","Est. tempo de leitura":"1 minuto"},"schema":{"@context":"https:\/\/schema.org","@graph":[{"@type":"Article","@id":"https:\/\/alternativafm.com\/site\/prefeito-mauricio-almeida-justifica-a-necessidade-do-novo-decreto-municipal\/#article","isPartOf":{"@id":"https:\/\/alternativafm.com\/site\/prefeito-mauricio-almeida-justifica-a-necessidade-do-novo-decreto-municipal\/"},"author":{"name":"redacao","@id":"https:\/\/alternativafm.com\/site\/#\/schema\/person\/6b1ac1374b404fe65adc2da2ea4e902a"},"headline":"Prefeito Maur\u00edcio Almeida justifica a necessidade do novo decreto municipal","datePublished":"2021-03-08T17:57:57+00:00","dateModified":"2021-03-08T18:09:38+00:00","mainEntityOfPage":{"@id":"https:\/\/alternativafm.com\/site\/prefeito-mauricio-almeida-justifica-a-necessidade-do-novo-decreto-municipal\/"},"wordCount":17,"commentCount":0,"publisher":{"@id":"https:\/\/alternativafm.com\/site\/#organization"},"articleSection":["DESTAQUE 2","GERAL","SA\u00daDE","Uncategorized"],"inLanguage":"pt-BR","potentialAction":[{"@type":"CommentAction","name":"Comment","target":["https:\/\/alternativafm.com\/site\/prefeito-mauricio-almeida-justifica-a-necessidade-do-novo-decreto-municipal\/#respond"]}]},{"@type":"WebPage","@id":"https:\/\/alternativafm.com\/site\/prefeito-mauricio-almeida-justifica-a-necessidade-do-novo-decreto-municipal\/","url":"https:\/\/alternativafm.com\/site\/prefeito-mauricio-almeida-justifica-a-necessidade-do-novo-decreto-municipal\/","name":"Prefeito Maur\u00edcio Almeida justifica a necessidade do novo decreto municipal - Alternativa FM | 90,7 FM","isPartOf":{"@id":"https:\/\/alternativafm.com\/site\/#website"},"datePublished":"2021-03-08T17:57:57+00:00","dateModified":"2021-03-08T18:09:38+00:00","breadcrumb":{"@id":"https:\/\/alternativafm.com\/site\/prefeito-mauricio-almeida-justifica-a-necessidade-do-novo-decreto-municipal\/#breadcrumb"},"inLanguage":"pt-BR","potentialAction":[{"@type":"ReadAction","target":["https:\/\/alternativafm.com\/site\/prefeito-mauricio-almeida-justifica-a-necessidade-do-novo-decreto-municipal\/"]}]},{"@type":"BreadcrumbList","@id":"https:\/\/alternativafm.com\/site\/prefeito-mauricio-almeida-justifica-a-necessidade-do-novo-decreto-municipal\/#breadcrumb","itemListElement":[{"@type":"ListItem","position":1,"name":"In\u00edcio","item":"https:\/\/alternativafm.com\/site\/"},{"@type":"ListItem","position":2,"name":"Prefeito Maur\u00edcio Almeida justifica a necessidade do novo decreto municipal"}]},{"@type":"WebSite","@id":"https:\/\/alternativafm.com\/site\/#website","url":"https:\/\/alternativafm.com\/site\/","name":"Alternativa FM | 90,7 FM","description":"","publisher":{"@id":"https:\/\/alternativafm.com\/site\/#organization"},"potentialAction":[{"@type":"SearchAction","target":{"@type":"EntryPoint","urlTemplate":"https:\/\/alternativafm.com\/site\/?s={search_term_string}"},"query-input":{"@type":"PropertyValueSpecification","valueRequired":true,"valueName":"search_term_string"}}],"inLanguage":"pt-BR"},{"@type":"Organization","@id":"https:\/\/alternativafm.com\/site\/#organization","name":"Alternativa FM | 90,7 FM","url":"https:\/\/alternativafm.com\/site\/","logo":{"@type":"ImageObject","inLanguage":"pt-BR","@id":"https:\/\/alternativafm.com\/site\/#\/schema\/logo\/image\/","url":"https:\/\/alternativafm.com\/site\/wp-content\/uploads\/2020\/07\/LOGOMARCA2.png","contentUrl":"https:\/\/alternativafm.com\/site\/wp-content\/uploads\/2020\/07\/LOGOMARCA2.png","width":1352,"height":464,"caption":"Alternativa FM | 90,7 FM"},"image":{"@id":"https:\/\/alternativafm.com\/site\/#\/schema\/logo\/image\/"}},{"@type":"Person","@id":"https:\/\/alternativafm.com\/site\/#\/schema\/person\/6b1ac1374b404fe65adc2da2ea4e902a","name":"redacao","image":{"@type":"ImageObject","inLanguage":"pt-BR","@id":"https:\/\/secure.gravatar.com\/avatar\/16ab12bea2743901812c1ec603a48cc65b4e7af25043bec48c2742b27028075e?s=96&d=mm&r=g","url":"https:\/\/secure.gravatar.com\/avatar\/16ab12bea2743901812c1ec603a48cc65b4e7af25043bec48c2742b27028075e?s=96&d=mm&r=g","contentUrl":"https:\/\/secure.gravatar.com\/avatar\/16ab12bea2743901812c1ec603a48cc65b4e7af25043bec48c2742b27028075e?s=96&d=mm&r=g","caption":"redacao"},"sameAs":["http:\/\/alternativafm.com\/site"],"url":"https:\/\/alternativafm.com\/site\/author\/redacao\/"}]}},"jetpack_publicize_connections":[],"jetpack_shortlink":"https:\/\/wp.me\/pccBN3-1vE","jetpack-related-posts":[{"id":5768,"url":"https:\/\/alternativafm.com\/site\/onda-roxa-no-norte-de-minas-faz-prefeito-de-januaria-lancar-novo-decreto-neste-domingo07\/","url_meta":{"origin":5806,"position":0},"title":"Onda Roxa no Norte de Minas faz Prefeito de Janu\u00e1ria lan\u00e7ar novo decreto neste domingo(07)","author":"redacao","date":"mar\u00e7o 7, 2021","format":false,"excerpt":"O prefeito de Janu\u00e1ria Maur\u00edcio Almeida informou a nossa reportagem na noite deste s\u00e1bado (06) que vai publicar outro decreto neste domingo (07) devido \u00e0 passagem do Norte de Minas para onda Roxa da COVID-19. https:\/\/youtu.be\/iVZtWB_ANTk","rel":"","context":"Em &quot;CIDADE&quot;","block_context":{"text":"CIDADE","link":"https:\/\/alternativafm.com\/site\/category\/cidade\/"},"img":{"alt_text":"","src":"https:\/\/i0.wp.com\/img.youtube.com\/vi\/iVZtWB_ANTk\/0.jpg?resize=350%2C200","width":350,"height":200},"classes":[]},{"id":6223,"url":"https:\/\/alternativafm.com\/site\/prefeito-mauricio-pode-fechar-a-cidade-por-10-dias-confira\/","url_meta":{"origin":5806,"position":1},"title":"Prefeito Maur\u00edcio pode fechar a cidade por 10 dias. Confira!","author":"redacao","date":"mar\u00e7o 21, 2021","format":false,"excerpt":"https:\/\/youtu.be\/et6Hb6JsguE O Prefeito Maur\u00edcio Almeida estuda fechamento da cidade por 10 dias a partir da pr\u00f3xima quinta-feira. Nossa reportagem apurou que apenas servi\u00e7os essenciais v\u00e3o funcionar.","rel":"","context":"Em &quot;CIDADE&quot;","block_context":{"text":"CIDADE","link":"https:\/\/alternativafm.com\/site\/category\/cidade\/"},"img":{"alt_text":"","src":"https:\/\/i0.wp.com\/img.youtube.com\/vi\/et6Hb6JsguE\/0.jpg?resize=350%2C200","width":350,"height":200},"classes":[]},{"id":30797,"url":"https:\/\/alternativafm.com\/site\/assista-como-foi-a-live-da-saude-com-o-prefeito-de-januaria-mauricio-almeida\/","url_meta":{"origin":5806,"position":2},"title":"Assista como foi a Live da Sa\u00fade com o Prefeito de Janu\u00e1ria Maur\u00edcio Almeida","author":"redacao","date":"agosto 25, 2023","format":false,"excerpt":"https:\/\/m.youtube.com\/watch?v=b0Wuna8lAso","rel":"","context":"Em &quot;DESTAQUE&quot;","block_context":{"text":"DESTAQUE","link":"https:\/\/alternativafm.com\/site\/category\/destaque\/"},"img":{"alt_text":"","src":"https:\/\/i0.wp.com\/img.youtube.com\/vi\/b0Wuna8lAso\/0.jpg?resize=350%2C200","width":350,"height":200},"classes":[]},{"id":5759,"url":"https:\/\/alternativafm.com\/site\/coronavirus-prefeito-de-januaria-publicou-novo-decreto-confira\/","url_meta":{"origin":5806,"position":3},"title":"Coronav\u00edrus. Prefeito de Janu\u00e1ria publicou novo decreto. Confira!","author":"redacao","date":"mar\u00e7o 6, 2021","format":false,"excerpt":"https:\/\/youtu.be\/Gvc_-4dnbCM","rel":"","context":"Em &quot;DESTAQUE 2&quot;","block_context":{"text":"DESTAQUE 2","link":"https:\/\/alternativafm.com\/site\/category\/destaque-2\/"},"img":{"alt_text":"","src":"https:\/\/i0.wp.com\/img.youtube.com\/vi\/Gvc_-4dnbCM\/0.jpg?resize=350%2C200","width":350,"height":200},"classes":[]},{"id":42814,"url":"https:\/\/alternativafm.com\/site\/hoje-e-feriado-em-januaria\/","url_meta":{"origin":5806,"position":4},"title":"Hoje \u00e9 feriado em Janu\u00e1ria","author":"redacao","date":"outubro 18, 2024","format":false,"excerpt":"E hoje, dia 18 de outubro \u00e9 feriado municipal aqui no munic\u00edpio de Janu\u00e1ria. O fato se deve em virtude da transfer\u00eancia do feriado do dia 07 de outubro \u2013 verdadeira data de anivers\u00e1rio da cidade ter sido transferida atrav\u00e9s de decreto do prefeito municipal Maur\u00edcio Almeida. O com\u00e9rcio n\u00e3o\u2026","rel":"","context":"Em &quot;CIDADE&quot;","block_context":{"text":"CIDADE","link":"https:\/\/alternativafm.com\/site\/category\/cidade\/"},"img":{"alt_text":"","src":"","width":0,"height":0},"classes":[]},{"id":56459,"url":"https:\/\/alternativafm.com\/site\/prefeito-mauricio-almeida-entrevista-completa-da-radio-voz-news\/","url_meta":{"origin":5806,"position":5},"title":"Prefeito Maur\u00edcio Almeida. Entrevista completa da R\u00e1dio Voz News","author":"redacao","date":"mar\u00e7o 2, 2026","format":false,"excerpt":"https:\/\/youtu.be\/4bsdAU-bZT8","rel":"","context":"Em &quot;CIDADE&quot;","block_context":{"text":"CIDADE","link":"https:\/\/alternativafm.com\/site\/category\/cidade\/"},"img":{"alt_text":"","src":"https:\/\/i0.wp.com\/img.youtube.com\/vi\/4bsdAU-bZT8\/0.jpg?resize=350%2C200","width":350,"height":200},"classes":[]}],"jetpack_sharing_enabled":true,"jetpack_likes_enabled":true,"jetpack_featured_media_url":"","_links":{"self":[{"href":"https:\/\/alternativafm.com\/site\/wp-json\/wp\/v2\/posts\/5806","targetHints":{"allow":["GET"]}}],"collection":[{"href":"https:\/\/alternativafm.com\/site\/wp-json\/wp\/v2\/posts"}],"about":[{"href":"https:\/\/alternativafm.com\/site\/wp-json\/wp\/v2\/types\/post"}],"author":[{"embeddable":true,"href":"https:\/\/alternativafm.com\/site\/wp-json\/wp\/v2\/users\/1"}],"replies":[{"embeddable":true,"href":"https:\/\/alternativafm.com\/site\/wp-json\/wp\/v2\/comments?post=5806"}],"version-history":[{"count":1,"href":"https:\/\/alternativafm.com\/site\/wp-json\/wp\/v2\/posts\/5806\/revisions"}],"predecessor-version":[{"id":5811,"href":"https:\/\/alternativafm.com\/site\/wp-json\/wp\/v2\/posts\/5806\/revisions\/5811"}],"wp:attachment":[{"href":"https:\/\/alternativafm.com\/site\/wp-json\/wp\/v2\/media?parent=5806"}],"wp:term":[{"taxonomy":"category","embeddable":true,"href":"https:\/\/alternativafm.com\/site\/wp-json\/wp\/v2\/categories?post=5806"},{"taxonomy":"post_tag","embeddable":true,"href":"https:\/\/alternativafm.com\/site\/wp-json\/wp\/v2\/tags?post=5806"}],"curies":[{"name":"wp","href":"https:\/\/api.w.org\/{rel}","templated":true}]}}