{"id":58615,"date":"2026-06-07T12:38:33","date_gmt":"2026-06-07T12:38:33","guid":{"rendered":"https:\/\/alternativafm.com\/site\/?p=58615"},"modified":"2026-06-07T12:38:35","modified_gmt":"2026-06-07T12:38:35","slug":"policia-militar-apreende-arma-de-fogo-adaptada-e-municoes-durante-diligencias","status":"publish","type":"post","link":"https:\/\/alternativafm.com\/site\/policia-militar-apreende-arma-de-fogo-adaptada-e-municoes-durante-diligencias\/","title":{"rendered":"Pol\u00edcia Militar apreende arma de fogo adaptada e muni\u00e7\u00f5es durante dilig\u00eancias"},"content":{"rendered":"\n<figure class=\"wp-block-embed is-type-video is-provider-youtube wp-block-embed-youtube wp-embed-aspect-16-9 wp-has-aspect-ratio\"><div class=\"wp-block-embed__wrapper\">\n<iframe loading=\"lazy\" title=\"Pol\u00edcia Militar apreende arma de fogo adaptada e muni\u00e7\u00f5es durante dilig\u00eancias\" width=\"640\" height=\"360\" src=\"https:\/\/www.youtube.com\/embed\/_iJ4PoJunPE?feature=oembed\" frameborder=\"0\" allow=\"accelerometer; autoplay; clipboard-write; encrypted-media; gyroscope; picture-in-picture; web-share\" referrerpolicy=\"strict-origin-when-cross-origin\" allowfullscreen><\/iframe>\n<\/div><\/figure>\n","protected":false},"excerpt":{"rendered":"","protected":false},"author":1,"featured_media":51277,"comment_status":"open","ping_status":"open","sticky":false,"template":"","format":"standard","meta":{"_jetpack_newsletter_access":"","_jetpack_dont_email_post_to_subs":false,"_jetpack_newsletter_tier_id":0,"_jetpack_memberships_contains_paywalled_content":false,"_jetpack_feature_clip_id":0,"_jetpack_memberships_contains_paid_content":false,"footnotes":"","jetpack_publicize_message":"","jetpack_publicize_feature_enabled":true,"jetpack_social_post_already_shared":true,"jetpack_social_options":{"image_generator_settings":{"template":"highway","default_image_id":0,"font":"","enabled":false},"version":2},"jetpack_post_was_ever_published":false},"categories":[6,2,52],"tags":[],"class_list":["post-58615","post","type-post","status-publish","format-standard","has-post-thumbnail","hentry","category-geral","category-policia","category-regional"],"yoast_head":"<!-- This site is optimized with the Yoast SEO plugin v27.2 - https:\/\/yoast.com\/product\/yoast-seo-wordpress\/ -->\n<title>Pol\u00edcia Militar apreende arma de fogo adaptada e muni\u00e7\u00f5es durante dilig\u00eancias - Alternativa FM | 90,7 FM<\/title>\n<meta name=\"robots\" content=\"index, follow, max-snippet:-1, max-image-preview:large, max-video-preview:-1\" \/>\n<link rel=\"canonical\" href=\"https:\/\/alternativafm.com\/site\/policia-militar-apreende-arma-de-fogo-adaptada-e-municoes-durante-diligencias\/\" \/>\n<meta property=\"og:locale\" content=\"pt_BR\" \/>\n<meta property=\"og:type\" content=\"article\" \/>\n<meta property=\"og:title\" content=\"Pol\u00edcia Militar apreende arma de fogo adaptada e muni\u00e7\u00f5es durante dilig\u00eancias - Alternativa FM | 90,7 FM\" \/>\n<meta property=\"og:url\" content=\"https:\/\/alternativafm.com\/site\/policia-militar-apreende-arma-de-fogo-adaptada-e-municoes-durante-diligencias\/\" \/>\n<meta property=\"og:site_name\" content=\"Alternativa FM | 90,7 FM\" \/>\n<meta property=\"article:published_time\" content=\"2026-06-07T12:38:33+00:00\" \/>\n<meta property=\"article:modified_time\" content=\"2026-06-07T12:38:35+00:00\" \/>\n<meta property=\"og:image\" content=\"https:\/\/alternativafm.com\/site\/wp-content\/uploads\/algema.jpg\" \/>\n\t<meta property=\"og:image:width\" content=\"1920\" \/>\n\t<meta property=\"og:image:height\" content=\"1080\" \/>\n\t<meta property=\"og:image:type\" content=\"image\/jpeg\" \/>\n<meta name=\"author\" content=\"redacao\" \/>\n<meta name=\"twitter:card\" content=\"summary_large_image\" \/>\n<meta name=\"twitter:label1\" content=\"Escrito por\" \/>\n\t<meta name=\"twitter:data1\" content=\"redacao\" \/>\n\t<meta name=\"twitter:label2\" content=\"Est. tempo de leitura\" \/>\n\t<meta name=\"twitter:data2\" content=\"1 minuto\" \/>\n<script type=\"application\/ld+json\" class=\"yoast-schema-graph\">{\"@context\":\"https:\/\/schema.org\",\"@graph\":[{\"@type\":\"Article\",\"@id\":\"https:\/\/alternativafm.com\/site\/policia-militar-apreende-arma-de-fogo-adaptada-e-municoes-durante-diligencias\/#article\",\"isPartOf\":{\"@id\":\"https:\/\/alternativafm.com\/site\/policia-militar-apreende-arma-de-fogo-adaptada-e-municoes-durante-diligencias\/\"},\"author\":{\"name\":\"redacao\",\"@id\":\"https:\/\/alternativafm.com\/site\/#\/schema\/person\/6b1ac1374b404fe65adc2da2ea4e902a\"},\"headline\":\"Pol\u00edcia Militar apreende arma de fogo adaptada e muni\u00e7\u00f5es durante dilig\u00eancias\",\"datePublished\":\"2026-06-07T12:38:33+00:00\",\"dateModified\":\"2026-06-07T12:38:35+00:00\",\"mainEntityOfPage\":{\"@id\":\"https:\/\/alternativafm.com\/site\/policia-militar-apreende-arma-de-fogo-adaptada-e-municoes-durante-diligencias\/\"},\"wordCount\":19,\"commentCount\":0,\"publisher\":{\"@id\":\"https:\/\/alternativafm.com\/site\/#organization\"},\"image\":{\"@id\":\"https:\/\/alternativafm.com\/site\/policia-militar-apreende-arma-de-fogo-adaptada-e-municoes-durante-diligencias\/#primaryimage\"},\"thumbnailUrl\":\"https:\/\/alternativafm.com\/site\/wp-content\/uploads\/algema.jpg\",\"articleSection\":[\"GERAL\",\"POL\u00cdCIA\",\"REGIONAL\"],\"inLanguage\":\"pt-BR\",\"potentialAction\":[{\"@type\":\"CommentAction\",\"name\":\"Comment\",\"target\":[\"https:\/\/alternativafm.com\/site\/policia-militar-apreende-arma-de-fogo-adaptada-e-municoes-durante-diligencias\/#respond\"]}]},{\"@type\":\"WebPage\",\"@id\":\"https:\/\/alternativafm.com\/site\/policia-militar-apreende-arma-de-fogo-adaptada-e-municoes-durante-diligencias\/\",\"url\":\"https:\/\/alternativafm.com\/site\/policia-militar-apreende-arma-de-fogo-adaptada-e-municoes-durante-diligencias\/\",\"name\":\"Pol\u00edcia Militar apreende arma de fogo adaptada e muni\u00e7\u00f5es durante dilig\u00eancias - Alternativa FM | 90,7 FM\",\"isPartOf\":{\"@id\":\"https:\/\/alternativafm.com\/site\/#website\"},\"primaryImageOfPage\":{\"@id\":\"https:\/\/alternativafm.com\/site\/policia-militar-apreende-arma-de-fogo-adaptada-e-municoes-durante-diligencias\/#primaryimage\"},\"image\":{\"@id\":\"https:\/\/alternativafm.com\/site\/policia-militar-apreende-arma-de-fogo-adaptada-e-municoes-durante-diligencias\/#primaryimage\"},\"thumbnailUrl\":\"https:\/\/alternativafm.com\/site\/wp-content\/uploads\/algema.jpg\",\"datePublished\":\"2026-06-07T12:38:33+00:00\",\"dateModified\":\"2026-06-07T12:38:35+00:00\",\"breadcrumb\":{\"@id\":\"https:\/\/alternativafm.com\/site\/policia-militar-apreende-arma-de-fogo-adaptada-e-municoes-durante-diligencias\/#breadcrumb\"},\"inLanguage\":\"pt-BR\",\"potentialAction\":[{\"@type\":\"ReadAction\",\"target\":[\"https:\/\/alternativafm.com\/site\/policia-militar-apreende-arma-de-fogo-adaptada-e-municoes-durante-diligencias\/\"]}]},{\"@type\":\"ImageObject\",\"inLanguage\":\"pt-BR\",\"@id\":\"https:\/\/alternativafm.com\/site\/policia-militar-apreende-arma-de-fogo-adaptada-e-municoes-durante-diligencias\/#primaryimage\",\"url\":\"https:\/\/alternativafm.com\/site\/wp-content\/uploads\/algema.jpg\",\"contentUrl\":\"https:\/\/alternativafm.com\/site\/wp-content\/uploads\/algema.jpg\",\"width\":1920,\"height\":1080},{\"@type\":\"BreadcrumbList\",\"@id\":\"https:\/\/alternativafm.com\/site\/policia-militar-apreende-arma-de-fogo-adaptada-e-municoes-durante-diligencias\/#breadcrumb\",\"itemListElement\":[{\"@type\":\"ListItem\",\"position\":1,\"name\":\"In\u00edcio\",\"item\":\"https:\/\/alternativafm.com\/site\/\"},{\"@type\":\"ListItem\",\"position\":2,\"name\":\"Pol\u00edcia Militar apreende arma de fogo adaptada e muni\u00e7\u00f5es durante dilig\u00eancias\"}]},{\"@type\":\"WebSite\",\"@id\":\"https:\/\/alternativafm.com\/site\/#website\",\"url\":\"https:\/\/alternativafm.com\/site\/\",\"name\":\"Alternativa FM | 90,7 FM\",\"description\":\"\",\"publisher\":{\"@id\":\"https:\/\/alternativafm.com\/site\/#organization\"},\"potentialAction\":[{\"@type\":\"SearchAction\",\"target\":{\"@type\":\"EntryPoint\",\"urlTemplate\":\"https:\/\/alternativafm.com\/site\/?s={search_term_string}\"},\"query-input\":{\"@type\":\"PropertyValueSpecification\",\"valueRequired\":true,\"valueName\":\"search_term_string\"}}],\"inLanguage\":\"pt-BR\"},{\"@type\":\"Organization\",\"@id\":\"https:\/\/alternativafm.com\/site\/#organization\",\"name\":\"Alternativa FM | 90,7 FM\",\"url\":\"https:\/\/alternativafm.com\/site\/\",\"logo\":{\"@type\":\"ImageObject\",\"inLanguage\":\"pt-BR\",\"@id\":\"https:\/\/alternativafm.com\/site\/#\/schema\/logo\/image\/\",\"url\":\"https:\/\/alternativafm.com\/site\/wp-content\/uploads\/2020\/07\/LOGOMARCA2.png\",\"contentUrl\":\"https:\/\/alternativafm.com\/site\/wp-content\/uploads\/2020\/07\/LOGOMARCA2.png\",\"width\":1352,\"height\":464,\"caption\":\"Alternativa FM | 90,7 FM\"},\"image\":{\"@id\":\"https:\/\/alternativafm.com\/site\/#\/schema\/logo\/image\/\"}},{\"@type\":\"Person\",\"@id\":\"https:\/\/alternativafm.com\/site\/#\/schema\/person\/6b1ac1374b404fe65adc2da2ea4e902a\",\"name\":\"redacao\",\"image\":{\"@type\":\"ImageObject\",\"inLanguage\":\"pt-BR\",\"@id\":\"https:\/\/secure.gravatar.com\/avatar\/16ab12bea2743901812c1ec603a48cc65b4e7af25043bec48c2742b27028075e?s=96&d=mm&r=g\",\"url\":\"https:\/\/secure.gravatar.com\/avatar\/16ab12bea2743901812c1ec603a48cc65b4e7af25043bec48c2742b27028075e?s=96&d=mm&r=g\",\"contentUrl\":\"https:\/\/secure.gravatar.com\/avatar\/16ab12bea2743901812c1ec603a48cc65b4e7af25043bec48c2742b27028075e?s=96&d=mm&r=g\",\"caption\":\"redacao\"},\"sameAs\":[\"http:\/\/alternativafm.com\/site\"],\"url\":\"https:\/\/alternativafm.com\/site\/author\/redacao\/\"}]}<\/script>\n<!-- \/ Yoast SEO plugin. -->","yoast_head_json":{"title":"Pol\u00edcia Militar apreende arma de fogo adaptada e muni\u00e7\u00f5es durante dilig\u00eancias - Alternativa FM | 90,7 FM","robots":{"index":"index","follow":"follow","max-snippet":"max-snippet:-1","max-image-preview":"max-image-preview:large","max-video-preview":"max-video-preview:-1"},"canonical":"https:\/\/alternativafm.com\/site\/policia-militar-apreende-arma-de-fogo-adaptada-e-municoes-durante-diligencias\/","og_locale":"pt_BR","og_type":"article","og_title":"Pol\u00edcia Militar apreende arma de fogo adaptada e muni\u00e7\u00f5es durante dilig\u00eancias - Alternativa FM | 90,7 FM","og_url":"https:\/\/alternativafm.com\/site\/policia-militar-apreende-arma-de-fogo-adaptada-e-municoes-durante-diligencias\/","og_site_name":"Alternativa FM | 90,7 FM","article_published_time":"2026-06-07T12:38:33+00:00","article_modified_time":"2026-06-07T12:38:35+00:00","og_image":[{"width":1920,"height":1080,"url":"https:\/\/alternativafm.com\/site\/wp-content\/uploads\/algema.jpg","type":"image\/jpeg"}],"author":"redacao","twitter_card":"summary_large_image","twitter_misc":{"Escrito por":"redacao","Est. tempo de leitura":"1 minuto"},"schema":{"@context":"https:\/\/schema.org","@graph":[{"@type":"Article","@id":"https:\/\/alternativafm.com\/site\/policia-militar-apreende-arma-de-fogo-adaptada-e-municoes-durante-diligencias\/#article","isPartOf":{"@id":"https:\/\/alternativafm.com\/site\/policia-militar-apreende-arma-de-fogo-adaptada-e-municoes-durante-diligencias\/"},"author":{"name":"redacao","@id":"https:\/\/alternativafm.com\/site\/#\/schema\/person\/6b1ac1374b404fe65adc2da2ea4e902a"},"headline":"Pol\u00edcia Militar apreende arma de fogo adaptada e muni\u00e7\u00f5es durante dilig\u00eancias","datePublished":"2026-06-07T12:38:33+00:00","dateModified":"2026-06-07T12:38:35+00:00","mainEntityOfPage":{"@id":"https:\/\/alternativafm.com\/site\/policia-militar-apreende-arma-de-fogo-adaptada-e-municoes-durante-diligencias\/"},"wordCount":19,"commentCount":0,"publisher":{"@id":"https:\/\/alternativafm.com\/site\/#organization"},"image":{"@id":"https:\/\/alternativafm.com\/site\/policia-militar-apreende-arma-de-fogo-adaptada-e-municoes-durante-diligencias\/#primaryimage"},"thumbnailUrl":"https:\/\/alternativafm.com\/site\/wp-content\/uploads\/algema.jpg","articleSection":["GERAL","POL\u00cdCIA","REGIONAL"],"inLanguage":"pt-BR","potentialAction":[{"@type":"CommentAction","name":"Comment","target":["https:\/\/alternativafm.com\/site\/policia-militar-apreende-arma-de-fogo-adaptada-e-municoes-durante-diligencias\/#respond"]}]},{"@type":"WebPage","@id":"https:\/\/alternativafm.com\/site\/policia-militar-apreende-arma-de-fogo-adaptada-e-municoes-durante-diligencias\/","url":"https:\/\/alternativafm.com\/site\/policia-militar-apreende-arma-de-fogo-adaptada-e-municoes-durante-diligencias\/","name":"Pol\u00edcia Militar apreende arma de fogo adaptada e muni\u00e7\u00f5es durante dilig\u00eancias - Alternativa FM | 90,7 FM","isPartOf":{"@id":"https:\/\/alternativafm.com\/site\/#website"},"primaryImageOfPage":{"@id":"https:\/\/alternativafm.com\/site\/policia-militar-apreende-arma-de-fogo-adaptada-e-municoes-durante-diligencias\/#primaryimage"},"image":{"@id":"https:\/\/alternativafm.com\/site\/policia-militar-apreende-arma-de-fogo-adaptada-e-municoes-durante-diligencias\/#primaryimage"},"thumbnailUrl":"https:\/\/alternativafm.com\/site\/wp-content\/uploads\/algema.jpg","datePublished":"2026-06-07T12:38:33+00:00","dateModified":"2026-06-07T12:38:35+00:00","breadcrumb":{"@id":"https:\/\/alternativafm.com\/site\/policia-militar-apreende-arma-de-fogo-adaptada-e-municoes-durante-diligencias\/#breadcrumb"},"inLanguage":"pt-BR","potentialAction":[{"@type":"ReadAction","target":["https:\/\/alternativafm.com\/site\/policia-militar-apreende-arma-de-fogo-adaptada-e-municoes-durante-diligencias\/"]}]},{"@type":"ImageObject","inLanguage":"pt-BR","@id":"https:\/\/alternativafm.com\/site\/policia-militar-apreende-arma-de-fogo-adaptada-e-municoes-durante-diligencias\/#primaryimage","url":"https:\/\/alternativafm.com\/site\/wp-content\/uploads\/algema.jpg","contentUrl":"https:\/\/alternativafm.com\/site\/wp-content\/uploads\/algema.jpg","width":1920,"height":1080},{"@type":"BreadcrumbList","@id":"https:\/\/alternativafm.com\/site\/policia-militar-apreende-arma-de-fogo-adaptada-e-municoes-durante-diligencias\/#breadcrumb","itemListElement":[{"@type":"ListItem","position":1,"name":"In\u00edcio","item":"https:\/\/alternativafm.com\/site\/"},{"@type":"ListItem","position":2,"name":"Pol\u00edcia Militar apreende arma de fogo adaptada e muni\u00e7\u00f5es durante dilig\u00eancias"}]},{"@type":"WebSite","@id":"https:\/\/alternativafm.com\/site\/#website","url":"https:\/\/alternativafm.com\/site\/","name":"Alternativa FM | 90,7 FM","description":"","publisher":{"@id":"https:\/\/alternativafm.com\/site\/#organization"},"potentialAction":[{"@type":"SearchAction","target":{"@type":"EntryPoint","urlTemplate":"https:\/\/alternativafm.com\/site\/?s={search_term_string}"},"query-input":{"@type":"PropertyValueSpecification","valueRequired":true,"valueName":"search_term_string"}}],"inLanguage":"pt-BR"},{"@type":"Organization","@id":"https:\/\/alternativafm.com\/site\/#organization","name":"Alternativa FM | 90,7 FM","url":"https:\/\/alternativafm.com\/site\/","logo":{"@type":"ImageObject","inLanguage":"pt-BR","@id":"https:\/\/alternativafm.com\/site\/#\/schema\/logo\/image\/","url":"https:\/\/alternativafm.com\/site\/wp-content\/uploads\/2020\/07\/LOGOMARCA2.png","contentUrl":"https:\/\/alternativafm.com\/site\/wp-content\/uploads\/2020\/07\/LOGOMARCA2.png","width":1352,"height":464,"caption":"Alternativa FM | 90,7 FM"},"image":{"@id":"https:\/\/alternativafm.com\/site\/#\/schema\/logo\/image\/"}},{"@type":"Person","@id":"https:\/\/alternativafm.com\/site\/#\/schema\/person\/6b1ac1374b404fe65adc2da2ea4e902a","name":"redacao","image":{"@type":"ImageObject","inLanguage":"pt-BR","@id":"https:\/\/secure.gravatar.com\/avatar\/16ab12bea2743901812c1ec603a48cc65b4e7af25043bec48c2742b27028075e?s=96&d=mm&r=g","url":"https:\/\/secure.gravatar.com\/avatar\/16ab12bea2743901812c1ec603a48cc65b4e7af25043bec48c2742b27028075e?s=96&d=mm&r=g","contentUrl":"https:\/\/secure.gravatar.com\/avatar\/16ab12bea2743901812c1ec603a48cc65b4e7af25043bec48c2742b27028075e?s=96&d=mm&r=g","caption":"redacao"},"sameAs":["http:\/\/alternativafm.com\/site"],"url":"https:\/\/alternativafm.com\/site\/author\/redacao\/"}]}},"jetpack_publicize_connections":[],"jetpack_shortlink":"https:\/\/wp.me\/pccBN3-ffp","jetpack-related-posts":[{"id":42580,"url":"https:\/\/alternativafm.com\/site\/policia-militar-apreende-arma-de-fogo-em-itacarambi\/","url_meta":{"origin":58615,"position":0},"title":"Pol\u00edcia Militar apreende arma de fogo em Itacarambi","author":"redacao","date":"outubro 10, 2024","format":false,"excerpt":"https:\/\/youtu.be\/2R2rBjEj3Ag","rel":"","context":"Em &quot;GERAL&quot;","block_context":{"text":"GERAL","link":"https:\/\/alternativafm.com\/site\/category\/geral\/"},"img":{"alt_text":"","src":"https:\/\/i0.wp.com\/img.youtube.com\/vi\/2R2rBjEj3Ag\/0.jpg?resize=350%2C200","width":350,"height":200},"classes":[]},{"id":57880,"url":"https:\/\/alternativafm.com\/site\/policia-militar-prende-dois-suspeitos-e-apreende-arma-de-fogo\/","url_meta":{"origin":58615,"position":1},"title":"Pol\u00edcia Militar prende dois suspeitos e apreende arma de fogo","author":"redacao","date":"maio 2, 2026","format":false,"excerpt":"https:\/\/youtu.be\/hnw2x-LI63I","rel":"","context":"Em &quot;GERAL&quot;","block_context":{"text":"GERAL","link":"https:\/\/alternativafm.com\/site\/category\/geral\/"},"img":{"alt_text":"","src":"https:\/\/i0.wp.com\/img.youtube.com\/vi\/hnw2x-LI63I\/0.jpg?resize=350%2C200","width":350,"height":200},"classes":[]},{"id":45961,"url":"https:\/\/alternativafm.com\/site\/policia-militar-apreende-arma-de-fogo-em-sao-joao-das-missoes\/","url_meta":{"origin":58615,"position":2},"title":"Pol\u00edcia Militar apreende arma de fogo em S\u00e3o Jo\u00e3o das Miss\u00f5es","author":"redacao","date":"fevereiro 6, 2025","format":false,"excerpt":"https:\/\/www.youtube.com\/embed\/q96FTNWQHvw","rel":"","context":"Em &quot;GERAL&quot;","block_context":{"text":"GERAL","link":"https:\/\/alternativafm.com\/site\/category\/geral\/"},"img":{"alt_text":"","src":"","width":0,"height":0},"classes":[]},{"id":42562,"url":"https:\/\/alternativafm.com\/site\/policia-militar-apreende-arma-de-fogo-balas-e-um-coldre\/","url_meta":{"origin":58615,"position":3},"title":"Pol\u00edcia Militar apreende arma de fogo, balas e um coldre","author":"redacao","date":"outubro 10, 2024","format":false,"excerpt":"https:\/\/youtu.be\/uvJDdtKdztA","rel":"","context":"Em &quot;GERAL&quot;","block_context":{"text":"GERAL","link":"https:\/\/alternativafm.com\/site\/category\/geral\/"},"img":{"alt_text":"","src":"https:\/\/i0.wp.com\/img.youtube.com\/vi\/uvJDdtKdztA\/0.jpg?resize=350%2C200","width":350,"height":200},"classes":[]},{"id":43456,"url":"https:\/\/alternativafm.com\/site\/municoes-sao-apreendidas-no-bairro-boa-vista\/","url_meta":{"origin":58615,"position":4},"title":"Muni\u00e7\u00f5es s\u00e3o apreendidas no bairro Boa Vista","author":"redacao","date":"novembro 7, 2024","format":false,"excerpt":"Ao averiguarem uma den\u00fancia de que um cidad\u00e3o estaria portando uma arma de fogo nas proximidades da rua H no bairro Boa Vista, policiais militares abordaram um cidad\u00e3o que tentou fugir, saltando v\u00e1rios muros ao perceber a presen\u00e7a policial. https:\/\/www.youtube.com\/embed\/nrNMcIpXt_0","rel":"","context":"Em &quot;GERAL&quot;","block_context":{"text":"GERAL","link":"https:\/\/alternativafm.com\/site\/category\/geral\/"},"img":{"alt_text":"","src":"","width":0,"height":0},"classes":[]},{"id":18376,"url":"https:\/\/alternativafm.com\/site\/preso-por-porte-ilegal-de-arma-de-fogo-em-lontra\/","url_meta":{"origin":58615,"position":5},"title":"Preso por porte ilegal de arma de fogo em Lontra","author":"redacao","date":"junho 23, 2022","format":false,"excerpt":"Na zona rural de Lontra, um homem, de 45 anos, foi preso por porte ilegal de arma de fogo ap\u00f3s se envolver em uma confus\u00e3o durante uma comemora\u00e7\u00e3o de fogueira na madrugada de ontem, quarta-feira. Segundo a Pol\u00edcia Militar, as equipes foram at\u00e9 o local e, ap\u00f3s levantamentos de informa\u00e7\u00f5es\u2026","rel":"","context":"Em &quot;GERAL&quot;","block_context":{"text":"GERAL","link":"https:\/\/alternativafm.com\/site\/category\/geral\/"},"img":{"alt_text":"","src":"","width":0,"height":0},"classes":[]}],"jetpack_sharing_enabled":true,"jetpack_likes_enabled":true,"jetpack_featured_media_url":"https:\/\/alternativafm.com\/site\/wp-content\/uploads\/algema.jpg","_links":{"self":[{"href":"https:\/\/alternativafm.com\/site\/wp-json\/wp\/v2\/posts\/58615","targetHints":{"allow":["GET"]}}],"collection":[{"href":"https:\/\/alternativafm.com\/site\/wp-json\/wp\/v2\/posts"}],"about":[{"href":"https:\/\/alternativafm.com\/site\/wp-json\/wp\/v2\/types\/post"}],"author":[{"embeddable":true,"href":"https:\/\/alternativafm.com\/site\/wp-json\/wp\/v2\/users\/1"}],"replies":[{"embeddable":true,"href":"https:\/\/alternativafm.com\/site\/wp-json\/wp\/v2\/comments?post=58615"}],"version-history":[{"count":1,"href":"https:\/\/alternativafm.com\/site\/wp-json\/wp\/v2\/posts\/58615\/revisions"}],"predecessor-version":[{"id":58616,"href":"https:\/\/alternativafm.com\/site\/wp-json\/wp\/v2\/posts\/58615\/revisions\/58616"}],"wp:featuredmedia":[{"embeddable":true,"href":"https:\/\/alternativafm.com\/site\/wp-json\/wp\/v2\/media\/51277"}],"wp:attachment":[{"href":"https:\/\/alternativafm.com\/site\/wp-json\/wp\/v2\/media?parent=58615"}],"wp:term":[{"taxonomy":"category","embeddable":true,"href":"https:\/\/alternativafm.com\/site\/wp-json\/wp\/v2\/categories?post=58615"},{"taxonomy":"post_tag","embeddable":true,"href":"https:\/\/alternativafm.com\/site\/wp-json\/wp\/v2\/tags?post=58615"}],"curies":[{"name":"wp","href":"https:\/\/api.w.org\/{rel}","templated":true}]}}