{"id":59065,"date":"2026-07-03T19:13:37","date_gmt":"2026-07-03T19:13:37","guid":{"rendered":"https:\/\/alternativafm.com\/site\/?p=59065"},"modified":"2026-07-03T19:13:39","modified_gmt":"2026-07-03T19:13:39","slug":"festejos-catolicos-tiveram-inicio-no-riacho-da-cruz","status":"publish","type":"post","link":"https:\/\/alternativafm.com\/site\/festejos-catolicos-tiveram-inicio-no-riacho-da-cruz\/","title":{"rendered":"Festejos cat\u00f3licos tiveram in\u00edcio no Riacho da Cruz"},"content":{"rendered":"\n<figure class=\"wp-block-embed is-type-video is-provider-youtube wp-block-embed-youtube wp-embed-aspect-16-9 wp-has-aspect-ratio\"><div class=\"wp-block-embed__wrapper\">\n<iframe loading=\"lazy\" title=\"Festejos cat\u00f3licos tiveram in\u00edcio no Riacho da Cruz\" width=\"640\" height=\"360\" src=\"https:\/\/www.youtube.com\/embed\/_QNQ9uAxx24?feature=oembed\" frameborder=\"0\" allow=\"accelerometer; autoplay; clipboard-write; encrypted-media; gyroscope; picture-in-picture; web-share\" referrerpolicy=\"strict-origin-when-cross-origin\" allowfullscreen><\/iframe>\n<\/div><\/figure>\n","protected":false},"excerpt":{"rendered":"","protected":false},"author":1,"featured_media":59066,"comment_status":"open","ping_status":"open","sticky":false,"template":"","format":"standard","meta":{"_jetpack_newsletter_access":"","_jetpack_dont_email_post_to_subs":false,"_jetpack_newsletter_tier_id":0,"_jetpack_memberships_contains_paywalled_content":false,"_jetpack_feature_clip_id":0,"_jetpack_memberships_contains_paid_content":false,"footnotes":"","jetpack_publicize_message":"","jetpack_publicize_feature_enabled":true,"jetpack_social_post_already_shared":true,"jetpack_social_options":{"image_generator_settings":{"template":"highway","default_image_id":0,"font":"","enabled":false},"version":2},"jetpack_post_was_ever_published":false},"categories":[6,56],"tags":[],"class_list":["post-59065","post","type-post","status-publish","format-standard","has-post-thumbnail","hentry","category-geral","category-religiao"],"yoast_head":"<!-- This site is optimized with the Yoast SEO plugin v27.2 - https:\/\/yoast.com\/product\/yoast-seo-wordpress\/ -->\n<title>Festejos cat\u00f3licos tiveram in\u00edcio no Riacho da Cruz - Alternativa FM | 90,7 FM<\/title>\n<meta name=\"robots\" content=\"index, follow, max-snippet:-1, max-image-preview:large, max-video-preview:-1\" \/>\n<link rel=\"canonical\" href=\"https:\/\/alternativafm.com\/site\/festejos-catolicos-tiveram-inicio-no-riacho-da-cruz\/\" \/>\n<meta property=\"og:locale\" content=\"pt_BR\" \/>\n<meta property=\"og:type\" content=\"article\" \/>\n<meta property=\"og:title\" content=\"Festejos cat\u00f3licos tiveram in\u00edcio no Riacho da Cruz - Alternativa FM | 90,7 FM\" \/>\n<meta property=\"og:url\" content=\"https:\/\/alternativafm.com\/site\/festejos-catolicos-tiveram-inicio-no-riacho-da-cruz\/\" \/>\n<meta property=\"og:site_name\" content=\"Alternativa FM | 90,7 FM\" \/>\n<meta property=\"article:published_time\" content=\"2026-07-03T19:13:37+00:00\" \/>\n<meta property=\"article:modified_time\" content=\"2026-07-03T19:13:39+00:00\" \/>\n<meta property=\"og:image\" content=\"https:\/\/alternativafm.com\/site\/wp-content\/uploads\/mq2-2026-07-03T161303.319.webp\" \/>\n\t<meta property=\"og:image:width\" content=\"320\" \/>\n\t<meta property=\"og:image:height\" content=\"180\" \/>\n\t<meta property=\"og:image:type\" content=\"image\/webp\" \/>\n<meta name=\"author\" content=\"redacao\" \/>\n<meta name=\"twitter:card\" content=\"summary_large_image\" \/>\n<meta name=\"twitter:label1\" content=\"Escrito por\" \/>\n\t<meta name=\"twitter:data1\" content=\"redacao\" \/>\n\t<meta name=\"twitter:label2\" content=\"Est. tempo de leitura\" \/>\n\t<meta name=\"twitter:data2\" content=\"1 minuto\" \/>\n<script type=\"application\/ld+json\" class=\"yoast-schema-graph\">{\"@context\":\"https:\/\/schema.org\",\"@graph\":[{\"@type\":\"Article\",\"@id\":\"https:\/\/alternativafm.com\/site\/festejos-catolicos-tiveram-inicio-no-riacho-da-cruz\/#article\",\"isPartOf\":{\"@id\":\"https:\/\/alternativafm.com\/site\/festejos-catolicos-tiveram-inicio-no-riacho-da-cruz\/\"},\"author\":{\"name\":\"redacao\",\"@id\":\"https:\/\/alternativafm.com\/site\/#\/schema\/person\/6b1ac1374b404fe65adc2da2ea4e902a\"},\"headline\":\"Festejos cat\u00f3licos tiveram in\u00edcio no Riacho da Cruz\",\"datePublished\":\"2026-07-03T19:13:37+00:00\",\"dateModified\":\"2026-07-03T19:13:39+00:00\",\"mainEntityOfPage\":{\"@id\":\"https:\/\/alternativafm.com\/site\/festejos-catolicos-tiveram-inicio-no-riacho-da-cruz\/\"},\"wordCount\":15,\"commentCount\":0,\"publisher\":{\"@id\":\"https:\/\/alternativafm.com\/site\/#organization\"},\"image\":{\"@id\":\"https:\/\/alternativafm.com\/site\/festejos-catolicos-tiveram-inicio-no-riacho-da-cruz\/#primaryimage\"},\"thumbnailUrl\":\"https:\/\/alternativafm.com\/site\/wp-content\/uploads\/mq2-2026-07-03T161303.319.webp\",\"articleSection\":[\"GERAL\",\"RELIGI\u00c3O\"],\"inLanguage\":\"pt-BR\",\"potentialAction\":[{\"@type\":\"CommentAction\",\"name\":\"Comment\",\"target\":[\"https:\/\/alternativafm.com\/site\/festejos-catolicos-tiveram-inicio-no-riacho-da-cruz\/#respond\"]}]},{\"@type\":\"WebPage\",\"@id\":\"https:\/\/alternativafm.com\/site\/festejos-catolicos-tiveram-inicio-no-riacho-da-cruz\/\",\"url\":\"https:\/\/alternativafm.com\/site\/festejos-catolicos-tiveram-inicio-no-riacho-da-cruz\/\",\"name\":\"Festejos cat\u00f3licos tiveram in\u00edcio no Riacho da Cruz - Alternativa FM | 90,7 FM\",\"isPartOf\":{\"@id\":\"https:\/\/alternativafm.com\/site\/#website\"},\"primaryImageOfPage\":{\"@id\":\"https:\/\/alternativafm.com\/site\/festejos-catolicos-tiveram-inicio-no-riacho-da-cruz\/#primaryimage\"},\"image\":{\"@id\":\"https:\/\/alternativafm.com\/site\/festejos-catolicos-tiveram-inicio-no-riacho-da-cruz\/#primaryimage\"},\"thumbnailUrl\":\"https:\/\/alternativafm.com\/site\/wp-content\/uploads\/mq2-2026-07-03T161303.319.webp\",\"datePublished\":\"2026-07-03T19:13:37+00:00\",\"dateModified\":\"2026-07-03T19:13:39+00:00\",\"breadcrumb\":{\"@id\":\"https:\/\/alternativafm.com\/site\/festejos-catolicos-tiveram-inicio-no-riacho-da-cruz\/#breadcrumb\"},\"inLanguage\":\"pt-BR\",\"potentialAction\":[{\"@type\":\"ReadAction\",\"target\":[\"https:\/\/alternativafm.com\/site\/festejos-catolicos-tiveram-inicio-no-riacho-da-cruz\/\"]}]},{\"@type\":\"ImageObject\",\"inLanguage\":\"pt-BR\",\"@id\":\"https:\/\/alternativafm.com\/site\/festejos-catolicos-tiveram-inicio-no-riacho-da-cruz\/#primaryimage\",\"url\":\"https:\/\/alternativafm.com\/site\/wp-content\/uploads\/mq2-2026-07-03T161303.319.webp\",\"contentUrl\":\"https:\/\/alternativafm.com\/site\/wp-content\/uploads\/mq2-2026-07-03T161303.319.webp\",\"width\":320,\"height\":180},{\"@type\":\"BreadcrumbList\",\"@id\":\"https:\/\/alternativafm.com\/site\/festejos-catolicos-tiveram-inicio-no-riacho-da-cruz\/#breadcrumb\",\"itemListElement\":[{\"@type\":\"ListItem\",\"position\":1,\"name\":\"In\u00edcio\",\"item\":\"https:\/\/alternativafm.com\/site\/\"},{\"@type\":\"ListItem\",\"position\":2,\"name\":\"Festejos cat\u00f3licos tiveram in\u00edcio no Riacho da Cruz\"}]},{\"@type\":\"WebSite\",\"@id\":\"https:\/\/alternativafm.com\/site\/#website\",\"url\":\"https:\/\/alternativafm.com\/site\/\",\"name\":\"Alternativa FM | 90,7 FM\",\"description\":\"\",\"publisher\":{\"@id\":\"https:\/\/alternativafm.com\/site\/#organization\"},\"potentialAction\":[{\"@type\":\"SearchAction\",\"target\":{\"@type\":\"EntryPoint\",\"urlTemplate\":\"https:\/\/alternativafm.com\/site\/?s={search_term_string}\"},\"query-input\":{\"@type\":\"PropertyValueSpecification\",\"valueRequired\":true,\"valueName\":\"search_term_string\"}}],\"inLanguage\":\"pt-BR\"},{\"@type\":\"Organization\",\"@id\":\"https:\/\/alternativafm.com\/site\/#organization\",\"name\":\"Alternativa FM | 90,7 FM\",\"url\":\"https:\/\/alternativafm.com\/site\/\",\"logo\":{\"@type\":\"ImageObject\",\"inLanguage\":\"pt-BR\",\"@id\":\"https:\/\/alternativafm.com\/site\/#\/schema\/logo\/image\/\",\"url\":\"https:\/\/alternativafm.com\/site\/wp-content\/uploads\/2020\/07\/LOGOMARCA2.png\",\"contentUrl\":\"https:\/\/alternativafm.com\/site\/wp-content\/uploads\/2020\/07\/LOGOMARCA2.png\",\"width\":1352,\"height\":464,\"caption\":\"Alternativa FM | 90,7 FM\"},\"image\":{\"@id\":\"https:\/\/alternativafm.com\/site\/#\/schema\/logo\/image\/\"}},{\"@type\":\"Person\",\"@id\":\"https:\/\/alternativafm.com\/site\/#\/schema\/person\/6b1ac1374b404fe65adc2da2ea4e902a\",\"name\":\"redacao\",\"image\":{\"@type\":\"ImageObject\",\"inLanguage\":\"pt-BR\",\"@id\":\"https:\/\/secure.gravatar.com\/avatar\/16ab12bea2743901812c1ec603a48cc65b4e7af25043bec48c2742b27028075e?s=96&d=mm&r=g\",\"url\":\"https:\/\/secure.gravatar.com\/avatar\/16ab12bea2743901812c1ec603a48cc65b4e7af25043bec48c2742b27028075e?s=96&d=mm&r=g\",\"contentUrl\":\"https:\/\/secure.gravatar.com\/avatar\/16ab12bea2743901812c1ec603a48cc65b4e7af25043bec48c2742b27028075e?s=96&d=mm&r=g\",\"caption\":\"redacao\"},\"sameAs\":[\"http:\/\/alternativafm.com\/site\"],\"url\":\"https:\/\/alternativafm.com\/site\/author\/redacao\/\"}]}<\/script>\n<!-- \/ Yoast SEO plugin. -->","yoast_head_json":{"title":"Festejos cat\u00f3licos tiveram in\u00edcio no Riacho da Cruz - Alternativa FM | 90,7 FM","robots":{"index":"index","follow":"follow","max-snippet":"max-snippet:-1","max-image-preview":"max-image-preview:large","max-video-preview":"max-video-preview:-1"},"canonical":"https:\/\/alternativafm.com\/site\/festejos-catolicos-tiveram-inicio-no-riacho-da-cruz\/","og_locale":"pt_BR","og_type":"article","og_title":"Festejos cat\u00f3licos tiveram in\u00edcio no Riacho da Cruz - Alternativa FM | 90,7 FM","og_url":"https:\/\/alternativafm.com\/site\/festejos-catolicos-tiveram-inicio-no-riacho-da-cruz\/","og_site_name":"Alternativa FM | 90,7 FM","article_published_time":"2026-07-03T19:13:37+00:00","article_modified_time":"2026-07-03T19:13:39+00:00","og_image":[{"width":320,"height":180,"url":"https:\/\/alternativafm.com\/site\/wp-content\/uploads\/mq2-2026-07-03T161303.319.webp","type":"image\/webp"}],"author":"redacao","twitter_card":"summary_large_image","twitter_misc":{"Escrito por":"redacao","Est. tempo de leitura":"1 minuto"},"schema":{"@context":"https:\/\/schema.org","@graph":[{"@type":"Article","@id":"https:\/\/alternativafm.com\/site\/festejos-catolicos-tiveram-inicio-no-riacho-da-cruz\/#article","isPartOf":{"@id":"https:\/\/alternativafm.com\/site\/festejos-catolicos-tiveram-inicio-no-riacho-da-cruz\/"},"author":{"name":"redacao","@id":"https:\/\/alternativafm.com\/site\/#\/schema\/person\/6b1ac1374b404fe65adc2da2ea4e902a"},"headline":"Festejos cat\u00f3licos tiveram in\u00edcio no Riacho da Cruz","datePublished":"2026-07-03T19:13:37+00:00","dateModified":"2026-07-03T19:13:39+00:00","mainEntityOfPage":{"@id":"https:\/\/alternativafm.com\/site\/festejos-catolicos-tiveram-inicio-no-riacho-da-cruz\/"},"wordCount":15,"commentCount":0,"publisher":{"@id":"https:\/\/alternativafm.com\/site\/#organization"},"image":{"@id":"https:\/\/alternativafm.com\/site\/festejos-catolicos-tiveram-inicio-no-riacho-da-cruz\/#primaryimage"},"thumbnailUrl":"https:\/\/alternativafm.com\/site\/wp-content\/uploads\/mq2-2026-07-03T161303.319.webp","articleSection":["GERAL","RELIGI\u00c3O"],"inLanguage":"pt-BR","potentialAction":[{"@type":"CommentAction","name":"Comment","target":["https:\/\/alternativafm.com\/site\/festejos-catolicos-tiveram-inicio-no-riacho-da-cruz\/#respond"]}]},{"@type":"WebPage","@id":"https:\/\/alternativafm.com\/site\/festejos-catolicos-tiveram-inicio-no-riacho-da-cruz\/","url":"https:\/\/alternativafm.com\/site\/festejos-catolicos-tiveram-inicio-no-riacho-da-cruz\/","name":"Festejos cat\u00f3licos tiveram in\u00edcio no Riacho da Cruz - Alternativa FM | 90,7 FM","isPartOf":{"@id":"https:\/\/alternativafm.com\/site\/#website"},"primaryImageOfPage":{"@id":"https:\/\/alternativafm.com\/site\/festejos-catolicos-tiveram-inicio-no-riacho-da-cruz\/#primaryimage"},"image":{"@id":"https:\/\/alternativafm.com\/site\/festejos-catolicos-tiveram-inicio-no-riacho-da-cruz\/#primaryimage"},"thumbnailUrl":"https:\/\/alternativafm.com\/site\/wp-content\/uploads\/mq2-2026-07-03T161303.319.webp","datePublished":"2026-07-03T19:13:37+00:00","dateModified":"2026-07-03T19:13:39+00:00","breadcrumb":{"@id":"https:\/\/alternativafm.com\/site\/festejos-catolicos-tiveram-inicio-no-riacho-da-cruz\/#breadcrumb"},"inLanguage":"pt-BR","potentialAction":[{"@type":"ReadAction","target":["https:\/\/alternativafm.com\/site\/festejos-catolicos-tiveram-inicio-no-riacho-da-cruz\/"]}]},{"@type":"ImageObject","inLanguage":"pt-BR","@id":"https:\/\/alternativafm.com\/site\/festejos-catolicos-tiveram-inicio-no-riacho-da-cruz\/#primaryimage","url":"https:\/\/alternativafm.com\/site\/wp-content\/uploads\/mq2-2026-07-03T161303.319.webp","contentUrl":"https:\/\/alternativafm.com\/site\/wp-content\/uploads\/mq2-2026-07-03T161303.319.webp","width":320,"height":180},{"@type":"BreadcrumbList","@id":"https:\/\/alternativafm.com\/site\/festejos-catolicos-tiveram-inicio-no-riacho-da-cruz\/#breadcrumb","itemListElement":[{"@type":"ListItem","position":1,"name":"In\u00edcio","item":"https:\/\/alternativafm.com\/site\/"},{"@type":"ListItem","position":2,"name":"Festejos cat\u00f3licos tiveram in\u00edcio no Riacho da Cruz"}]},{"@type":"WebSite","@id":"https:\/\/alternativafm.com\/site\/#website","url":"https:\/\/alternativafm.com\/site\/","name":"Alternativa FM | 90,7 FM","description":"","publisher":{"@id":"https:\/\/alternativafm.com\/site\/#organization"},"potentialAction":[{"@type":"SearchAction","target":{"@type":"EntryPoint","urlTemplate":"https:\/\/alternativafm.com\/site\/?s={search_term_string}"},"query-input":{"@type":"PropertyValueSpecification","valueRequired":true,"valueName":"search_term_string"}}],"inLanguage":"pt-BR"},{"@type":"Organization","@id":"https:\/\/alternativafm.com\/site\/#organization","name":"Alternativa FM | 90,7 FM","url":"https:\/\/alternativafm.com\/site\/","logo":{"@type":"ImageObject","inLanguage":"pt-BR","@id":"https:\/\/alternativafm.com\/site\/#\/schema\/logo\/image\/","url":"https:\/\/alternativafm.com\/site\/wp-content\/uploads\/2020\/07\/LOGOMARCA2.png","contentUrl":"https:\/\/alternativafm.com\/site\/wp-content\/uploads\/2020\/07\/LOGOMARCA2.png","width":1352,"height":464,"caption":"Alternativa FM | 90,7 FM"},"image":{"@id":"https:\/\/alternativafm.com\/site\/#\/schema\/logo\/image\/"}},{"@type":"Person","@id":"https:\/\/alternativafm.com\/site\/#\/schema\/person\/6b1ac1374b404fe65adc2da2ea4e902a","name":"redacao","image":{"@type":"ImageObject","inLanguage":"pt-BR","@id":"https:\/\/secure.gravatar.com\/avatar\/16ab12bea2743901812c1ec603a48cc65b4e7af25043bec48c2742b27028075e?s=96&d=mm&r=g","url":"https:\/\/secure.gravatar.com\/avatar\/16ab12bea2743901812c1ec603a48cc65b4e7af25043bec48c2742b27028075e?s=96&d=mm&r=g","contentUrl":"https:\/\/secure.gravatar.com\/avatar\/16ab12bea2743901812c1ec603a48cc65b4e7af25043bec48c2742b27028075e?s=96&d=mm&r=g","caption":"redacao"},"sameAs":["http:\/\/alternativafm.com\/site"],"url":"https:\/\/alternativafm.com\/site\/author\/redacao\/"}]}},"jetpack_publicize_connections":[],"jetpack_shortlink":"https:\/\/wp.me\/pccBN3-fmF","jetpack-related-posts":[{"id":59993,"url":"https:\/\/alternativafm.com\/site\/festejos-catolicos-vao-iniciar-na-comunidade-de-estancia-nazare\/","url_meta":{"origin":59065,"position":0},"title":"Festejos cat\u00f3licos v\u00e3o iniciar na Comunidade de Est\u00e2ncia Nazar\u00e9","author":"redacao","date":"agosto 27, 2026","format":false,"excerpt":"https:\/\/youtu.be\/dmknC4WIVMo","rel":"","context":"Em &quot;CIDADE&quot;","block_context":{"text":"CIDADE","link":"https:\/\/alternativafm.com\/site\/category\/cidade\/"},"img":{"alt_text":"","src":"https:\/\/i0.wp.com\/img.youtube.com\/vi\/dmknC4WIVMo\/0.jpg?resize=350%2C200","width":350,"height":200},"classes":[]},{"id":39703,"url":"https:\/\/alternativafm.com\/site\/comecaram-os-festejos-da-padroeira-do-distrito-do-riacho-da-cruz\/","url_meta":{"origin":59065,"position":1},"title":"Come\u00e7aram os festejos da padroeira do Distrito do Riacho da Cruz","author":"redacao","date":"julho 4, 2024","format":false,"excerpt":"https:\/\/youtu.be\/9lekbnv1HLI?si=hORvsQ-12jxn3JkU","rel":"","context":"Em &quot;GERAL&quot;","block_context":{"text":"GERAL","link":"https:\/\/alternativafm.com\/site\/category\/geral\/"},"img":{"alt_text":"","src":"https:\/\/i0.wp.com\/img.youtube.com\/vi\/9lekbnv1HLI\/0.jpg?resize=350%2C200","width":350,"height":200},"classes":[]},{"id":22420,"url":"https:\/\/alternativafm.com\/site\/festejo-catolico-comecara-em-pedras-de-maria-da-cruz\/","url_meta":{"origin":59065,"position":2},"title":"Festejo Cat\u00f3lico come\u00e7ar\u00e1 em Pedras de Maria da Cruz","author":"redacao","date":"novembro 28, 2022","format":false,"excerpt":"https:\/\/youtu.be\/MXtGktMv3PU","rel":"","context":"Em &quot;GERAL&quot;","block_context":{"text":"GERAL","link":"https:\/\/alternativafm.com\/site\/category\/geral\/"},"img":{"alt_text":"","src":"https:\/\/i0.wp.com\/img.youtube.com\/vi\/MXtGktMv3PU\/0.jpg?resize=350%2C200","width":350,"height":200},"classes":[]},{"id":7608,"url":"https:\/\/alternativafm.com\/site\/vacinacao-iniciada-esta-semana-na-regiao-do-riacho-da-cruz\/","url_meta":{"origin":59065,"position":3},"title":"Vacina\u00e7\u00e3o iniciada esta semana na regi\u00e3o do Riacho da Cruz","author":"redacao","date":"maio 11, 2021","format":false,"excerpt":"https:\/\/youtu.be\/H3XfTYnA1RA","rel":"","context":"Em &quot;DESTAQUE 2&quot;","block_context":{"text":"DESTAQUE 2","link":"https:\/\/alternativafm.com\/site\/category\/destaque-2\/"},"img":{"alt_text":"","src":"https:\/\/i0.wp.com\/img.youtube.com\/vi\/H3XfTYnA1RA\/0.jpg?resize=350%2C200","width":350,"height":200},"classes":[]},{"id":10810,"url":"https:\/\/alternativafm.com\/site\/festejos-catolicos-iniciam-no-brejo-do-amparo\/","url_meta":{"origin":59065,"position":4},"title":"Festejos cat\u00f3licos iniciam no Brejo do Amparo","author":"redacao","date":"agosto 30, 2021","format":false,"excerpt":"https:\/\/youtu.be\/xStLdliaUcA","rel":"","context":"Em &quot;GERAL&quot;","block_context":{"text":"GERAL","link":"https:\/\/alternativafm.com\/site\/category\/geral\/"},"img":{"alt_text":"","src":"https:\/\/i0.wp.com\/img.youtube.com\/vi\/xStLdliaUcA\/0.jpg?resize=350%2C200","width":350,"height":200},"classes":[]},{"id":9928,"url":"https:\/\/alternativafm.com\/site\/festejo-catolico-em-bonito-de-minas-comeca-nesta-quarta-feira\/","url_meta":{"origin":59065,"position":5},"title":"Festejo cat\u00f3lico em Bonito de Minas come\u00e7a nesta quarta-feira","author":"redacao","date":"julho 27, 2021","format":false,"excerpt":"https:\/\/youtu.be\/IAB9y2RCzeY","rel":"","context":"Em &quot;GERAL&quot;","block_context":{"text":"GERAL","link":"https:\/\/alternativafm.com\/site\/category\/geral\/"},"img":{"alt_text":"","src":"https:\/\/i0.wp.com\/img.youtube.com\/vi\/IAB9y2RCzeY\/0.jpg?resize=350%2C200","width":350,"height":200},"classes":[]}],"jetpack_sharing_enabled":true,"jetpack_likes_enabled":true,"jetpack_featured_media_url":"https:\/\/alternativafm.com\/site\/wp-content\/uploads\/mq2-2026-07-03T161303.319.webp","_links":{"self":[{"href":"https:\/\/alternativafm.com\/site\/wp-json\/wp\/v2\/posts\/59065","targetHints":{"allow":["GET"]}}],"collection":[{"href":"https:\/\/alternativafm.com\/site\/wp-json\/wp\/v2\/posts"}],"about":[{"href":"https:\/\/alternativafm.com\/site\/wp-json\/wp\/v2\/types\/post"}],"author":[{"embeddable":true,"href":"https:\/\/alternativafm.com\/site\/wp-json\/wp\/v2\/users\/1"}],"replies":[{"embeddable":true,"href":"https:\/\/alternativafm.com\/site\/wp-json\/wp\/v2\/comments?post=59065"}],"version-history":[{"count":1,"href":"https:\/\/alternativafm.com\/site\/wp-json\/wp\/v2\/posts\/59065\/revisions"}],"predecessor-version":[{"id":59067,"href":"https:\/\/alternativafm.com\/site\/wp-json\/wp\/v2\/posts\/59065\/revisions\/59067"}],"wp:featuredmedia":[{"embeddable":true,"href":"https:\/\/alternativafm.com\/site\/wp-json\/wp\/v2\/media\/59066"}],"wp:attachment":[{"href":"https:\/\/alternativafm.com\/site\/wp-json\/wp\/v2\/media?parent=59065"}],"wp:term":[{"taxonomy":"category","embeddable":true,"href":"https:\/\/alternativafm.com\/site\/wp-json\/wp\/v2\/categories?post=59065"},{"taxonomy":"post_tag","embeddable":true,"href":"https:\/\/alternativafm.com\/site\/wp-json\/wp\/v2\/tags?post=59065"}],"curies":[{"name":"wp","href":"https:\/\/api.w.org\/{rel}","templated":true}]}}