{"id":60066,"date":"2026-09-01T01:14:49","date_gmt":"2026-09-01T01:14:49","guid":{"rendered":"https:\/\/alternativafm.com\/site\/?p=60066"},"modified":"2026-09-01T01:14:50","modified_gmt":"2026-09-01T01:14:50","slug":"forca-e-acao-manobras-radicais-cobertura-amanha-no-nosso-youtube-e-na-tv-norte","status":"publish","type":"post","link":"https:\/\/alternativafm.com\/site\/forca-e-acao-manobras-radicais-cobertura-amanha-no-nosso-youtube-e-na-tv-norte\/","title":{"rendered":"For\u00e7a e A\u00e7\u00e3o! Manobras Radicais. Cobertura amanh\u00e3 no nosso YouTube e na TV Norte"},"content":{"rendered":"\n<figure class=\"wp-block-embed is-type-video is-provider-youtube wp-block-embed-youtube wp-embed-aspect-9-16 wp-has-aspect-ratio\"><div class=\"wp-block-embed__wrapper\">\n<iframe loading=\"lazy\" title=\"For\u00e7a e A\u00e7\u00e3o!\" width=\"540\" height=\"960\" src=\"https:\/\/www.youtube.com\/embed\/tUgvvzH7FE0?feature=oembed\" frameborder=\"0\" allow=\"accelerometer; autoplay; clipboard-write; encrypted-media; gyroscope; picture-in-picture; web-share\" referrerpolicy=\"strict-origin-when-cross-origin\" allowfullscreen><\/iframe>\n<\/div><\/figure>\n","protected":false},"excerpt":{"rendered":"","protected":false},"author":1,"featured_media":60067,"comment_status":"open","ping_status":"open","sticky":false,"template":"","format":"standard","meta":{"_jetpack_newsletter_access":"","_jetpack_dont_email_post_to_subs":false,"_jetpack_newsletter_tier_id":0,"_jetpack_memberships_contains_paywalled_content":false,"_jetpack_feature_clip_id":0,"_jetpack_memberships_contains_paid_content":false,"footnotes":"","jetpack_publicize_message":"","jetpack_publicize_feature_enabled":true,"jetpack_social_post_already_shared":true,"jetpack_social_options":{"image_generator_settings":{"template":"highway","default_image_id":0,"font":"","enabled":false},"version":2},"jetpack_post_was_ever_published":false},"categories":[5,6],"tags":[],"class_list":["post-60066","post","type-post","status-publish","format-standard","has-post-thumbnail","hentry","category-eventos","category-geral"],"yoast_head":"<!-- This site is optimized with the Yoast SEO plugin v27.2 - https:\/\/yoast.com\/product\/yoast-seo-wordpress\/ -->\n<title>For\u00e7a e A\u00e7\u00e3o! Manobras Radicais. Cobertura amanh\u00e3 no nosso YouTube e na TV Norte - Alternativa FM | 90,7 FM<\/title>\n<meta name=\"robots\" content=\"index, follow, max-snippet:-1, max-image-preview:large, max-video-preview:-1\" \/>\n<link rel=\"canonical\" href=\"https:\/\/alternativafm.com\/site\/forca-e-acao-manobras-radicais-cobertura-amanha-no-nosso-youtube-e-na-tv-norte\/\" \/>\n<meta property=\"og:locale\" content=\"pt_BR\" \/>\n<meta property=\"og:type\" content=\"article\" \/>\n<meta property=\"og:title\" content=\"For\u00e7a e A\u00e7\u00e3o! Manobras Radicais. Cobertura amanh\u00e3 no nosso YouTube e na TV Norte - Alternativa FM | 90,7 FM\" \/>\n<meta property=\"og:url\" content=\"https:\/\/alternativafm.com\/site\/forca-e-acao-manobras-radicais-cobertura-amanha-no-nosso-youtube-e-na-tv-norte\/\" \/>\n<meta property=\"og:site_name\" content=\"Alternativa FM | 90,7 FM\" \/>\n<meta property=\"article:published_time\" content=\"2026-09-01T01:14:49+00:00\" \/>\n<meta property=\"article:modified_time\" content=\"2026-09-01T01:14:50+00:00\" \/>\n<meta property=\"og:image\" content=\"https:\/\/alternativafm.com\/site\/wp-content\/uploads\/sd2.jpg\" \/>\n\t<meta property=\"og:image:width\" content=\"640\" \/>\n\t<meta property=\"og:image:height\" content=\"480\" \/>\n\t<meta property=\"og:image:type\" content=\"image\/jpeg\" \/>\n<meta name=\"author\" content=\"redacao\" \/>\n<meta name=\"twitter:card\" content=\"summary_large_image\" \/>\n<meta name=\"twitter:label1\" content=\"Escrito por\" \/>\n\t<meta name=\"twitter:data1\" content=\"redacao\" \/>\n\t<meta name=\"twitter:label2\" content=\"Est. tempo de leitura\" \/>\n\t<meta name=\"twitter:data2\" content=\"1 minuto\" \/>\n<script type=\"application\/ld+json\" class=\"yoast-schema-graph\">{\"@context\":\"https:\/\/schema.org\",\"@graph\":[{\"@type\":\"Article\",\"@id\":\"https:\/\/alternativafm.com\/site\/forca-e-acao-manobras-radicais-cobertura-amanha-no-nosso-youtube-e-na-tv-norte\/#article\",\"isPartOf\":{\"@id\":\"https:\/\/alternativafm.com\/site\/forca-e-acao-manobras-radicais-cobertura-amanha-no-nosso-youtube-e-na-tv-norte\/\"},\"author\":{\"name\":\"redacao\",\"@id\":\"https:\/\/alternativafm.com\/site\/#\/schema\/person\/6b1ac1374b404fe65adc2da2ea4e902a\"},\"headline\":\"For\u00e7a e A\u00e7\u00e3o! Manobras Radicais. Cobertura amanh\u00e3 no nosso YouTube e na TV Norte\",\"datePublished\":\"2026-09-01T01:14:49+00:00\",\"dateModified\":\"2026-09-01T01:14:50+00:00\",\"mainEntityOfPage\":{\"@id\":\"https:\/\/alternativafm.com\/site\/forca-e-acao-manobras-radicais-cobertura-amanha-no-nosso-youtube-e-na-tv-norte\/\"},\"wordCount\":22,\"commentCount\":0,\"publisher\":{\"@id\":\"https:\/\/alternativafm.com\/site\/#organization\"},\"image\":{\"@id\":\"https:\/\/alternativafm.com\/site\/forca-e-acao-manobras-radicais-cobertura-amanha-no-nosso-youtube-e-na-tv-norte\/#primaryimage\"},\"thumbnailUrl\":\"https:\/\/alternativafm.com\/site\/wp-content\/uploads\/sd2.jpg\",\"articleSection\":[\"EVENTOS\",\"GERAL\"],\"inLanguage\":\"pt-BR\",\"potentialAction\":[{\"@type\":\"CommentAction\",\"name\":\"Comment\",\"target\":[\"https:\/\/alternativafm.com\/site\/forca-e-acao-manobras-radicais-cobertura-amanha-no-nosso-youtube-e-na-tv-norte\/#respond\"]}]},{\"@type\":\"WebPage\",\"@id\":\"https:\/\/alternativafm.com\/site\/forca-e-acao-manobras-radicais-cobertura-amanha-no-nosso-youtube-e-na-tv-norte\/\",\"url\":\"https:\/\/alternativafm.com\/site\/forca-e-acao-manobras-radicais-cobertura-amanha-no-nosso-youtube-e-na-tv-norte\/\",\"name\":\"For\u00e7a e A\u00e7\u00e3o! Manobras Radicais. Cobertura amanh\u00e3 no nosso YouTube e na TV Norte - Alternativa FM | 90,7 FM\",\"isPartOf\":{\"@id\":\"https:\/\/alternativafm.com\/site\/#website\"},\"primaryImageOfPage\":{\"@id\":\"https:\/\/alternativafm.com\/site\/forca-e-acao-manobras-radicais-cobertura-amanha-no-nosso-youtube-e-na-tv-norte\/#primaryimage\"},\"image\":{\"@id\":\"https:\/\/alternativafm.com\/site\/forca-e-acao-manobras-radicais-cobertura-amanha-no-nosso-youtube-e-na-tv-norte\/#primaryimage\"},\"thumbnailUrl\":\"https:\/\/alternativafm.com\/site\/wp-content\/uploads\/sd2.jpg\",\"datePublished\":\"2026-09-01T01:14:49+00:00\",\"dateModified\":\"2026-09-01T01:14:50+00:00\",\"breadcrumb\":{\"@id\":\"https:\/\/alternativafm.com\/site\/forca-e-acao-manobras-radicais-cobertura-amanha-no-nosso-youtube-e-na-tv-norte\/#breadcrumb\"},\"inLanguage\":\"pt-BR\",\"potentialAction\":[{\"@type\":\"ReadAction\",\"target\":[\"https:\/\/alternativafm.com\/site\/forca-e-acao-manobras-radicais-cobertura-amanha-no-nosso-youtube-e-na-tv-norte\/\"]}]},{\"@type\":\"ImageObject\",\"inLanguage\":\"pt-BR\",\"@id\":\"https:\/\/alternativafm.com\/site\/forca-e-acao-manobras-radicais-cobertura-amanha-no-nosso-youtube-e-na-tv-norte\/#primaryimage\",\"url\":\"https:\/\/alternativafm.com\/site\/wp-content\/uploads\/sd2.jpg\",\"contentUrl\":\"https:\/\/alternativafm.com\/site\/wp-content\/uploads\/sd2.jpg\",\"width\":640,\"height\":480},{\"@type\":\"BreadcrumbList\",\"@id\":\"https:\/\/alternativafm.com\/site\/forca-e-acao-manobras-radicais-cobertura-amanha-no-nosso-youtube-e-na-tv-norte\/#breadcrumb\",\"itemListElement\":[{\"@type\":\"ListItem\",\"position\":1,\"name\":\"In\u00edcio\",\"item\":\"https:\/\/alternativafm.com\/site\/\"},{\"@type\":\"ListItem\",\"position\":2,\"name\":\"For\u00e7a e A\u00e7\u00e3o! Manobras Radicais. Cobertura amanh\u00e3 no nosso YouTube e na TV Norte\"}]},{\"@type\":\"WebSite\",\"@id\":\"https:\/\/alternativafm.com\/site\/#website\",\"url\":\"https:\/\/alternativafm.com\/site\/\",\"name\":\"Alternativa FM | 90,7 FM\",\"description\":\"\",\"publisher\":{\"@id\":\"https:\/\/alternativafm.com\/site\/#organization\"},\"potentialAction\":[{\"@type\":\"SearchAction\",\"target\":{\"@type\":\"EntryPoint\",\"urlTemplate\":\"https:\/\/alternativafm.com\/site\/?s={search_term_string}\"},\"query-input\":{\"@type\":\"PropertyValueSpecification\",\"valueRequired\":true,\"valueName\":\"search_term_string\"}}],\"inLanguage\":\"pt-BR\"},{\"@type\":\"Organization\",\"@id\":\"https:\/\/alternativafm.com\/site\/#organization\",\"name\":\"Alternativa FM | 90,7 FM\",\"url\":\"https:\/\/alternativafm.com\/site\/\",\"logo\":{\"@type\":\"ImageObject\",\"inLanguage\":\"pt-BR\",\"@id\":\"https:\/\/alternativafm.com\/site\/#\/schema\/logo\/image\/\",\"url\":\"https:\/\/alternativafm.com\/site\/wp-content\/uploads\/2020\/07\/LOGOMARCA2.png\",\"contentUrl\":\"https:\/\/alternativafm.com\/site\/wp-content\/uploads\/2020\/07\/LOGOMARCA2.png\",\"width\":1352,\"height\":464,\"caption\":\"Alternativa FM | 90,7 FM\"},\"image\":{\"@id\":\"https:\/\/alternativafm.com\/site\/#\/schema\/logo\/image\/\"}},{\"@type\":\"Person\",\"@id\":\"https:\/\/alternativafm.com\/site\/#\/schema\/person\/6b1ac1374b404fe65adc2da2ea4e902a\",\"name\":\"redacao\",\"image\":{\"@type\":\"ImageObject\",\"inLanguage\":\"pt-BR\",\"@id\":\"https:\/\/secure.gravatar.com\/avatar\/16ab12bea2743901812c1ec603a48cc65b4e7af25043bec48c2742b27028075e?s=96&d=mm&r=g\",\"url\":\"https:\/\/secure.gravatar.com\/avatar\/16ab12bea2743901812c1ec603a48cc65b4e7af25043bec48c2742b27028075e?s=96&d=mm&r=g\",\"contentUrl\":\"https:\/\/secure.gravatar.com\/avatar\/16ab12bea2743901812c1ec603a48cc65b4e7af25043bec48c2742b27028075e?s=96&d=mm&r=g\",\"caption\":\"redacao\"},\"sameAs\":[\"http:\/\/alternativafm.com\/site\"],\"url\":\"https:\/\/alternativafm.com\/site\/author\/redacao\/\"}]}<\/script>\n<!-- \/ Yoast SEO plugin. -->","yoast_head_json":{"title":"For\u00e7a e A\u00e7\u00e3o! Manobras Radicais. Cobertura amanh\u00e3 no nosso YouTube e na TV Norte - Alternativa FM | 90,7 FM","robots":{"index":"index","follow":"follow","max-snippet":"max-snippet:-1","max-image-preview":"max-image-preview:large","max-video-preview":"max-video-preview:-1"},"canonical":"https:\/\/alternativafm.com\/site\/forca-e-acao-manobras-radicais-cobertura-amanha-no-nosso-youtube-e-na-tv-norte\/","og_locale":"pt_BR","og_type":"article","og_title":"For\u00e7a e A\u00e7\u00e3o! Manobras Radicais. Cobertura amanh\u00e3 no nosso YouTube e na TV Norte - Alternativa FM | 90,7 FM","og_url":"https:\/\/alternativafm.com\/site\/forca-e-acao-manobras-radicais-cobertura-amanha-no-nosso-youtube-e-na-tv-norte\/","og_site_name":"Alternativa FM | 90,7 FM","article_published_time":"2026-09-01T01:14:49+00:00","article_modified_time":"2026-09-01T01:14:50+00:00","og_image":[{"width":640,"height":480,"url":"https:\/\/alternativafm.com\/site\/wp-content\/uploads\/sd2.jpg","type":"image\/jpeg"}],"author":"redacao","twitter_card":"summary_large_image","twitter_misc":{"Escrito por":"redacao","Est. tempo de leitura":"1 minuto"},"schema":{"@context":"https:\/\/schema.org","@graph":[{"@type":"Article","@id":"https:\/\/alternativafm.com\/site\/forca-e-acao-manobras-radicais-cobertura-amanha-no-nosso-youtube-e-na-tv-norte\/#article","isPartOf":{"@id":"https:\/\/alternativafm.com\/site\/forca-e-acao-manobras-radicais-cobertura-amanha-no-nosso-youtube-e-na-tv-norte\/"},"author":{"name":"redacao","@id":"https:\/\/alternativafm.com\/site\/#\/schema\/person\/6b1ac1374b404fe65adc2da2ea4e902a"},"headline":"For\u00e7a e A\u00e7\u00e3o! Manobras Radicais. Cobertura amanh\u00e3 no nosso YouTube e na TV Norte","datePublished":"2026-09-01T01:14:49+00:00","dateModified":"2026-09-01T01:14:50+00:00","mainEntityOfPage":{"@id":"https:\/\/alternativafm.com\/site\/forca-e-acao-manobras-radicais-cobertura-amanha-no-nosso-youtube-e-na-tv-norte\/"},"wordCount":22,"commentCount":0,"publisher":{"@id":"https:\/\/alternativafm.com\/site\/#organization"},"image":{"@id":"https:\/\/alternativafm.com\/site\/forca-e-acao-manobras-radicais-cobertura-amanha-no-nosso-youtube-e-na-tv-norte\/#primaryimage"},"thumbnailUrl":"https:\/\/alternativafm.com\/site\/wp-content\/uploads\/sd2.jpg","articleSection":["EVENTOS","GERAL"],"inLanguage":"pt-BR","potentialAction":[{"@type":"CommentAction","name":"Comment","target":["https:\/\/alternativafm.com\/site\/forca-e-acao-manobras-radicais-cobertura-amanha-no-nosso-youtube-e-na-tv-norte\/#respond"]}]},{"@type":"WebPage","@id":"https:\/\/alternativafm.com\/site\/forca-e-acao-manobras-radicais-cobertura-amanha-no-nosso-youtube-e-na-tv-norte\/","url":"https:\/\/alternativafm.com\/site\/forca-e-acao-manobras-radicais-cobertura-amanha-no-nosso-youtube-e-na-tv-norte\/","name":"For\u00e7a e A\u00e7\u00e3o! Manobras Radicais. Cobertura amanh\u00e3 no nosso YouTube e na TV Norte - Alternativa FM | 90,7 FM","isPartOf":{"@id":"https:\/\/alternativafm.com\/site\/#website"},"primaryImageOfPage":{"@id":"https:\/\/alternativafm.com\/site\/forca-e-acao-manobras-radicais-cobertura-amanha-no-nosso-youtube-e-na-tv-norte\/#primaryimage"},"image":{"@id":"https:\/\/alternativafm.com\/site\/forca-e-acao-manobras-radicais-cobertura-amanha-no-nosso-youtube-e-na-tv-norte\/#primaryimage"},"thumbnailUrl":"https:\/\/alternativafm.com\/site\/wp-content\/uploads\/sd2.jpg","datePublished":"2026-09-01T01:14:49+00:00","dateModified":"2026-09-01T01:14:50+00:00","breadcrumb":{"@id":"https:\/\/alternativafm.com\/site\/forca-e-acao-manobras-radicais-cobertura-amanha-no-nosso-youtube-e-na-tv-norte\/#breadcrumb"},"inLanguage":"pt-BR","potentialAction":[{"@type":"ReadAction","target":["https:\/\/alternativafm.com\/site\/forca-e-acao-manobras-radicais-cobertura-amanha-no-nosso-youtube-e-na-tv-norte\/"]}]},{"@type":"ImageObject","inLanguage":"pt-BR","@id":"https:\/\/alternativafm.com\/site\/forca-e-acao-manobras-radicais-cobertura-amanha-no-nosso-youtube-e-na-tv-norte\/#primaryimage","url":"https:\/\/alternativafm.com\/site\/wp-content\/uploads\/sd2.jpg","contentUrl":"https:\/\/alternativafm.com\/site\/wp-content\/uploads\/sd2.jpg","width":640,"height":480},{"@type":"BreadcrumbList","@id":"https:\/\/alternativafm.com\/site\/forca-e-acao-manobras-radicais-cobertura-amanha-no-nosso-youtube-e-na-tv-norte\/#breadcrumb","itemListElement":[{"@type":"ListItem","position":1,"name":"In\u00edcio","item":"https:\/\/alternativafm.com\/site\/"},{"@type":"ListItem","position":2,"name":"For\u00e7a e A\u00e7\u00e3o! Manobras Radicais. Cobertura amanh\u00e3 no nosso YouTube e na TV Norte"}]},{"@type":"WebSite","@id":"https:\/\/alternativafm.com\/site\/#website","url":"https:\/\/alternativafm.com\/site\/","name":"Alternativa FM | 90,7 FM","description":"","publisher":{"@id":"https:\/\/alternativafm.com\/site\/#organization"},"potentialAction":[{"@type":"SearchAction","target":{"@type":"EntryPoint","urlTemplate":"https:\/\/alternativafm.com\/site\/?s={search_term_string}"},"query-input":{"@type":"PropertyValueSpecification","valueRequired":true,"valueName":"search_term_string"}}],"inLanguage":"pt-BR"},{"@type":"Organization","@id":"https:\/\/alternativafm.com\/site\/#organization","name":"Alternativa FM | 90,7 FM","url":"https:\/\/alternativafm.com\/site\/","logo":{"@type":"ImageObject","inLanguage":"pt-BR","@id":"https:\/\/alternativafm.com\/site\/#\/schema\/logo\/image\/","url":"https:\/\/alternativafm.com\/site\/wp-content\/uploads\/2020\/07\/LOGOMARCA2.png","contentUrl":"https:\/\/alternativafm.com\/site\/wp-content\/uploads\/2020\/07\/LOGOMARCA2.png","width":1352,"height":464,"caption":"Alternativa FM | 90,7 FM"},"image":{"@id":"https:\/\/alternativafm.com\/site\/#\/schema\/logo\/image\/"}},{"@type":"Person","@id":"https:\/\/alternativafm.com\/site\/#\/schema\/person\/6b1ac1374b404fe65adc2da2ea4e902a","name":"redacao","image":{"@type":"ImageObject","inLanguage":"pt-BR","@id":"https:\/\/secure.gravatar.com\/avatar\/16ab12bea2743901812c1ec603a48cc65b4e7af25043bec48c2742b27028075e?s=96&d=mm&r=g","url":"https:\/\/secure.gravatar.com\/avatar\/16ab12bea2743901812c1ec603a48cc65b4e7af25043bec48c2742b27028075e?s=96&d=mm&r=g","contentUrl":"https:\/\/secure.gravatar.com\/avatar\/16ab12bea2743901812c1ec603a48cc65b4e7af25043bec48c2742b27028075e?s=96&d=mm&r=g","caption":"redacao"},"sameAs":["http:\/\/alternativafm.com\/site"],"url":"https:\/\/alternativafm.com\/site\/author\/redacao\/"}]}},"jetpack_publicize_connections":[],"jetpack_shortlink":"https:\/\/wp.me\/pccBN3-fCO","jetpack-related-posts":[{"id":34562,"url":"https:\/\/alternativafm.com\/site\/feliz-ano-novo-de-nossa-equipe\/","url_meta":{"origin":60066,"position":0},"title":"Feliz Ano Novo de nossa equipe!","author":"redacao","date":"dezembro 30, 2023","format":false,"excerpt":"https:\/\/youtube.com\/shorts\/UB7Sm_esJHw?si=ywBqDDMusRFV2ytn","rel":"","context":"Em &quot;DESTAQUE&quot;","block_context":{"text":"DESTAQUE","link":"https:\/\/alternativafm.com\/site\/category\/destaque\/"},"img":{"alt_text":"","src":"","width":0,"height":0},"classes":[]},{"id":27981,"url":"https:\/\/alternativafm.com\/site\/manobras-radicais-neste-domingo-na-cidade\/","url_meta":{"origin":60066,"position":1},"title":"Manobras radicais neste domingo na cidade","author":"redacao","date":"maio 19, 2023","format":false,"excerpt":"https:\/\/www.youtube.com\/embed\/rvaR2f4I3NI","rel":"","context":"Em &quot;ESPORTE&quot;","block_context":{"text":"ESPORTE","link":"https:\/\/alternativafm.com\/site\/category\/esporte\/"},"img":{"alt_text":"","src":"","width":0,"height":0},"classes":[]},{"id":59361,"url":"https:\/\/alternativafm.com\/site\/januaria-recebeu-espetaculo-de-manobras-radicais-com-o-monster-off-road\/","url_meta":{"origin":60066,"position":2},"title":"Janu\u00e1ria recebeu espet\u00e1culo de manobras radicais com o Monster Off Road","author":"redacao","date":"julho 21, 2026","format":false,"excerpt":"https:\/\/youtu.be\/-iZxpI6xmC4","rel":"","context":"Em &quot;CIDADE&quot;","block_context":{"text":"CIDADE","link":"https:\/\/alternativafm.com\/site\/category\/cidade\/"},"img":{"alt_text":"","src":"https:\/\/i0.wp.com\/img.youtube.com\/vi\/-iZxpI6xmC4\/0.jpg?resize=350%2C200","width":350,"height":200},"classes":[]},{"id":55795,"url":"https:\/\/alternativafm.com\/site\/operacao-da-pm-nesta-quarta-feira-em-januaria-mais-detalhes-no-norte-noticias\/","url_meta":{"origin":60066,"position":3},"title":"Opera\u00e7\u00e3o da PM nesta quarta-feira em Janu\u00e1ria. Mais detalhes no Norte Not\u00edcias","author":"redacao","date":"fevereiro 4, 2026","format":false,"excerpt":"https:\/\/youtube.com\/shorts\/uIl77LNB83o","rel":"","context":"Em &quot;GERAL&quot;","block_context":{"text":"GERAL","link":"https:\/\/alternativafm.com\/site\/category\/geral\/"},"img":{"alt_text":"","src":"https:\/\/i0.wp.com\/alternativafm.com\/site\/wp-content\/uploads\/helicoptero-PM.png?resize=350%2C200&ssl=1","width":350,"height":200},"classes":[]},{"id":57476,"url":"https:\/\/alternativafm.com\/site\/30-anos-do-bonito-de-minas-artista-da-show-no-nosso-estudio-movel\/","url_meta":{"origin":60066,"position":4},"title":"30 Anos do Bonito de Minas. Artista d\u00e1 show no nosso Est\u00fadio M\u00f3vel","author":"redacao","date":"abril 14, 2026","format":false,"excerpt":"https:\/\/youtube.com\/shorts\/ckiFc6mNuZ0 https:\/\/youtube.com\/shorts\/oW2xroZmjGM","rel":"","context":"Em &quot;EVENTOS&quot;","block_context":{"text":"EVENTOS","link":"https:\/\/alternativafm.com\/site\/category\/eventos\/"},"img":{"alt_text":"","src":"https:\/\/i0.wp.com\/alternativafm.com\/site\/wp-content\/uploads\/estudio-movel.png?resize=350%2C200&ssl=1","width":350,"height":200},"classes":[]},{"id":6303,"url":"https:\/\/alternativafm.com\/site\/amanha-tem-programa-especial-da-diocese-na-tv-norte\/","url_meta":{"origin":60066,"position":5},"title":"Amanh\u00e3 tem Programa Especial da Diocese na TV Norte","author":"redacao","date":"mar\u00e7o 24, 2021","format":false,"excerpt":"https:\/\/youtu.be\/U_IVlcRuYiw","rel":"","context":"Em &quot;GERAL&quot;","block_context":{"text":"GERAL","link":"https:\/\/alternativafm.com\/site\/category\/geral\/"},"img":{"alt_text":"","src":"https:\/\/i0.wp.com\/img.youtube.com\/vi\/U_IVlcRuYiw\/0.jpg?resize=350%2C200","width":350,"height":200},"classes":[]}],"jetpack_sharing_enabled":true,"jetpack_likes_enabled":true,"jetpack_featured_media_url":"https:\/\/alternativafm.com\/site\/wp-content\/uploads\/sd2.jpg","_links":{"self":[{"href":"https:\/\/alternativafm.com\/site\/wp-json\/wp\/v2\/posts\/60066","targetHints":{"allow":["GET"]}}],"collection":[{"href":"https:\/\/alternativafm.com\/site\/wp-json\/wp\/v2\/posts"}],"about":[{"href":"https:\/\/alternativafm.com\/site\/wp-json\/wp\/v2\/types\/post"}],"author":[{"embeddable":true,"href":"https:\/\/alternativafm.com\/site\/wp-json\/wp\/v2\/users\/1"}],"replies":[{"embeddable":true,"href":"https:\/\/alternativafm.com\/site\/wp-json\/wp\/v2\/comments?post=60066"}],"version-history":[{"count":1,"href":"https:\/\/alternativafm.com\/site\/wp-json\/wp\/v2\/posts\/60066\/revisions"}],"predecessor-version":[{"id":60068,"href":"https:\/\/alternativafm.com\/site\/wp-json\/wp\/v2\/posts\/60066\/revisions\/60068"}],"wp:featuredmedia":[{"embeddable":true,"href":"https:\/\/alternativafm.com\/site\/wp-json\/wp\/v2\/media\/60067"}],"wp:attachment":[{"href":"https:\/\/alternativafm.com\/site\/wp-json\/wp\/v2\/media?parent=60066"}],"wp:term":[{"taxonomy":"category","embeddable":true,"href":"https:\/\/alternativafm.com\/site\/wp-json\/wp\/v2\/categories?post=60066"},{"taxonomy":"post_tag","embeddable":true,"href":"https:\/\/alternativafm.com\/site\/wp-json\/wp\/v2\/tags?post=60066"}],"curies":[{"name":"wp","href":"https:\/\/api.w.org\/{rel}","templated":true}]}}