{"id":6172,"date":"2021-03-19T11:29:31","date_gmt":"2021-03-19T11:29:31","guid":{"rendered":"https:\/\/alternativafm.com\/site\/?p=6172"},"modified":"2021-03-19T11:29:33","modified_gmt":"2021-03-19T11:29:33","slug":"escolas-podem-auxiliar-no-ensino-da-etiqueta-respiratoria","status":"publish","type":"post","link":"https:\/\/alternativafm.com\/site\/escolas-podem-auxiliar-no-ensino-da-etiqueta-respiratoria\/","title":{"rendered":"Escolas podem auxiliar no ensino da etiqueta respirat\u00f3ria"},"content":{"rendered":"\n<figure class=\"wp-block-audio\"><audio controls src=\"https:\/\/brasil61.com\/rails\/active_storage\/blobs\/eyJfcmFpbHMiOnsibWVzc2FnZSI6IkJBaHBBc0RRIiwiZXhwIjpudWxsLCJwdXIiOiJibG9iX2lkIn19--6e8b59ade50701a4eaca80ec2e8a85ab5fb7bb77\/UCEF210090A\"><\/audio><\/figure>\n","protected":false},"excerpt":{"rendered":"","protected":false},"author":1,"featured_media":0,"comment_status":"open","ping_status":"open","sticky":false,"template":"","format":"standard","meta":{"_jetpack_newsletter_access":"","_jetpack_dont_email_post_to_subs":false,"_jetpack_newsletter_tier_id":0,"_jetpack_memberships_contains_paywalled_content":false,"_jetpack_feature_clip_id":0,"_jetpack_memberships_contains_paid_content":false,"footnotes":"","jetpack_publicize_message":"","jetpack_publicize_feature_enabled":true,"jetpack_social_post_already_shared":true,"jetpack_social_options":{"image_generator_settings":{"template":"highway","default_image_id":0,"font":"","enabled":false},"version":2},"jetpack_post_was_ever_published":false},"categories":[41],"tags":[],"class_list":["post-6172","post","type-post","status-publish","format-standard","hentry","category-podcast"],"yoast_head":"<!-- This site is optimized with the Yoast SEO plugin v27.2 - https:\/\/yoast.com\/product\/yoast-seo-wordpress\/ -->\n<title>Escolas podem auxiliar no ensino da etiqueta respirat\u00f3ria - Alternativa FM | 90,7 FM<\/title>\n<meta name=\"robots\" content=\"index, follow, max-snippet:-1, max-image-preview:large, max-video-preview:-1\" \/>\n<link rel=\"canonical\" href=\"https:\/\/alternativafm.com\/site\/escolas-podem-auxiliar-no-ensino-da-etiqueta-respiratoria\/\" \/>\n<meta property=\"og:locale\" content=\"pt_BR\" \/>\n<meta property=\"og:type\" content=\"article\" \/>\n<meta property=\"og:title\" content=\"Escolas podem auxiliar no ensino da etiqueta respirat\u00f3ria - Alternativa FM | 90,7 FM\" \/>\n<meta property=\"og:url\" content=\"https:\/\/alternativafm.com\/site\/escolas-podem-auxiliar-no-ensino-da-etiqueta-respiratoria\/\" \/>\n<meta property=\"og:site_name\" content=\"Alternativa FM | 90,7 FM\" \/>\n<meta property=\"article:published_time\" content=\"2021-03-19T11:29:31+00:00\" \/>\n<meta property=\"article:modified_time\" content=\"2021-03-19T11:29:33+00:00\" \/>\n<meta name=\"author\" content=\"redacao\" \/>\n<meta name=\"twitter:card\" content=\"summary_large_image\" \/>\n<meta name=\"twitter:label1\" content=\"Escrito por\" \/>\n\t<meta name=\"twitter:data1\" content=\"redacao\" \/>\n<script type=\"application\/ld+json\" class=\"yoast-schema-graph\">{\"@context\":\"https:\/\/schema.org\",\"@graph\":[{\"@type\":\"Article\",\"@id\":\"https:\/\/alternativafm.com\/site\/escolas-podem-auxiliar-no-ensino-da-etiqueta-respiratoria\/#article\",\"isPartOf\":{\"@id\":\"https:\/\/alternativafm.com\/site\/escolas-podem-auxiliar-no-ensino-da-etiqueta-respiratoria\/\"},\"author\":{\"name\":\"redacao\",\"@id\":\"https:\/\/alternativafm.com\/site\/#\/schema\/person\/6b1ac1374b404fe65adc2da2ea4e902a\"},\"headline\":\"Escolas podem auxiliar no ensino da etiqueta respirat\u00f3ria\",\"datePublished\":\"2021-03-19T11:29:31+00:00\",\"dateModified\":\"2021-03-19T11:29:33+00:00\",\"mainEntityOfPage\":{\"@id\":\"https:\/\/alternativafm.com\/site\/escolas-podem-auxiliar-no-ensino-da-etiqueta-respiratoria\/\"},\"wordCount\":9,\"commentCount\":0,\"publisher\":{\"@id\":\"https:\/\/alternativafm.com\/site\/#organization\"},\"articleSection\":[\"PODCAST\"],\"inLanguage\":\"pt-BR\",\"potentialAction\":[{\"@type\":\"CommentAction\",\"name\":\"Comment\",\"target\":[\"https:\/\/alternativafm.com\/site\/escolas-podem-auxiliar-no-ensino-da-etiqueta-respiratoria\/#respond\"]}]},{\"@type\":\"WebPage\",\"@id\":\"https:\/\/alternativafm.com\/site\/escolas-podem-auxiliar-no-ensino-da-etiqueta-respiratoria\/\",\"url\":\"https:\/\/alternativafm.com\/site\/escolas-podem-auxiliar-no-ensino-da-etiqueta-respiratoria\/\",\"name\":\"Escolas podem auxiliar no ensino da etiqueta respirat\u00f3ria - Alternativa FM | 90,7 FM\",\"isPartOf\":{\"@id\":\"https:\/\/alternativafm.com\/site\/#website\"},\"datePublished\":\"2021-03-19T11:29:31+00:00\",\"dateModified\":\"2021-03-19T11:29:33+00:00\",\"breadcrumb\":{\"@id\":\"https:\/\/alternativafm.com\/site\/escolas-podem-auxiliar-no-ensino-da-etiqueta-respiratoria\/#breadcrumb\"},\"inLanguage\":\"pt-BR\",\"potentialAction\":[{\"@type\":\"ReadAction\",\"target\":[\"https:\/\/alternativafm.com\/site\/escolas-podem-auxiliar-no-ensino-da-etiqueta-respiratoria\/\"]}]},{\"@type\":\"BreadcrumbList\",\"@id\":\"https:\/\/alternativafm.com\/site\/escolas-podem-auxiliar-no-ensino-da-etiqueta-respiratoria\/#breadcrumb\",\"itemListElement\":[{\"@type\":\"ListItem\",\"position\":1,\"name\":\"In\u00edcio\",\"item\":\"https:\/\/alternativafm.com\/site\/\"},{\"@type\":\"ListItem\",\"position\":2,\"name\":\"Escolas podem auxiliar no ensino da etiqueta respirat\u00f3ria\"}]},{\"@type\":\"WebSite\",\"@id\":\"https:\/\/alternativafm.com\/site\/#website\",\"url\":\"https:\/\/alternativafm.com\/site\/\",\"name\":\"Alternativa FM | 90,7 FM\",\"description\":\"\",\"publisher\":{\"@id\":\"https:\/\/alternativafm.com\/site\/#organization\"},\"potentialAction\":[{\"@type\":\"SearchAction\",\"target\":{\"@type\":\"EntryPoint\",\"urlTemplate\":\"https:\/\/alternativafm.com\/site\/?s={search_term_string}\"},\"query-input\":{\"@type\":\"PropertyValueSpecification\",\"valueRequired\":true,\"valueName\":\"search_term_string\"}}],\"inLanguage\":\"pt-BR\"},{\"@type\":\"Organization\",\"@id\":\"https:\/\/alternativafm.com\/site\/#organization\",\"name\":\"Alternativa FM | 90,7 FM\",\"url\":\"https:\/\/alternativafm.com\/site\/\",\"logo\":{\"@type\":\"ImageObject\",\"inLanguage\":\"pt-BR\",\"@id\":\"https:\/\/alternativafm.com\/site\/#\/schema\/logo\/image\/\",\"url\":\"https:\/\/alternativafm.com\/site\/wp-content\/uploads\/2020\/07\/LOGOMARCA2.png\",\"contentUrl\":\"https:\/\/alternativafm.com\/site\/wp-content\/uploads\/2020\/07\/LOGOMARCA2.png\",\"width\":1352,\"height\":464,\"caption\":\"Alternativa FM | 90,7 FM\"},\"image\":{\"@id\":\"https:\/\/alternativafm.com\/site\/#\/schema\/logo\/image\/\"}},{\"@type\":\"Person\",\"@id\":\"https:\/\/alternativafm.com\/site\/#\/schema\/person\/6b1ac1374b404fe65adc2da2ea4e902a\",\"name\":\"redacao\",\"image\":{\"@type\":\"ImageObject\",\"inLanguage\":\"pt-BR\",\"@id\":\"https:\/\/secure.gravatar.com\/avatar\/16ab12bea2743901812c1ec603a48cc65b4e7af25043bec48c2742b27028075e?s=96&d=mm&r=g\",\"url\":\"https:\/\/secure.gravatar.com\/avatar\/16ab12bea2743901812c1ec603a48cc65b4e7af25043bec48c2742b27028075e?s=96&d=mm&r=g\",\"contentUrl\":\"https:\/\/secure.gravatar.com\/avatar\/16ab12bea2743901812c1ec603a48cc65b4e7af25043bec48c2742b27028075e?s=96&d=mm&r=g\",\"caption\":\"redacao\"},\"sameAs\":[\"http:\/\/alternativafm.com\/site\"],\"url\":\"https:\/\/alternativafm.com\/site\/author\/redacao\/\"}]}<\/script>\n<!-- \/ Yoast SEO plugin. -->","yoast_head_json":{"title":"Escolas podem auxiliar no ensino da etiqueta respirat\u00f3ria - Alternativa FM | 90,7 FM","robots":{"index":"index","follow":"follow","max-snippet":"max-snippet:-1","max-image-preview":"max-image-preview:large","max-video-preview":"max-video-preview:-1"},"canonical":"https:\/\/alternativafm.com\/site\/escolas-podem-auxiliar-no-ensino-da-etiqueta-respiratoria\/","og_locale":"pt_BR","og_type":"article","og_title":"Escolas podem auxiliar no ensino da etiqueta respirat\u00f3ria - Alternativa FM | 90,7 FM","og_url":"https:\/\/alternativafm.com\/site\/escolas-podem-auxiliar-no-ensino-da-etiqueta-respiratoria\/","og_site_name":"Alternativa FM | 90,7 FM","article_published_time":"2021-03-19T11:29:31+00:00","article_modified_time":"2021-03-19T11:29:33+00:00","author":"redacao","twitter_card":"summary_large_image","twitter_misc":{"Escrito por":"redacao"},"schema":{"@context":"https:\/\/schema.org","@graph":[{"@type":"Article","@id":"https:\/\/alternativafm.com\/site\/escolas-podem-auxiliar-no-ensino-da-etiqueta-respiratoria\/#article","isPartOf":{"@id":"https:\/\/alternativafm.com\/site\/escolas-podem-auxiliar-no-ensino-da-etiqueta-respiratoria\/"},"author":{"name":"redacao","@id":"https:\/\/alternativafm.com\/site\/#\/schema\/person\/6b1ac1374b404fe65adc2da2ea4e902a"},"headline":"Escolas podem auxiliar no ensino da etiqueta respirat\u00f3ria","datePublished":"2021-03-19T11:29:31+00:00","dateModified":"2021-03-19T11:29:33+00:00","mainEntityOfPage":{"@id":"https:\/\/alternativafm.com\/site\/escolas-podem-auxiliar-no-ensino-da-etiqueta-respiratoria\/"},"wordCount":9,"commentCount":0,"publisher":{"@id":"https:\/\/alternativafm.com\/site\/#organization"},"articleSection":["PODCAST"],"inLanguage":"pt-BR","potentialAction":[{"@type":"CommentAction","name":"Comment","target":["https:\/\/alternativafm.com\/site\/escolas-podem-auxiliar-no-ensino-da-etiqueta-respiratoria\/#respond"]}]},{"@type":"WebPage","@id":"https:\/\/alternativafm.com\/site\/escolas-podem-auxiliar-no-ensino-da-etiqueta-respiratoria\/","url":"https:\/\/alternativafm.com\/site\/escolas-podem-auxiliar-no-ensino-da-etiqueta-respiratoria\/","name":"Escolas podem auxiliar no ensino da etiqueta respirat\u00f3ria - Alternativa FM | 90,7 FM","isPartOf":{"@id":"https:\/\/alternativafm.com\/site\/#website"},"datePublished":"2021-03-19T11:29:31+00:00","dateModified":"2021-03-19T11:29:33+00:00","breadcrumb":{"@id":"https:\/\/alternativafm.com\/site\/escolas-podem-auxiliar-no-ensino-da-etiqueta-respiratoria\/#breadcrumb"},"inLanguage":"pt-BR","potentialAction":[{"@type":"ReadAction","target":["https:\/\/alternativafm.com\/site\/escolas-podem-auxiliar-no-ensino-da-etiqueta-respiratoria\/"]}]},{"@type":"BreadcrumbList","@id":"https:\/\/alternativafm.com\/site\/escolas-podem-auxiliar-no-ensino-da-etiqueta-respiratoria\/#breadcrumb","itemListElement":[{"@type":"ListItem","position":1,"name":"In\u00edcio","item":"https:\/\/alternativafm.com\/site\/"},{"@type":"ListItem","position":2,"name":"Escolas podem auxiliar no ensino da etiqueta respirat\u00f3ria"}]},{"@type":"WebSite","@id":"https:\/\/alternativafm.com\/site\/#website","url":"https:\/\/alternativafm.com\/site\/","name":"Alternativa FM | 90,7 FM","description":"","publisher":{"@id":"https:\/\/alternativafm.com\/site\/#organization"},"potentialAction":[{"@type":"SearchAction","target":{"@type":"EntryPoint","urlTemplate":"https:\/\/alternativafm.com\/site\/?s={search_term_string}"},"query-input":{"@type":"PropertyValueSpecification","valueRequired":true,"valueName":"search_term_string"}}],"inLanguage":"pt-BR"},{"@type":"Organization","@id":"https:\/\/alternativafm.com\/site\/#organization","name":"Alternativa FM | 90,7 FM","url":"https:\/\/alternativafm.com\/site\/","logo":{"@type":"ImageObject","inLanguage":"pt-BR","@id":"https:\/\/alternativafm.com\/site\/#\/schema\/logo\/image\/","url":"https:\/\/alternativafm.com\/site\/wp-content\/uploads\/2020\/07\/LOGOMARCA2.png","contentUrl":"https:\/\/alternativafm.com\/site\/wp-content\/uploads\/2020\/07\/LOGOMARCA2.png","width":1352,"height":464,"caption":"Alternativa FM | 90,7 FM"},"image":{"@id":"https:\/\/alternativafm.com\/site\/#\/schema\/logo\/image\/"}},{"@type":"Person","@id":"https:\/\/alternativafm.com\/site\/#\/schema\/person\/6b1ac1374b404fe65adc2da2ea4e902a","name":"redacao","image":{"@type":"ImageObject","inLanguage":"pt-BR","@id":"https:\/\/secure.gravatar.com\/avatar\/16ab12bea2743901812c1ec603a48cc65b4e7af25043bec48c2742b27028075e?s=96&d=mm&r=g","url":"https:\/\/secure.gravatar.com\/avatar\/16ab12bea2743901812c1ec603a48cc65b4e7af25043bec48c2742b27028075e?s=96&d=mm&r=g","contentUrl":"https:\/\/secure.gravatar.com\/avatar\/16ab12bea2743901812c1ec603a48cc65b4e7af25043bec48c2742b27028075e?s=96&d=mm&r=g","caption":"redacao"},"sameAs":["http:\/\/alternativafm.com\/site"],"url":"https:\/\/alternativafm.com\/site\/author\/redacao\/"}]}},"jetpack_publicize_connections":[],"jetpack_shortlink":"https:\/\/wp.me\/pccBN3-1By","jetpack-related-posts":[{"id":15204,"url":"https:\/\/alternativafm.com\/site\/pais-e-responsaveis-recebem-auxilio-para-compra-de-material-escolar\/","url_meta":{"origin":6172,"position":0},"title":"Pais e respons\u00e1veis recebem aux\u00edlio para compra de material escolar","author":"redacao","date":"fevereiro 15, 2022","format":false,"excerpt":"","rel":"","context":"Em &quot;PODCAST&quot;","block_context":{"text":"PODCAST","link":"https:\/\/alternativafm.com\/site\/category\/podcast\/"},"img":{"alt_text":"","src":"","width":0,"height":0},"classes":[]},{"id":44965,"url":"https:\/\/alternativafm.com\/site\/estudantes-tem-ate-o-dia-10-de-janeiro-para-confirmar-as-matriculas-do-cadastro-escolar-2025\/","url_meta":{"origin":6172,"position":1},"title":"Estudantes t\u00eam at\u00e9 o dia 10 de janeiro para confirmar as matr\u00edculas do Cadastro Escolar 2025","author":"redacao","date":"janeiro 3, 2025","format":false,"excerpt":"Estudantes ou respons\u00e1veis t\u00eam at\u00e9 o dia 10 de janeiro para confirmar as matr\u00edculas do Cadastro Escolar 2025, de forma presencial, nas escolas da rede p\u00fablica estadual de ensino. Os inscritos alocados pelo Sistema \u00danico de Cadastro e Encaminhamento para Matr\u00edcula devem comparecer \u00e0 institui\u00e7\u00e3o de ensino designada para apresentar\u2026","rel":"","context":"Em &quot;EDUCA\u00c7\u00c3O&quot;","block_context":{"text":"EDUCA\u00c7\u00c3O","link":"https:\/\/alternativafm.com\/site\/category\/educacao\/"},"img":{"alt_text":"","src":"","width":0,"height":0},"classes":[]},{"id":14994,"url":"https:\/\/alternativafm.com\/site\/novo-ensino-medio-comeca-a-ser-implementado-nas-escolas\/","url_meta":{"origin":6172,"position":2},"title":"Novo Ensino M\u00e9dio come\u00e7a a ser implementado nas escolas","author":"redacao","date":"fevereiro 4, 2022","format":false,"excerpt":"","rel":"","context":"Em &quot;PODCAST&quot;","block_context":{"text":"PODCAST","link":"https:\/\/alternativafm.com\/site\/category\/podcast\/"},"img":{"alt_text":"","src":"","width":0,"height":0},"classes":[]},{"id":25882,"url":"https:\/\/alternativafm.com\/site\/censo-escolar-2022-ensino-em-tempo-integral-projeta-expansao\/","url_meta":{"origin":6172,"position":3},"title":"Censo Escolar 2022 ensino em tempo integral projeta expans\u00e3o.","author":"redacao","date":"mar\u00e7o 18, 2023","format":false,"excerpt":"","rel":"","context":"Em &quot;PODCAST&quot;","block_context":{"text":"PODCAST","link":"https:\/\/alternativafm.com\/site\/category\/podcast\/"},"img":{"alt_text":"","src":"","width":0,"height":0},"classes":[]},{"id":2044,"url":"https:\/\/alternativafm.com\/site\/escolas-receberao-incentivos-para-programa-de-ensino-medio-em-tempo-integral\/","url_meta":{"origin":6172,"position":4},"title":"Escolas receber\u00e3o incentivos para programa de Ensino M\u00e9dio em Tempo Integral","author":"redacao","date":"outubro 20, 2020","format":false,"excerpt":"","rel":"","context":"Em &quot;PODCAST&quot;","block_context":{"text":"PODCAST","link":"https:\/\/alternativafm.com\/site\/category\/podcast\/"},"img":{"alt_text":"","src":"","width":0,"height":0},"classes":[]},{"id":46032,"url":"https:\/\/alternativafm.com\/site\/restricao-ao-uso-do-celular-nas-escolas-quais-sao-as-orientacoes-gerais-do-mec-as-redes-de-ensino\/","url_meta":{"origin":6172,"position":5},"title":"Restri\u00e7\u00e3o ao uso do celular nas escolas: quais s\u00e3o as orienta\u00e7\u00f5es gerais do MEC \u00e0s redes de ensino","author":"redacao","date":"fevereiro 10, 2025","format":false,"excerpt":"","rel":"","context":"Em &quot;PODCAST&quot;","block_context":{"text":"PODCAST","link":"https:\/\/alternativafm.com\/site\/category\/podcast\/"},"img":{"alt_text":"","src":"","width":0,"height":0},"classes":[]}],"jetpack_sharing_enabled":true,"jetpack_likes_enabled":true,"jetpack_featured_media_url":"","_links":{"self":[{"href":"https:\/\/alternativafm.com\/site\/wp-json\/wp\/v2\/posts\/6172","targetHints":{"allow":["GET"]}}],"collection":[{"href":"https:\/\/alternativafm.com\/site\/wp-json\/wp\/v2\/posts"}],"about":[{"href":"https:\/\/alternativafm.com\/site\/wp-json\/wp\/v2\/types\/post"}],"author":[{"embeddable":true,"href":"https:\/\/alternativafm.com\/site\/wp-json\/wp\/v2\/users\/1"}],"replies":[{"embeddable":true,"href":"https:\/\/alternativafm.com\/site\/wp-json\/wp\/v2\/comments?post=6172"}],"version-history":[{"count":1,"href":"https:\/\/alternativafm.com\/site\/wp-json\/wp\/v2\/posts\/6172\/revisions"}],"predecessor-version":[{"id":6173,"href":"https:\/\/alternativafm.com\/site\/wp-json\/wp\/v2\/posts\/6172\/revisions\/6173"}],"wp:attachment":[{"href":"https:\/\/alternativafm.com\/site\/wp-json\/wp\/v2\/media?parent=6172"}],"wp:term":[{"taxonomy":"category","embeddable":true,"href":"https:\/\/alternativafm.com\/site\/wp-json\/wp\/v2\/categories?post=6172"},{"taxonomy":"post_tag","embeddable":true,"href":"https:\/\/alternativafm.com\/site\/wp-json\/wp\/v2\/tags?post=6172"}],"curies":[{"name":"wp","href":"https:\/\/api.w.org\/{rel}","templated":true}]}}