{"id":6258,"date":"2021-03-23T10:29:13","date_gmt":"2021-03-23T10:29:13","guid":{"rendered":"https:\/\/alternativafm.com\/site\/?p=6258"},"modified":"2021-03-23T10:29:16","modified_gmt":"2021-03-23T10:29:16","slug":"mg-carga-viral-do-novo-coronavirus-no-esgoto-de-bh-aumenta-nas-ultimas-semanas","status":"publish","type":"post","link":"https:\/\/alternativafm.com\/site\/mg-carga-viral-do-novo-coronavirus-no-esgoto-de-bh-aumenta-nas-ultimas-semanas\/","title":{"rendered":"MG Carga viral do novo coronav\u00edrus no esgoto de BH aumenta nas \u00faltimas semanas"},"content":{"rendered":"\n<figure class=\"wp-block-audio\"><audio controls src=\"https:\/\/brasil61.com\/rails\/active_storage\/blobs\/eyJfcmFpbHMiOnsibWVzc2FnZSI6IkJBaHBBcnJVIiwiZXhwIjpudWxsLCJwdXIiOiJibG9iX2lkIn19--42edba541b358f20f08dbbb6417d36a591264e0a\/BRAS214267A\"><\/audio><\/figure>\n","protected":false},"excerpt":{"rendered":"","protected":false},"author":1,"featured_media":0,"comment_status":"open","ping_status":"open","sticky":false,"template":"","format":"standard","meta":{"_jetpack_newsletter_access":"","_jetpack_dont_email_post_to_subs":false,"_jetpack_newsletter_tier_id":0,"_jetpack_memberships_contains_paywalled_content":false,"_jetpack_feature_clip_id":0,"_jetpack_memberships_contains_paid_content":false,"footnotes":"","jetpack_publicize_message":"","jetpack_publicize_feature_enabled":true,"jetpack_social_post_already_shared":true,"jetpack_social_options":{"image_generator_settings":{"template":"highway","default_image_id":0,"font":"","enabled":false},"version":2},"jetpack_post_was_ever_published":false},"categories":[41],"tags":[],"class_list":["post-6258","post","type-post","status-publish","format-standard","hentry","category-podcast"],"yoast_head":"<!-- This site is optimized with the Yoast SEO plugin v27.2 - https:\/\/yoast.com\/product\/yoast-seo-wordpress\/ -->\n<title>MG Carga viral do novo coronav\u00edrus no esgoto de BH aumenta nas \u00faltimas semanas - Alternativa FM | 90,7 FM<\/title>\n<meta name=\"robots\" content=\"index, follow, max-snippet:-1, max-image-preview:large, max-video-preview:-1\" \/>\n<link rel=\"canonical\" href=\"https:\/\/alternativafm.com\/site\/mg-carga-viral-do-novo-coronavirus-no-esgoto-de-bh-aumenta-nas-ultimas-semanas\/\" \/>\n<meta property=\"og:locale\" content=\"pt_BR\" \/>\n<meta property=\"og:type\" content=\"article\" \/>\n<meta property=\"og:title\" content=\"MG Carga viral do novo coronav\u00edrus no esgoto de BH aumenta nas \u00faltimas semanas - Alternativa FM | 90,7 FM\" \/>\n<meta property=\"og:url\" content=\"https:\/\/alternativafm.com\/site\/mg-carga-viral-do-novo-coronavirus-no-esgoto-de-bh-aumenta-nas-ultimas-semanas\/\" \/>\n<meta property=\"og:site_name\" content=\"Alternativa FM | 90,7 FM\" \/>\n<meta property=\"article:published_time\" content=\"2021-03-23T10:29:13+00:00\" \/>\n<meta property=\"article:modified_time\" content=\"2021-03-23T10:29:16+00:00\" \/>\n<meta name=\"author\" content=\"redacao\" \/>\n<meta name=\"twitter:card\" content=\"summary_large_image\" \/>\n<meta name=\"twitter:label1\" content=\"Escrito por\" \/>\n\t<meta name=\"twitter:data1\" content=\"redacao\" \/>\n<script type=\"application\/ld+json\" class=\"yoast-schema-graph\">{\"@context\":\"https:\/\/schema.org\",\"@graph\":[{\"@type\":\"Article\",\"@id\":\"https:\/\/alternativafm.com\/site\/mg-carga-viral-do-novo-coronavirus-no-esgoto-de-bh-aumenta-nas-ultimas-semanas\/#article\",\"isPartOf\":{\"@id\":\"https:\/\/alternativafm.com\/site\/mg-carga-viral-do-novo-coronavirus-no-esgoto-de-bh-aumenta-nas-ultimas-semanas\/\"},\"author\":{\"name\":\"redacao\",\"@id\":\"https:\/\/alternativafm.com\/site\/#\/schema\/person\/6b1ac1374b404fe65adc2da2ea4e902a\"},\"headline\":\"MG Carga viral do novo coronav\u00edrus no esgoto de BH aumenta nas \u00faltimas semanas\",\"datePublished\":\"2021-03-23T10:29:13+00:00\",\"dateModified\":\"2021-03-23T10:29:16+00:00\",\"mainEntityOfPage\":{\"@id\":\"https:\/\/alternativafm.com\/site\/mg-carga-viral-do-novo-coronavirus-no-esgoto-de-bh-aumenta-nas-ultimas-semanas\/\"},\"wordCount\":15,\"commentCount\":0,\"publisher\":{\"@id\":\"https:\/\/alternativafm.com\/site\/#organization\"},\"articleSection\":[\"PODCAST\"],\"inLanguage\":\"pt-BR\",\"potentialAction\":[{\"@type\":\"CommentAction\",\"name\":\"Comment\",\"target\":[\"https:\/\/alternativafm.com\/site\/mg-carga-viral-do-novo-coronavirus-no-esgoto-de-bh-aumenta-nas-ultimas-semanas\/#respond\"]}]},{\"@type\":\"WebPage\",\"@id\":\"https:\/\/alternativafm.com\/site\/mg-carga-viral-do-novo-coronavirus-no-esgoto-de-bh-aumenta-nas-ultimas-semanas\/\",\"url\":\"https:\/\/alternativafm.com\/site\/mg-carga-viral-do-novo-coronavirus-no-esgoto-de-bh-aumenta-nas-ultimas-semanas\/\",\"name\":\"MG Carga viral do novo coronav\u00edrus no esgoto de BH aumenta nas \u00faltimas semanas - Alternativa FM | 90,7 FM\",\"isPartOf\":{\"@id\":\"https:\/\/alternativafm.com\/site\/#website\"},\"datePublished\":\"2021-03-23T10:29:13+00:00\",\"dateModified\":\"2021-03-23T10:29:16+00:00\",\"breadcrumb\":{\"@id\":\"https:\/\/alternativafm.com\/site\/mg-carga-viral-do-novo-coronavirus-no-esgoto-de-bh-aumenta-nas-ultimas-semanas\/#breadcrumb\"},\"inLanguage\":\"pt-BR\",\"potentialAction\":[{\"@type\":\"ReadAction\",\"target\":[\"https:\/\/alternativafm.com\/site\/mg-carga-viral-do-novo-coronavirus-no-esgoto-de-bh-aumenta-nas-ultimas-semanas\/\"]}]},{\"@type\":\"BreadcrumbList\",\"@id\":\"https:\/\/alternativafm.com\/site\/mg-carga-viral-do-novo-coronavirus-no-esgoto-de-bh-aumenta-nas-ultimas-semanas\/#breadcrumb\",\"itemListElement\":[{\"@type\":\"ListItem\",\"position\":1,\"name\":\"In\u00edcio\",\"item\":\"https:\/\/alternativafm.com\/site\/\"},{\"@type\":\"ListItem\",\"position\":2,\"name\":\"MG Carga viral do novo coronav\u00edrus no esgoto de BH aumenta nas \u00faltimas semanas\"}]},{\"@type\":\"WebSite\",\"@id\":\"https:\/\/alternativafm.com\/site\/#website\",\"url\":\"https:\/\/alternativafm.com\/site\/\",\"name\":\"Alternativa FM | 90,7 FM\",\"description\":\"\",\"publisher\":{\"@id\":\"https:\/\/alternativafm.com\/site\/#organization\"},\"potentialAction\":[{\"@type\":\"SearchAction\",\"target\":{\"@type\":\"EntryPoint\",\"urlTemplate\":\"https:\/\/alternativafm.com\/site\/?s={search_term_string}\"},\"query-input\":{\"@type\":\"PropertyValueSpecification\",\"valueRequired\":true,\"valueName\":\"search_term_string\"}}],\"inLanguage\":\"pt-BR\"},{\"@type\":\"Organization\",\"@id\":\"https:\/\/alternativafm.com\/site\/#organization\",\"name\":\"Alternativa FM | 90,7 FM\",\"url\":\"https:\/\/alternativafm.com\/site\/\",\"logo\":{\"@type\":\"ImageObject\",\"inLanguage\":\"pt-BR\",\"@id\":\"https:\/\/alternativafm.com\/site\/#\/schema\/logo\/image\/\",\"url\":\"https:\/\/alternativafm.com\/site\/wp-content\/uploads\/2020\/07\/LOGOMARCA2.png\",\"contentUrl\":\"https:\/\/alternativafm.com\/site\/wp-content\/uploads\/2020\/07\/LOGOMARCA2.png\",\"width\":1352,\"height\":464,\"caption\":\"Alternativa FM | 90,7 FM\"},\"image\":{\"@id\":\"https:\/\/alternativafm.com\/site\/#\/schema\/logo\/image\/\"}},{\"@type\":\"Person\",\"@id\":\"https:\/\/alternativafm.com\/site\/#\/schema\/person\/6b1ac1374b404fe65adc2da2ea4e902a\",\"name\":\"redacao\",\"image\":{\"@type\":\"ImageObject\",\"inLanguage\":\"pt-BR\",\"@id\":\"https:\/\/secure.gravatar.com\/avatar\/16ab12bea2743901812c1ec603a48cc65b4e7af25043bec48c2742b27028075e?s=96&d=mm&r=g\",\"url\":\"https:\/\/secure.gravatar.com\/avatar\/16ab12bea2743901812c1ec603a48cc65b4e7af25043bec48c2742b27028075e?s=96&d=mm&r=g\",\"contentUrl\":\"https:\/\/secure.gravatar.com\/avatar\/16ab12bea2743901812c1ec603a48cc65b4e7af25043bec48c2742b27028075e?s=96&d=mm&r=g\",\"caption\":\"redacao\"},\"sameAs\":[\"http:\/\/alternativafm.com\/site\"],\"url\":\"https:\/\/alternativafm.com\/site\/author\/redacao\/\"}]}<\/script>\n<!-- \/ Yoast SEO plugin. -->","yoast_head_json":{"title":"MG Carga viral do novo coronav\u00edrus no esgoto de BH aumenta nas \u00faltimas semanas - Alternativa FM | 90,7 FM","robots":{"index":"index","follow":"follow","max-snippet":"max-snippet:-1","max-image-preview":"max-image-preview:large","max-video-preview":"max-video-preview:-1"},"canonical":"https:\/\/alternativafm.com\/site\/mg-carga-viral-do-novo-coronavirus-no-esgoto-de-bh-aumenta-nas-ultimas-semanas\/","og_locale":"pt_BR","og_type":"article","og_title":"MG Carga viral do novo coronav\u00edrus no esgoto de BH aumenta nas \u00faltimas semanas - Alternativa FM | 90,7 FM","og_url":"https:\/\/alternativafm.com\/site\/mg-carga-viral-do-novo-coronavirus-no-esgoto-de-bh-aumenta-nas-ultimas-semanas\/","og_site_name":"Alternativa FM | 90,7 FM","article_published_time":"2021-03-23T10:29:13+00:00","article_modified_time":"2021-03-23T10:29:16+00:00","author":"redacao","twitter_card":"summary_large_image","twitter_misc":{"Escrito por":"redacao"},"schema":{"@context":"https:\/\/schema.org","@graph":[{"@type":"Article","@id":"https:\/\/alternativafm.com\/site\/mg-carga-viral-do-novo-coronavirus-no-esgoto-de-bh-aumenta-nas-ultimas-semanas\/#article","isPartOf":{"@id":"https:\/\/alternativafm.com\/site\/mg-carga-viral-do-novo-coronavirus-no-esgoto-de-bh-aumenta-nas-ultimas-semanas\/"},"author":{"name":"redacao","@id":"https:\/\/alternativafm.com\/site\/#\/schema\/person\/6b1ac1374b404fe65adc2da2ea4e902a"},"headline":"MG Carga viral do novo coronav\u00edrus no esgoto de BH aumenta nas \u00faltimas semanas","datePublished":"2021-03-23T10:29:13+00:00","dateModified":"2021-03-23T10:29:16+00:00","mainEntityOfPage":{"@id":"https:\/\/alternativafm.com\/site\/mg-carga-viral-do-novo-coronavirus-no-esgoto-de-bh-aumenta-nas-ultimas-semanas\/"},"wordCount":15,"commentCount":0,"publisher":{"@id":"https:\/\/alternativafm.com\/site\/#organization"},"articleSection":["PODCAST"],"inLanguage":"pt-BR","potentialAction":[{"@type":"CommentAction","name":"Comment","target":["https:\/\/alternativafm.com\/site\/mg-carga-viral-do-novo-coronavirus-no-esgoto-de-bh-aumenta-nas-ultimas-semanas\/#respond"]}]},{"@type":"WebPage","@id":"https:\/\/alternativafm.com\/site\/mg-carga-viral-do-novo-coronavirus-no-esgoto-de-bh-aumenta-nas-ultimas-semanas\/","url":"https:\/\/alternativafm.com\/site\/mg-carga-viral-do-novo-coronavirus-no-esgoto-de-bh-aumenta-nas-ultimas-semanas\/","name":"MG Carga viral do novo coronav\u00edrus no esgoto de BH aumenta nas \u00faltimas semanas - Alternativa FM | 90,7 FM","isPartOf":{"@id":"https:\/\/alternativafm.com\/site\/#website"},"datePublished":"2021-03-23T10:29:13+00:00","dateModified":"2021-03-23T10:29:16+00:00","breadcrumb":{"@id":"https:\/\/alternativafm.com\/site\/mg-carga-viral-do-novo-coronavirus-no-esgoto-de-bh-aumenta-nas-ultimas-semanas\/#breadcrumb"},"inLanguage":"pt-BR","potentialAction":[{"@type":"ReadAction","target":["https:\/\/alternativafm.com\/site\/mg-carga-viral-do-novo-coronavirus-no-esgoto-de-bh-aumenta-nas-ultimas-semanas\/"]}]},{"@type":"BreadcrumbList","@id":"https:\/\/alternativafm.com\/site\/mg-carga-viral-do-novo-coronavirus-no-esgoto-de-bh-aumenta-nas-ultimas-semanas\/#breadcrumb","itemListElement":[{"@type":"ListItem","position":1,"name":"In\u00edcio","item":"https:\/\/alternativafm.com\/site\/"},{"@type":"ListItem","position":2,"name":"MG Carga viral do novo coronav\u00edrus no esgoto de BH aumenta nas \u00faltimas semanas"}]},{"@type":"WebSite","@id":"https:\/\/alternativafm.com\/site\/#website","url":"https:\/\/alternativafm.com\/site\/","name":"Alternativa FM | 90,7 FM","description":"","publisher":{"@id":"https:\/\/alternativafm.com\/site\/#organization"},"potentialAction":[{"@type":"SearchAction","target":{"@type":"EntryPoint","urlTemplate":"https:\/\/alternativafm.com\/site\/?s={search_term_string}"},"query-input":{"@type":"PropertyValueSpecification","valueRequired":true,"valueName":"search_term_string"}}],"inLanguage":"pt-BR"},{"@type":"Organization","@id":"https:\/\/alternativafm.com\/site\/#organization","name":"Alternativa FM | 90,7 FM","url":"https:\/\/alternativafm.com\/site\/","logo":{"@type":"ImageObject","inLanguage":"pt-BR","@id":"https:\/\/alternativafm.com\/site\/#\/schema\/logo\/image\/","url":"https:\/\/alternativafm.com\/site\/wp-content\/uploads\/2020\/07\/LOGOMARCA2.png","contentUrl":"https:\/\/alternativafm.com\/site\/wp-content\/uploads\/2020\/07\/LOGOMARCA2.png","width":1352,"height":464,"caption":"Alternativa FM | 90,7 FM"},"image":{"@id":"https:\/\/alternativafm.com\/site\/#\/schema\/logo\/image\/"}},{"@type":"Person","@id":"https:\/\/alternativafm.com\/site\/#\/schema\/person\/6b1ac1374b404fe65adc2da2ea4e902a","name":"redacao","image":{"@type":"ImageObject","inLanguage":"pt-BR","@id":"https:\/\/secure.gravatar.com\/avatar\/16ab12bea2743901812c1ec603a48cc65b4e7af25043bec48c2742b27028075e?s=96&d=mm&r=g","url":"https:\/\/secure.gravatar.com\/avatar\/16ab12bea2743901812c1ec603a48cc65b4e7af25043bec48c2742b27028075e?s=96&d=mm&r=g","contentUrl":"https:\/\/secure.gravatar.com\/avatar\/16ab12bea2743901812c1ec603a48cc65b4e7af25043bec48c2742b27028075e?s=96&d=mm&r=g","caption":"redacao"},"sameAs":["http:\/\/alternativafm.com\/site"],"url":"https:\/\/alternativafm.com\/site\/author\/redacao\/"}]}},"jetpack_publicize_connections":[],"jetpack_shortlink":"https:\/\/wp.me\/pccBN3-1CW","jetpack-related-posts":[{"id":23850,"url":"https:\/\/alternativafm.com\/site\/fiocruz-emite-alerta-para-aumento-expressivo-de-numeros-de-nova-variante-do-coronavirus\/","url_meta":{"origin":6258,"position":0},"title":"Fiocruz emite alerta para aumento expressivo de n\u00fameros de nova variante do Coronav\u00edrus.","author":"redacao","date":"janeiro 18, 2023","format":false,"excerpt":"","rel":"","context":"Em &quot;PODCAST&quot;","block_context":{"text":"PODCAST","link":"https:\/\/alternativafm.com\/site\/category\/podcast\/"},"img":{"alt_text":"","src":"","width":0,"height":0},"classes":[]},{"id":711,"url":"https:\/\/alternativafm.com\/site\/informe-epidemiologico-coronavirus-23-8-2020\/","url_meta":{"origin":6258,"position":1},"title":"Informe Epidemiol\u00f3gico Coronav\u00edrus 23\/8\/2020","author":"redacao","date":"agosto 23, 2020","format":false,"excerpt":"At\u00e9 o momento foram 194.614 casos confirmados*. Est\u00e3o em acompanhamento** 30.694 casos e s\u00e3o 159.130 casos recuperados***. Est\u00e3o confirmados 4.790 \u00f3bitos.\u00a0A SES-MG refor\u00e7a que o n\u00famero de casos e \u00f3bitos confirmados nas \u00faltimas 24h pode n\u00e3o retratar a ocorr\u00eancia de novos casos no per\u00edodo, mas o total de casos notificados\u2026","rel":"","context":"Em &quot;GERAL&quot;","block_context":{"text":"GERAL","link":"https:\/\/alternativafm.com\/site\/category\/geral\/"},"img":{"alt_text":"","src":"","width":0,"height":0},"classes":[]},{"id":5705,"url":"https:\/\/alternativafm.com\/site\/coronavirus-aumenta-na-cidade-32-novos-casos\/","url_meta":{"origin":6258,"position":2},"title":"Coronav\u00edrus aumenta na cidade. 32 novos casos","author":"redacao","date":"mar\u00e7o 4, 2021","format":false,"excerpt":"https:\/\/youtu.be\/WwcqRM8Ydzw","rel":"","context":"Em &quot;GERAL&quot;","block_context":{"text":"GERAL","link":"https:\/\/alternativafm.com\/site\/category\/geral\/"},"img":{"alt_text":"","src":"https:\/\/i0.wp.com\/img.youtube.com\/vi\/WwcqRM8Ydzw\/0.jpg?resize=350%2C200","width":350,"height":200},"classes":[]},{"id":43635,"url":"https:\/\/alternativafm.com\/site\/copasa-inicia-obras-para-substituir-tubulacao-de-esgoto-em-montes-claros\/","url_meta":{"origin":6258,"position":3},"title":"Copasa inicia obras para substituir tubula\u00e7\u00e3o de esgoto em Montes Claros","author":"redacao","date":"novembro 14, 2024","format":false,"excerpt":"A\u00a0Companhia de Saneamento de Minas Gerais (Copasa)\u00a0iniciou neste m\u00eas as obras para implanta\u00e7\u00e3o do novo interceptor sanit\u00e1rio da rede coletora de esgoto, localizado na margem esquerda do c\u00f3rrego das Melancias, no bairro Esplanada, regi\u00e3o\u00a0de Montes Claros, no Norte de Minas. A estrutura \u00e9 respons\u00e1vel pela capta\u00e7\u00e3o e condu\u00e7\u00e3o dos efluentes\u2026","rel":"","context":"Em &quot;GERAL&quot;","block_context":{"text":"GERAL","link":"https:\/\/alternativafm.com\/site\/category\/geral\/"},"img":{"alt_text":"","src":"","width":0,"height":0},"classes":[]},{"id":7899,"url":"https:\/\/alternativafm.com\/site\/07-novos-casos-de-coronavirus-e-mais-um-obito-em-sao-francisco\/","url_meta":{"origin":6258,"position":4},"title":"07 novos casos de coronav\u00edrus e mais um \u00f3bito em S\u00e3o Francisco","author":"redacao","date":"maio 21, 2021","format":false,"excerpt":"07 novos casos de coronav\u00edrus e mais um \u00f3bito. \u00c9 o que informa o novo boletim epidemiol\u00f3gico\u00a0 divulgado ontem, quinta-feira dia 20, pela Vigil\u00e2ncia de Sa\u00fade em S\u00e3o Francisco. Neste informe, at\u00e9 esta data, o munic\u00edpio tem um total de 3563 casos notificados, 3431 pessoas recuperadas, 1114 casos confirmados positivos\u2026","rel":"","context":"Em &quot;DESTAQUE 2&quot;","block_context":{"text":"DESTAQUE 2","link":"https:\/\/alternativafm.com\/site\/category\/destaque-2\/"},"img":{"alt_text":"","src":"","width":0,"height":0},"classes":[]},{"id":3043,"url":"https:\/\/alternativafm.com\/site\/aumento-de-casos-do-coronavirus-preocupa-autoridades-publicas\/","url_meta":{"origin":6258,"position":5},"title":"Aumento de casos do coronav\u00edrus preocupa autoridades p\u00fablicas","author":"redacao","date":"novembro 24, 2020","format":false,"excerpt":"","rel":"","context":"Em &quot;PODCAST&quot;","block_context":{"text":"PODCAST","link":"https:\/\/alternativafm.com\/site\/category\/podcast\/"},"img":{"alt_text":"","src":"","width":0,"height":0},"classes":[]}],"jetpack_sharing_enabled":true,"jetpack_likes_enabled":true,"jetpack_featured_media_url":"","_links":{"self":[{"href":"https:\/\/alternativafm.com\/site\/wp-json\/wp\/v2\/posts\/6258","targetHints":{"allow":["GET"]}}],"collection":[{"href":"https:\/\/alternativafm.com\/site\/wp-json\/wp\/v2\/posts"}],"about":[{"href":"https:\/\/alternativafm.com\/site\/wp-json\/wp\/v2\/types\/post"}],"author":[{"embeddable":true,"href":"https:\/\/alternativafm.com\/site\/wp-json\/wp\/v2\/users\/1"}],"replies":[{"embeddable":true,"href":"https:\/\/alternativafm.com\/site\/wp-json\/wp\/v2\/comments?post=6258"}],"version-history":[{"count":1,"href":"https:\/\/alternativafm.com\/site\/wp-json\/wp\/v2\/posts\/6258\/revisions"}],"predecessor-version":[{"id":6260,"href":"https:\/\/alternativafm.com\/site\/wp-json\/wp\/v2\/posts\/6258\/revisions\/6260"}],"wp:attachment":[{"href":"https:\/\/alternativafm.com\/site\/wp-json\/wp\/v2\/media?parent=6258"}],"wp:term":[{"taxonomy":"category","embeddable":true,"href":"https:\/\/alternativafm.com\/site\/wp-json\/wp\/v2\/categories?post=6258"},{"taxonomy":"post_tag","embeddable":true,"href":"https:\/\/alternativafm.com\/site\/wp-json\/wp\/v2\/tags?post=6258"}],"curies":[{"name":"wp","href":"https:\/\/api.w.org\/{rel}","templated":true}]}}