{"id":7702,"date":"2021-05-14T14:06:33","date_gmt":"2021-05-14T14:06:33","guid":{"rendered":"https:\/\/alternativafm.com\/site\/?p=7702"},"modified":"2021-05-14T14:09:58","modified_gmt":"2021-05-14T14:09:58","slug":"live-cultural-e-solidaria-em-sao-francisco-nesta-sexta14","status":"publish","type":"post","link":"https:\/\/alternativafm.com\/site\/live-cultural-e-solidaria-em-sao-francisco-nesta-sexta14\/","title":{"rendered":"Live Cultural e Solid\u00e1ria em S\u00e3o Francisco nesta sexta(14)"},"content":{"rendered":"\n<p class=\"wp-block-paragraph\">Neste final de semana, hoje dia 14 e amanh\u00e3 15 de maio acontece a Live cultural e solid\u00e1ria organizada pela secretaria de cultura aqui de S\u00e3o Francisco. Nesta live, v\u00e3o se apresentar artistas que foram contemplados pela lei Aldir Blanc que tem como objetivo auxiliar profissionais da \u00e1rea cultural que sofreram impacto com as medidas de distanciamento pelo coronav\u00edrus.<\/p>\n\n\n\n<p class=\"wp-block-paragraph\">Al\u00e9m de levar alegria para os telespectadores, o objetivo \u00e9 tamb\u00e9m arrecadar doa\u00e7\u00f5es de cestas b\u00e1sicas para as fam\u00edlias mais afetadas com a pandemia.<\/p>\n\n\n\n<p class=\"wp-block-paragraph\">As doa\u00e7\u00f5es poder\u00e3o ser feitas, durante a live. Toda equipe da secretaria de cultura e turismo, coordenada pelo secret\u00e1rio Ronaldo Alves est\u00e1 mobilizada para esse evento e espera a colabora\u00e7\u00e3o de todos.<\/p>\n","protected":false},"excerpt":{"rendered":"<p>Neste final de semana, hoje dia 14 e amanh\u00e3 15 de maio acontece a Live cultural e solid\u00e1ria organizada pela secretaria de cultura aqui de S\u00e3o Francisco. Nesta live, v\u00e3o<\/p>\n","protected":false},"author":1,"featured_media":0,"comment_status":"open","ping_status":"open","sticky":false,"template":"","format":"standard","meta":{"_jetpack_newsletter_access":"","_jetpack_dont_email_post_to_subs":false,"_jetpack_newsletter_tier_id":0,"_jetpack_memberships_contains_paywalled_content":false,"_jetpack_feature_clip_id":0,"_jetpack_memberships_contains_paid_content":false,"footnotes":"","jetpack_publicize_message":"","jetpack_publicize_feature_enabled":true,"jetpack_social_post_already_shared":true,"jetpack_social_options":{"image_generator_settings":{"template":"highway","default_image_id":0,"font":"","enabled":false},"version":2},"jetpack_post_was_ever_published":false},"categories":[53,52,57],"tags":[],"class_list":["post-7702","post","type-post","status-publish","format-standard","hentry","category-destaque","category-regional","category-solidariedade"],"yoast_head":"<!-- This site is optimized with the Yoast SEO plugin v27.2 - https:\/\/yoast.com\/product\/yoast-seo-wordpress\/ -->\n<title>Live Cultural e Solid\u00e1ria em S\u00e3o Francisco nesta sexta(14) - Alternativa FM | 90,7 FM<\/title>\n<meta name=\"robots\" content=\"index, follow, max-snippet:-1, max-image-preview:large, max-video-preview:-1\" \/>\n<link rel=\"canonical\" href=\"https:\/\/alternativafm.com\/site\/live-cultural-e-solidaria-em-sao-francisco-nesta-sexta14\/\" \/>\n<meta property=\"og:locale\" content=\"pt_BR\" \/>\n<meta property=\"og:type\" content=\"article\" \/>\n<meta property=\"og:title\" content=\"Live Cultural e Solid\u00e1ria em S\u00e3o Francisco nesta sexta(14) - Alternativa FM | 90,7 FM\" \/>\n<meta property=\"og:description\" content=\"Neste final de semana, hoje dia 14 e amanh\u00e3 15 de maio acontece a Live cultural e solid\u00e1ria organizada pela secretaria de cultura aqui de S\u00e3o Francisco. Nesta live, v\u00e3o\" \/>\n<meta property=\"og:url\" content=\"https:\/\/alternativafm.com\/site\/live-cultural-e-solidaria-em-sao-francisco-nesta-sexta14\/\" \/>\n<meta property=\"og:site_name\" content=\"Alternativa FM | 90,7 FM\" \/>\n<meta property=\"article:published_time\" content=\"2021-05-14T14:06:33+00:00\" \/>\n<meta property=\"article:modified_time\" content=\"2021-05-14T14:09:58+00:00\" \/>\n<meta name=\"author\" content=\"redacao\" \/>\n<meta name=\"twitter:card\" content=\"summary_large_image\" \/>\n<meta name=\"twitter:label1\" content=\"Escrito por\" \/>\n\t<meta name=\"twitter:data1\" content=\"redacao\" \/>\n\t<meta name=\"twitter:label2\" content=\"Est. tempo de leitura\" \/>\n\t<meta name=\"twitter:data2\" content=\"1 minuto\" \/>\n<script type=\"application\/ld+json\" class=\"yoast-schema-graph\">{\"@context\":\"https:\/\/schema.org\",\"@graph\":[{\"@type\":\"Article\",\"@id\":\"https:\/\/alternativafm.com\/site\/live-cultural-e-solidaria-em-sao-francisco-nesta-sexta14\/#article\",\"isPartOf\":{\"@id\":\"https:\/\/alternativafm.com\/site\/live-cultural-e-solidaria-em-sao-francisco-nesta-sexta14\/\"},\"author\":{\"name\":\"redacao\",\"@id\":\"https:\/\/alternativafm.com\/site\/#\/schema\/person\/6b1ac1374b404fe65adc2da2ea4e902a\"},\"headline\":\"Live Cultural e Solid\u00e1ria em S\u00e3o Francisco nesta sexta(14)\",\"datePublished\":\"2021-05-14T14:06:33+00:00\",\"dateModified\":\"2021-05-14T14:09:58+00:00\",\"mainEntityOfPage\":{\"@id\":\"https:\/\/alternativafm.com\/site\/live-cultural-e-solidaria-em-sao-francisco-nesta-sexta14\/\"},\"wordCount\":136,\"commentCount\":0,\"publisher\":{\"@id\":\"https:\/\/alternativafm.com\/site\/#organization\"},\"articleSection\":[\"DESTAQUE\",\"REGIONAL\",\"SOLIDARIEDADE\"],\"inLanguage\":\"pt-BR\",\"potentialAction\":[{\"@type\":\"CommentAction\",\"name\":\"Comment\",\"target\":[\"https:\/\/alternativafm.com\/site\/live-cultural-e-solidaria-em-sao-francisco-nesta-sexta14\/#respond\"]}]},{\"@type\":\"WebPage\",\"@id\":\"https:\/\/alternativafm.com\/site\/live-cultural-e-solidaria-em-sao-francisco-nesta-sexta14\/\",\"url\":\"https:\/\/alternativafm.com\/site\/live-cultural-e-solidaria-em-sao-francisco-nesta-sexta14\/\",\"name\":\"Live Cultural e Solid\u00e1ria em S\u00e3o Francisco nesta sexta(14) - Alternativa FM | 90,7 FM\",\"isPartOf\":{\"@id\":\"https:\/\/alternativafm.com\/site\/#website\"},\"datePublished\":\"2021-05-14T14:06:33+00:00\",\"dateModified\":\"2021-05-14T14:09:58+00:00\",\"breadcrumb\":{\"@id\":\"https:\/\/alternativafm.com\/site\/live-cultural-e-solidaria-em-sao-francisco-nesta-sexta14\/#breadcrumb\"},\"inLanguage\":\"pt-BR\",\"potentialAction\":[{\"@type\":\"ReadAction\",\"target\":[\"https:\/\/alternativafm.com\/site\/live-cultural-e-solidaria-em-sao-francisco-nesta-sexta14\/\"]}]},{\"@type\":\"BreadcrumbList\",\"@id\":\"https:\/\/alternativafm.com\/site\/live-cultural-e-solidaria-em-sao-francisco-nesta-sexta14\/#breadcrumb\",\"itemListElement\":[{\"@type\":\"ListItem\",\"position\":1,\"name\":\"In\u00edcio\",\"item\":\"https:\/\/alternativafm.com\/site\/\"},{\"@type\":\"ListItem\",\"position\":2,\"name\":\"Live Cultural e Solid\u00e1ria em S\u00e3o Francisco nesta sexta(14)\"}]},{\"@type\":\"WebSite\",\"@id\":\"https:\/\/alternativafm.com\/site\/#website\",\"url\":\"https:\/\/alternativafm.com\/site\/\",\"name\":\"Alternativa FM | 90,7 FM\",\"description\":\"\",\"publisher\":{\"@id\":\"https:\/\/alternativafm.com\/site\/#organization\"},\"potentialAction\":[{\"@type\":\"SearchAction\",\"target\":{\"@type\":\"EntryPoint\",\"urlTemplate\":\"https:\/\/alternativafm.com\/site\/?s={search_term_string}\"},\"query-input\":{\"@type\":\"PropertyValueSpecification\",\"valueRequired\":true,\"valueName\":\"search_term_string\"}}],\"inLanguage\":\"pt-BR\"},{\"@type\":\"Organization\",\"@id\":\"https:\/\/alternativafm.com\/site\/#organization\",\"name\":\"Alternativa FM | 90,7 FM\",\"url\":\"https:\/\/alternativafm.com\/site\/\",\"logo\":{\"@type\":\"ImageObject\",\"inLanguage\":\"pt-BR\",\"@id\":\"https:\/\/alternativafm.com\/site\/#\/schema\/logo\/image\/\",\"url\":\"https:\/\/alternativafm.com\/site\/wp-content\/uploads\/2020\/07\/LOGOMARCA2.png\",\"contentUrl\":\"https:\/\/alternativafm.com\/site\/wp-content\/uploads\/2020\/07\/LOGOMARCA2.png\",\"width\":1352,\"height\":464,\"caption\":\"Alternativa FM | 90,7 FM\"},\"image\":{\"@id\":\"https:\/\/alternativafm.com\/site\/#\/schema\/logo\/image\/\"}},{\"@type\":\"Person\",\"@id\":\"https:\/\/alternativafm.com\/site\/#\/schema\/person\/6b1ac1374b404fe65adc2da2ea4e902a\",\"name\":\"redacao\",\"image\":{\"@type\":\"ImageObject\",\"inLanguage\":\"pt-BR\",\"@id\":\"https:\/\/secure.gravatar.com\/avatar\/16ab12bea2743901812c1ec603a48cc65b4e7af25043bec48c2742b27028075e?s=96&d=mm&r=g\",\"url\":\"https:\/\/secure.gravatar.com\/avatar\/16ab12bea2743901812c1ec603a48cc65b4e7af25043bec48c2742b27028075e?s=96&d=mm&r=g\",\"contentUrl\":\"https:\/\/secure.gravatar.com\/avatar\/16ab12bea2743901812c1ec603a48cc65b4e7af25043bec48c2742b27028075e?s=96&d=mm&r=g\",\"caption\":\"redacao\"},\"sameAs\":[\"http:\/\/alternativafm.com\/site\"],\"url\":\"https:\/\/alternativafm.com\/site\/author\/redacao\/\"}]}<\/script>\n<!-- \/ Yoast SEO plugin. -->","yoast_head_json":{"title":"Live Cultural e Solid\u00e1ria em S\u00e3o Francisco nesta sexta(14) - Alternativa FM | 90,7 FM","robots":{"index":"index","follow":"follow","max-snippet":"max-snippet:-1","max-image-preview":"max-image-preview:large","max-video-preview":"max-video-preview:-1"},"canonical":"https:\/\/alternativafm.com\/site\/live-cultural-e-solidaria-em-sao-francisco-nesta-sexta14\/","og_locale":"pt_BR","og_type":"article","og_title":"Live Cultural e Solid\u00e1ria em S\u00e3o Francisco nesta sexta(14) - Alternativa FM | 90,7 FM","og_description":"Neste final de semana, hoje dia 14 e amanh\u00e3 15 de maio acontece a Live cultural e solid\u00e1ria organizada pela secretaria de cultura aqui de S\u00e3o Francisco. Nesta live, v\u00e3o","og_url":"https:\/\/alternativafm.com\/site\/live-cultural-e-solidaria-em-sao-francisco-nesta-sexta14\/","og_site_name":"Alternativa FM | 90,7 FM","article_published_time":"2021-05-14T14:06:33+00:00","article_modified_time":"2021-05-14T14:09:58+00:00","author":"redacao","twitter_card":"summary_large_image","twitter_misc":{"Escrito por":"redacao","Est. tempo de leitura":"1 minuto"},"schema":{"@context":"https:\/\/schema.org","@graph":[{"@type":"Article","@id":"https:\/\/alternativafm.com\/site\/live-cultural-e-solidaria-em-sao-francisco-nesta-sexta14\/#article","isPartOf":{"@id":"https:\/\/alternativafm.com\/site\/live-cultural-e-solidaria-em-sao-francisco-nesta-sexta14\/"},"author":{"name":"redacao","@id":"https:\/\/alternativafm.com\/site\/#\/schema\/person\/6b1ac1374b404fe65adc2da2ea4e902a"},"headline":"Live Cultural e Solid\u00e1ria em S\u00e3o Francisco nesta sexta(14)","datePublished":"2021-05-14T14:06:33+00:00","dateModified":"2021-05-14T14:09:58+00:00","mainEntityOfPage":{"@id":"https:\/\/alternativafm.com\/site\/live-cultural-e-solidaria-em-sao-francisco-nesta-sexta14\/"},"wordCount":136,"commentCount":0,"publisher":{"@id":"https:\/\/alternativafm.com\/site\/#organization"},"articleSection":["DESTAQUE","REGIONAL","SOLIDARIEDADE"],"inLanguage":"pt-BR","potentialAction":[{"@type":"CommentAction","name":"Comment","target":["https:\/\/alternativafm.com\/site\/live-cultural-e-solidaria-em-sao-francisco-nesta-sexta14\/#respond"]}]},{"@type":"WebPage","@id":"https:\/\/alternativafm.com\/site\/live-cultural-e-solidaria-em-sao-francisco-nesta-sexta14\/","url":"https:\/\/alternativafm.com\/site\/live-cultural-e-solidaria-em-sao-francisco-nesta-sexta14\/","name":"Live Cultural e Solid\u00e1ria em S\u00e3o Francisco nesta sexta(14) - Alternativa FM | 90,7 FM","isPartOf":{"@id":"https:\/\/alternativafm.com\/site\/#website"},"datePublished":"2021-05-14T14:06:33+00:00","dateModified":"2021-05-14T14:09:58+00:00","breadcrumb":{"@id":"https:\/\/alternativafm.com\/site\/live-cultural-e-solidaria-em-sao-francisco-nesta-sexta14\/#breadcrumb"},"inLanguage":"pt-BR","potentialAction":[{"@type":"ReadAction","target":["https:\/\/alternativafm.com\/site\/live-cultural-e-solidaria-em-sao-francisco-nesta-sexta14\/"]}]},{"@type":"BreadcrumbList","@id":"https:\/\/alternativafm.com\/site\/live-cultural-e-solidaria-em-sao-francisco-nesta-sexta14\/#breadcrumb","itemListElement":[{"@type":"ListItem","position":1,"name":"In\u00edcio","item":"https:\/\/alternativafm.com\/site\/"},{"@type":"ListItem","position":2,"name":"Live Cultural e Solid\u00e1ria em S\u00e3o Francisco nesta sexta(14)"}]},{"@type":"WebSite","@id":"https:\/\/alternativafm.com\/site\/#website","url":"https:\/\/alternativafm.com\/site\/","name":"Alternativa FM | 90,7 FM","description":"","publisher":{"@id":"https:\/\/alternativafm.com\/site\/#organization"},"potentialAction":[{"@type":"SearchAction","target":{"@type":"EntryPoint","urlTemplate":"https:\/\/alternativafm.com\/site\/?s={search_term_string}"},"query-input":{"@type":"PropertyValueSpecification","valueRequired":true,"valueName":"search_term_string"}}],"inLanguage":"pt-BR"},{"@type":"Organization","@id":"https:\/\/alternativafm.com\/site\/#organization","name":"Alternativa FM | 90,7 FM","url":"https:\/\/alternativafm.com\/site\/","logo":{"@type":"ImageObject","inLanguage":"pt-BR","@id":"https:\/\/alternativafm.com\/site\/#\/schema\/logo\/image\/","url":"https:\/\/alternativafm.com\/site\/wp-content\/uploads\/2020\/07\/LOGOMARCA2.png","contentUrl":"https:\/\/alternativafm.com\/site\/wp-content\/uploads\/2020\/07\/LOGOMARCA2.png","width":1352,"height":464,"caption":"Alternativa FM | 90,7 FM"},"image":{"@id":"https:\/\/alternativafm.com\/site\/#\/schema\/logo\/image\/"}},{"@type":"Person","@id":"https:\/\/alternativafm.com\/site\/#\/schema\/person\/6b1ac1374b404fe65adc2da2ea4e902a","name":"redacao","image":{"@type":"ImageObject","inLanguage":"pt-BR","@id":"https:\/\/secure.gravatar.com\/avatar\/16ab12bea2743901812c1ec603a48cc65b4e7af25043bec48c2742b27028075e?s=96&d=mm&r=g","url":"https:\/\/secure.gravatar.com\/avatar\/16ab12bea2743901812c1ec603a48cc65b4e7af25043bec48c2742b27028075e?s=96&d=mm&r=g","contentUrl":"https:\/\/secure.gravatar.com\/avatar\/16ab12bea2743901812c1ec603a48cc65b4e7af25043bec48c2742b27028075e?s=96&d=mm&r=g","caption":"redacao"},"sameAs":["http:\/\/alternativafm.com\/site"],"url":"https:\/\/alternativafm.com\/site\/author\/redacao\/"}]}},"jetpack_publicize_connections":[],"jetpack_shortlink":"https:\/\/wp.me\/pccBN3-20e","jetpack-related-posts":[{"id":7831,"url":"https:\/\/alternativafm.com\/site\/secretaria-de-sao-francisco-agradece-doacoes-em-live\/","url_meta":{"origin":7702,"position":0},"title":"Secretaria de S\u00e3o Francisco agradece doa\u00e7\u00f5es em Live","author":"redacao","date":"maio 19, 2021","format":false,"excerpt":"https:\/\/youtu.be\/m_L4C0XMWRs","rel":"","context":"Em &quot;DESTAQUE&quot;","block_context":{"text":"DESTAQUE","link":"https:\/\/alternativafm.com\/site\/category\/destaque\/"},"img":{"alt_text":"","src":"https:\/\/i0.wp.com\/img.youtube.com\/vi\/m_L4C0XMWRs\/0.jpg?resize=350%2C200","width":350,"height":200},"classes":[]},{"id":38181,"url":"https:\/\/alternativafm.com\/site\/batizado-e-troca-de-cordas-do-grupo-berimbau-brasil-em-sao-francisco\/","url_meta":{"origin":7702,"position":1},"title":"\u201cBatizado e Troca de Cordas do Grupo Berimbau Brasil\u201d, em S\u00e3o Francisco","author":"redacao","date":"maio 6, 2024","format":false,"excerpt":"Foi realizado o quarto Festival \u201cBatizado e Troca de Cordas do Grupo Berimbau Brasil\u201d, um evento anual que celebra a arte da capoeira aqui em S\u00e3o Francisco. Durante o festival que ocorreu neste s\u00e1bado (dia 4), os praticantes de capoeira tiveram a oportunidade de participar de cerim\u00f4nias de batismo, onde\u2026","rel":"","context":"Em &quot;CULTURA&quot;","block_context":{"text":"CULTURA","link":"https:\/\/alternativafm.com\/site\/category\/cultura\/"},"img":{"alt_text":"","src":"","width":0,"height":0},"classes":[]},{"id":9598,"url":"https:\/\/alternativafm.com\/site\/live-solidaria-nesta-sexta-feira\/","url_meta":{"origin":7702,"position":2},"title":"Live solid\u00e1ria nesta sexta-feira","author":"redacao","date":"julho 15, 2021","format":false,"excerpt":"https:\/\/youtu.be\/dCxAmS3Kh90","rel":"","context":"Em &quot;CULTURA&quot;","block_context":{"text":"CULTURA","link":"https:\/\/alternativafm.com\/site\/category\/cultura\/"},"img":{"alt_text":"","src":"https:\/\/i0.wp.com\/img.youtube.com\/vi\/dCxAmS3Kh90\/0.jpg?resize=350%2C200","width":350,"height":200},"classes":[]},{"id":38823,"url":"https:\/\/alternativafm.com\/site\/campanha-vire-carranca-ocorre-na-regiao\/","url_meta":{"origin":7702,"position":3},"title":"Campanha Vire Carranca ocorre na regi\u00e3o","author":"redacao","date":"junho 3, 2024","format":false,"excerpt":"A partir de hoje, 03 de junho, as cidades de S\u00e3o Francisco, aqui no Norte de MInas, Carinhanha (Bahia), Lagoa Grande (Pernambuco e Delmiro Gouveia (Alagoas) se unir\u00e3o em prol da preserva\u00e7\u00e3o do Rio S\u00e3o Francisco com a campanha Vire Carranca. A popula\u00e7\u00e3o da bacia do rio \u00e9 convidada a\u2026","rel":"","context":"Em &quot;CULTURA&quot;","block_context":{"text":"CULTURA","link":"https:\/\/alternativafm.com\/site\/category\/cultura\/"},"img":{"alt_text":"","src":"","width":0,"height":0},"classes":[]},{"id":38974,"url":"https:\/\/alternativafm.com\/site\/procon-regional-de-sao-francisco-realiza-campanha-solidaria-do-agasalho-2024\/","url_meta":{"origin":7702,"position":4},"title":"Procon Regional de S\u00e3o Francisco realiza Campanha solid\u00e1ria do agasalho 2024","author":"redacao","date":"junho 7, 2024","format":false,"excerpt":"O Procon Regional de S\u00e3o Francisco, realiza a Campanha solid\u00e1ria do agasalho 2024. O Procon Regional, daquela cidade abre suas portas para receber doa\u00e7\u00f5es de roupas adulto e infantil, agasalhos de frio, cobertores e outras pe\u00e7as, A a\u00e7\u00e3o vai at\u00e9 o dia 10 de junho, das 07h \u00e0s 14h, recebendo\u2026","rel":"","context":"Em &quot;GERAL&quot;","block_context":{"text":"GERAL","link":"https:\/\/alternativafm.com\/site\/category\/geral\/"},"img":{"alt_text":"","src":"","width":0,"height":0},"classes":[]},{"id":39535,"url":"https:\/\/alternativafm.com\/site\/icms-cultural-e-tema-de-live\/","url_meta":{"origin":7702,"position":5},"title":"ICMS cultural \u00e9 tema de live","author":"redacao","date":"junho 27, 2024","format":false,"excerpt":"https:\/\/youtu.be\/ZHqf2NyFTcg?si=RNw51eHX_Aomyx0Y","rel":"","context":"Em &quot;CULTURA&quot;","block_context":{"text":"CULTURA","link":"https:\/\/alternativafm.com\/site\/category\/cultura\/"},"img":{"alt_text":"","src":"https:\/\/i0.wp.com\/img.youtube.com\/vi\/ZHqf2NyFTcg\/0.jpg?resize=350%2C200","width":350,"height":200},"classes":[]}],"jetpack_sharing_enabled":true,"jetpack_likes_enabled":true,"jetpack_featured_media_url":"","_links":{"self":[{"href":"https:\/\/alternativafm.com\/site\/wp-json\/wp\/v2\/posts\/7702","targetHints":{"allow":["GET"]}}],"collection":[{"href":"https:\/\/alternativafm.com\/site\/wp-json\/wp\/v2\/posts"}],"about":[{"href":"https:\/\/alternativafm.com\/site\/wp-json\/wp\/v2\/types\/post"}],"author":[{"embeddable":true,"href":"https:\/\/alternativafm.com\/site\/wp-json\/wp\/v2\/users\/1"}],"replies":[{"embeddable":true,"href":"https:\/\/alternativafm.com\/site\/wp-json\/wp\/v2\/comments?post=7702"}],"version-history":[{"count":1,"href":"https:\/\/alternativafm.com\/site\/wp-json\/wp\/v2\/posts\/7702\/revisions"}],"predecessor-version":[{"id":7703,"href":"https:\/\/alternativafm.com\/site\/wp-json\/wp\/v2\/posts\/7702\/revisions\/7703"}],"wp:attachment":[{"href":"https:\/\/alternativafm.com\/site\/wp-json\/wp\/v2\/media?parent=7702"}],"wp:term":[{"taxonomy":"category","embeddable":true,"href":"https:\/\/alternativafm.com\/site\/wp-json\/wp\/v2\/categories?post=7702"},{"taxonomy":"post_tag","embeddable":true,"href":"https:\/\/alternativafm.com\/site\/wp-json\/wp\/v2\/tags?post=7702"}],"curies":[{"name":"wp","href":"https:\/\/api.w.org\/{rel}","templated":true}]}}