{"id":7720,"date":"2021-05-14T17:36:38","date_gmt":"2021-05-14T17:36:38","guid":{"rendered":"https:\/\/alternativafm.com\/site\/?p=7720"},"modified":"2021-05-14T17:36:40","modified_gmt":"2021-05-14T17:36:40","slug":"dom-jose-e-comunidade-convidam-fieis-para-a-programacao-de-pentecostes-na-comunidade-divino-espirito","status":"publish","type":"post","link":"https:\/\/alternativafm.com\/site\/dom-jose-e-comunidade-convidam-fieis-para-a-programacao-de-pentecostes-na-comunidade-divino-espirito\/","title":{"rendered":"Dom Jos\u00e9 e comunidade convidam fi\u00e9is para a programa\u00e7\u00e3o de Pentecostes na Comunidade Divino Esp\u00edrito"},"content":{"rendered":"\n<figure class=\"wp-block-embed is-type-video is-provider-youtube wp-block-embed-youtube wp-embed-aspect-16-9 wp-has-aspect-ratio\"><div class=\"wp-block-embed__wrapper\">\n<iframe loading=\"lazy\" title=\"Dom Jos\u00e9 e comunidade convidam fi\u00e9is para a programa\u00e7\u00e3o de Pentecostes na Comunidade Divino Esp\u00edrito\" width=\"640\" height=\"360\" src=\"https:\/\/www.youtube.com\/embed\/hc1hEVRyscI?feature=oembed\" frameborder=\"0\" allow=\"accelerometer; autoplay; clipboard-write; encrypted-media; gyroscope; picture-in-picture; web-share\" referrerpolicy=\"strict-origin-when-cross-origin\" allowfullscreen><\/iframe>\n<\/div><\/figure>\n","protected":false},"excerpt":{"rendered":"","protected":false},"author":1,"featured_media":0,"comment_status":"open","ping_status":"open","sticky":false,"template":"","format":"standard","meta":{"_jetpack_newsletter_access":"","_jetpack_dont_email_post_to_subs":false,"_jetpack_newsletter_tier_id":0,"_jetpack_memberships_contains_paywalled_content":false,"_jetpack_feature_clip_id":0,"_jetpack_memberships_contains_paid_content":false,"footnotes":"","jetpack_publicize_message":"","jetpack_publicize_feature_enabled":true,"jetpack_social_post_already_shared":true,"jetpack_social_options":{"image_generator_settings":{"template":"highway","default_image_id":0,"font":"","enabled":false},"version":2},"jetpack_post_was_ever_published":false},"categories":[6,2],"tags":[],"class_list":["post-7720","post","type-post","status-publish","format-standard","hentry","category-geral","category-policia"],"yoast_head":"<!-- This site is optimized with the Yoast SEO plugin v27.2 - https:\/\/yoast.com\/product\/yoast-seo-wordpress\/ -->\n<title>Dom Jos\u00e9 e comunidade convidam fi\u00e9is para a programa\u00e7\u00e3o de Pentecostes na Comunidade Divino Esp\u00edrito - Alternativa FM | 90,7 FM<\/title>\n<meta name=\"robots\" content=\"index, follow, max-snippet:-1, max-image-preview:large, max-video-preview:-1\" \/>\n<link rel=\"canonical\" href=\"https:\/\/alternativafm.com\/site\/dom-jose-e-comunidade-convidam-fieis-para-a-programacao-de-pentecostes-na-comunidade-divino-espirito\/\" \/>\n<meta property=\"og:locale\" content=\"pt_BR\" \/>\n<meta property=\"og:type\" content=\"article\" \/>\n<meta property=\"og:title\" content=\"Dom Jos\u00e9 e comunidade convidam fi\u00e9is para a programa\u00e7\u00e3o de Pentecostes na Comunidade Divino Esp\u00edrito - Alternativa FM | 90,7 FM\" \/>\n<meta property=\"og:url\" content=\"https:\/\/alternativafm.com\/site\/dom-jose-e-comunidade-convidam-fieis-para-a-programacao-de-pentecostes-na-comunidade-divino-espirito\/\" \/>\n<meta property=\"og:site_name\" content=\"Alternativa FM | 90,7 FM\" \/>\n<meta property=\"article:published_time\" content=\"2021-05-14T17:36:38+00:00\" \/>\n<meta property=\"article:modified_time\" content=\"2021-05-14T17:36:40+00:00\" \/>\n<meta name=\"author\" content=\"redacao\" \/>\n<meta name=\"twitter:card\" content=\"summary_large_image\" \/>\n<meta name=\"twitter:label1\" content=\"Escrito por\" \/>\n\t<meta name=\"twitter:data1\" content=\"redacao\" \/>\n\t<meta name=\"twitter:label2\" content=\"Est. tempo de leitura\" \/>\n\t<meta name=\"twitter:data2\" content=\"1 minuto\" \/>\n<script type=\"application\/ld+json\" class=\"yoast-schema-graph\">{\"@context\":\"https:\/\/schema.org\",\"@graph\":[{\"@type\":\"Article\",\"@id\":\"https:\/\/alternativafm.com\/site\/dom-jose-e-comunidade-convidam-fieis-para-a-programacao-de-pentecostes-na-comunidade-divino-espirito\/#article\",\"isPartOf\":{\"@id\":\"https:\/\/alternativafm.com\/site\/dom-jose-e-comunidade-convidam-fieis-para-a-programacao-de-pentecostes-na-comunidade-divino-espirito\/\"},\"author\":{\"name\":\"redacao\",\"@id\":\"https:\/\/alternativafm.com\/site\/#\/schema\/person\/6b1ac1374b404fe65adc2da2ea4e902a\"},\"headline\":\"Dom Jos\u00e9 e comunidade convidam fi\u00e9is para a programa\u00e7\u00e3o de Pentecostes na Comunidade Divino Esp\u00edrito\",\"datePublished\":\"2021-05-14T17:36:38+00:00\",\"dateModified\":\"2021-05-14T17:36:40+00:00\",\"mainEntityOfPage\":{\"@id\":\"https:\/\/alternativafm.com\/site\/dom-jose-e-comunidade-convidam-fieis-para-a-programacao-de-pentecostes-na-comunidade-divino-espirito\/\"},\"wordCount\":23,\"commentCount\":0,\"publisher\":{\"@id\":\"https:\/\/alternativafm.com\/site\/#organization\"},\"articleSection\":[\"GERAL\",\"POL\u00cdCIA\"],\"inLanguage\":\"pt-BR\",\"potentialAction\":[{\"@type\":\"CommentAction\",\"name\":\"Comment\",\"target\":[\"https:\/\/alternativafm.com\/site\/dom-jose-e-comunidade-convidam-fieis-para-a-programacao-de-pentecostes-na-comunidade-divino-espirito\/#respond\"]}]},{\"@type\":\"WebPage\",\"@id\":\"https:\/\/alternativafm.com\/site\/dom-jose-e-comunidade-convidam-fieis-para-a-programacao-de-pentecostes-na-comunidade-divino-espirito\/\",\"url\":\"https:\/\/alternativafm.com\/site\/dom-jose-e-comunidade-convidam-fieis-para-a-programacao-de-pentecostes-na-comunidade-divino-espirito\/\",\"name\":\"Dom Jos\u00e9 e comunidade convidam fi\u00e9is para a programa\u00e7\u00e3o de Pentecostes na Comunidade Divino Esp\u00edrito - Alternativa FM | 90,7 FM\",\"isPartOf\":{\"@id\":\"https:\/\/alternativafm.com\/site\/#website\"},\"datePublished\":\"2021-05-14T17:36:38+00:00\",\"dateModified\":\"2021-05-14T17:36:40+00:00\",\"breadcrumb\":{\"@id\":\"https:\/\/alternativafm.com\/site\/dom-jose-e-comunidade-convidam-fieis-para-a-programacao-de-pentecostes-na-comunidade-divino-espirito\/#breadcrumb\"},\"inLanguage\":\"pt-BR\",\"potentialAction\":[{\"@type\":\"ReadAction\",\"target\":[\"https:\/\/alternativafm.com\/site\/dom-jose-e-comunidade-convidam-fieis-para-a-programacao-de-pentecostes-na-comunidade-divino-espirito\/\"]}]},{\"@type\":\"BreadcrumbList\",\"@id\":\"https:\/\/alternativafm.com\/site\/dom-jose-e-comunidade-convidam-fieis-para-a-programacao-de-pentecostes-na-comunidade-divino-espirito\/#breadcrumb\",\"itemListElement\":[{\"@type\":\"ListItem\",\"position\":1,\"name\":\"In\u00edcio\",\"item\":\"https:\/\/alternativafm.com\/site\/\"},{\"@type\":\"ListItem\",\"position\":2,\"name\":\"Dom Jos\u00e9 e comunidade convidam fi\u00e9is para a programa\u00e7\u00e3o de Pentecostes na Comunidade Divino Esp\u00edrito\"}]},{\"@type\":\"WebSite\",\"@id\":\"https:\/\/alternativafm.com\/site\/#website\",\"url\":\"https:\/\/alternativafm.com\/site\/\",\"name\":\"Alternativa FM | 90,7 FM\",\"description\":\"\",\"publisher\":{\"@id\":\"https:\/\/alternativafm.com\/site\/#organization\"},\"potentialAction\":[{\"@type\":\"SearchAction\",\"target\":{\"@type\":\"EntryPoint\",\"urlTemplate\":\"https:\/\/alternativafm.com\/site\/?s={search_term_string}\"},\"query-input\":{\"@type\":\"PropertyValueSpecification\",\"valueRequired\":true,\"valueName\":\"search_term_string\"}}],\"inLanguage\":\"pt-BR\"},{\"@type\":\"Organization\",\"@id\":\"https:\/\/alternativafm.com\/site\/#organization\",\"name\":\"Alternativa FM | 90,7 FM\",\"url\":\"https:\/\/alternativafm.com\/site\/\",\"logo\":{\"@type\":\"ImageObject\",\"inLanguage\":\"pt-BR\",\"@id\":\"https:\/\/alternativafm.com\/site\/#\/schema\/logo\/image\/\",\"url\":\"https:\/\/alternativafm.com\/site\/wp-content\/uploads\/2020\/07\/LOGOMARCA2.png\",\"contentUrl\":\"https:\/\/alternativafm.com\/site\/wp-content\/uploads\/2020\/07\/LOGOMARCA2.png\",\"width\":1352,\"height\":464,\"caption\":\"Alternativa FM | 90,7 FM\"},\"image\":{\"@id\":\"https:\/\/alternativafm.com\/site\/#\/schema\/logo\/image\/\"}},{\"@type\":\"Person\",\"@id\":\"https:\/\/alternativafm.com\/site\/#\/schema\/person\/6b1ac1374b404fe65adc2da2ea4e902a\",\"name\":\"redacao\",\"image\":{\"@type\":\"ImageObject\",\"inLanguage\":\"pt-BR\",\"@id\":\"https:\/\/secure.gravatar.com\/avatar\/16ab12bea2743901812c1ec603a48cc65b4e7af25043bec48c2742b27028075e?s=96&d=mm&r=g\",\"url\":\"https:\/\/secure.gravatar.com\/avatar\/16ab12bea2743901812c1ec603a48cc65b4e7af25043bec48c2742b27028075e?s=96&d=mm&r=g\",\"contentUrl\":\"https:\/\/secure.gravatar.com\/avatar\/16ab12bea2743901812c1ec603a48cc65b4e7af25043bec48c2742b27028075e?s=96&d=mm&r=g\",\"caption\":\"redacao\"},\"sameAs\":[\"http:\/\/alternativafm.com\/site\"],\"url\":\"https:\/\/alternativafm.com\/site\/author\/redacao\/\"}]}<\/script>\n<!-- \/ Yoast SEO plugin. -->","yoast_head_json":{"title":"Dom Jos\u00e9 e comunidade convidam fi\u00e9is para a programa\u00e7\u00e3o de Pentecostes na Comunidade Divino Esp\u00edrito - Alternativa FM | 90,7 FM","robots":{"index":"index","follow":"follow","max-snippet":"max-snippet:-1","max-image-preview":"max-image-preview:large","max-video-preview":"max-video-preview:-1"},"canonical":"https:\/\/alternativafm.com\/site\/dom-jose-e-comunidade-convidam-fieis-para-a-programacao-de-pentecostes-na-comunidade-divino-espirito\/","og_locale":"pt_BR","og_type":"article","og_title":"Dom Jos\u00e9 e comunidade convidam fi\u00e9is para a programa\u00e7\u00e3o de Pentecostes na Comunidade Divino Esp\u00edrito - Alternativa FM | 90,7 FM","og_url":"https:\/\/alternativafm.com\/site\/dom-jose-e-comunidade-convidam-fieis-para-a-programacao-de-pentecostes-na-comunidade-divino-espirito\/","og_site_name":"Alternativa FM | 90,7 FM","article_published_time":"2021-05-14T17:36:38+00:00","article_modified_time":"2021-05-14T17:36:40+00:00","author":"redacao","twitter_card":"summary_large_image","twitter_misc":{"Escrito por":"redacao","Est. tempo de leitura":"1 minuto"},"schema":{"@context":"https:\/\/schema.org","@graph":[{"@type":"Article","@id":"https:\/\/alternativafm.com\/site\/dom-jose-e-comunidade-convidam-fieis-para-a-programacao-de-pentecostes-na-comunidade-divino-espirito\/#article","isPartOf":{"@id":"https:\/\/alternativafm.com\/site\/dom-jose-e-comunidade-convidam-fieis-para-a-programacao-de-pentecostes-na-comunidade-divino-espirito\/"},"author":{"name":"redacao","@id":"https:\/\/alternativafm.com\/site\/#\/schema\/person\/6b1ac1374b404fe65adc2da2ea4e902a"},"headline":"Dom Jos\u00e9 e comunidade convidam fi\u00e9is para a programa\u00e7\u00e3o de Pentecostes na Comunidade Divino Esp\u00edrito","datePublished":"2021-05-14T17:36:38+00:00","dateModified":"2021-05-14T17:36:40+00:00","mainEntityOfPage":{"@id":"https:\/\/alternativafm.com\/site\/dom-jose-e-comunidade-convidam-fieis-para-a-programacao-de-pentecostes-na-comunidade-divino-espirito\/"},"wordCount":23,"commentCount":0,"publisher":{"@id":"https:\/\/alternativafm.com\/site\/#organization"},"articleSection":["GERAL","POL\u00cdCIA"],"inLanguage":"pt-BR","potentialAction":[{"@type":"CommentAction","name":"Comment","target":["https:\/\/alternativafm.com\/site\/dom-jose-e-comunidade-convidam-fieis-para-a-programacao-de-pentecostes-na-comunidade-divino-espirito\/#respond"]}]},{"@type":"WebPage","@id":"https:\/\/alternativafm.com\/site\/dom-jose-e-comunidade-convidam-fieis-para-a-programacao-de-pentecostes-na-comunidade-divino-espirito\/","url":"https:\/\/alternativafm.com\/site\/dom-jose-e-comunidade-convidam-fieis-para-a-programacao-de-pentecostes-na-comunidade-divino-espirito\/","name":"Dom Jos\u00e9 e comunidade convidam fi\u00e9is para a programa\u00e7\u00e3o de Pentecostes na Comunidade Divino Esp\u00edrito - Alternativa FM | 90,7 FM","isPartOf":{"@id":"https:\/\/alternativafm.com\/site\/#website"},"datePublished":"2021-05-14T17:36:38+00:00","dateModified":"2021-05-14T17:36:40+00:00","breadcrumb":{"@id":"https:\/\/alternativafm.com\/site\/dom-jose-e-comunidade-convidam-fieis-para-a-programacao-de-pentecostes-na-comunidade-divino-espirito\/#breadcrumb"},"inLanguage":"pt-BR","potentialAction":[{"@type":"ReadAction","target":["https:\/\/alternativafm.com\/site\/dom-jose-e-comunidade-convidam-fieis-para-a-programacao-de-pentecostes-na-comunidade-divino-espirito\/"]}]},{"@type":"BreadcrumbList","@id":"https:\/\/alternativafm.com\/site\/dom-jose-e-comunidade-convidam-fieis-para-a-programacao-de-pentecostes-na-comunidade-divino-espirito\/#breadcrumb","itemListElement":[{"@type":"ListItem","position":1,"name":"In\u00edcio","item":"https:\/\/alternativafm.com\/site\/"},{"@type":"ListItem","position":2,"name":"Dom Jos\u00e9 e comunidade convidam fi\u00e9is para a programa\u00e7\u00e3o de Pentecostes na Comunidade Divino Esp\u00edrito"}]},{"@type":"WebSite","@id":"https:\/\/alternativafm.com\/site\/#website","url":"https:\/\/alternativafm.com\/site\/","name":"Alternativa FM | 90,7 FM","description":"","publisher":{"@id":"https:\/\/alternativafm.com\/site\/#organization"},"potentialAction":[{"@type":"SearchAction","target":{"@type":"EntryPoint","urlTemplate":"https:\/\/alternativafm.com\/site\/?s={search_term_string}"},"query-input":{"@type":"PropertyValueSpecification","valueRequired":true,"valueName":"search_term_string"}}],"inLanguage":"pt-BR"},{"@type":"Organization","@id":"https:\/\/alternativafm.com\/site\/#organization","name":"Alternativa FM | 90,7 FM","url":"https:\/\/alternativafm.com\/site\/","logo":{"@type":"ImageObject","inLanguage":"pt-BR","@id":"https:\/\/alternativafm.com\/site\/#\/schema\/logo\/image\/","url":"https:\/\/alternativafm.com\/site\/wp-content\/uploads\/2020\/07\/LOGOMARCA2.png","contentUrl":"https:\/\/alternativafm.com\/site\/wp-content\/uploads\/2020\/07\/LOGOMARCA2.png","width":1352,"height":464,"caption":"Alternativa FM | 90,7 FM"},"image":{"@id":"https:\/\/alternativafm.com\/site\/#\/schema\/logo\/image\/"}},{"@type":"Person","@id":"https:\/\/alternativafm.com\/site\/#\/schema\/person\/6b1ac1374b404fe65adc2da2ea4e902a","name":"redacao","image":{"@type":"ImageObject","inLanguage":"pt-BR","@id":"https:\/\/secure.gravatar.com\/avatar\/16ab12bea2743901812c1ec603a48cc65b4e7af25043bec48c2742b27028075e?s=96&d=mm&r=g","url":"https:\/\/secure.gravatar.com\/avatar\/16ab12bea2743901812c1ec603a48cc65b4e7af25043bec48c2742b27028075e?s=96&d=mm&r=g","contentUrl":"https:\/\/secure.gravatar.com\/avatar\/16ab12bea2743901812c1ec603a48cc65b4e7af25043bec48c2742b27028075e?s=96&d=mm&r=g","caption":"redacao"},"sameAs":["http:\/\/alternativafm.com\/site"],"url":"https:\/\/alternativafm.com\/site\/author\/redacao\/"}]}},"jetpack_publicize_connections":[],"jetpack_shortlink":"https:\/\/wp.me\/pccBN3-20w","jetpack-related-posts":[{"id":59871,"url":"https:\/\/alternativafm.com\/site\/denuncia-animais-aparecem-mortos-em-comunidade-rural\/","url_meta":{"origin":7720,"position":0},"title":"Den\u00fancia Animais aparecem mortos em comunidade rural","author":"redacao","date":"agosto 20, 2026","format":false,"excerpt":"https:\/\/youtu.be\/82xuRLXBTXs","rel":"","context":"Em &quot;DESTAQUE&quot;","block_context":{"text":"DESTAQUE","link":"https:\/\/alternativafm.com\/site\/category\/destaque\/"},"img":{"alt_text":"","src":"https:\/\/i0.wp.com\/img.youtube.com\/vi\/82xuRLXBTXs\/0.jpg?resize=350%2C200","width":350,"height":200},"classes":[]},{"id":59993,"url":"https:\/\/alternativafm.com\/site\/festejos-catolicos-vao-iniciar-na-comunidade-de-estancia-nazare\/","url_meta":{"origin":7720,"position":1},"title":"Festejos cat\u00f3licos v\u00e3o iniciar na Comunidade de Est\u00e2ncia Nazar\u00e9","author":"redacao","date":"agosto 27, 2026","format":false,"excerpt":"https:\/\/youtu.be\/dmknC4WIVMo","rel":"","context":"Em &quot;CIDADE&quot;","block_context":{"text":"CIDADE","link":"https:\/\/alternativafm.com\/site\/category\/cidade\/"},"img":{"alt_text":"","src":"https:\/\/i0.wp.com\/img.youtube.com\/vi\/dmknC4WIVMo\/0.jpg?resize=350%2C200","width":350,"height":200},"classes":[]},{"id":60035,"url":"https:\/\/alternativafm.com\/site\/imagem-de-nossa-senhora-do-amparo-e-restaurada-e-comunidade-do-brejo-inicia-festejos\/","url_meta":{"origin":7720,"position":2},"title":"Imagem de Nossa Senhora do Amparo \u00e9 restaurada e comunidade do Brejo inicia festejos","author":"redacao","date":"agosto 28, 2026","format":false,"excerpt":"https:\/\/youtu.be\/eIgKmXkUNUc","rel":"","context":"Em &quot;CULTURA&quot;","block_context":{"text":"CULTURA","link":"https:\/\/alternativafm.com\/site\/category\/cultura\/"},"img":{"alt_text":"","src":"https:\/\/i0.wp.com\/img.youtube.com\/vi\/eIgKmXkUNUc\/0.jpg?resize=350%2C200","width":350,"height":200},"classes":[]},{"id":43788,"url":"https:\/\/alternativafm.com\/site\/comunidade-quilombola-de-conego-marinho-realiza-mostra-cultural\/","url_meta":{"origin":7720,"position":3},"title":"Comunidade quilombola de C\u00f4nego Marinho realiza mostra cultural","author":"redacao","date":"novembro 19, 2024","format":false,"excerpt":"Comunidade quilombola de C\u00f4nego Marinho realiza mostra cultural https:\/\/youtu.be\/FoWvRX9T5mk?si=nwVaS69fZW9bp-H1","rel":"","context":"Em &quot;CULTURA&quot;","block_context":{"text":"CULTURA","link":"https:\/\/alternativafm.com\/site\/category\/cultura\/"},"img":{"alt_text":"","src":"https:\/\/i0.wp.com\/img.youtube.com\/vi\/FoWvRX9T5mk\/0.jpg?resize=350%2C200","width":350,"height":200},"classes":[]},{"id":55939,"url":"https:\/\/alternativafm.com\/site\/receita-comunica-12-milhao-de-contribuintes-com-parcelamentos-em-atraso\/","url_meta":{"origin":7720,"position":4},"title":"Receita comunica 1,2 milh\u00e3o de contribuintes com parcelamentos em atraso","author":"redacao","date":"fevereiro 11, 2026","format":false,"excerpt":"","rel":"","context":"Em &quot;PODCAST&quot;","block_context":{"text":"PODCAST","link":"https:\/\/alternativafm.com\/site\/category\/podcast\/"},"img":{"alt_text":"","src":"https:\/\/i0.wp.com\/alternativafm.com\/site\/wp-content\/uploads\/muo29jLugWLGwyJSjWZ5xGz3-e1770805491514.jpg?resize=350%2C200&ssl=1","width":350,"height":200},"classes":[]},{"id":2802,"url":"https:\/\/alternativafm.com\/site\/governo-federal-amplia-acesso-gratuito-a-internet-para-comunidades-distantes\/","url_meta":{"origin":7720,"position":5},"title":"Governo Federal amplia acesso gratuito \u00e0 internet para comunidades distantes","author":"redacao","date":"novembro 17, 2020","format":false,"excerpt":"","rel":"","context":"Em &quot;PODCAST&quot;","block_context":{"text":"PODCAST","link":"https:\/\/alternativafm.com\/site\/category\/podcast\/"},"img":{"alt_text":"","src":"","width":0,"height":0},"classes":[]}],"jetpack_sharing_enabled":true,"jetpack_likes_enabled":true,"jetpack_featured_media_url":"","_links":{"self":[{"href":"https:\/\/alternativafm.com\/site\/wp-json\/wp\/v2\/posts\/7720","targetHints":{"allow":["GET"]}}],"collection":[{"href":"https:\/\/alternativafm.com\/site\/wp-json\/wp\/v2\/posts"}],"about":[{"href":"https:\/\/alternativafm.com\/site\/wp-json\/wp\/v2\/types\/post"}],"author":[{"embeddable":true,"href":"https:\/\/alternativafm.com\/site\/wp-json\/wp\/v2\/users\/1"}],"replies":[{"embeddable":true,"href":"https:\/\/alternativafm.com\/site\/wp-json\/wp\/v2\/comments?post=7720"}],"version-history":[{"count":1,"href":"https:\/\/alternativafm.com\/site\/wp-json\/wp\/v2\/posts\/7720\/revisions"}],"predecessor-version":[{"id":7723,"href":"https:\/\/alternativafm.com\/site\/wp-json\/wp\/v2\/posts\/7720\/revisions\/7723"}],"wp:attachment":[{"href":"https:\/\/alternativafm.com\/site\/wp-json\/wp\/v2\/media?parent=7720"}],"wp:term":[{"taxonomy":"category","embeddable":true,"href":"https:\/\/alternativafm.com\/site\/wp-json\/wp\/v2\/categories?post=7720"},{"taxonomy":"post_tag","embeddable":true,"href":"https:\/\/alternativafm.com\/site\/wp-json\/wp\/v2\/tags?post=7720"}],"curies":[{"name":"wp","href":"https:\/\/api.w.org\/{rel}","templated":true}]}}