{"id":9664,"date":"2021-07-19T11:37:22","date_gmt":"2021-07-19T11:37:22","guid":{"rendered":"https:\/\/alternativafm.com\/site\/?p=9664"},"modified":"2021-07-19T11:37:24","modified_gmt":"2021-07-19T11:37:24","slug":"13a-companhia-de-sao-francisco-realiza-operacao","status":"publish","type":"post","link":"https:\/\/alternativafm.com\/site\/13a-companhia-de-sao-francisco-realiza-operacao\/","title":{"rendered":"13\u00aa Companhia de S\u00e3o Francisco realiza Opera\u00e7\u00e3o"},"content":{"rendered":"\n<p class=\"wp-block-paragraph\">No s\u00e1bado(17), a 13\u00aa Companhia da PM Independente de S\u00e3o Francisco recebeu o apoio dos militares do CEFS na realiza\u00e7\u00e3o de Opera\u00e7\u00f5es que tem como objetivo a preven\u00e7\u00e3o de diversos delitos, em especial o homic\u00eddio. Durante a a\u00e7\u00e3o, foi realizado o patrulhamento preventivo na zona rural e nos locais mais prop\u00edcios a atividade criminosa, al\u00e9m de abordagens a pessoas suspeitas e fiscaliza\u00e7\u00e3o a ve\u00edculos.<br>Durante as Opera\u00e7\u00f5es n\u00e3o houve registro de crimes violentos na \u00e1rea da Unidade, mas um balan\u00e7o foi divulgado. Confira:<br>01 autor foi preso por les\u00e3o corporal e posse ilegal de arma de fogo; 01 autor preso por crime de homic\u00eddio; 01 arma de fogo apreendida; 01 cartucho cal.38 recolhido; 01 celular e uma faca apreendidos.<\/p>\n","protected":false},"excerpt":{"rendered":"<p>No s\u00e1bado(17), a 13\u00aa Companhia da PM Independente de S\u00e3o Francisco recebeu o apoio dos militares do CEFS na realiza\u00e7\u00e3o de Opera\u00e7\u00f5es que tem como objetivo a preven\u00e7\u00e3o de diversos<\/p>\n","protected":false},"author":1,"featured_media":9665,"comment_status":"open","ping_status":"open","sticky":false,"template":"","format":"standard","meta":{"_jetpack_newsletter_access":"","_jetpack_dont_email_post_to_subs":false,"_jetpack_newsletter_tier_id":0,"_jetpack_memberships_contains_paywalled_content":false,"_jetpack_feature_clip_id":0,"_jetpack_memberships_contains_paid_content":false,"footnotes":"","jetpack_publicize_message":"","jetpack_publicize_feature_enabled":true,"jetpack_social_post_already_shared":true,"jetpack_social_options":{"image_generator_settings":{"template":"highway","default_image_id":0,"font":"","enabled":false},"version":2},"jetpack_post_was_ever_published":false},"categories":[53,6,2,52],"tags":[],"class_list":["post-9664","post","type-post","status-publish","format-standard","has-post-thumbnail","hentry","category-destaque","category-geral","category-policia","category-regional"],"yoast_head":"<!-- This site is optimized with the Yoast SEO plugin v27.2 - https:\/\/yoast.com\/product\/yoast-seo-wordpress\/ -->\n<title>13\u00aa Companhia de S\u00e3o Francisco realiza Opera\u00e7\u00e3o - Alternativa FM | 90,7 FM<\/title>\n<meta name=\"robots\" content=\"index, follow, max-snippet:-1, max-image-preview:large, max-video-preview:-1\" \/>\n<link rel=\"canonical\" href=\"https:\/\/alternativafm.com\/site\/13a-companhia-de-sao-francisco-realiza-operacao\/\" \/>\n<meta property=\"og:locale\" content=\"pt_BR\" \/>\n<meta property=\"og:type\" content=\"article\" \/>\n<meta property=\"og:title\" content=\"13\u00aa Companhia de S\u00e3o Francisco realiza Opera\u00e7\u00e3o - Alternativa FM | 90,7 FM\" \/>\n<meta property=\"og:description\" content=\"No s\u00e1bado(17), a 13\u00aa Companhia da PM Independente de S\u00e3o Francisco recebeu o apoio dos militares do CEFS na realiza\u00e7\u00e3o de Opera\u00e7\u00f5es que tem como objetivo a preven\u00e7\u00e3o de diversos\" \/>\n<meta property=\"og:url\" content=\"https:\/\/alternativafm.com\/site\/13a-companhia-de-sao-francisco-realiza-operacao\/\" \/>\n<meta property=\"og:site_name\" content=\"Alternativa FM | 90,7 FM\" \/>\n<meta property=\"article:published_time\" content=\"2021-07-19T11:37:22+00:00\" \/>\n<meta property=\"article:modified_time\" content=\"2021-07-19T11:37:24+00:00\" \/>\n<meta property=\"og:image\" content=\"https:\/\/alternativafm.com\/site\/wp-content\/uploads\/PM-SF1-e1626694631568.jpg\" \/>\n\t<meta property=\"og:image:width\" content=\"300\" \/>\n\t<meta property=\"og:image:height\" content=\"225\" \/>\n\t<meta property=\"og:image:type\" content=\"image\/jpeg\" \/>\n<meta name=\"author\" content=\"redacao\" \/>\n<meta name=\"twitter:card\" content=\"summary_large_image\" \/>\n<meta name=\"twitter:label1\" content=\"Escrito por\" \/>\n\t<meta name=\"twitter:data1\" content=\"redacao\" \/>\n\t<meta name=\"twitter:label2\" content=\"Est. tempo de leitura\" \/>\n\t<meta name=\"twitter:data2\" content=\"1 minuto\" \/>\n<script type=\"application\/ld+json\" class=\"yoast-schema-graph\">{\"@context\":\"https:\/\/schema.org\",\"@graph\":[{\"@type\":\"Article\",\"@id\":\"https:\/\/alternativafm.com\/site\/13a-companhia-de-sao-francisco-realiza-operacao\/#article\",\"isPartOf\":{\"@id\":\"https:\/\/alternativafm.com\/site\/13a-companhia-de-sao-francisco-realiza-operacao\/\"},\"author\":{\"name\":\"redacao\",\"@id\":\"https:\/\/alternativafm.com\/site\/#\/schema\/person\/6b1ac1374b404fe65adc2da2ea4e902a\"},\"headline\":\"13\u00aa Companhia de S\u00e3o Francisco realiza Opera\u00e7\u00e3o\",\"datePublished\":\"2021-07-19T11:37:22+00:00\",\"dateModified\":\"2021-07-19T11:37:24+00:00\",\"mainEntityOfPage\":{\"@id\":\"https:\/\/alternativafm.com\/site\/13a-companhia-de-sao-francisco-realiza-operacao\/\"},\"wordCount\":137,\"commentCount\":0,\"publisher\":{\"@id\":\"https:\/\/alternativafm.com\/site\/#organization\"},\"image\":{\"@id\":\"https:\/\/alternativafm.com\/site\/13a-companhia-de-sao-francisco-realiza-operacao\/#primaryimage\"},\"thumbnailUrl\":\"https:\/\/alternativafm.com\/site\/wp-content\/uploads\/PM-SF1-e1626694631568.jpg\",\"articleSection\":[\"DESTAQUE\",\"GERAL\",\"POL\u00cdCIA\",\"REGIONAL\"],\"inLanguage\":\"pt-BR\",\"potentialAction\":[{\"@type\":\"CommentAction\",\"name\":\"Comment\",\"target\":[\"https:\/\/alternativafm.com\/site\/13a-companhia-de-sao-francisco-realiza-operacao\/#respond\"]}]},{\"@type\":\"WebPage\",\"@id\":\"https:\/\/alternativafm.com\/site\/13a-companhia-de-sao-francisco-realiza-operacao\/\",\"url\":\"https:\/\/alternativafm.com\/site\/13a-companhia-de-sao-francisco-realiza-operacao\/\",\"name\":\"13\u00aa Companhia de S\u00e3o Francisco realiza Opera\u00e7\u00e3o - Alternativa FM | 90,7 FM\",\"isPartOf\":{\"@id\":\"https:\/\/alternativafm.com\/site\/#website\"},\"primaryImageOfPage\":{\"@id\":\"https:\/\/alternativafm.com\/site\/13a-companhia-de-sao-francisco-realiza-operacao\/#primaryimage\"},\"image\":{\"@id\":\"https:\/\/alternativafm.com\/site\/13a-companhia-de-sao-francisco-realiza-operacao\/#primaryimage\"},\"thumbnailUrl\":\"https:\/\/alternativafm.com\/site\/wp-content\/uploads\/PM-SF1-e1626694631568.jpg\",\"datePublished\":\"2021-07-19T11:37:22+00:00\",\"dateModified\":\"2021-07-19T11:37:24+00:00\",\"breadcrumb\":{\"@id\":\"https:\/\/alternativafm.com\/site\/13a-companhia-de-sao-francisco-realiza-operacao\/#breadcrumb\"},\"inLanguage\":\"pt-BR\",\"potentialAction\":[{\"@type\":\"ReadAction\",\"target\":[\"https:\/\/alternativafm.com\/site\/13a-companhia-de-sao-francisco-realiza-operacao\/\"]}]},{\"@type\":\"ImageObject\",\"inLanguage\":\"pt-BR\",\"@id\":\"https:\/\/alternativafm.com\/site\/13a-companhia-de-sao-francisco-realiza-operacao\/#primaryimage\",\"url\":\"https:\/\/alternativafm.com\/site\/wp-content\/uploads\/PM-SF1-e1626694631568.jpg\",\"contentUrl\":\"https:\/\/alternativafm.com\/site\/wp-content\/uploads\/PM-SF1-e1626694631568.jpg\",\"width\":300,\"height\":225},{\"@type\":\"BreadcrumbList\",\"@id\":\"https:\/\/alternativafm.com\/site\/13a-companhia-de-sao-francisco-realiza-operacao\/#breadcrumb\",\"itemListElement\":[{\"@type\":\"ListItem\",\"position\":1,\"name\":\"In\u00edcio\",\"item\":\"https:\/\/alternativafm.com\/site\/\"},{\"@type\":\"ListItem\",\"position\":2,\"name\":\"13\u00aa Companhia de S\u00e3o Francisco realiza Opera\u00e7\u00e3o\"}]},{\"@type\":\"WebSite\",\"@id\":\"https:\/\/alternativafm.com\/site\/#website\",\"url\":\"https:\/\/alternativafm.com\/site\/\",\"name\":\"Alternativa FM | 90,7 FM\",\"description\":\"\",\"publisher\":{\"@id\":\"https:\/\/alternativafm.com\/site\/#organization\"},\"potentialAction\":[{\"@type\":\"SearchAction\",\"target\":{\"@type\":\"EntryPoint\",\"urlTemplate\":\"https:\/\/alternativafm.com\/site\/?s={search_term_string}\"},\"query-input\":{\"@type\":\"PropertyValueSpecification\",\"valueRequired\":true,\"valueName\":\"search_term_string\"}}],\"inLanguage\":\"pt-BR\"},{\"@type\":\"Organization\",\"@id\":\"https:\/\/alternativafm.com\/site\/#organization\",\"name\":\"Alternativa FM | 90,7 FM\",\"url\":\"https:\/\/alternativafm.com\/site\/\",\"logo\":{\"@type\":\"ImageObject\",\"inLanguage\":\"pt-BR\",\"@id\":\"https:\/\/alternativafm.com\/site\/#\/schema\/logo\/image\/\",\"url\":\"https:\/\/alternativafm.com\/site\/wp-content\/uploads\/2020\/07\/LOGOMARCA2.png\",\"contentUrl\":\"https:\/\/alternativafm.com\/site\/wp-content\/uploads\/2020\/07\/LOGOMARCA2.png\",\"width\":1352,\"height\":464,\"caption\":\"Alternativa FM | 90,7 FM\"},\"image\":{\"@id\":\"https:\/\/alternativafm.com\/site\/#\/schema\/logo\/image\/\"}},{\"@type\":\"Person\",\"@id\":\"https:\/\/alternativafm.com\/site\/#\/schema\/person\/6b1ac1374b404fe65adc2da2ea4e902a\",\"name\":\"redacao\",\"image\":{\"@type\":\"ImageObject\",\"inLanguage\":\"pt-BR\",\"@id\":\"https:\/\/secure.gravatar.com\/avatar\/16ab12bea2743901812c1ec603a48cc65b4e7af25043bec48c2742b27028075e?s=96&d=mm&r=g\",\"url\":\"https:\/\/secure.gravatar.com\/avatar\/16ab12bea2743901812c1ec603a48cc65b4e7af25043bec48c2742b27028075e?s=96&d=mm&r=g\",\"contentUrl\":\"https:\/\/secure.gravatar.com\/avatar\/16ab12bea2743901812c1ec603a48cc65b4e7af25043bec48c2742b27028075e?s=96&d=mm&r=g\",\"caption\":\"redacao\"},\"sameAs\":[\"http:\/\/alternativafm.com\/site\"],\"url\":\"https:\/\/alternativafm.com\/site\/author\/redacao\/\"}]}<\/script>\n<!-- \/ Yoast SEO plugin. -->","yoast_head_json":{"title":"13\u00aa Companhia de S\u00e3o Francisco realiza Opera\u00e7\u00e3o - Alternativa FM | 90,7 FM","robots":{"index":"index","follow":"follow","max-snippet":"max-snippet:-1","max-image-preview":"max-image-preview:large","max-video-preview":"max-video-preview:-1"},"canonical":"https:\/\/alternativafm.com\/site\/13a-companhia-de-sao-francisco-realiza-operacao\/","og_locale":"pt_BR","og_type":"article","og_title":"13\u00aa Companhia de S\u00e3o Francisco realiza Opera\u00e7\u00e3o - Alternativa FM | 90,7 FM","og_description":"No s\u00e1bado(17), a 13\u00aa Companhia da PM Independente de S\u00e3o Francisco recebeu o apoio dos militares do CEFS na realiza\u00e7\u00e3o de Opera\u00e7\u00f5es que tem como objetivo a preven\u00e7\u00e3o de diversos","og_url":"https:\/\/alternativafm.com\/site\/13a-companhia-de-sao-francisco-realiza-operacao\/","og_site_name":"Alternativa FM | 90,7 FM","article_published_time":"2021-07-19T11:37:22+00:00","article_modified_time":"2021-07-19T11:37:24+00:00","og_image":[{"width":300,"height":225,"url":"https:\/\/alternativafm.com\/site\/wp-content\/uploads\/PM-SF1-e1626694631568.jpg","type":"image\/jpeg"}],"author":"redacao","twitter_card":"summary_large_image","twitter_misc":{"Escrito por":"redacao","Est. tempo de leitura":"1 minuto"},"schema":{"@context":"https:\/\/schema.org","@graph":[{"@type":"Article","@id":"https:\/\/alternativafm.com\/site\/13a-companhia-de-sao-francisco-realiza-operacao\/#article","isPartOf":{"@id":"https:\/\/alternativafm.com\/site\/13a-companhia-de-sao-francisco-realiza-operacao\/"},"author":{"name":"redacao","@id":"https:\/\/alternativafm.com\/site\/#\/schema\/person\/6b1ac1374b404fe65adc2da2ea4e902a"},"headline":"13\u00aa Companhia de S\u00e3o Francisco realiza Opera\u00e7\u00e3o","datePublished":"2021-07-19T11:37:22+00:00","dateModified":"2021-07-19T11:37:24+00:00","mainEntityOfPage":{"@id":"https:\/\/alternativafm.com\/site\/13a-companhia-de-sao-francisco-realiza-operacao\/"},"wordCount":137,"commentCount":0,"publisher":{"@id":"https:\/\/alternativafm.com\/site\/#organization"},"image":{"@id":"https:\/\/alternativafm.com\/site\/13a-companhia-de-sao-francisco-realiza-operacao\/#primaryimage"},"thumbnailUrl":"https:\/\/alternativafm.com\/site\/wp-content\/uploads\/PM-SF1-e1626694631568.jpg","articleSection":["DESTAQUE","GERAL","POL\u00cdCIA","REGIONAL"],"inLanguage":"pt-BR","potentialAction":[{"@type":"CommentAction","name":"Comment","target":["https:\/\/alternativafm.com\/site\/13a-companhia-de-sao-francisco-realiza-operacao\/#respond"]}]},{"@type":"WebPage","@id":"https:\/\/alternativafm.com\/site\/13a-companhia-de-sao-francisco-realiza-operacao\/","url":"https:\/\/alternativafm.com\/site\/13a-companhia-de-sao-francisco-realiza-operacao\/","name":"13\u00aa Companhia de S\u00e3o Francisco realiza Opera\u00e7\u00e3o - Alternativa FM | 90,7 FM","isPartOf":{"@id":"https:\/\/alternativafm.com\/site\/#website"},"primaryImageOfPage":{"@id":"https:\/\/alternativafm.com\/site\/13a-companhia-de-sao-francisco-realiza-operacao\/#primaryimage"},"image":{"@id":"https:\/\/alternativafm.com\/site\/13a-companhia-de-sao-francisco-realiza-operacao\/#primaryimage"},"thumbnailUrl":"https:\/\/alternativafm.com\/site\/wp-content\/uploads\/PM-SF1-e1626694631568.jpg","datePublished":"2021-07-19T11:37:22+00:00","dateModified":"2021-07-19T11:37:24+00:00","breadcrumb":{"@id":"https:\/\/alternativafm.com\/site\/13a-companhia-de-sao-francisco-realiza-operacao\/#breadcrumb"},"inLanguage":"pt-BR","potentialAction":[{"@type":"ReadAction","target":["https:\/\/alternativafm.com\/site\/13a-companhia-de-sao-francisco-realiza-operacao\/"]}]},{"@type":"ImageObject","inLanguage":"pt-BR","@id":"https:\/\/alternativafm.com\/site\/13a-companhia-de-sao-francisco-realiza-operacao\/#primaryimage","url":"https:\/\/alternativafm.com\/site\/wp-content\/uploads\/PM-SF1-e1626694631568.jpg","contentUrl":"https:\/\/alternativafm.com\/site\/wp-content\/uploads\/PM-SF1-e1626694631568.jpg","width":300,"height":225},{"@type":"BreadcrumbList","@id":"https:\/\/alternativafm.com\/site\/13a-companhia-de-sao-francisco-realiza-operacao\/#breadcrumb","itemListElement":[{"@type":"ListItem","position":1,"name":"In\u00edcio","item":"https:\/\/alternativafm.com\/site\/"},{"@type":"ListItem","position":2,"name":"13\u00aa Companhia de S\u00e3o Francisco realiza Opera\u00e7\u00e3o"}]},{"@type":"WebSite","@id":"https:\/\/alternativafm.com\/site\/#website","url":"https:\/\/alternativafm.com\/site\/","name":"Alternativa FM | 90,7 FM","description":"","publisher":{"@id":"https:\/\/alternativafm.com\/site\/#organization"},"potentialAction":[{"@type":"SearchAction","target":{"@type":"EntryPoint","urlTemplate":"https:\/\/alternativafm.com\/site\/?s={search_term_string}"},"query-input":{"@type":"PropertyValueSpecification","valueRequired":true,"valueName":"search_term_string"}}],"inLanguage":"pt-BR"},{"@type":"Organization","@id":"https:\/\/alternativafm.com\/site\/#organization","name":"Alternativa FM | 90,7 FM","url":"https:\/\/alternativafm.com\/site\/","logo":{"@type":"ImageObject","inLanguage":"pt-BR","@id":"https:\/\/alternativafm.com\/site\/#\/schema\/logo\/image\/","url":"https:\/\/alternativafm.com\/site\/wp-content\/uploads\/2020\/07\/LOGOMARCA2.png","contentUrl":"https:\/\/alternativafm.com\/site\/wp-content\/uploads\/2020\/07\/LOGOMARCA2.png","width":1352,"height":464,"caption":"Alternativa FM | 90,7 FM"},"image":{"@id":"https:\/\/alternativafm.com\/site\/#\/schema\/logo\/image\/"}},{"@type":"Person","@id":"https:\/\/alternativafm.com\/site\/#\/schema\/person\/6b1ac1374b404fe65adc2da2ea4e902a","name":"redacao","image":{"@type":"ImageObject","inLanguage":"pt-BR","@id":"https:\/\/secure.gravatar.com\/avatar\/16ab12bea2743901812c1ec603a48cc65b4e7af25043bec48c2742b27028075e?s=96&d=mm&r=g","url":"https:\/\/secure.gravatar.com\/avatar\/16ab12bea2743901812c1ec603a48cc65b4e7af25043bec48c2742b27028075e?s=96&d=mm&r=g","contentUrl":"https:\/\/secure.gravatar.com\/avatar\/16ab12bea2743901812c1ec603a48cc65b4e7af25043bec48c2742b27028075e?s=96&d=mm&r=g","caption":"redacao"},"sameAs":["http:\/\/alternativafm.com\/site"],"url":"https:\/\/alternativafm.com\/site\/author\/redacao\/"}]}},"jetpack_publicize_connections":[],"jetpack_shortlink":"https:\/\/wp.me\/pccBN3-2vS","jetpack-related-posts":[{"id":5192,"url":"https:\/\/alternativafm.com\/site\/fim-de-semana-com-muitas-operacoes-em-januaria-e-cidades-vizinhas\/","url_meta":{"origin":9664,"position":0},"title":"Fim de semana com muitas opera\u00e7\u00f5es em Janu\u00e1ria e cidades vizinhas.","author":"redacao","date":"fevereiro 15, 2021","format":false,"excerpt":"Ontem, domingo, dia 14, foram realizadas Opera\u00e7\u00e3o de Batida Policial, Blitz e Satura\u00e7\u00e3o na \u00e1rea da 245\u00aa Companhia de Manga com o intuito de prevenir crimes, em especial o de homic\u00eddio. Nesta a\u00e7\u00e3o um indiv\u00edduo foi preso. J\u00e1 em Bonito de Minas, no dia 12\/02 (sexta-feira), foi realizada Opera\u00e7\u00e3o Batida\u2026","rel":"","context":"Em &quot;GERAL&quot;","block_context":{"text":"GERAL","link":"https:\/\/alternativafm.com\/site\/category\/geral\/"},"img":{"alt_text":"","src":"","width":0,"height":0},"classes":[]},{"id":8285,"url":"https:\/\/alternativafm.com\/site\/lancada-a-operacao-corpus-christi-na-13a-companhia-da-policia\/","url_meta":{"origin":9664,"position":1},"title":"Lan\u00e7ada a Opera\u00e7\u00e3o Corpus Christi na 13\u00aa Companhia da Pol\u00edcia","author":"redacao","date":"junho 4, 2021","format":false,"excerpt":"Foi lan\u00e7ada na quinta-feira a Opera\u00e7\u00e3o Corpus Christi na 13\u00aa Companhia da Pol\u00edcia Militar Independente aqui de S\u00e3o Francisco. A a\u00e7\u00e3o visa garantir a seguran\u00e7a do cidad\u00e3o mineiro neste final de semana com feriado, conforme explica o Aspirante J\u00falio.","rel":"","context":"Em &quot;PODCAST&quot;","block_context":{"text":"PODCAST","link":"https:\/\/alternativafm.com\/site\/category\/podcast\/"},"img":{"alt_text":"","src":"https:\/\/i0.wp.com\/alternativafm.com\/site\/wp-content\/uploads\/pm.jpg?resize=350%2C200&ssl=1","width":350,"height":200},"classes":[]},{"id":57805,"url":"https:\/\/alternativafm.com\/site\/e-hoje-quarta-feira-e-dia-do-rota-30\/","url_meta":{"origin":9664,"position":2},"title":"E hoje, quarta-feira \u00e9 dia do Rota 30","author":"redacao","date":"abril 29, 2026","format":false,"excerpt":"E hoje, quarta-feira, \u00e9 dia do Rota 30. O programa vai ao ar a partir das 11h20 pela r\u00e1dio Voz News, 100,9 FM, e \u00e0s 13h20 pela TV Norte. O Rota 30, a voz do povo contra o crime, tamb\u00e9m est\u00e1 dispon\u00edvel no YouTube da Alternativa FM. \u00c9 s\u00f3 procurar\u2026","rel":"","context":"Em &quot;GERAL&quot;","block_context":{"text":"GERAL","link":"https:\/\/alternativafm.com\/site\/category\/geral\/"},"img":{"alt_text":"","src":"","width":0,"height":0},"classes":[]},{"id":42840,"url":"https:\/\/alternativafm.com\/site\/homem-preso-acusado-de-homicidio-em-itacarambi-e-campana-da-pm-apreende-notas-falsas-em-missoes\/","url_meta":{"origin":9664,"position":3},"title":"Homem preso acusado de homic\u00eddio em Itacarambi e campana da PM apreende notas falsas em Miss\u00f5es","author":"redacao","date":"outubro 19, 2024","format":false,"excerpt":"A Pol\u00edcia Civil de Minas Gerais prendeu ontem, sexta-feira, um rapaz, de 24 anos, investigado por homic\u00eddio qualificado contra um homem, de 32, ocorrido no dia 11 deste m\u00eas, em Itacarambi. A v\u00edtima foi morta a tiros. No dia do crime, um adolescente, de 17, e uma mulher, de 40,\u2026","rel":"","context":"Em &quot;GERAL&quot;","block_context":{"text":"GERAL","link":"https:\/\/alternativafm.com\/site\/category\/geral\/"},"img":{"alt_text":"","src":"https:\/\/i0.wp.com\/alternativafm.com\/site\/wp-content\/uploads\/realdinheiro_moeda_1310202267-3-e1697797564100.jpg?resize=350%2C200&ssl=1","width":350,"height":200},"classes":[]},{"id":585,"url":"https:\/\/alternativafm.com\/site\/furto-em-escola-e-combate-a-homicidio-em-pedras-de-maria-da-cruz\/","url_meta":{"origin":9664,"position":4},"title":"Furto em Escola e combate \u00e0 homic\u00eddio em Pedras de Maria da Cruz","author":"redacao","date":"agosto 19, 2020","format":false,"excerpt":"Na tarde de ontem(18), em atendimento a solicita\u00e7\u00e3o de furto na Escola Estadual Santa Luzia foi recuperada 01 (uma) mesa de som. Foram realizadas tamb\u00e9m opera\u00e7\u00f5es policiais em combate ao crime de homic\u00eddio no Distrito de S\u00e3o Pedro das Tabocas, com visitas e orienta\u00e7\u00f5es sobre o tema. O objetivo \u00e9\u2026","rel":"","context":"Em &quot;DESTAQUE 2&quot;","block_context":{"text":"DESTAQUE 2","link":"https:\/\/alternativafm.com\/site\/category\/destaque-2\/"},"img":{"alt_text":"","src":"","width":0,"height":0},"classes":[]},{"id":5440,"url":"https:\/\/alternativafm.com\/site\/januaria-operacao-prende-supostos-traficantes\/","url_meta":{"origin":9664,"position":5},"title":"Janu\u00e1ria. Opera\u00e7\u00e3o prende supostos traficantes","author":"redacao","date":"fevereiro 24, 2021","format":false,"excerpt":"Ontem, ter\u00e7a-feira(23), guarni\u00e7\u00f5es de Janu\u00e1ria realizaram uma opera\u00e7\u00e3o de Batida Policial em v\u00e1rios pontos de nossa cidade. Foram presos dois autores de tr\u00e1fico de drogas, um no Aterro do DER e o outro nas proximidades da Pra\u00e7a Tiradentes. Em atitude suspeita eles foram abordados e os seguintes materiais foram encontrados:\u2026","rel":"","context":"Em &quot;DESTAQUE&quot;","block_context":{"text":"DESTAQUE","link":"https:\/\/alternativafm.com\/site\/category\/destaque\/"},"img":{"alt_text":"","src":"","width":0,"height":0},"classes":[]}],"jetpack_sharing_enabled":true,"jetpack_likes_enabled":true,"jetpack_featured_media_url":"https:\/\/alternativafm.com\/site\/wp-content\/uploads\/PM-SF1-e1626694631568.jpg","_links":{"self":[{"href":"https:\/\/alternativafm.com\/site\/wp-json\/wp\/v2\/posts\/9664","targetHints":{"allow":["GET"]}}],"collection":[{"href":"https:\/\/alternativafm.com\/site\/wp-json\/wp\/v2\/posts"}],"about":[{"href":"https:\/\/alternativafm.com\/site\/wp-json\/wp\/v2\/types\/post"}],"author":[{"embeddable":true,"href":"https:\/\/alternativafm.com\/site\/wp-json\/wp\/v2\/users\/1"}],"replies":[{"embeddable":true,"href":"https:\/\/alternativafm.com\/site\/wp-json\/wp\/v2\/comments?post=9664"}],"version-history":[{"count":1,"href":"https:\/\/alternativafm.com\/site\/wp-json\/wp\/v2\/posts\/9664\/revisions"}],"predecessor-version":[{"id":9666,"href":"https:\/\/alternativafm.com\/site\/wp-json\/wp\/v2\/posts\/9664\/revisions\/9666"}],"wp:featuredmedia":[{"embeddable":true,"href":"https:\/\/alternativafm.com\/site\/wp-json\/wp\/v2\/media\/9665"}],"wp:attachment":[{"href":"https:\/\/alternativafm.com\/site\/wp-json\/wp\/v2\/media?parent=9664"}],"wp:term":[{"taxonomy":"category","embeddable":true,"href":"https:\/\/alternativafm.com\/site\/wp-json\/wp\/v2\/categories?post=9664"},{"taxonomy":"post_tag","embeddable":true,"href":"https:\/\/alternativafm.com\/site\/wp-json\/wp\/v2\/tags?post=9664"}],"curies":[{"name":"wp","href":"https:\/\/api.w.org\/{rel}","templated":true}]}}